{"id":28694,"date":"2024-08-09T15:44:48","date_gmt":"2024-08-09T18:44:48","guid":{"rendered":"https:\/\/portalmf.com.br\/?p=28694"},"modified":"2024-08-09T15:44:49","modified_gmt":"2024-08-09T18:44:49","slug":"podemos-e-pmb-lancam-chapa-para-disputar-prefeitura-de-camamu","status":"publish","type":"post","link":"https:\/\/portalmf.com.br\/index.php\/2024\/08\/09\/podemos-e-pmb-lancam-chapa-para-disputar-prefeitura-de-camamu\/","title":{"rendered":"Podemos e PMB lan\u00e7am chapa para disputar prefeitura de Camamu"},"content":{"rendered":"\n<p>Situada no Baixo Sul baiano, a cidade de Camamu vive um momento de efervesc\u00eancia pol\u00edtica com a proximidade das elei\u00e7\u00f5es municipais, engendrando, assim, a forma\u00e7\u00e3o da principal chapa de oposi\u00e7\u00e3o que vai enfrentar a corrida pela prefeitura local. Encabe\u00e7ada por Luizinho Luz (Podemos) e L\u00e1zaro de Louren\u00e7o (PMB), os nomes foram formalizados como candidatos aos cargos de prefeito e vice-prefeito, respectivamente, para o pleito de 2024. O an\u00fancio foi realizado durante uma conven\u00e7\u00e3o partid\u00e1ria, em 4 de agosto, que contou com a presen\u00e7a do presidente do Podemos-BA e deputado federal, Raimundo Costa.<\/p>\n\n\n\n<p>Unidos pela coliga\u00e7\u00e3o &#8220;Juntos Podemos Mudar Camamu&#8221;, os opositores contam com seus retrospectos para desbancar a sucess\u00e3o da atual gest\u00e3o. Veterano no legislativo camamuense, Luizinho foi eleito vereador por quatro mandatos \u2013 em tr\u00eas \u00e0 frente da presid\u00eancia da C\u00e2mara \u2013 e tenta pela quinta vez assumir o mais alto cargo do executivo municipal. J\u00e1 L\u00e1zaro foi o vereador mais votado no \u00faltimo pleito e \u00e9 estreante na disputa pela prefeitura.<\/p>\n\n\n\n<p><em>&#8220;Recebemos L\u00e1zaro com muito entusiasmo em nossa chapa. Sua dedica\u00e7\u00e3o e comprometimento s\u00e3o inspira\u00e7\u00f5es para n\u00f3s. Sua vis\u00e3o alinhada com a nossa miss\u00e3o e seu entendimento das necessidades locais s\u00e3o exatamente o que precisamos para enfrentarmos os desafios futuros e construirmos um futuro melhor. Estamos prontos para trabalharmos em prol do progresso e prosperidade da nossa cidade&#8221;<\/em>, afirmou Luizinho.<\/p>\n\n\n\n<p>Com projetos focados em infraestrutura, educa\u00e7\u00e3o e economia industrial e criativa, os postulantes acreditam que o investimento nesses setores seja o caminho para tirar a cidade de mais de 30 mil habitantes (Censo 2022) do ranking de &#8220;piores da Bahia&#8221;. De acordo com dados do \u00cdndice de Progresso Social (IPS), divulgado em julho, Camamu lidera a lista com a menor pontua\u00e7\u00e3o do estado em indicadores como seguran\u00e7a e acesso \u00e0 educa\u00e7\u00e3o.<\/p>\n\n\n\n<p><em>&#8220;Esses indicadores negativos s\u00e3o preocupantes e refletem desafios que precisam ser tratados com seriedade. O t\u00edtulo de &#8216;pior cidade da Bahia&#8217;, que nada nos orgulha, \u00e9 um sinal de que enfrentamos problemas profundos que v\u00e3o al\u00e9m de simples estat\u00edsticas. Em nossa eventual gest\u00e3o, vamos focar em pontos estrat\u00e9gicos como desenvolvimento econ\u00f4mico, educa\u00e7\u00e3o e qualifica\u00e7\u00e3o profissional; infraestrutura e servi\u00e7os p\u00fablicos e promo\u00e7\u00e3o de pol\u00edticas p\u00fablicas especialmente nas \u00e1reas mais cr\u00edticas como seguran\u00e7a, habita\u00e7\u00e3o e inclus\u00e3o social&#8221;<\/em>, disseram os prefeitur\u00e1veis.<\/p>\n\n\n\n<p>Mesmo com os insucessos nas \u00faltimas elei\u00e7\u00f5es, Luizinho avalia como positiva e construtiva a sua campanha rumo \u00e0 prefeitura e atribui a sua perseveran\u00e7a ao desejo dos mun\u00edcipes e a sua vontade de <em>&#8220;contribuir com o desenvolvimento da comunidade&#8221;<\/em>. <\/p>\n\n\n\n<p><em>&#8220;Tive uma participa\u00e7\u00e3o positiva nas \u00faltimas elei\u00e7\u00f5es e senti do povo o desejo de me ver prefeito. Infelizmente o poder econ\u00f4mico do outro lado foi fator crucial para que eu n\u00e3o conseguisse lograr \u00eaxito. Contudo, seguirei nessa caminhada intensificando minha presen\u00e7a nas comunidades locais, ouvindo os eleitores e envolvendo-os mais diretamente na campanha. Isso pode nos ajudar a construir uma base de apoio mais s\u00f3lida e engajada&#8221;<\/em>, finalizou.<\/p>\n","protected":false},"excerpt":{"rendered":"<p>Situada no Baixo Sul baiano, a cidade de Camamu vive um momento de efervesc\u00eancia pol\u00edtica com a proximidade das elei\u00e7\u00f5es municipais, engendrando, assim, a forma\u00e7\u00e3o da principal chapa de oposi\u00e7\u00e3o que vai enfrentar a corrida pela prefeitura local. Encabe\u00e7ada por Luizinho Luz (Podemos) e L\u00e1zaro de Louren\u00e7o (PMB), os nomes foram formalizados como candidatos aos [&hellip;]<\/p>\n","protected":false},"author":3,"featured_media":28695,"comment_status":"open","ping_status":"open","sticky":false,"template":"","format":"standard","meta":{"_monsterinsights_skip_tracking":false,"_monsterinsights_sitenote_active":false,"_monsterinsights_sitenote_note":"","_monsterinsights_sitenote_category":0,"footnotes":""},"categories":[301],"tags":[],"yoast_head":"<!-- This site is optimized with the Yoast SEO plugin v22.9 - https:\/\/yoast.com\/wordpress\/plugins\/seo\/ -->\n<title>Podemos e PMB lan\u00e7am chapa para disputar prefeitura de Camamu - Portal MF<\/title>\n<meta name=\"robots\" content=\"index, follow, max-snippet:-1, max-image-preview:large, max-video-preview:-1\" \/>\n<link rel=\"canonical\" href=\"https:\/\/portalmf.com.br\/index.php\/2024\/08\/09\/podemos-e-pmb-lancam-chapa-para-disputar-prefeitura-de-camamu\/\" \/>\n<meta property=\"og:locale\" content=\"pt_BR\" \/>\n<meta property=\"og:type\" content=\"article\" \/>\n<meta property=\"og:title\" content=\"Podemos e PMB lan\u00e7am chapa para disputar prefeitura de Camamu - Portal MF\" \/>\n<meta property=\"og:description\" content=\"Situada no Baixo Sul baiano, a cidade de Camamu vive um momento de efervesc\u00eancia pol\u00edtica com a proximidade das elei\u00e7\u00f5es municipais, engendrando, assim, a forma\u00e7\u00e3o da principal chapa de oposi\u00e7\u00e3o que vai enfrentar a corrida pela prefeitura local. Encabe\u00e7ada por Luizinho Luz (Podemos) e L\u00e1zaro de Louren\u00e7o (PMB), os nomes foram formalizados como candidatos aos [&hellip;]\" \/>\n<meta property=\"og:url\" content=\"https:\/\/portalmf.com.br\/index.php\/2024\/08\/09\/podemos-e-pmb-lancam-chapa-para-disputar-prefeitura-de-camamu\/\" \/>\n<meta property=\"og:site_name\" content=\"Portal MF\" \/>\n<meta property=\"article:author\" content=\"https:\/\/www.facebook.com\/portalmfoficial\" \/>\n<meta property=\"article:published_time\" content=\"2024-08-09T18:44:48+00:00\" \/>\n<meta property=\"article:modified_time\" content=\"2024-08-09T18:44:49+00:00\" \/>\n<meta property=\"og:image\" content=\"https:\/\/portalmf.com.br\/wp-content\/uploads\/2024\/08\/Podemos-e-PMB-lancam-chapa-para-disputar-prefeitura-de-Camamu-na-Bahia.jpeg\" \/>\n\t<meta property=\"og:image:width\" content=\"800\" \/>\n\t<meta property=\"og:image:height\" content=\"533\" \/>\n\t<meta property=\"og:image:type\" content=\"image\/jpeg\" \/>\n<meta name=\"author\" content=\"Reda\u00e7\u00e3o Portal MF\" \/>\n<meta name=\"twitter:card\" content=\"summary_large_image\" \/>\n<meta name=\"twitter:creator\" content=\"@https:\/\/x.com\/portalmfoficial\" \/>\n<meta name=\"twitter:label1\" content=\"Escrito por\" \/>\n\t<meta name=\"twitter:data1\" content=\"Reda\u00e7\u00e3o Portal MF\" \/>\n\t<meta name=\"twitter:label2\" content=\"Est. tempo de leitura\" \/>\n\t<meta name=\"twitter:data2\" content=\"3 minutos\" \/>\n<script type=\"application\/ld+json\" class=\"yoast-schema-graph\">{\"@context\":\"https:\/\/schema.org\",\"@graph\":[{\"@type\":\"WebPage\",\"@id\":\"https:\/\/portalmf.com.br\/index.php\/2024\/08\/09\/podemos-e-pmb-lancam-chapa-para-disputar-prefeitura-de-camamu\/\",\"url\":\"https:\/\/portalmf.com.br\/index.php\/2024\/08\/09\/podemos-e-pmb-lancam-chapa-para-disputar-prefeitura-de-camamu\/\",\"name\":\"Podemos e PMB lan\u00e7am chapa para disputar prefeitura de Camamu - Portal MF\",\"isPartOf\":{\"@id\":\"https:\/\/portalmf.com.br\/#website\"},\"primaryImageOfPage\":{\"@id\":\"https:\/\/portalmf.com.br\/index.php\/2024\/08\/09\/podemos-e-pmb-lancam-chapa-para-disputar-prefeitura-de-camamu\/#primaryimage\"},\"image\":{\"@id\":\"https:\/\/portalmf.com.br\/index.php\/2024\/08\/09\/podemos-e-pmb-lancam-chapa-para-disputar-prefeitura-de-camamu\/#primaryimage\"},\"thumbnailUrl\":\"https:\/\/portalmf.com.br\/wp-content\/uploads\/2024\/08\/Podemos-e-PMB-lancam-chapa-para-disputar-prefeitura-de-Camamu-na-Bahia.jpeg\",\"datePublished\":\"2024-08-09T18:44:48+00:00\",\"dateModified\":\"2024-08-09T18:44:49+00:00\",\"author\":{\"@id\":\"https:\/\/portalmf.com.br\/#\/schema\/person\/9ec101baf56233e53520c26de5d6f6f0\"},\"breadcrumb\":{\"@id\":\"https:\/\/portalmf.com.br\/index.php\/2024\/08\/09\/podemos-e-pmb-lancam-chapa-para-disputar-prefeitura-de-camamu\/#breadcrumb\"},\"inLanguage\":\"pt-BR\",\"potentialAction\":[{\"@type\":\"ReadAction\",\"target\":[\"https:\/\/portalmf.com.br\/index.php\/2024\/08\/09\/podemos-e-pmb-lancam-chapa-para-disputar-prefeitura-de-camamu\/\"]}]},{\"@type\":\"ImageObject\",\"inLanguage\":\"pt-BR\",\"@id\":\"https:\/\/portalmf.com.br\/index.php\/2024\/08\/09\/podemos-e-pmb-lancam-chapa-para-disputar-prefeitura-de-camamu\/#primaryimage\",\"url\":\"https:\/\/portalmf.com.br\/wp-content\/uploads\/2024\/08\/Podemos-e-PMB-lancam-chapa-para-disputar-prefeitura-de-Camamu-na-Bahia.jpeg\",\"contentUrl\":\"https:\/\/portalmf.com.br\/wp-content\/uploads\/2024\/08\/Podemos-e-PMB-lancam-chapa-para-disputar-prefeitura-de-Camamu-na-Bahia.jpeg\",\"width\":800,\"height\":533},{\"@type\":\"BreadcrumbList\",\"@id\":\"https:\/\/portalmf.com.br\/index.php\/2024\/08\/09\/podemos-e-pmb-lancam-chapa-para-disputar-prefeitura-de-camamu\/#breadcrumb\",\"itemListElement\":[{\"@type\":\"ListItem\",\"position\":1,\"name\":\"In\u00edcio\",\"item\":\"https:\/\/portalmf.com.br\/\"},{\"@type\":\"ListItem\",\"position\":2,\"name\":\"Podemos e PMB lan\u00e7am chapa para disputar prefeitura de Camamu\"}]},{\"@type\":\"WebSite\",\"@id\":\"https:\/\/portalmf.com.br\/#website\",\"url\":\"https:\/\/portalmf.com.br\/\",\"name\":\"Portal MF\",\"description\":\"Voc\u00ea conectado com a informa\u00e7\u00e3o\",\"potentialAction\":[{\"@type\":\"SearchAction\",\"target\":{\"@type\":\"EntryPoint\",\"urlTemplate\":\"https:\/\/portalmf.com.br\/?s={search_term_string}\"},\"query-input\":\"required name=search_term_string\"}],\"inLanguage\":\"pt-BR\"},{\"@type\":\"Person\",\"@id\":\"https:\/\/portalmf.com.br\/#\/schema\/person\/9ec101baf56233e53520c26de5d6f6f0\",\"name\":\"Reda\u00e7\u00e3o Portal MF\",\"image\":{\"@type\":\"ImageObject\",\"inLanguage\":\"pt-BR\",\"@id\":\"https:\/\/portalmf.com.br\/#\/schema\/person\/image\/\",\"url\":\"https:\/\/secure.gravatar.com\/avatar\/41b9aaeb2100835f7c64362330f74c7f?s=96&d=mm&r=g\",\"contentUrl\":\"https:\/\/secure.gravatar.com\/avatar\/41b9aaeb2100835f7c64362330f74c7f?s=96&d=mm&r=g\",\"caption\":\"Reda\u00e7\u00e3o Portal MF\"},\"description\":\"Sejam bem-vindos o portal de informa\u00e7\u00f5es de entretenimento de Feira de Santana, desde 2006 realiza coberturas dos principais eventos com entrevistas exclusivas com as principais personalidades mundiais. Fique conectado tamb\u00e9m nas redes sociais.\",\"sameAs\":[\"http:\/\/www.portalmf.com.br\/\",\"https:\/\/www.facebook.com\/portalmfoficial\",\"https:\/\/www.instagram.com\/portalmf\/\",\"https:\/\/x.com\/https:\/\/x.com\/portalmfoficial\",\"https:\/\/www.youtube.com\/@portalmfoficial\"],\"url\":\"https:\/\/portalmf.com.br\/index.php\/author\/junior\/\"}]}<\/script>\n<!-- \/ Yoast SEO plugin. -->","yoast_head_json":{"title":"Podemos e PMB lan\u00e7am chapa para disputar prefeitura de Camamu - Portal MF","robots":{"index":"index","follow":"follow","max-snippet":"max-snippet:-1","max-image-preview":"max-image-preview:large","max-video-preview":"max-video-preview:-1"},"canonical":"https:\/\/portalmf.com.br\/index.php\/2024\/08\/09\/podemos-e-pmb-lancam-chapa-para-disputar-prefeitura-de-camamu\/","og_locale":"pt_BR","og_type":"article","og_title":"Podemos e PMB lan\u00e7am chapa para disputar prefeitura de Camamu - Portal MF","og_description":"Situada no Baixo Sul baiano, a cidade de Camamu vive um momento de efervesc\u00eancia pol\u00edtica com a proximidade das elei\u00e7\u00f5es municipais, engendrando, assim, a forma\u00e7\u00e3o da principal chapa de oposi\u00e7\u00e3o que vai enfrentar a corrida pela prefeitura local. Encabe\u00e7ada por Luizinho Luz (Podemos) e L\u00e1zaro de Louren\u00e7o (PMB), os nomes foram formalizados como candidatos aos [&hellip;]","og_url":"https:\/\/portalmf.com.br\/index.php\/2024\/08\/09\/podemos-e-pmb-lancam-chapa-para-disputar-prefeitura-de-camamu\/","og_site_name":"Portal MF","article_author":"https:\/\/www.facebook.com\/portalmfoficial","article_published_time":"2024-08-09T18:44:48+00:00","article_modified_time":"2024-08-09T18:44:49+00:00","og_image":[{"width":800,"height":533,"url":"https:\/\/portalmf.com.br\/wp-content\/uploads\/2024\/08\/Podemos-e-PMB-lancam-chapa-para-disputar-prefeitura-de-Camamu-na-Bahia.jpeg","type":"image\/jpeg"}],"author":"Reda\u00e7\u00e3o Portal MF","twitter_card":"summary_large_image","twitter_creator":"@https:\/\/x.com\/portalmfoficial","twitter_misc":{"Escrito por":"Reda\u00e7\u00e3o Portal MF","Est. tempo de leitura":"3 minutos"},"schema":{"@context":"https:\/\/schema.org","@graph":[{"@type":"WebPage","@id":"https:\/\/portalmf.com.br\/index.php\/2024\/08\/09\/podemos-e-pmb-lancam-chapa-para-disputar-prefeitura-de-camamu\/","url":"https:\/\/portalmf.com.br\/index.php\/2024\/08\/09\/podemos-e-pmb-lancam-chapa-para-disputar-prefeitura-de-camamu\/","name":"Podemos e PMB lan\u00e7am chapa para disputar prefeitura de Camamu - Portal MF","isPartOf":{"@id":"https:\/\/portalmf.com.br\/#website"},"primaryImageOfPage":{"@id":"https:\/\/portalmf.com.br\/index.php\/2024\/08\/09\/podemos-e-pmb-lancam-chapa-para-disputar-prefeitura-de-camamu\/#primaryimage"},"image":{"@id":"https:\/\/portalmf.com.br\/index.php\/2024\/08\/09\/podemos-e-pmb-lancam-chapa-para-disputar-prefeitura-de-camamu\/#primaryimage"},"thumbnailUrl":"https:\/\/portalmf.com.br\/wp-content\/uploads\/2024\/08\/Podemos-e-PMB-lancam-chapa-para-disputar-prefeitura-de-Camamu-na-Bahia.jpeg","datePublished":"2024-08-09T18:44:48+00:00","dateModified":"2024-08-09T18:44:49+00:00","author":{"@id":"https:\/\/portalmf.com.br\/#\/schema\/person\/9ec101baf56233e53520c26de5d6f6f0"},"breadcrumb":{"@id":"https:\/\/portalmf.com.br\/index.php\/2024\/08\/09\/podemos-e-pmb-lancam-chapa-para-disputar-prefeitura-de-camamu\/#breadcrumb"},"inLanguage":"pt-BR","potentialAction":[{"@type":"ReadAction","target":["https:\/\/portalmf.com.br\/index.php\/2024\/08\/09\/podemos-e-pmb-lancam-chapa-para-disputar-prefeitura-de-camamu\/"]}]},{"@type":"ImageObject","inLanguage":"pt-BR","@id":"https:\/\/portalmf.com.br\/index.php\/2024\/08\/09\/podemos-e-pmb-lancam-chapa-para-disputar-prefeitura-de-camamu\/#primaryimage","url":"https:\/\/portalmf.com.br\/wp-content\/uploads\/2024\/08\/Podemos-e-PMB-lancam-chapa-para-disputar-prefeitura-de-Camamu-na-Bahia.jpeg","contentUrl":"https:\/\/portalmf.com.br\/wp-content\/uploads\/2024\/08\/Podemos-e-PMB-lancam-chapa-para-disputar-prefeitura-de-Camamu-na-Bahia.jpeg","width":800,"height":533},{"@type":"BreadcrumbList","@id":"https:\/\/portalmf.com.br\/index.php\/2024\/08\/09\/podemos-e-pmb-lancam-chapa-para-disputar-prefeitura-de-camamu\/#breadcrumb","itemListElement":[{"@type":"ListItem","position":1,"name":"In\u00edcio","item":"https:\/\/portalmf.com.br\/"},{"@type":"ListItem","position":2,"name":"Podemos e PMB lan\u00e7am chapa para disputar prefeitura de Camamu"}]},{"@type":"WebSite","@id":"https:\/\/portalmf.com.br\/#website","url":"https:\/\/portalmf.com.br\/","name":"Portal MF","description":"Voc\u00ea conectado com a informa\u00e7\u00e3o","potentialAction":[{"@type":"SearchAction","target":{"@type":"EntryPoint","urlTemplate":"https:\/\/portalmf.com.br\/?s={search_term_string}"},"query-input":"required name=search_term_string"}],"inLanguage":"pt-BR"},{"@type":"Person","@id":"https:\/\/portalmf.com.br\/#\/schema\/person\/9ec101baf56233e53520c26de5d6f6f0","name":"Reda\u00e7\u00e3o Portal MF","image":{"@type":"ImageObject","inLanguage":"pt-BR","@id":"https:\/\/portalmf.com.br\/#\/schema\/person\/image\/","url":"https:\/\/secure.gravatar.com\/avatar\/41b9aaeb2100835f7c64362330f74c7f?s=96&d=mm&r=g","contentUrl":"https:\/\/secure.gravatar.com\/avatar\/41b9aaeb2100835f7c64362330f74c7f?s=96&d=mm&r=g","caption":"Reda\u00e7\u00e3o Portal MF"},"description":"Sejam bem-vindos o portal de informa\u00e7\u00f5es de entretenimento de Feira de Santana, desde 2006 realiza coberturas dos principais eventos com entrevistas exclusivas com as principais personalidades mundiais. Fique conectado tamb\u00e9m nas redes sociais.","sameAs":["http:\/\/www.portalmf.com.br\/","https:\/\/www.facebook.com\/portalmfoficial","https:\/\/www.instagram.com\/portalmf\/","https:\/\/x.com\/https:\/\/x.com\/portalmfoficial","https:\/\/www.youtube.com\/@portalmfoficial"],"url":"https:\/\/portalmf.com.br\/index.php\/author\/junior\/"}]}},"_links":{"self":[{"href":"https:\/\/portalmf.com.br\/index.php\/wp-json\/wp\/v2\/posts\/28694"}],"collection":[{"href":"https:\/\/portalmf.com.br\/index.php\/wp-json\/wp\/v2\/posts"}],"about":[{"href":"https:\/\/portalmf.com.br\/index.php\/wp-json\/wp\/v2\/types\/post"}],"author":[{"embeddable":true,"href":"https:\/\/portalmf.com.br\/index.php\/wp-json\/wp\/v2\/users\/3"}],"replies":[{"embeddable":true,"href":"https:\/\/portalmf.com.br\/index.php\/wp-json\/wp\/v2\/comments?post=28694"}],"version-history":[{"count":1,"href":"https:\/\/portalmf.com.br\/index.php\/wp-json\/wp\/v2\/posts\/28694\/revisions"}],"predecessor-version":[{"id":28696,"href":"https:\/\/portalmf.com.br\/index.php\/wp-json\/wp\/v2\/posts\/28694\/revisions\/28696"}],"wp:featuredmedia":[{"embeddable":true,"href":"https:\/\/portalmf.com.br\/index.php\/wp-json\/wp\/v2\/media\/28695"}],"wp:attachment":[{"href":"https:\/\/portalmf.com.br\/index.php\/wp-json\/wp\/v2\/media?parent=28694"}],"wp:term":[{"taxonomy":"category","embeddable":true,"href":"https:\/\/portalmf.com.br\/index.php\/wp-json\/wp\/v2\/categories?post=28694"},{"taxonomy":"post_tag","embeddable":true,"href":"https:\/\/portalmf.com.br\/index.php\/wp-json\/wp\/v2\/tags?post=28694"}],"curies":[{"name":"wp","href":"https:\/\/api.w.org\/{rel}","templated":true}]}}