{"id":2866,"date":"2022-08-10T15:46:27","date_gmt":"2022-08-10T18:46:27","guid":{"rendered":"http:\/\/portalmf.com.br\/?p=2866"},"modified":"2022-08-10T15:46:29","modified_gmt":"2022-08-10T18:46:29","slug":"atletico-mg-tem-negociacoes-avancadas-com-rafinha-alcantara-do-psg","status":"publish","type":"post","link":"https:\/\/portalmf.com.br\/index.php\/2022\/08\/10\/atletico-mg-tem-negociacoes-avancadas-com-rafinha-alcantara-do-psg\/","title":{"rendered":"Atl\u00e9tico-MG tem negocia\u00e7\u00f5es avan\u00e7adas com Rafinha Alc\u00e2ntara, do PSG"},"content":{"rendered":"\n<p>O Atl\u00e9tico-MG pode estar pr\u00f3ximo de acertar com um importante refor\u00e7o para o restante da temporada: o brasileiro Rafinha Alc\u00e2ntara, do Paris Saint-Germain, da Fran\u00e7a. Segundo informa\u00e7\u00f5es do &#8216;O Globo&#8217;, o Galo tem conversas avan\u00e7adas com o clube franc\u00eas para contar com o atleta. O Bahia \u00e9 outra equipe brasileira que confirmou interesse no meio-campista.<\/p>\n\n\n\n<p>O jogador de 29 anos&nbsp;tem contrato com&nbsp;a equipe de Neymar, Messi e Mbapp\u00e9&nbsp;at\u00e9 junho de 2023, mas est\u00e1 fora dos planos da diretoria francesa, e estaria liberado para retornar ao Brasil de maneira livre e sem compensa\u00e7\u00e3o financeira. O clube mineiro arcaria apenas com os custos salarias dele.<\/p>\n\n\n\n<p>Na \u00faltima temporada europeia, Rafinha&nbsp;foi emprestado \u00e0&nbsp;Real Sociedad, da Espanha, onde marcou um gol em 21 partidas jogadas. Ele tem passagens por&nbsp;Barcelona, Celta de Vigo e Internazionale.<\/p>\n\n\n\n<p>Com informa\u00e7\u00f5es do TNT Sport<\/p>\n","protected":false},"excerpt":{"rendered":"<p>O Atl\u00e9tico-MG pode estar pr\u00f3ximo de acertar com um importante refor\u00e7o para o restante da temporada: o brasileiro Rafinha Alc\u00e2ntara, do Paris Saint-Germain, da Fran\u00e7a. Segundo informa\u00e7\u00f5es do &#8216;O Globo&#8217;, o Galo tem conversas avan\u00e7adas com o clube franc\u00eas para contar com o atleta. O Bahia \u00e9 outra equipe brasileira que confirmou interesse no meio-campista. [&hellip;]<\/p>\n","protected":false},"author":2,"featured_media":2867,"comment_status":"open","ping_status":"open","sticky":false,"template":"","format":"standard","meta":{"_monsterinsights_skip_tracking":false,"_monsterinsights_sitenote_active":false,"_monsterinsights_sitenote_note":"","_monsterinsights_sitenote_category":0,"footnotes":""},"categories":[42],"tags":[],"yoast_head":"<!-- This site is optimized with the Yoast SEO plugin v22.9 - https:\/\/yoast.com\/wordpress\/plugins\/seo\/ -->\n<title>Atl\u00e9tico-MG tem negocia\u00e7\u00f5es avan\u00e7adas com Rafinha Alc\u00e2ntara, do PSG - Portal MF<\/title>\n<meta name=\"robots\" content=\"index, follow, max-snippet:-1, max-image-preview:large, max-video-preview:-1\" \/>\n<link rel=\"canonical\" href=\"https:\/\/portalmf.com.br\/index.php\/2022\/08\/10\/atletico-mg-tem-negociacoes-avancadas-com-rafinha-alcantara-do-psg\/\" \/>\n<meta property=\"og:locale\" content=\"pt_BR\" \/>\n<meta property=\"og:type\" content=\"article\" \/>\n<meta property=\"og:title\" content=\"Atl\u00e9tico-MG tem negocia\u00e7\u00f5es avan\u00e7adas com Rafinha Alc\u00e2ntara, do PSG - Portal MF\" \/>\n<meta property=\"og:description\" content=\"O Atl\u00e9tico-MG pode estar pr\u00f3ximo de acertar com um importante refor\u00e7o para o restante da temporada: o brasileiro Rafinha Alc\u00e2ntara, do Paris Saint-Germain, da Fran\u00e7a. Segundo informa\u00e7\u00f5es do &#8216;O Globo&#8217;, o Galo tem conversas avan\u00e7adas com o clube franc\u00eas para contar com o atleta. O Bahia \u00e9 outra equipe brasileira que confirmou interesse no meio-campista. [&hellip;]\" \/>\n<meta property=\"og:url\" content=\"https:\/\/portalmf.com.br\/index.php\/2022\/08\/10\/atletico-mg-tem-negociacoes-avancadas-com-rafinha-alcantara-do-psg\/\" \/>\n<meta property=\"og:site_name\" content=\"Portal MF\" \/>\n<meta property=\"article:author\" content=\"reginaldojrfsa\" \/>\n<meta property=\"article:published_time\" content=\"2022-08-10T18:46:27+00:00\" \/>\n<meta property=\"article:modified_time\" content=\"2022-08-10T18:46:29+00:00\" \/>\n<meta property=\"og:image\" content=\"https:\/\/portalmf.com.br\/wp-content\/uploads\/2022\/08\/gettyimages-1318518226_1.jpg_135829838.jpg\" \/>\n\t<meta property=\"og:image:width\" content=\"905\" \/>\n\t<meta property=\"og:image:height\" content=\"555\" \/>\n\t<meta property=\"og:image:type\" content=\"image\/jpeg\" \/>\n<meta name=\"author\" content=\"Reginaldo J\u00fanior\" \/>\n<meta name=\"twitter:card\" content=\"summary_large_image\" \/>\n<meta name=\"twitter:creator\" content=\"@reginaldojrmf\" \/>\n<meta name=\"twitter:label1\" content=\"Escrito por\" \/>\n\t<meta name=\"twitter:data1\" content=\"Reginaldo J\u00fanior\" \/>\n\t<meta name=\"twitter:label2\" content=\"Est. tempo de leitura\" \/>\n\t<meta name=\"twitter:data2\" content=\"1 minuto\" \/>\n<script type=\"application\/ld+json\" class=\"yoast-schema-graph\">{\"@context\":\"https:\/\/schema.org\",\"@graph\":[{\"@type\":\"WebPage\",\"@id\":\"https:\/\/portalmf.com.br\/index.php\/2022\/08\/10\/atletico-mg-tem-negociacoes-avancadas-com-rafinha-alcantara-do-psg\/\",\"url\":\"https:\/\/portalmf.com.br\/index.php\/2022\/08\/10\/atletico-mg-tem-negociacoes-avancadas-com-rafinha-alcantara-do-psg\/\",\"name\":\"Atl\u00e9tico-MG tem negocia\u00e7\u00f5es avan\u00e7adas com Rafinha Alc\u00e2ntara, do PSG - Portal MF\",\"isPartOf\":{\"@id\":\"https:\/\/portalmf.com.br\/#website\"},\"primaryImageOfPage\":{\"@id\":\"https:\/\/portalmf.com.br\/index.php\/2022\/08\/10\/atletico-mg-tem-negociacoes-avancadas-com-rafinha-alcantara-do-psg\/#primaryimage\"},\"image\":{\"@id\":\"https:\/\/portalmf.com.br\/index.php\/2022\/08\/10\/atletico-mg-tem-negociacoes-avancadas-com-rafinha-alcantara-do-psg\/#primaryimage\"},\"thumbnailUrl\":\"https:\/\/portalmf.com.br\/wp-content\/uploads\/2022\/08\/gettyimages-1318518226_1.jpg_135829838.jpg\",\"datePublished\":\"2022-08-10T18:46:27+00:00\",\"dateModified\":\"2022-08-10T18:46:29+00:00\",\"author\":{\"@id\":\"https:\/\/portalmf.com.br\/#\/schema\/person\/11c82086fe8abc05a19147e964587285\"},\"breadcrumb\":{\"@id\":\"https:\/\/portalmf.com.br\/index.php\/2022\/08\/10\/atletico-mg-tem-negociacoes-avancadas-com-rafinha-alcantara-do-psg\/#breadcrumb\"},\"inLanguage\":\"pt-BR\",\"potentialAction\":[{\"@type\":\"ReadAction\",\"target\":[\"https:\/\/portalmf.com.br\/index.php\/2022\/08\/10\/atletico-mg-tem-negociacoes-avancadas-com-rafinha-alcantara-do-psg\/\"]}]},{\"@type\":\"ImageObject\",\"inLanguage\":\"pt-BR\",\"@id\":\"https:\/\/portalmf.com.br\/index.php\/2022\/08\/10\/atletico-mg-tem-negociacoes-avancadas-com-rafinha-alcantara-do-psg\/#primaryimage\",\"url\":\"https:\/\/portalmf.com.br\/wp-content\/uploads\/2022\/08\/gettyimages-1318518226_1.jpg_135829838.jpg\",\"contentUrl\":\"https:\/\/portalmf.com.br\/wp-content\/uploads\/2022\/08\/gettyimages-1318518226_1.jpg_135829838.jpg\",\"width\":905,\"height\":555,\"caption\":\"Foto: Getty Images\"},{\"@type\":\"BreadcrumbList\",\"@id\":\"https:\/\/portalmf.com.br\/index.php\/2022\/08\/10\/atletico-mg-tem-negociacoes-avancadas-com-rafinha-alcantara-do-psg\/#breadcrumb\",\"itemListElement\":[{\"@type\":\"ListItem\",\"position\":1,\"name\":\"In\u00edcio\",\"item\":\"https:\/\/portalmf.com.br\/\"},{\"@type\":\"ListItem\",\"position\":2,\"name\":\"Atl\u00e9tico-MG tem negocia\u00e7\u00f5es avan\u00e7adas com Rafinha Alc\u00e2ntara, do PSG\"}]},{\"@type\":\"WebSite\",\"@id\":\"https:\/\/portalmf.com.br\/#website\",\"url\":\"https:\/\/portalmf.com.br\/\",\"name\":\"Portal MF\",\"description\":\"Voc\u00ea conectado com a informa\u00e7\u00e3o\",\"potentialAction\":[{\"@type\":\"SearchAction\",\"target\":{\"@type\":\"EntryPoint\",\"urlTemplate\":\"https:\/\/portalmf.com.br\/?s={search_term_string}\"},\"query-input\":\"required name=search_term_string\"}],\"inLanguage\":\"pt-BR\"},{\"@type\":\"Person\",\"@id\":\"https:\/\/portalmf.com.br\/#\/schema\/person\/11c82086fe8abc05a19147e964587285\",\"name\":\"Reginaldo J\u00fanior\",\"image\":{\"@type\":\"ImageObject\",\"inLanguage\":\"pt-BR\",\"@id\":\"https:\/\/portalmf.com.br\/#\/schema\/person\/image\/\",\"url\":\"https:\/\/secure.gravatar.com\/avatar\/32a3c797cd0ac47cc53b8644c62776f9?s=96&d=mm&r=g\",\"contentUrl\":\"https:\/\/secure.gravatar.com\/avatar\/32a3c797cd0ac47cc53b8644c62776f9?s=96&d=mm&r=g\",\"caption\":\"Reginaldo J\u00fanior\"},\"description\":\"Jornalista e idealizador Portal MF\",\"sameAs\":[\"https:\/\/portalmf.com.br\/index.php\/author\/reginaldojr\/\",\"reginaldojrfsa\",\"reginaldojuniormf\",\"https:\/\/x.com\/reginaldojrmf\"],\"url\":\"https:\/\/portalmf.com.br\/index.php\/author\/reginaldojr\/\"}]}<\/script>\n<!-- \/ Yoast SEO plugin. -->","yoast_head_json":{"title":"Atl\u00e9tico-MG tem negocia\u00e7\u00f5es avan\u00e7adas com Rafinha Alc\u00e2ntara, do PSG - Portal MF","robots":{"index":"index","follow":"follow","max-snippet":"max-snippet:-1","max-image-preview":"max-image-preview:large","max-video-preview":"max-video-preview:-1"},"canonical":"https:\/\/portalmf.com.br\/index.php\/2022\/08\/10\/atletico-mg-tem-negociacoes-avancadas-com-rafinha-alcantara-do-psg\/","og_locale":"pt_BR","og_type":"article","og_title":"Atl\u00e9tico-MG tem negocia\u00e7\u00f5es avan\u00e7adas com Rafinha Alc\u00e2ntara, do PSG - Portal MF","og_description":"O Atl\u00e9tico-MG pode estar pr\u00f3ximo de acertar com um importante refor\u00e7o para o restante da temporada: o brasileiro Rafinha Alc\u00e2ntara, do Paris Saint-Germain, da Fran\u00e7a. Segundo informa\u00e7\u00f5es do &#8216;O Globo&#8217;, o Galo tem conversas avan\u00e7adas com o clube franc\u00eas para contar com o atleta. O Bahia \u00e9 outra equipe brasileira que confirmou interesse no meio-campista. [&hellip;]","og_url":"https:\/\/portalmf.com.br\/index.php\/2022\/08\/10\/atletico-mg-tem-negociacoes-avancadas-com-rafinha-alcantara-do-psg\/","og_site_name":"Portal MF","article_author":"reginaldojrfsa","article_published_time":"2022-08-10T18:46:27+00:00","article_modified_time":"2022-08-10T18:46:29+00:00","og_image":[{"width":905,"height":555,"url":"https:\/\/portalmf.com.br\/wp-content\/uploads\/2022\/08\/gettyimages-1318518226_1.jpg_135829838.jpg","type":"image\/jpeg"}],"author":"Reginaldo J\u00fanior","twitter_card":"summary_large_image","twitter_creator":"@reginaldojrmf","twitter_misc":{"Escrito por":"Reginaldo J\u00fanior","Est. tempo de leitura":"1 minuto"},"schema":{"@context":"https:\/\/schema.org","@graph":[{"@type":"WebPage","@id":"https:\/\/portalmf.com.br\/index.php\/2022\/08\/10\/atletico-mg-tem-negociacoes-avancadas-com-rafinha-alcantara-do-psg\/","url":"https:\/\/portalmf.com.br\/index.php\/2022\/08\/10\/atletico-mg-tem-negociacoes-avancadas-com-rafinha-alcantara-do-psg\/","name":"Atl\u00e9tico-MG tem negocia\u00e7\u00f5es avan\u00e7adas com Rafinha Alc\u00e2ntara, do PSG - Portal MF","isPartOf":{"@id":"https:\/\/portalmf.com.br\/#website"},"primaryImageOfPage":{"@id":"https:\/\/portalmf.com.br\/index.php\/2022\/08\/10\/atletico-mg-tem-negociacoes-avancadas-com-rafinha-alcantara-do-psg\/#primaryimage"},"image":{"@id":"https:\/\/portalmf.com.br\/index.php\/2022\/08\/10\/atletico-mg-tem-negociacoes-avancadas-com-rafinha-alcantara-do-psg\/#primaryimage"},"thumbnailUrl":"https:\/\/portalmf.com.br\/wp-content\/uploads\/2022\/08\/gettyimages-1318518226_1.jpg_135829838.jpg","datePublished":"2022-08-10T18:46:27+00:00","dateModified":"2022-08-10T18:46:29+00:00","author":{"@id":"https:\/\/portalmf.com.br\/#\/schema\/person\/11c82086fe8abc05a19147e964587285"},"breadcrumb":{"@id":"https:\/\/portalmf.com.br\/index.php\/2022\/08\/10\/atletico-mg-tem-negociacoes-avancadas-com-rafinha-alcantara-do-psg\/#breadcrumb"},"inLanguage":"pt-BR","potentialAction":[{"@type":"ReadAction","target":["https:\/\/portalmf.com.br\/index.php\/2022\/08\/10\/atletico-mg-tem-negociacoes-avancadas-com-rafinha-alcantara-do-psg\/"]}]},{"@type":"ImageObject","inLanguage":"pt-BR","@id":"https:\/\/portalmf.com.br\/index.php\/2022\/08\/10\/atletico-mg-tem-negociacoes-avancadas-com-rafinha-alcantara-do-psg\/#primaryimage","url":"https:\/\/portalmf.com.br\/wp-content\/uploads\/2022\/08\/gettyimages-1318518226_1.jpg_135829838.jpg","contentUrl":"https:\/\/portalmf.com.br\/wp-content\/uploads\/2022\/08\/gettyimages-1318518226_1.jpg_135829838.jpg","width":905,"height":555,"caption":"Foto: Getty Images"},{"@type":"BreadcrumbList","@id":"https:\/\/portalmf.com.br\/index.php\/2022\/08\/10\/atletico-mg-tem-negociacoes-avancadas-com-rafinha-alcantara-do-psg\/#breadcrumb","itemListElement":[{"@type":"ListItem","position":1,"name":"In\u00edcio","item":"https:\/\/portalmf.com.br\/"},{"@type":"ListItem","position":2,"name":"Atl\u00e9tico-MG tem negocia\u00e7\u00f5es avan\u00e7adas com Rafinha Alc\u00e2ntara, do PSG"}]},{"@type":"WebSite","@id":"https:\/\/portalmf.com.br\/#website","url":"https:\/\/portalmf.com.br\/","name":"Portal MF","description":"Voc\u00ea conectado com a informa\u00e7\u00e3o","potentialAction":[{"@type":"SearchAction","target":{"@type":"EntryPoint","urlTemplate":"https:\/\/portalmf.com.br\/?s={search_term_string}"},"query-input":"required name=search_term_string"}],"inLanguage":"pt-BR"},{"@type":"Person","@id":"https:\/\/portalmf.com.br\/#\/schema\/person\/11c82086fe8abc05a19147e964587285","name":"Reginaldo J\u00fanior","image":{"@type":"ImageObject","inLanguage":"pt-BR","@id":"https:\/\/portalmf.com.br\/#\/schema\/person\/image\/","url":"https:\/\/secure.gravatar.com\/avatar\/32a3c797cd0ac47cc53b8644c62776f9?s=96&d=mm&r=g","contentUrl":"https:\/\/secure.gravatar.com\/avatar\/32a3c797cd0ac47cc53b8644c62776f9?s=96&d=mm&r=g","caption":"Reginaldo J\u00fanior"},"description":"Jornalista e idealizador Portal MF","sameAs":["https:\/\/portalmf.com.br\/index.php\/author\/reginaldojr\/","reginaldojrfsa","reginaldojuniormf","https:\/\/x.com\/reginaldojrmf"],"url":"https:\/\/portalmf.com.br\/index.php\/author\/reginaldojr\/"}]}},"_links":{"self":[{"href":"https:\/\/portalmf.com.br\/index.php\/wp-json\/wp\/v2\/posts\/2866"}],"collection":[{"href":"https:\/\/portalmf.com.br\/index.php\/wp-json\/wp\/v2\/posts"}],"about":[{"href":"https:\/\/portalmf.com.br\/index.php\/wp-json\/wp\/v2\/types\/post"}],"author":[{"embeddable":true,"href":"https:\/\/portalmf.com.br\/index.php\/wp-json\/wp\/v2\/users\/2"}],"replies":[{"embeddable":true,"href":"https:\/\/portalmf.com.br\/index.php\/wp-json\/wp\/v2\/comments?post=2866"}],"version-history":[{"count":1,"href":"https:\/\/portalmf.com.br\/index.php\/wp-json\/wp\/v2\/posts\/2866\/revisions"}],"predecessor-version":[{"id":2868,"href":"https:\/\/portalmf.com.br\/index.php\/wp-json\/wp\/v2\/posts\/2866\/revisions\/2868"}],"wp:featuredmedia":[{"embeddable":true,"href":"https:\/\/portalmf.com.br\/index.php\/wp-json\/wp\/v2\/media\/2867"}],"wp:attachment":[{"href":"https:\/\/portalmf.com.br\/index.php\/wp-json\/wp\/v2\/media?parent=2866"}],"wp:term":[{"taxonomy":"category","embeddable":true,"href":"https:\/\/portalmf.com.br\/index.php\/wp-json\/wp\/v2\/categories?post=2866"},{"taxonomy":"post_tag","embeddable":true,"href":"https:\/\/portalmf.com.br\/index.php\/wp-json\/wp\/v2\/tags?post=2866"}],"curies":[{"name":"wp","href":"https:\/\/api.w.org\/{rel}","templated":true}]}}