{"id":2861,"date":"2022-08-10T15:43:56","date_gmt":"2022-08-10T18:43:56","guid":{"rendered":"http:\/\/portalmf.com.br\/?p=2861"},"modified":"2022-08-10T15:43:58","modified_gmt":"2022-08-10T18:43:58","slug":"ceara-anuncia-a-contratacao-do-atacante-jo-dispensado-pelo-corinthians","status":"publish","type":"post","link":"https:\/\/portalmf.com.br\/index.php\/2022\/08\/10\/ceara-anuncia-a-contratacao-do-atacante-jo-dispensado-pelo-corinthians\/","title":{"rendered":"Cear\u00e1 anuncia a contrata\u00e7\u00e3o do atacante J\u00f4, dispensado pelo Corinthians"},"content":{"rendered":"\n<p>O Cear\u00e1 anunciou na noite desta ter\u00e7a-feira (9) a contrata\u00e7\u00e3o do atacante J\u00f4. O jogador de 33 anos assina contrato com o Voz\u00e3o v\u00e1lido at\u00e9 o final da temporada de 2022 e \u00e9 o quarto refor\u00e7o nesta janela de transfer\u00eancia.<\/p>\n\n\n\n<figure class=\"wp-block-embed is-type-rich is-provider-twitter wp-block-embed-twitter\"><div class=\"wp-block-embed__wrapper\">\n<blockquote class=\"twitter-tweet\" data-width=\"550\" data-dnt=\"true\"><p lang=\"pt\" dir=\"ltr\">J\u00d4 \u00c9 DO VOZ\u00c3O! \u26ab \u26aa<br><br>Campe\u00e3o da Copa das Confedera\u00e7\u00f5es 2013 pela Sele\u00e7\u00e3o Brasileira e com passagens pelo Manchester City, Corinthians, Atl\u00e9tico Mineiro, Internacional, entre outros clubes, o centroavante \u00e9 a mais nova contrata\u00e7\u00e3o alvinegra para a temporada. Seja bem-vindo! \ud83d\udc4a \ud83c\udfc1 <a href=\"https:\/\/t.co\/b0uc7Bmdom\">pic.twitter.com\/b0uc7Bmdom<\/a><\/p>&mdash; Cear\u00e1 Sporting Club (@CearaSC) <a href=\"https:\/\/twitter.com\/CearaSC\/status\/1557139737957306369?ref_src=twsrc%5Etfw\">August 9, 2022<\/a><\/blockquote><script async src=\"https:\/\/platform.twitter.com\/widgets.js\" charset=\"utf-8\"><\/script>\n<\/div><\/figure>\n\n\n\n<p>J\u00f4 estava livre no mercado desde junho, quando teve o seu contrato rescindido com o Corinthians. Na ocasi\u00e3o, o jogador foi flagrado em um pagode durante a derrota do Tim\u00e3o para o Cuiab\u00e1 por 1 a 0, na Arena Pantanal.<\/p>\n\n\n\n<p>O atacante poder\u00e1 ser inscrito no Campeonato Brasileiro e nas semifinais da Copa Sul-Americana, caso o Cear\u00e1 se classifique na competi\u00e7\u00e3o continental. O Voz\u00e3o enfrenta o S\u00e3o Paulo \u00e0s 19h15 desta quarta-feira (10), na Arena Castel\u00e3o, e precisa vencer por dois gols de diferen\u00e7a, j\u00e1 que perdeu o jogo de ida por 1 a 0.<\/p>\n\n\n\n<p>Al\u00e9m do Corinthians, J\u00f4 tem passagem por Atl\u00e9tico Mineiro e Internacional no futebol brasileiro. O jogador tamb\u00e9m passou pelo CSKA, da R\u00fassia, Galatasaray, da Turquia, e Manchester City e Everton, da Inglaterra. No futebol asi\u00e1tico, o atacante atuou no Jiangsu Suning, da China, Nagoya Grampus, do Jap\u00e3o, e Shabab Dubai, dos Emirados \u00c1rabes Unidos.<\/p>\n\n\n\n<p>Com informa\u00e7\u00f5es da Band<\/p>\n","protected":false},"excerpt":{"rendered":"<p>O Cear\u00e1 anunciou na noite desta ter\u00e7a-feira (9) a contrata\u00e7\u00e3o do atacante J\u00f4. O jogador de 33 anos assina contrato com o Voz\u00e3o v\u00e1lido at\u00e9 o final da temporada de 2022 e \u00e9 o quarto refor\u00e7o nesta janela de transfer\u00eancia. J\u00f4 estava livre no mercado desde junho, quando teve o seu contrato rescindido com o [&hellip;]<\/p>\n","protected":false},"author":2,"featured_media":2863,"comment_status":"open","ping_status":"open","sticky":false,"template":"","format":"standard","meta":{"_monsterinsights_skip_tracking":false,"_monsterinsights_sitenote_active":false,"_monsterinsights_sitenote_note":"","_monsterinsights_sitenote_category":0,"footnotes":""},"categories":[42],"tags":[],"yoast_head":"<!-- This site is optimized with the Yoast SEO plugin v22.9 - https:\/\/yoast.com\/wordpress\/plugins\/seo\/ -->\n<title>Cear\u00e1 anuncia a contrata\u00e7\u00e3o do atacante J\u00f4, dispensado pelo Corinthians - Portal MF<\/title>\n<meta name=\"robots\" content=\"index, follow, max-snippet:-1, max-image-preview:large, max-video-preview:-1\" \/>\n<link rel=\"canonical\" href=\"https:\/\/portalmf.com.br\/index.php\/2022\/08\/10\/ceara-anuncia-a-contratacao-do-atacante-jo-dispensado-pelo-corinthians\/\" \/>\n<meta property=\"og:locale\" content=\"pt_BR\" \/>\n<meta property=\"og:type\" content=\"article\" \/>\n<meta property=\"og:title\" content=\"Cear\u00e1 anuncia a contrata\u00e7\u00e3o do atacante J\u00f4, dispensado pelo Corinthians - Portal MF\" \/>\n<meta property=\"og:description\" content=\"O Cear\u00e1 anunciou na noite desta ter\u00e7a-feira (9) a contrata\u00e7\u00e3o do atacante J\u00f4. O jogador de 33 anos assina contrato com o Voz\u00e3o v\u00e1lido at\u00e9 o final da temporada de 2022 e \u00e9 o quarto refor\u00e7o nesta janela de transfer\u00eancia. J\u00f4 estava livre no mercado desde junho, quando teve o seu contrato rescindido com o [&hellip;]\" \/>\n<meta property=\"og:url\" content=\"https:\/\/portalmf.com.br\/index.php\/2022\/08\/10\/ceara-anuncia-a-contratacao-do-atacante-jo-dispensado-pelo-corinthians\/\" \/>\n<meta property=\"og:site_name\" content=\"Portal MF\" \/>\n<meta property=\"article:author\" content=\"reginaldojrfsa\" \/>\n<meta property=\"article:published_time\" content=\"2022-08-10T18:43:56+00:00\" \/>\n<meta property=\"article:modified_time\" content=\"2022-08-10T18:43:58+00:00\" \/>\n<meta property=\"og:image\" content=\"https:\/\/portalmf.com.br\/wp-content\/uploads\/2022\/08\/jo-gazeta-press-foto-1711093.jpg_135829838.webp\" \/>\n\t<meta property=\"og:image:width\" content=\"905\" \/>\n\t<meta property=\"og:image:height\" content=\"555\" \/>\n\t<meta property=\"og:image:type\" content=\"image\/webp\" \/>\n<meta name=\"author\" content=\"Reginaldo J\u00fanior\" \/>\n<meta name=\"twitter:card\" content=\"summary_large_image\" \/>\n<meta name=\"twitter:creator\" content=\"@reginaldojrmf\" \/>\n<meta name=\"twitter:label1\" content=\"Escrito por\" \/>\n\t<meta name=\"twitter:data1\" content=\"Reginaldo J\u00fanior\" \/>\n\t<meta name=\"twitter:label2\" content=\"Est. tempo de leitura\" \/>\n\t<meta name=\"twitter:data2\" content=\"1 minuto\" \/>\n<script type=\"application\/ld+json\" class=\"yoast-schema-graph\">{\"@context\":\"https:\/\/schema.org\",\"@graph\":[{\"@type\":\"WebPage\",\"@id\":\"https:\/\/portalmf.com.br\/index.php\/2022\/08\/10\/ceara-anuncia-a-contratacao-do-atacante-jo-dispensado-pelo-corinthians\/\",\"url\":\"https:\/\/portalmf.com.br\/index.php\/2022\/08\/10\/ceara-anuncia-a-contratacao-do-atacante-jo-dispensado-pelo-corinthians\/\",\"name\":\"Cear\u00e1 anuncia a contrata\u00e7\u00e3o do atacante J\u00f4, dispensado pelo Corinthians - Portal MF\",\"isPartOf\":{\"@id\":\"https:\/\/portalmf.com.br\/#website\"},\"primaryImageOfPage\":{\"@id\":\"https:\/\/portalmf.com.br\/index.php\/2022\/08\/10\/ceara-anuncia-a-contratacao-do-atacante-jo-dispensado-pelo-corinthians\/#primaryimage\"},\"image\":{\"@id\":\"https:\/\/portalmf.com.br\/index.php\/2022\/08\/10\/ceara-anuncia-a-contratacao-do-atacante-jo-dispensado-pelo-corinthians\/#primaryimage\"},\"thumbnailUrl\":\"https:\/\/portalmf.com.br\/wp-content\/uploads\/2022\/08\/jo-gazeta-press-foto-1711093.jpg_135829838.webp\",\"datePublished\":\"2022-08-10T18:43:56+00:00\",\"dateModified\":\"2022-08-10T18:43:58+00:00\",\"author\":{\"@id\":\"https:\/\/portalmf.com.br\/#\/schema\/person\/11c82086fe8abc05a19147e964587285\"},\"breadcrumb\":{\"@id\":\"https:\/\/portalmf.com.br\/index.php\/2022\/08\/10\/ceara-anuncia-a-contratacao-do-atacante-jo-dispensado-pelo-corinthians\/#breadcrumb\"},\"inLanguage\":\"pt-BR\",\"potentialAction\":[{\"@type\":\"ReadAction\",\"target\":[\"https:\/\/portalmf.com.br\/index.php\/2022\/08\/10\/ceara-anuncia-a-contratacao-do-atacante-jo-dispensado-pelo-corinthians\/\"]}]},{\"@type\":\"ImageObject\",\"inLanguage\":\"pt-BR\",\"@id\":\"https:\/\/portalmf.com.br\/index.php\/2022\/08\/10\/ceara-anuncia-a-contratacao-do-atacante-jo-dispensado-pelo-corinthians\/#primaryimage\",\"url\":\"https:\/\/portalmf.com.br\/wp-content\/uploads\/2022\/08\/jo-gazeta-press-foto-1711093.jpg_135829838.webp\",\"contentUrl\":\"https:\/\/portalmf.com.br\/wp-content\/uploads\/2022\/08\/jo-gazeta-press-foto-1711093.jpg_135829838.webp\",\"width\":905,\"height\":555,\"caption\":\"Foto: Rafael Assuncao\/O Fotografico\/Gazeta Press\"},{\"@type\":\"BreadcrumbList\",\"@id\":\"https:\/\/portalmf.com.br\/index.php\/2022\/08\/10\/ceara-anuncia-a-contratacao-do-atacante-jo-dispensado-pelo-corinthians\/#breadcrumb\",\"itemListElement\":[{\"@type\":\"ListItem\",\"position\":1,\"name\":\"In\u00edcio\",\"item\":\"https:\/\/portalmf.com.br\/\"},{\"@type\":\"ListItem\",\"position\":2,\"name\":\"Cear\u00e1 anuncia a contrata\u00e7\u00e3o do atacante J\u00f4, dispensado pelo Corinthians\"}]},{\"@type\":\"WebSite\",\"@id\":\"https:\/\/portalmf.com.br\/#website\",\"url\":\"https:\/\/portalmf.com.br\/\",\"name\":\"Portal MF\",\"description\":\"Voc\u00ea conectado com a informa\u00e7\u00e3o\",\"potentialAction\":[{\"@type\":\"SearchAction\",\"target\":{\"@type\":\"EntryPoint\",\"urlTemplate\":\"https:\/\/portalmf.com.br\/?s={search_term_string}\"},\"query-input\":\"required name=search_term_string\"}],\"inLanguage\":\"pt-BR\"},{\"@type\":\"Person\",\"@id\":\"https:\/\/portalmf.com.br\/#\/schema\/person\/11c82086fe8abc05a19147e964587285\",\"name\":\"Reginaldo J\u00fanior\",\"image\":{\"@type\":\"ImageObject\",\"inLanguage\":\"pt-BR\",\"@id\":\"https:\/\/portalmf.com.br\/#\/schema\/person\/image\/\",\"url\":\"https:\/\/secure.gravatar.com\/avatar\/32a3c797cd0ac47cc53b8644c62776f9?s=96&d=mm&r=g\",\"contentUrl\":\"https:\/\/secure.gravatar.com\/avatar\/32a3c797cd0ac47cc53b8644c62776f9?s=96&d=mm&r=g\",\"caption\":\"Reginaldo J\u00fanior\"},\"description\":\"Jornalista e idealizador Portal MF\",\"sameAs\":[\"https:\/\/portalmf.com.br\/index.php\/author\/reginaldojr\/\",\"reginaldojrfsa\",\"reginaldojuniormf\",\"https:\/\/x.com\/reginaldojrmf\"],\"url\":\"https:\/\/portalmf.com.br\/index.php\/author\/reginaldojr\/\"}]}<\/script>\n<!-- \/ Yoast SEO plugin. -->","yoast_head_json":{"title":"Cear\u00e1 anuncia a contrata\u00e7\u00e3o do atacante J\u00f4, dispensado pelo Corinthians - Portal MF","robots":{"index":"index","follow":"follow","max-snippet":"max-snippet:-1","max-image-preview":"max-image-preview:large","max-video-preview":"max-video-preview:-1"},"canonical":"https:\/\/portalmf.com.br\/index.php\/2022\/08\/10\/ceara-anuncia-a-contratacao-do-atacante-jo-dispensado-pelo-corinthians\/","og_locale":"pt_BR","og_type":"article","og_title":"Cear\u00e1 anuncia a contrata\u00e7\u00e3o do atacante J\u00f4, dispensado pelo Corinthians - Portal MF","og_description":"O Cear\u00e1 anunciou na noite desta ter\u00e7a-feira (9) a contrata\u00e7\u00e3o do atacante J\u00f4. O jogador de 33 anos assina contrato com o Voz\u00e3o v\u00e1lido at\u00e9 o final da temporada de 2022 e \u00e9 o quarto refor\u00e7o nesta janela de transfer\u00eancia. J\u00f4 estava livre no mercado desde junho, quando teve o seu contrato rescindido com o [&hellip;]","og_url":"https:\/\/portalmf.com.br\/index.php\/2022\/08\/10\/ceara-anuncia-a-contratacao-do-atacante-jo-dispensado-pelo-corinthians\/","og_site_name":"Portal MF","article_author":"reginaldojrfsa","article_published_time":"2022-08-10T18:43:56+00:00","article_modified_time":"2022-08-10T18:43:58+00:00","og_image":[{"width":905,"height":555,"url":"https:\/\/portalmf.com.br\/wp-content\/uploads\/2022\/08\/jo-gazeta-press-foto-1711093.jpg_135829838.webp","type":"image\/webp"}],"author":"Reginaldo J\u00fanior","twitter_card":"summary_large_image","twitter_creator":"@reginaldojrmf","twitter_misc":{"Escrito por":"Reginaldo J\u00fanior","Est. tempo de leitura":"1 minuto"},"schema":{"@context":"https:\/\/schema.org","@graph":[{"@type":"WebPage","@id":"https:\/\/portalmf.com.br\/index.php\/2022\/08\/10\/ceara-anuncia-a-contratacao-do-atacante-jo-dispensado-pelo-corinthians\/","url":"https:\/\/portalmf.com.br\/index.php\/2022\/08\/10\/ceara-anuncia-a-contratacao-do-atacante-jo-dispensado-pelo-corinthians\/","name":"Cear\u00e1 anuncia a contrata\u00e7\u00e3o do atacante J\u00f4, dispensado pelo Corinthians - Portal MF","isPartOf":{"@id":"https:\/\/portalmf.com.br\/#website"},"primaryImageOfPage":{"@id":"https:\/\/portalmf.com.br\/index.php\/2022\/08\/10\/ceara-anuncia-a-contratacao-do-atacante-jo-dispensado-pelo-corinthians\/#primaryimage"},"image":{"@id":"https:\/\/portalmf.com.br\/index.php\/2022\/08\/10\/ceara-anuncia-a-contratacao-do-atacante-jo-dispensado-pelo-corinthians\/#primaryimage"},"thumbnailUrl":"https:\/\/portalmf.com.br\/wp-content\/uploads\/2022\/08\/jo-gazeta-press-foto-1711093.jpg_135829838.webp","datePublished":"2022-08-10T18:43:56+00:00","dateModified":"2022-08-10T18:43:58+00:00","author":{"@id":"https:\/\/portalmf.com.br\/#\/schema\/person\/11c82086fe8abc05a19147e964587285"},"breadcrumb":{"@id":"https:\/\/portalmf.com.br\/index.php\/2022\/08\/10\/ceara-anuncia-a-contratacao-do-atacante-jo-dispensado-pelo-corinthians\/#breadcrumb"},"inLanguage":"pt-BR","potentialAction":[{"@type":"ReadAction","target":["https:\/\/portalmf.com.br\/index.php\/2022\/08\/10\/ceara-anuncia-a-contratacao-do-atacante-jo-dispensado-pelo-corinthians\/"]}]},{"@type":"ImageObject","inLanguage":"pt-BR","@id":"https:\/\/portalmf.com.br\/index.php\/2022\/08\/10\/ceara-anuncia-a-contratacao-do-atacante-jo-dispensado-pelo-corinthians\/#primaryimage","url":"https:\/\/portalmf.com.br\/wp-content\/uploads\/2022\/08\/jo-gazeta-press-foto-1711093.jpg_135829838.webp","contentUrl":"https:\/\/portalmf.com.br\/wp-content\/uploads\/2022\/08\/jo-gazeta-press-foto-1711093.jpg_135829838.webp","width":905,"height":555,"caption":"Foto: Rafael Assuncao\/O Fotografico\/Gazeta Press"},{"@type":"BreadcrumbList","@id":"https:\/\/portalmf.com.br\/index.php\/2022\/08\/10\/ceara-anuncia-a-contratacao-do-atacante-jo-dispensado-pelo-corinthians\/#breadcrumb","itemListElement":[{"@type":"ListItem","position":1,"name":"In\u00edcio","item":"https:\/\/portalmf.com.br\/"},{"@type":"ListItem","position":2,"name":"Cear\u00e1 anuncia a contrata\u00e7\u00e3o do atacante J\u00f4, dispensado pelo Corinthians"}]},{"@type":"WebSite","@id":"https:\/\/portalmf.com.br\/#website","url":"https:\/\/portalmf.com.br\/","name":"Portal MF","description":"Voc\u00ea conectado com a informa\u00e7\u00e3o","potentialAction":[{"@type":"SearchAction","target":{"@type":"EntryPoint","urlTemplate":"https:\/\/portalmf.com.br\/?s={search_term_string}"},"query-input":"required name=search_term_string"}],"inLanguage":"pt-BR"},{"@type":"Person","@id":"https:\/\/portalmf.com.br\/#\/schema\/person\/11c82086fe8abc05a19147e964587285","name":"Reginaldo J\u00fanior","image":{"@type":"ImageObject","inLanguage":"pt-BR","@id":"https:\/\/portalmf.com.br\/#\/schema\/person\/image\/","url":"https:\/\/secure.gravatar.com\/avatar\/32a3c797cd0ac47cc53b8644c62776f9?s=96&d=mm&r=g","contentUrl":"https:\/\/secure.gravatar.com\/avatar\/32a3c797cd0ac47cc53b8644c62776f9?s=96&d=mm&r=g","caption":"Reginaldo J\u00fanior"},"description":"Jornalista e idealizador Portal MF","sameAs":["https:\/\/portalmf.com.br\/index.php\/author\/reginaldojr\/","reginaldojrfsa","reginaldojuniormf","https:\/\/x.com\/reginaldojrmf"],"url":"https:\/\/portalmf.com.br\/index.php\/author\/reginaldojr\/"}]}},"_links":{"self":[{"href":"https:\/\/portalmf.com.br\/index.php\/wp-json\/wp\/v2\/posts\/2861"}],"collection":[{"href":"https:\/\/portalmf.com.br\/index.php\/wp-json\/wp\/v2\/posts"}],"about":[{"href":"https:\/\/portalmf.com.br\/index.php\/wp-json\/wp\/v2\/types\/post"}],"author":[{"embeddable":true,"href":"https:\/\/portalmf.com.br\/index.php\/wp-json\/wp\/v2\/users\/2"}],"replies":[{"embeddable":true,"href":"https:\/\/portalmf.com.br\/index.php\/wp-json\/wp\/v2\/comments?post=2861"}],"version-history":[{"count":1,"href":"https:\/\/portalmf.com.br\/index.php\/wp-json\/wp\/v2\/posts\/2861\/revisions"}],"predecessor-version":[{"id":2864,"href":"https:\/\/portalmf.com.br\/index.php\/wp-json\/wp\/v2\/posts\/2861\/revisions\/2864"}],"wp:featuredmedia":[{"embeddable":true,"href":"https:\/\/portalmf.com.br\/index.php\/wp-json\/wp\/v2\/media\/2863"}],"wp:attachment":[{"href":"https:\/\/portalmf.com.br\/index.php\/wp-json\/wp\/v2\/media?parent=2861"}],"wp:term":[{"taxonomy":"category","embeddable":true,"href":"https:\/\/portalmf.com.br\/index.php\/wp-json\/wp\/v2\/categories?post=2861"},{"taxonomy":"post_tag","embeddable":true,"href":"https:\/\/portalmf.com.br\/index.php\/wp-json\/wp\/v2\/tags?post=2861"}],"curies":[{"name":"wp","href":"https:\/\/api.w.org\/{rel}","templated":true}]}}