{"id":28607,"date":"2024-08-06T14:40:17","date_gmt":"2024-08-06T17:40:17","guid":{"rendered":"https:\/\/portalmf.com.br\/?p=28607"},"modified":"2024-08-06T14:40:18","modified_gmt":"2024-08-06T17:40:18","slug":"eritan-machado-tem-candidatura-a-vereador-homologada","status":"publish","type":"post","link":"https:\/\/portalmf.com.br\/index.php\/2024\/08\/06\/eritan-machado-tem-candidatura-a-vereador-homologada\/","title":{"rendered":"Eritan Machado tem candidatura a vereador homologada"},"content":{"rendered":"\n<p>No s\u00e1bado (03), aconteceu na antiga Prime Music em Feira de Santana, a conven\u00e7\u00e3o da Coliga\u00e7\u00e3o Uni\u00e3o por Feira, uma frente que re\u00fane 12 partidos (PT, Podemos, PCdoB, PV, PP, PSOL, Rede, Avante, PSB, Agir, PSD e MDB) e oficializou a candidatura do deputado federal Z\u00e9 Neto (PT), a Prefeitura de Feira de Santana, tendo como vice, o l\u00edder evang\u00e9lico Sandro Nazireu (Podemos).<\/p>\n\n\n\n<p>Na oportunidade tamb\u00e9m aconteceu a conven\u00e7\u00e3o da Federa\u00e7\u00e3o Brasil da Esperan\u00e7a formada pelo PT, PC do B e PV, que confirmou o nome de 22 candidatos a c\u00e2mara de vereadores, entre eles foi confirmada a candidatura de Eritan Machado. Essa ser\u00e1 a segunda vez que o banc\u00e1rio e advogado concorrer\u00e1 a uma vaga na casa da cidadania.<\/p>\n\n\n\n<p><em>\u201cO que aconteceu na conven\u00e7\u00e3o foi materializa\u00e7\u00e3o desse desejo de mudan\u00e7a que a cidade vem clamando, o espa\u00e7o estava lotado. Coloquei meu nome \u00e0 disposi\u00e7\u00e3o para contribuir com essa mudan\u00e7a que a cidade necessita nos pr\u00f3ximos anos. Por isso vou concorrer a uma vaga na c\u00e2mara de vereadores, para que junto com o candidato a prefeito Z\u00e9 Neto fazemos uma cidade para todos. Pois Feira de Santana pode mais e merece mais\u201d, <\/em>disse Eritan.<\/p>\n\n\n\n<figure class=\"wp-block-image size-full\"><img fetchpriority=\"high\" decoding=\"async\" width=\"800\" height=\"450\" src=\"https:\/\/portalmf.com.br\/wp-content\/uploads\/2024\/08\/Eritan-Machado-tem-candidatura-a-vereador-homologada.jpg\" alt=\"\" class=\"wp-image-28608\" srcset=\"https:\/\/portalmf.com.br\/wp-content\/uploads\/2024\/08\/Eritan-Machado-tem-candidatura-a-vereador-homologada.jpg 800w, https:\/\/portalmf.com.br\/wp-content\/uploads\/2024\/08\/Eritan-Machado-tem-candidatura-a-vereador-homologada-300x169.jpg 300w, https:\/\/portalmf.com.br\/wp-content\/uploads\/2024\/08\/Eritan-Machado-tem-candidatura-a-vereador-homologada-768x432.jpg 768w, https:\/\/portalmf.com.br\/wp-content\/uploads\/2024\/08\/Eritan-Machado-tem-candidatura-a-vereador-homologada-696x392.jpg 696w\" sizes=\"(max-width: 800px) 100vw, 800px\" \/><figcaption class=\"wp-element-caption\"><strong>Foto: Assessoria<\/strong><\/figcaption><\/figure>\n\n\n\n<p>A conven\u00e7\u00e3o contou tamb\u00e9m com a participa\u00e7\u00e3o do governador Jer\u00f4nimo Rodrigues, da deputada estadual do PC do B Olivia Santana, presidentes municipais e estaduais de partidos da coliga\u00e7\u00e3o, deputados estudais e federais, pol\u00edticos e baianos e correligion\u00e1rio.<\/p>\n\n\n\n<p>Ao todo 180 candidaturas de vereadores da coliga\u00e7\u00e3o foram homologadas durante a conven\u00e7\u00e3o.<\/p>\n","protected":false},"excerpt":{"rendered":"<p>No s\u00e1bado (03), aconteceu na antiga Prime Music em Feira de Santana, a conven\u00e7\u00e3o da Coliga\u00e7\u00e3o Uni\u00e3o por Feira, uma frente que re\u00fane 12 partidos (PT, Podemos, PCdoB, PV, PP, PSOL, Rede, Avante, PSB, Agir, PSD e MDB) e oficializou a candidatura do deputado federal Z\u00e9 Neto (PT), a Prefeitura de Feira de Santana, tendo [&hellip;]<\/p>\n","protected":false},"author":2,"featured_media":28609,"comment_status":"open","ping_status":"open","sticky":false,"template":"","format":"standard","meta":{"_monsterinsights_skip_tracking":false,"_monsterinsights_sitenote_active":false,"_monsterinsights_sitenote_note":"","_monsterinsights_sitenote_category":0,"footnotes":""},"categories":[47,301,34],"tags":[],"yoast_head":"<!-- This site is optimized with the Yoast SEO plugin v22.9 - https:\/\/yoast.com\/wordpress\/plugins\/seo\/ -->\n<title>Eritan Machado tem candidatura a vereador homologada - Portal MF<\/title>\n<meta name=\"robots\" content=\"index, follow, max-snippet:-1, max-image-preview:large, max-video-preview:-1\" \/>\n<link rel=\"canonical\" href=\"https:\/\/portalmf.com.br\/index.php\/2024\/08\/06\/eritan-machado-tem-candidatura-a-vereador-homologada\/\" \/>\n<meta property=\"og:locale\" content=\"pt_BR\" \/>\n<meta property=\"og:type\" content=\"article\" \/>\n<meta property=\"og:title\" content=\"Eritan Machado tem candidatura a vereador homologada - Portal MF\" \/>\n<meta property=\"og:description\" content=\"No s\u00e1bado (03), aconteceu na antiga Prime Music em Feira de Santana, a conven\u00e7\u00e3o da Coliga\u00e7\u00e3o Uni\u00e3o por Feira, uma frente que re\u00fane 12 partidos (PT, Podemos, PCdoB, PV, PP, PSOL, Rede, Avante, PSB, Agir, PSD e MDB) e oficializou a candidatura do deputado federal Z\u00e9 Neto (PT), a Prefeitura de Feira de Santana, tendo [&hellip;]\" \/>\n<meta property=\"og:url\" content=\"https:\/\/portalmf.com.br\/index.php\/2024\/08\/06\/eritan-machado-tem-candidatura-a-vereador-homologada\/\" \/>\n<meta property=\"og:site_name\" content=\"Portal MF\" \/>\n<meta property=\"article:author\" content=\"reginaldojrfsa\" \/>\n<meta property=\"article:published_time\" content=\"2024-08-06T17:40:17+00:00\" \/>\n<meta property=\"article:modified_time\" content=\"2024-08-06T17:40:18+00:00\" \/>\n<meta property=\"og:image\" content=\"https:\/\/portalmf.com.br\/wp-content\/uploads\/2024\/08\/Eritan-Machado-tem-candidatura-a-vereador-homologada_1.jpg\" \/>\n\t<meta property=\"og:image:width\" content=\"800\" \/>\n\t<meta property=\"og:image:height\" content=\"588\" \/>\n\t<meta property=\"og:image:type\" content=\"image\/jpeg\" \/>\n<meta name=\"author\" content=\"Reginaldo J\u00fanior\" \/>\n<meta name=\"twitter:card\" content=\"summary_large_image\" \/>\n<meta name=\"twitter:creator\" content=\"@reginaldojrmf\" \/>\n<meta name=\"twitter:label1\" content=\"Escrito por\" \/>\n\t<meta name=\"twitter:data1\" content=\"Reginaldo J\u00fanior\" \/>\n\t<meta name=\"twitter:label2\" content=\"Est. tempo de leitura\" \/>\n\t<meta name=\"twitter:data2\" content=\"2 minutos\" \/>\n<script type=\"application\/ld+json\" class=\"yoast-schema-graph\">{\"@context\":\"https:\/\/schema.org\",\"@graph\":[{\"@type\":\"WebPage\",\"@id\":\"https:\/\/portalmf.com.br\/index.php\/2024\/08\/06\/eritan-machado-tem-candidatura-a-vereador-homologada\/\",\"url\":\"https:\/\/portalmf.com.br\/index.php\/2024\/08\/06\/eritan-machado-tem-candidatura-a-vereador-homologada\/\",\"name\":\"Eritan Machado tem candidatura a vereador homologada - Portal MF\",\"isPartOf\":{\"@id\":\"https:\/\/portalmf.com.br\/#website\"},\"primaryImageOfPage\":{\"@id\":\"https:\/\/portalmf.com.br\/index.php\/2024\/08\/06\/eritan-machado-tem-candidatura-a-vereador-homologada\/#primaryimage\"},\"image\":{\"@id\":\"https:\/\/portalmf.com.br\/index.php\/2024\/08\/06\/eritan-machado-tem-candidatura-a-vereador-homologada\/#primaryimage\"},\"thumbnailUrl\":\"https:\/\/portalmf.com.br\/wp-content\/uploads\/2024\/08\/Eritan-Machado-tem-candidatura-a-vereador-homologada_1.jpg\",\"datePublished\":\"2024-08-06T17:40:17+00:00\",\"dateModified\":\"2024-08-06T17:40:18+00:00\",\"author\":{\"@id\":\"https:\/\/portalmf.com.br\/#\/schema\/person\/11c82086fe8abc05a19147e964587285\"},\"breadcrumb\":{\"@id\":\"https:\/\/portalmf.com.br\/index.php\/2024\/08\/06\/eritan-machado-tem-candidatura-a-vereador-homologada\/#breadcrumb\"},\"inLanguage\":\"pt-BR\",\"potentialAction\":[{\"@type\":\"ReadAction\",\"target\":[\"https:\/\/portalmf.com.br\/index.php\/2024\/08\/06\/eritan-machado-tem-candidatura-a-vereador-homologada\/\"]}]},{\"@type\":\"ImageObject\",\"inLanguage\":\"pt-BR\",\"@id\":\"https:\/\/portalmf.com.br\/index.php\/2024\/08\/06\/eritan-machado-tem-candidatura-a-vereador-homologada\/#primaryimage\",\"url\":\"https:\/\/portalmf.com.br\/wp-content\/uploads\/2024\/08\/Eritan-Machado-tem-candidatura-a-vereador-homologada_1.jpg\",\"contentUrl\":\"https:\/\/portalmf.com.br\/wp-content\/uploads\/2024\/08\/Eritan-Machado-tem-candidatura-a-vereador-homologada_1.jpg\",\"width\":800,\"height\":588},{\"@type\":\"BreadcrumbList\",\"@id\":\"https:\/\/portalmf.com.br\/index.php\/2024\/08\/06\/eritan-machado-tem-candidatura-a-vereador-homologada\/#breadcrumb\",\"itemListElement\":[{\"@type\":\"ListItem\",\"position\":1,\"name\":\"In\u00edcio\",\"item\":\"https:\/\/portalmf.com.br\/\"},{\"@type\":\"ListItem\",\"position\":2,\"name\":\"Eritan Machado tem candidatura a vereador homologada\"}]},{\"@type\":\"WebSite\",\"@id\":\"https:\/\/portalmf.com.br\/#website\",\"url\":\"https:\/\/portalmf.com.br\/\",\"name\":\"Portal MF\",\"description\":\"Voc\u00ea conectado com a informa\u00e7\u00e3o\",\"potentialAction\":[{\"@type\":\"SearchAction\",\"target\":{\"@type\":\"EntryPoint\",\"urlTemplate\":\"https:\/\/portalmf.com.br\/?s={search_term_string}\"},\"query-input\":\"required name=search_term_string\"}],\"inLanguage\":\"pt-BR\"},{\"@type\":\"Person\",\"@id\":\"https:\/\/portalmf.com.br\/#\/schema\/person\/11c82086fe8abc05a19147e964587285\",\"name\":\"Reginaldo J\u00fanior\",\"image\":{\"@type\":\"ImageObject\",\"inLanguage\":\"pt-BR\",\"@id\":\"https:\/\/portalmf.com.br\/#\/schema\/person\/image\/\",\"url\":\"https:\/\/secure.gravatar.com\/avatar\/32a3c797cd0ac47cc53b8644c62776f9?s=96&d=mm&r=g\",\"contentUrl\":\"https:\/\/secure.gravatar.com\/avatar\/32a3c797cd0ac47cc53b8644c62776f9?s=96&d=mm&r=g\",\"caption\":\"Reginaldo J\u00fanior\"},\"description\":\"Jornalista e idealizador Portal MF\",\"sameAs\":[\"https:\/\/portalmf.com.br\/index.php\/author\/reginaldojr\/\",\"reginaldojrfsa\",\"reginaldojuniormf\",\"https:\/\/x.com\/reginaldojrmf\"],\"url\":\"https:\/\/portalmf.com.br\/index.php\/author\/reginaldojr\/\"}]}<\/script>\n<!-- \/ Yoast SEO plugin. -->","yoast_head_json":{"title":"Eritan Machado tem candidatura a vereador homologada - Portal MF","robots":{"index":"index","follow":"follow","max-snippet":"max-snippet:-1","max-image-preview":"max-image-preview:large","max-video-preview":"max-video-preview:-1"},"canonical":"https:\/\/portalmf.com.br\/index.php\/2024\/08\/06\/eritan-machado-tem-candidatura-a-vereador-homologada\/","og_locale":"pt_BR","og_type":"article","og_title":"Eritan Machado tem candidatura a vereador homologada - Portal MF","og_description":"No s\u00e1bado (03), aconteceu na antiga Prime Music em Feira de Santana, a conven\u00e7\u00e3o da Coliga\u00e7\u00e3o Uni\u00e3o por Feira, uma frente que re\u00fane 12 partidos (PT, Podemos, PCdoB, PV, PP, PSOL, Rede, Avante, PSB, Agir, PSD e MDB) e oficializou a candidatura do deputado federal Z\u00e9 Neto (PT), a Prefeitura de Feira de Santana, tendo [&hellip;]","og_url":"https:\/\/portalmf.com.br\/index.php\/2024\/08\/06\/eritan-machado-tem-candidatura-a-vereador-homologada\/","og_site_name":"Portal MF","article_author":"reginaldojrfsa","article_published_time":"2024-08-06T17:40:17+00:00","article_modified_time":"2024-08-06T17:40:18+00:00","og_image":[{"width":800,"height":588,"url":"https:\/\/portalmf.com.br\/wp-content\/uploads\/2024\/08\/Eritan-Machado-tem-candidatura-a-vereador-homologada_1.jpg","type":"image\/jpeg"}],"author":"Reginaldo J\u00fanior","twitter_card":"summary_large_image","twitter_creator":"@reginaldojrmf","twitter_misc":{"Escrito por":"Reginaldo J\u00fanior","Est. tempo de leitura":"2 minutos"},"schema":{"@context":"https:\/\/schema.org","@graph":[{"@type":"WebPage","@id":"https:\/\/portalmf.com.br\/index.php\/2024\/08\/06\/eritan-machado-tem-candidatura-a-vereador-homologada\/","url":"https:\/\/portalmf.com.br\/index.php\/2024\/08\/06\/eritan-machado-tem-candidatura-a-vereador-homologada\/","name":"Eritan Machado tem candidatura a vereador homologada - Portal MF","isPartOf":{"@id":"https:\/\/portalmf.com.br\/#website"},"primaryImageOfPage":{"@id":"https:\/\/portalmf.com.br\/index.php\/2024\/08\/06\/eritan-machado-tem-candidatura-a-vereador-homologada\/#primaryimage"},"image":{"@id":"https:\/\/portalmf.com.br\/index.php\/2024\/08\/06\/eritan-machado-tem-candidatura-a-vereador-homologada\/#primaryimage"},"thumbnailUrl":"https:\/\/portalmf.com.br\/wp-content\/uploads\/2024\/08\/Eritan-Machado-tem-candidatura-a-vereador-homologada_1.jpg","datePublished":"2024-08-06T17:40:17+00:00","dateModified":"2024-08-06T17:40:18+00:00","author":{"@id":"https:\/\/portalmf.com.br\/#\/schema\/person\/11c82086fe8abc05a19147e964587285"},"breadcrumb":{"@id":"https:\/\/portalmf.com.br\/index.php\/2024\/08\/06\/eritan-machado-tem-candidatura-a-vereador-homologada\/#breadcrumb"},"inLanguage":"pt-BR","potentialAction":[{"@type":"ReadAction","target":["https:\/\/portalmf.com.br\/index.php\/2024\/08\/06\/eritan-machado-tem-candidatura-a-vereador-homologada\/"]}]},{"@type":"ImageObject","inLanguage":"pt-BR","@id":"https:\/\/portalmf.com.br\/index.php\/2024\/08\/06\/eritan-machado-tem-candidatura-a-vereador-homologada\/#primaryimage","url":"https:\/\/portalmf.com.br\/wp-content\/uploads\/2024\/08\/Eritan-Machado-tem-candidatura-a-vereador-homologada_1.jpg","contentUrl":"https:\/\/portalmf.com.br\/wp-content\/uploads\/2024\/08\/Eritan-Machado-tem-candidatura-a-vereador-homologada_1.jpg","width":800,"height":588},{"@type":"BreadcrumbList","@id":"https:\/\/portalmf.com.br\/index.php\/2024\/08\/06\/eritan-machado-tem-candidatura-a-vereador-homologada\/#breadcrumb","itemListElement":[{"@type":"ListItem","position":1,"name":"In\u00edcio","item":"https:\/\/portalmf.com.br\/"},{"@type":"ListItem","position":2,"name":"Eritan Machado tem candidatura a vereador homologada"}]},{"@type":"WebSite","@id":"https:\/\/portalmf.com.br\/#website","url":"https:\/\/portalmf.com.br\/","name":"Portal MF","description":"Voc\u00ea conectado com a informa\u00e7\u00e3o","potentialAction":[{"@type":"SearchAction","target":{"@type":"EntryPoint","urlTemplate":"https:\/\/portalmf.com.br\/?s={search_term_string}"},"query-input":"required name=search_term_string"}],"inLanguage":"pt-BR"},{"@type":"Person","@id":"https:\/\/portalmf.com.br\/#\/schema\/person\/11c82086fe8abc05a19147e964587285","name":"Reginaldo J\u00fanior","image":{"@type":"ImageObject","inLanguage":"pt-BR","@id":"https:\/\/portalmf.com.br\/#\/schema\/person\/image\/","url":"https:\/\/secure.gravatar.com\/avatar\/32a3c797cd0ac47cc53b8644c62776f9?s=96&d=mm&r=g","contentUrl":"https:\/\/secure.gravatar.com\/avatar\/32a3c797cd0ac47cc53b8644c62776f9?s=96&d=mm&r=g","caption":"Reginaldo J\u00fanior"},"description":"Jornalista e idealizador Portal MF","sameAs":["https:\/\/portalmf.com.br\/index.php\/author\/reginaldojr\/","reginaldojrfsa","reginaldojuniormf","https:\/\/x.com\/reginaldojrmf"],"url":"https:\/\/portalmf.com.br\/index.php\/author\/reginaldojr\/"}]}},"_links":{"self":[{"href":"https:\/\/portalmf.com.br\/index.php\/wp-json\/wp\/v2\/posts\/28607"}],"collection":[{"href":"https:\/\/portalmf.com.br\/index.php\/wp-json\/wp\/v2\/posts"}],"about":[{"href":"https:\/\/portalmf.com.br\/index.php\/wp-json\/wp\/v2\/types\/post"}],"author":[{"embeddable":true,"href":"https:\/\/portalmf.com.br\/index.php\/wp-json\/wp\/v2\/users\/2"}],"replies":[{"embeddable":true,"href":"https:\/\/portalmf.com.br\/index.php\/wp-json\/wp\/v2\/comments?post=28607"}],"version-history":[{"count":1,"href":"https:\/\/portalmf.com.br\/index.php\/wp-json\/wp\/v2\/posts\/28607\/revisions"}],"predecessor-version":[{"id":28610,"href":"https:\/\/portalmf.com.br\/index.php\/wp-json\/wp\/v2\/posts\/28607\/revisions\/28610"}],"wp:featuredmedia":[{"embeddable":true,"href":"https:\/\/portalmf.com.br\/index.php\/wp-json\/wp\/v2\/media\/28609"}],"wp:attachment":[{"href":"https:\/\/portalmf.com.br\/index.php\/wp-json\/wp\/v2\/media?parent=28607"}],"wp:term":[{"taxonomy":"category","embeddable":true,"href":"https:\/\/portalmf.com.br\/index.php\/wp-json\/wp\/v2\/categories?post=28607"},{"taxonomy":"post_tag","embeddable":true,"href":"https:\/\/portalmf.com.br\/index.php\/wp-json\/wp\/v2\/tags?post=28607"}],"curies":[{"name":"wp","href":"https:\/\/api.w.org\/{rel}","templated":true}]}}