{"id":28601,"date":"2024-08-06T12:21:00","date_gmt":"2024-08-06T15:21:00","guid":{"rendered":"https:\/\/portalmf.com.br\/?p=28601"},"modified":"2024-08-06T17:34:12","modified_gmt":"2024-08-06T20:34:12","slug":"convencao-oficializa-candidatura-a-reeleicao-de-tarcisio-pedreira","status":"publish","type":"post","link":"https:\/\/portalmf.com.br\/index.php\/2024\/08\/06\/convencao-oficializa-candidatura-a-reeleicao-de-tarcisio-pedreira\/","title":{"rendered":"Conven\u00e7\u00e3o oficializa candidatura \u00e0 reelei\u00e7\u00e3o de Tarc\u00edsio Pedreira"},"content":{"rendered":"\n<p>Aconteceu na noite desta segunda-feira (05), na quadra do Col\u00e9gio Polivalente no centro de S\u00e3o Gon\u00e7alo dos Campos, a conven\u00e7\u00e3o partid\u00e1ria que oficializou a candidatura \u00e0 reelei\u00e7\u00e3o Tarc\u00edsio Pedreira a prefeito e Rafael Mendes a vice.<\/p>\n\n\n\n<figure class=\"wp-block-image size-full\"><img fetchpriority=\"high\" decoding=\"async\" width=\"800\" height=\"360\" src=\"https:\/\/portalmf.com.br\/wp-content\/uploads\/2024\/08\/Convencao-oficializa-candidatura-a-reeleicao-de-Tarcisio-Pedreira_site_3.jpg\" alt=\"\" class=\"wp-image-28604\" srcset=\"https:\/\/portalmf.com.br\/wp-content\/uploads\/2024\/08\/Convencao-oficializa-candidatura-a-reeleicao-de-Tarcisio-Pedreira_site_3.jpg 800w, https:\/\/portalmf.com.br\/wp-content\/uploads\/2024\/08\/Convencao-oficializa-candidatura-a-reeleicao-de-Tarcisio-Pedreira_site_3-300x135.jpg 300w, https:\/\/portalmf.com.br\/wp-content\/uploads\/2024\/08\/Convencao-oficializa-candidatura-a-reeleicao-de-Tarcisio-Pedreira_site_3-768x346.jpg 768w, https:\/\/portalmf.com.br\/wp-content\/uploads\/2024\/08\/Convencao-oficializa-candidatura-a-reeleicao-de-Tarcisio-Pedreira_site_3-696x313.jpg 696w\" sizes=\"(max-width: 800px) 100vw, 800px\" \/><figcaption class=\"wp-element-caption\"><strong>Foto: Reginaldo J\u00fanior  \/  Portal MF<\/strong><\/figcaption><\/figure>\n\n\n\n<p>Estiveram presentes ao evento o prefeito de Feira de Santana Colbert Martins, o deputado Estadual Marcinho Oliveira, a ex-deputada Dayane Pimentel, o ex-vereador e secretario de Feira de Santana Roberto Tourinho, o advogado Targino Neto, candidatos a vereadores da coliga\u00e7\u00e3o, pol\u00edticos baianos e correligion\u00e1rio a candidatura da chapa.<\/p>\n\n\n\n<figure class=\"wp-block-image size-full\"><img decoding=\"async\" width=\"800\" height=\"478\" src=\"https:\/\/portalmf.com.br\/wp-content\/uploads\/2024\/08\/Convencao-oficializa-candidatura-a-reeleicao-de-Tarcisio-Pedreira_site_2.jpg\" alt=\"\" class=\"wp-image-28603\" srcset=\"https:\/\/portalmf.com.br\/wp-content\/uploads\/2024\/08\/Convencao-oficializa-candidatura-a-reeleicao-de-Tarcisio-Pedreira_site_2.jpg 800w, https:\/\/portalmf.com.br\/wp-content\/uploads\/2024\/08\/Convencao-oficializa-candidatura-a-reeleicao-de-Tarcisio-Pedreira_site_2-300x179.jpg 300w, https:\/\/portalmf.com.br\/wp-content\/uploads\/2024\/08\/Convencao-oficializa-candidatura-a-reeleicao-de-Tarcisio-Pedreira_site_2-768x459.jpg 768w, https:\/\/portalmf.com.br\/wp-content\/uploads\/2024\/08\/Convencao-oficializa-candidatura-a-reeleicao-de-Tarcisio-Pedreira_site_2-696x416.jpg 696w\" sizes=\"(max-width: 800px) 100vw, 800px\" \/><figcaption class=\"wp-element-caption\"><strong><strong>Foto: Reginaldo J\u00fanior  \/  Portal MF<\/strong><\/strong><\/figcaption><\/figure>\n\n\n\n<p>O ex-prefeito de Salvador ACM, de Feira de Santana Jos\u00e9 Ronaldo e o deputado federal Elmar Nascimento, todos do Uni\u00e3o Brasil partido de Tarc\u00edsio, enviaram v\u00eddeos de apoio ao candidato.<\/p>\n\n\n\n<p><em>\u201cEsse ato de conven\u00e7\u00e3o partid\u00e1ria, registra aqui a nossa candidatura \u00e0 reelei\u00e7\u00e3o do prefeito e do vice, algo que nunca aconteceu em S\u00e3o Gon\u00e7alo dos Campos, essa uni\u00e3o e para o bem comum da nossa cidade. Agora vamos ouvir as pessoas para construir nosso plano de governo. Quebramos as oligarquias e plantamos a pol\u00edtica do progresso. \u201d,<\/em> falou o vice-prefeito.<\/p>\n\n\n\n<figure class=\"wp-block-image size-large\"><img decoding=\"async\" width=\"1024\" height=\"461\" src=\"https:\/\/portalmf.com.br\/wp-content\/uploads\/2024\/08\/Convencao-oficializa-candidatura-a-reeleicao-de-Tarcisio-Pedreira_site_4-1024x461.jpg\" alt=\"\" class=\"wp-image-28605\" srcset=\"https:\/\/portalmf.com.br\/wp-content\/uploads\/2024\/08\/Convencao-oficializa-candidatura-a-reeleicao-de-Tarcisio-Pedreira_site_4-1024x461.jpg 1024w, https:\/\/portalmf.com.br\/wp-content\/uploads\/2024\/08\/Convencao-oficializa-candidatura-a-reeleicao-de-Tarcisio-Pedreira_site_4-300x135.jpg 300w, https:\/\/portalmf.com.br\/wp-content\/uploads\/2024\/08\/Convencao-oficializa-candidatura-a-reeleicao-de-Tarcisio-Pedreira_site_4-768x346.jpg 768w, https:\/\/portalmf.com.br\/wp-content\/uploads\/2024\/08\/Convencao-oficializa-candidatura-a-reeleicao-de-Tarcisio-Pedreira_site_4-1536x691.jpg 1536w, https:\/\/portalmf.com.br\/wp-content\/uploads\/2024\/08\/Convencao-oficializa-candidatura-a-reeleicao-de-Tarcisio-Pedreira_site_4-2048x922.jpg 2048w, https:\/\/portalmf.com.br\/wp-content\/uploads\/2024\/08\/Convencao-oficializa-candidatura-a-reeleicao-de-Tarcisio-Pedreira_site_4-696x313.jpg 696w, https:\/\/portalmf.com.br\/wp-content\/uploads\/2024\/08\/Convencao-oficializa-candidatura-a-reeleicao-de-Tarcisio-Pedreira_site_4-1068x481.jpg 1068w, https:\/\/portalmf.com.br\/wp-content\/uploads\/2024\/08\/Convencao-oficializa-candidatura-a-reeleicao-de-Tarcisio-Pedreira_site_4-1920x864.jpg 1920w\" sizes=\"(max-width: 1024px) 100vw, 1024px\" \/><figcaption class=\"wp-element-caption\"><strong><strong>Foto: Reginaldo J\u00fanior  \/  Portal MF<\/strong><\/strong><\/figcaption><\/figure>\n\n\n\n<p>A coliga\u00e7\u00e3o \u00e9 formada por seis partidos: Uni\u00e3o Brasil, PSDB, PRD, MDB, Cidadania e Republicanos. &nbsp;Durante o evento foram homologadas 56 candidaturas a c\u00e2mara de vereadores da cidade.<\/p>\n\n\n\n<p><em>\u201cNesse momento oficializamos nossa candidatura, eu e vice-prefeito Rafael, uma parceria de iniciada a quatro anos atr\u00e1s em prol do desenvolvimento da nossa cidade e mantemos a nossa parceira para as elei\u00e7\u00f5es deste, pois o nosso discurso coerente com nossa cidade. A partir de agora vamos fazer um balan\u00e7o de tudo que fizemos durante gest\u00e3o\u201d,<\/em> disse o prefeito Tarc\u00edsio.<\/p>\n","protected":false},"excerpt":{"rendered":"<p>Aconteceu na noite desta segunda-feira (05), na quadra do Col\u00e9gio Polivalente no centro de S\u00e3o Gon\u00e7alo dos Campos, a conven\u00e7\u00e3o partid\u00e1ria que oficializou a candidatura \u00e0 reelei\u00e7\u00e3o Tarc\u00edsio Pedreira a prefeito e Rafael Mendes a vice. Estiveram presentes ao evento o prefeito de Feira de Santana Colbert Martins, o deputado Estadual Marcinho Oliveira, a ex-deputada [&hellip;]<\/p>\n","protected":false},"author":2,"featured_media":28602,"comment_status":"open","ping_status":"open","sticky":false,"template":"","format":"standard","meta":{"_monsterinsights_skip_tracking":false,"_monsterinsights_sitenote_active":false,"_monsterinsights_sitenote_note":"","_monsterinsights_sitenote_category":0,"footnotes":""},"categories":[47,301,34],"tags":[],"yoast_head":"<!-- This site is optimized with the Yoast SEO plugin v22.9 - https:\/\/yoast.com\/wordpress\/plugins\/seo\/ -->\n<title>Conven\u00e7\u00e3o oficializa candidatura \u00e0 reelei\u00e7\u00e3o de Tarc\u00edsio Pedreira - Portal MF<\/title>\n<meta name=\"robots\" content=\"index, follow, max-snippet:-1, max-image-preview:large, max-video-preview:-1\" \/>\n<link rel=\"canonical\" href=\"https:\/\/portalmf.com.br\/index.php\/2024\/08\/06\/convencao-oficializa-candidatura-a-reeleicao-de-tarcisio-pedreira\/\" \/>\n<meta property=\"og:locale\" content=\"pt_BR\" \/>\n<meta property=\"og:type\" content=\"article\" \/>\n<meta property=\"og:title\" content=\"Conven\u00e7\u00e3o oficializa candidatura \u00e0 reelei\u00e7\u00e3o de Tarc\u00edsio Pedreira - Portal MF\" \/>\n<meta property=\"og:description\" content=\"Aconteceu na noite desta segunda-feira (05), na quadra do Col\u00e9gio Polivalente no centro de S\u00e3o Gon\u00e7alo dos Campos, a conven\u00e7\u00e3o partid\u00e1ria que oficializou a candidatura \u00e0 reelei\u00e7\u00e3o Tarc\u00edsio Pedreira a prefeito e Rafael Mendes a vice. Estiveram presentes ao evento o prefeito de Feira de Santana Colbert Martins, o deputado Estadual Marcinho Oliveira, a ex-deputada [&hellip;]\" \/>\n<meta property=\"og:url\" content=\"https:\/\/portalmf.com.br\/index.php\/2024\/08\/06\/convencao-oficializa-candidatura-a-reeleicao-de-tarcisio-pedreira\/\" \/>\n<meta property=\"og:site_name\" content=\"Portal MF\" \/>\n<meta property=\"article:author\" content=\"reginaldojrfsa\" \/>\n<meta property=\"article:published_time\" content=\"2024-08-06T15:21:00+00:00\" \/>\n<meta property=\"article:modified_time\" content=\"2024-08-06T20:34:12+00:00\" \/>\n<meta property=\"og:image\" content=\"https:\/\/portalmf.com.br\/wp-content\/uploads\/2024\/08\/Convencao-oficializa-candidatura-a-reeleicao-de-Tarcisio-Pedreira_site.jpg\" \/>\n\t<meta property=\"og:image:width\" content=\"800\" \/>\n\t<meta property=\"og:image:height\" content=\"542\" \/>\n\t<meta property=\"og:image:type\" content=\"image\/jpeg\" \/>\n<meta name=\"author\" content=\"Reginaldo J\u00fanior\" \/>\n<meta name=\"twitter:card\" content=\"summary_large_image\" \/>\n<meta name=\"twitter:creator\" content=\"@reginaldojrmf\" \/>\n<meta name=\"twitter:label1\" content=\"Escrito por\" \/>\n\t<meta name=\"twitter:data1\" content=\"Reginaldo J\u00fanior\" \/>\n\t<meta name=\"twitter:label2\" content=\"Est. tempo de leitura\" \/>\n\t<meta name=\"twitter:data2\" content=\"3 minutos\" \/>\n<script type=\"application\/ld+json\" class=\"yoast-schema-graph\">{\"@context\":\"https:\/\/schema.org\",\"@graph\":[{\"@type\":\"WebPage\",\"@id\":\"https:\/\/portalmf.com.br\/index.php\/2024\/08\/06\/convencao-oficializa-candidatura-a-reeleicao-de-tarcisio-pedreira\/\",\"url\":\"https:\/\/portalmf.com.br\/index.php\/2024\/08\/06\/convencao-oficializa-candidatura-a-reeleicao-de-tarcisio-pedreira\/\",\"name\":\"Conven\u00e7\u00e3o oficializa candidatura \u00e0 reelei\u00e7\u00e3o de Tarc\u00edsio Pedreira - Portal MF\",\"isPartOf\":{\"@id\":\"https:\/\/portalmf.com.br\/#website\"},\"primaryImageOfPage\":{\"@id\":\"https:\/\/portalmf.com.br\/index.php\/2024\/08\/06\/convencao-oficializa-candidatura-a-reeleicao-de-tarcisio-pedreira\/#primaryimage\"},\"image\":{\"@id\":\"https:\/\/portalmf.com.br\/index.php\/2024\/08\/06\/convencao-oficializa-candidatura-a-reeleicao-de-tarcisio-pedreira\/#primaryimage\"},\"thumbnailUrl\":\"https:\/\/portalmf.com.br\/wp-content\/uploads\/2024\/08\/Convencao-oficializa-candidatura-a-reeleicao-de-Tarcisio-Pedreira_site.jpg\",\"datePublished\":\"2024-08-06T15:21:00+00:00\",\"dateModified\":\"2024-08-06T20:34:12+00:00\",\"author\":{\"@id\":\"https:\/\/portalmf.com.br\/#\/schema\/person\/11c82086fe8abc05a19147e964587285\"},\"breadcrumb\":{\"@id\":\"https:\/\/portalmf.com.br\/index.php\/2024\/08\/06\/convencao-oficializa-candidatura-a-reeleicao-de-tarcisio-pedreira\/#breadcrumb\"},\"inLanguage\":\"pt-BR\",\"potentialAction\":[{\"@type\":\"ReadAction\",\"target\":[\"https:\/\/portalmf.com.br\/index.php\/2024\/08\/06\/convencao-oficializa-candidatura-a-reeleicao-de-tarcisio-pedreira\/\"]}]},{\"@type\":\"ImageObject\",\"inLanguage\":\"pt-BR\",\"@id\":\"https:\/\/portalmf.com.br\/index.php\/2024\/08\/06\/convencao-oficializa-candidatura-a-reeleicao-de-tarcisio-pedreira\/#primaryimage\",\"url\":\"https:\/\/portalmf.com.br\/wp-content\/uploads\/2024\/08\/Convencao-oficializa-candidatura-a-reeleicao-de-Tarcisio-Pedreira_site.jpg\",\"contentUrl\":\"https:\/\/portalmf.com.br\/wp-content\/uploads\/2024\/08\/Convencao-oficializa-candidatura-a-reeleicao-de-Tarcisio-Pedreira_site.jpg\",\"width\":800,\"height\":542},{\"@type\":\"BreadcrumbList\",\"@id\":\"https:\/\/portalmf.com.br\/index.php\/2024\/08\/06\/convencao-oficializa-candidatura-a-reeleicao-de-tarcisio-pedreira\/#breadcrumb\",\"itemListElement\":[{\"@type\":\"ListItem\",\"position\":1,\"name\":\"In\u00edcio\",\"item\":\"https:\/\/portalmf.com.br\/\"},{\"@type\":\"ListItem\",\"position\":2,\"name\":\"Conven\u00e7\u00e3o oficializa candidatura \u00e0 reelei\u00e7\u00e3o de Tarc\u00edsio Pedreira\"}]},{\"@type\":\"WebSite\",\"@id\":\"https:\/\/portalmf.com.br\/#website\",\"url\":\"https:\/\/portalmf.com.br\/\",\"name\":\"Portal MF\",\"description\":\"Voc\u00ea conectado com a informa\u00e7\u00e3o\",\"potentialAction\":[{\"@type\":\"SearchAction\",\"target\":{\"@type\":\"EntryPoint\",\"urlTemplate\":\"https:\/\/portalmf.com.br\/?s={search_term_string}\"},\"query-input\":\"required name=search_term_string\"}],\"inLanguage\":\"pt-BR\"},{\"@type\":\"Person\",\"@id\":\"https:\/\/portalmf.com.br\/#\/schema\/person\/11c82086fe8abc05a19147e964587285\",\"name\":\"Reginaldo J\u00fanior\",\"image\":{\"@type\":\"ImageObject\",\"inLanguage\":\"pt-BR\",\"@id\":\"https:\/\/portalmf.com.br\/#\/schema\/person\/image\/\",\"url\":\"https:\/\/secure.gravatar.com\/avatar\/32a3c797cd0ac47cc53b8644c62776f9?s=96&d=mm&r=g\",\"contentUrl\":\"https:\/\/secure.gravatar.com\/avatar\/32a3c797cd0ac47cc53b8644c62776f9?s=96&d=mm&r=g\",\"caption\":\"Reginaldo J\u00fanior\"},\"description\":\"Jornalista e idealizador Portal MF\",\"sameAs\":[\"https:\/\/portalmf.com.br\/index.php\/author\/reginaldojr\/\",\"reginaldojrfsa\",\"reginaldojuniormf\",\"https:\/\/x.com\/reginaldojrmf\"],\"url\":\"https:\/\/portalmf.com.br\/index.php\/author\/reginaldojr\/\"}]}<\/script>\n<!-- \/ Yoast SEO plugin. -->","yoast_head_json":{"title":"Conven\u00e7\u00e3o oficializa candidatura \u00e0 reelei\u00e7\u00e3o de Tarc\u00edsio Pedreira - Portal MF","robots":{"index":"index","follow":"follow","max-snippet":"max-snippet:-1","max-image-preview":"max-image-preview:large","max-video-preview":"max-video-preview:-1"},"canonical":"https:\/\/portalmf.com.br\/index.php\/2024\/08\/06\/convencao-oficializa-candidatura-a-reeleicao-de-tarcisio-pedreira\/","og_locale":"pt_BR","og_type":"article","og_title":"Conven\u00e7\u00e3o oficializa candidatura \u00e0 reelei\u00e7\u00e3o de Tarc\u00edsio Pedreira - Portal MF","og_description":"Aconteceu na noite desta segunda-feira (05), na quadra do Col\u00e9gio Polivalente no centro de S\u00e3o Gon\u00e7alo dos Campos, a conven\u00e7\u00e3o partid\u00e1ria que oficializou a candidatura \u00e0 reelei\u00e7\u00e3o Tarc\u00edsio Pedreira a prefeito e Rafael Mendes a vice. Estiveram presentes ao evento o prefeito de Feira de Santana Colbert Martins, o deputado Estadual Marcinho Oliveira, a ex-deputada [&hellip;]","og_url":"https:\/\/portalmf.com.br\/index.php\/2024\/08\/06\/convencao-oficializa-candidatura-a-reeleicao-de-tarcisio-pedreira\/","og_site_name":"Portal MF","article_author":"reginaldojrfsa","article_published_time":"2024-08-06T15:21:00+00:00","article_modified_time":"2024-08-06T20:34:12+00:00","og_image":[{"width":800,"height":542,"url":"https:\/\/portalmf.com.br\/wp-content\/uploads\/2024\/08\/Convencao-oficializa-candidatura-a-reeleicao-de-Tarcisio-Pedreira_site.jpg","type":"image\/jpeg"}],"author":"Reginaldo J\u00fanior","twitter_card":"summary_large_image","twitter_creator":"@reginaldojrmf","twitter_misc":{"Escrito por":"Reginaldo J\u00fanior","Est. tempo de leitura":"3 minutos"},"schema":{"@context":"https:\/\/schema.org","@graph":[{"@type":"WebPage","@id":"https:\/\/portalmf.com.br\/index.php\/2024\/08\/06\/convencao-oficializa-candidatura-a-reeleicao-de-tarcisio-pedreira\/","url":"https:\/\/portalmf.com.br\/index.php\/2024\/08\/06\/convencao-oficializa-candidatura-a-reeleicao-de-tarcisio-pedreira\/","name":"Conven\u00e7\u00e3o oficializa candidatura \u00e0 reelei\u00e7\u00e3o de Tarc\u00edsio Pedreira - Portal MF","isPartOf":{"@id":"https:\/\/portalmf.com.br\/#website"},"primaryImageOfPage":{"@id":"https:\/\/portalmf.com.br\/index.php\/2024\/08\/06\/convencao-oficializa-candidatura-a-reeleicao-de-tarcisio-pedreira\/#primaryimage"},"image":{"@id":"https:\/\/portalmf.com.br\/index.php\/2024\/08\/06\/convencao-oficializa-candidatura-a-reeleicao-de-tarcisio-pedreira\/#primaryimage"},"thumbnailUrl":"https:\/\/portalmf.com.br\/wp-content\/uploads\/2024\/08\/Convencao-oficializa-candidatura-a-reeleicao-de-Tarcisio-Pedreira_site.jpg","datePublished":"2024-08-06T15:21:00+00:00","dateModified":"2024-08-06T20:34:12+00:00","author":{"@id":"https:\/\/portalmf.com.br\/#\/schema\/person\/11c82086fe8abc05a19147e964587285"},"breadcrumb":{"@id":"https:\/\/portalmf.com.br\/index.php\/2024\/08\/06\/convencao-oficializa-candidatura-a-reeleicao-de-tarcisio-pedreira\/#breadcrumb"},"inLanguage":"pt-BR","potentialAction":[{"@type":"ReadAction","target":["https:\/\/portalmf.com.br\/index.php\/2024\/08\/06\/convencao-oficializa-candidatura-a-reeleicao-de-tarcisio-pedreira\/"]}]},{"@type":"ImageObject","inLanguage":"pt-BR","@id":"https:\/\/portalmf.com.br\/index.php\/2024\/08\/06\/convencao-oficializa-candidatura-a-reeleicao-de-tarcisio-pedreira\/#primaryimage","url":"https:\/\/portalmf.com.br\/wp-content\/uploads\/2024\/08\/Convencao-oficializa-candidatura-a-reeleicao-de-Tarcisio-Pedreira_site.jpg","contentUrl":"https:\/\/portalmf.com.br\/wp-content\/uploads\/2024\/08\/Convencao-oficializa-candidatura-a-reeleicao-de-Tarcisio-Pedreira_site.jpg","width":800,"height":542},{"@type":"BreadcrumbList","@id":"https:\/\/portalmf.com.br\/index.php\/2024\/08\/06\/convencao-oficializa-candidatura-a-reeleicao-de-tarcisio-pedreira\/#breadcrumb","itemListElement":[{"@type":"ListItem","position":1,"name":"In\u00edcio","item":"https:\/\/portalmf.com.br\/"},{"@type":"ListItem","position":2,"name":"Conven\u00e7\u00e3o oficializa candidatura \u00e0 reelei\u00e7\u00e3o de Tarc\u00edsio Pedreira"}]},{"@type":"WebSite","@id":"https:\/\/portalmf.com.br\/#website","url":"https:\/\/portalmf.com.br\/","name":"Portal MF","description":"Voc\u00ea conectado com a informa\u00e7\u00e3o","potentialAction":[{"@type":"SearchAction","target":{"@type":"EntryPoint","urlTemplate":"https:\/\/portalmf.com.br\/?s={search_term_string}"},"query-input":"required name=search_term_string"}],"inLanguage":"pt-BR"},{"@type":"Person","@id":"https:\/\/portalmf.com.br\/#\/schema\/person\/11c82086fe8abc05a19147e964587285","name":"Reginaldo J\u00fanior","image":{"@type":"ImageObject","inLanguage":"pt-BR","@id":"https:\/\/portalmf.com.br\/#\/schema\/person\/image\/","url":"https:\/\/secure.gravatar.com\/avatar\/32a3c797cd0ac47cc53b8644c62776f9?s=96&d=mm&r=g","contentUrl":"https:\/\/secure.gravatar.com\/avatar\/32a3c797cd0ac47cc53b8644c62776f9?s=96&d=mm&r=g","caption":"Reginaldo J\u00fanior"},"description":"Jornalista e idealizador Portal MF","sameAs":["https:\/\/portalmf.com.br\/index.php\/author\/reginaldojr\/","reginaldojrfsa","reginaldojuniormf","https:\/\/x.com\/reginaldojrmf"],"url":"https:\/\/portalmf.com.br\/index.php\/author\/reginaldojr\/"}]}},"_links":{"self":[{"href":"https:\/\/portalmf.com.br\/index.php\/wp-json\/wp\/v2\/posts\/28601"}],"collection":[{"href":"https:\/\/portalmf.com.br\/index.php\/wp-json\/wp\/v2\/posts"}],"about":[{"href":"https:\/\/portalmf.com.br\/index.php\/wp-json\/wp\/v2\/types\/post"}],"author":[{"embeddable":true,"href":"https:\/\/portalmf.com.br\/index.php\/wp-json\/wp\/v2\/users\/2"}],"replies":[{"embeddable":true,"href":"https:\/\/portalmf.com.br\/index.php\/wp-json\/wp\/v2\/comments?post=28601"}],"version-history":[{"count":2,"href":"https:\/\/portalmf.com.br\/index.php\/wp-json\/wp\/v2\/posts\/28601\/revisions"}],"predecessor-version":[{"id":28617,"href":"https:\/\/portalmf.com.br\/index.php\/wp-json\/wp\/v2\/posts\/28601\/revisions\/28617"}],"wp:featuredmedia":[{"embeddable":true,"href":"https:\/\/portalmf.com.br\/index.php\/wp-json\/wp\/v2\/media\/28602"}],"wp:attachment":[{"href":"https:\/\/portalmf.com.br\/index.php\/wp-json\/wp\/v2\/media?parent=28601"}],"wp:term":[{"taxonomy":"category","embeddable":true,"href":"https:\/\/portalmf.com.br\/index.php\/wp-json\/wp\/v2\/categories?post=28601"},{"taxonomy":"post_tag","embeddable":true,"href":"https:\/\/portalmf.com.br\/index.php\/wp-json\/wp\/v2\/tags?post=28601"}],"curies":[{"name":"wp","href":"https:\/\/api.w.org\/{rel}","templated":true}]}}