{"id":2858,"date":"2022-08-10T15:36:41","date_gmt":"2022-08-10T18:36:41","guid":{"rendered":"http:\/\/portalmf.com.br\/?p=2858"},"modified":"2022-08-10T15:39:18","modified_gmt":"2022-08-10T18:39:18","slug":"band-sera-a-nova-parceira-do-ufc-na-tv-aberta-em-2023","status":"publish","type":"post","link":"https:\/\/portalmf.com.br\/index.php\/2022\/08\/10\/band-sera-a-nova-parceira-do-ufc-na-tv-aberta-em-2023\/","title":{"rendered":"Band ser\u00e1 a nova parceira do UFC na TV aberta em 2023"},"content":{"rendered":"\n<p>A Band e o UFC anunciaram nesta quarta-feira (10) uma parceria para transmiss\u00e3o em TV aberta do maior evento de MMA do mundo, a partir de 2023. O acordo prev\u00ea a exibi\u00e7\u00e3o de 12 eventos ao vivo, entre cards principais, lutas preliminares e Fight Nights, marcando o retorno da modalidade aos canais abertos no Brasil pela primeira vez desde 2018.&nbsp;<\/p>\n\n\n\n<p>Ao longo de todo o ano, a emissora trar\u00e1 aos f\u00e3s uma grande variedade de conte\u00fado nas plataformas digitais e um novo programa semanal com pr\u00e9vias dos duelos e perfis dos atletas mais impactantes do esporte, incluindo estrelas em ascens\u00e3o e campe\u00f5es dominantes. Al\u00e9m disso, ser\u00e1 poss\u00edvel acompanhar as principais atividades da Semana de Luta, que incluem pesagens cerimoniais, coletivas de imprensa, entrevistas e atra\u00e7\u00f5es que levam os telespectadores aos bastidores dos combates.<\/p>\n\n\n\n<p><em>&#8220;Para n\u00f3s do Grupo Bandeirantes, \u00e9 motivo de muito orgulho poder dizer que somos os novos parceiros de televis\u00e3o aberta do UFC no Brasil a partir de 2023. Estamos sempre em busca de novos e relevantes produtos para o pilar de esportes da Band. O UFC \u00e9 uma marca esportiva&nbsp;premium&nbsp;com gigante import\u00e2ncia e uma quantidade enorme de f\u00e3s no Brasil. Ser\u00e1 uma excelente parceria para todos n\u00f3s\u201d,<\/em> celebra&nbsp;<strong>Denis Gavazzi<\/strong>, diretor de Esportes do canal.&nbsp;<\/p>\n\n\n\n<p>Em 1\u00ba de janeiro de 2023, ser\u00e1 lan\u00e7ado o UFC FIGHT PASS\u00ae no Brasil, uma vers\u00e3o totalmente localizada de seu servi\u00e7o pioneiro de streaming de lutas. O servi\u00e7o digital direto ao consumidor se tornar\u00e1 a plataforma definitiva para o UFC no Brasil, contando com todos seus eventos ao vivo, programa\u00e7\u00e3o original e a maior biblioteca de esportes de combate do mundo.<\/p>\n\n\n\n<p><em>\u201cQuem acompanha esse esporte sabe a import\u00e2ncia do Brasil para as artes marciais mistas e para o UFC. O Brasil \u00e9 um dos nossos maiores mercados e produziu alguns dos melhores atletas que este esporte j\u00e1 viu. O FIGHT PASS vai levar nosso neg\u00f3cio para o pr\u00f3ximo n\u00edvel, entregando todo o nosso conte\u00fado diretamente aos nossos f\u00e3s. Al\u00e9m disso, estamos nos unindo \u00e0 Band, uma das maiores emissoras do Brasil, que vai proporcionar uma exposi\u00e7\u00e3o massiva para o UFC e nos ajudar a aumentar nossa base de f\u00e3s e tornar este esporte maior do que nunca\u201d,<\/em> afirma&nbsp;<strong>Dana White<\/strong>, presidente do UFC.<\/p>\n\n\n\n<p>O UFC tem cerca de 50 milh\u00f5es de f\u00e3s no Brasil, mais do que em qualquer outro pa\u00eds do mundo fora dos Estados Unidos. Para mais informa\u00e7\u00f5es sobre o FIGHT PASS no Brasil, visite&nbsp;<a href=\"https:\/\/www.ufc.com.br\/ufcfightpass\"><strong>www.ufcfightpass.com.br<\/strong><\/a>.<\/p>\n\n\n\n<p>Com informa\u00e7\u00f5es da Band<\/p>\n","protected":false},"excerpt":{"rendered":"<p>A Band e o UFC anunciaram nesta quarta-feira (10) uma parceria para transmiss\u00e3o em TV aberta do maior evento de MMA do mundo, a partir de 2023. O acordo prev\u00ea a exibi\u00e7\u00e3o de 12 eventos ao vivo, entre cards principais, lutas preliminares e Fight Nights, marcando o retorno da modalidade aos canais abertos no Brasil [&hellip;]<\/p>\n","protected":false},"author":2,"featured_media":2859,"comment_status":"open","ping_status":"open","sticky":false,"template":"","format":"standard","meta":{"_monsterinsights_skip_tracking":false,"_monsterinsights_sitenote_active":false,"_monsterinsights_sitenote_note":"","_monsterinsights_sitenote_category":0,"footnotes":""},"categories":[47,42],"tags":[],"yoast_head":"<!-- This site is optimized with the Yoast SEO plugin v22.9 - https:\/\/yoast.com\/wordpress\/plugins\/seo\/ -->\n<title>Band ser\u00e1 a nova parceira do UFC na TV aberta em 2023 - Portal MF<\/title>\n<meta name=\"robots\" content=\"index, follow, max-snippet:-1, max-image-preview:large, max-video-preview:-1\" \/>\n<link rel=\"canonical\" href=\"https:\/\/portalmf.com.br\/index.php\/2022\/08\/10\/band-sera-a-nova-parceira-do-ufc-na-tv-aberta-em-2023\/\" \/>\n<meta property=\"og:locale\" content=\"pt_BR\" \/>\n<meta property=\"og:type\" content=\"article\" \/>\n<meta property=\"og:title\" content=\"Band ser\u00e1 a nova parceira do UFC na TV aberta em 2023 - Portal MF\" \/>\n<meta property=\"og:description\" content=\"A Band e o UFC anunciaram nesta quarta-feira (10) uma parceria para transmiss\u00e3o em TV aberta do maior evento de MMA do mundo, a partir de 2023. O acordo prev\u00ea a exibi\u00e7\u00e3o de 12 eventos ao vivo, entre cards principais, lutas preliminares e Fight Nights, marcando o retorno da modalidade aos canais abertos no Brasil [&hellip;]\" \/>\n<meta property=\"og:url\" content=\"https:\/\/portalmf.com.br\/index.php\/2022\/08\/10\/band-sera-a-nova-parceira-do-ufc-na-tv-aberta-em-2023\/\" \/>\n<meta property=\"og:site_name\" content=\"Portal MF\" \/>\n<meta property=\"article:author\" content=\"reginaldojrfsa\" \/>\n<meta property=\"article:published_time\" content=\"2022-08-10T18:36:41+00:00\" \/>\n<meta property=\"article:modified_time\" content=\"2022-08-10T18:39:18+00:00\" \/>\n<meta property=\"og:image\" content=\"https:\/\/portalmf.com.br\/wp-content\/uploads\/2022\/08\/6e8834a81ece259a1bd8.png\" \/>\n\t<meta property=\"og:image:width\" content=\"640\" \/>\n\t<meta property=\"og:image:height\" content=\"472\" \/>\n\t<meta property=\"og:image:type\" content=\"image\/png\" \/>\n<meta name=\"author\" content=\"Reginaldo J\u00fanior\" \/>\n<meta name=\"twitter:card\" content=\"summary_large_image\" \/>\n<meta name=\"twitter:creator\" content=\"@reginaldojrmf\" \/>\n<meta name=\"twitter:label1\" content=\"Escrito por\" \/>\n\t<meta name=\"twitter:data1\" content=\"Reginaldo J\u00fanior\" \/>\n\t<meta name=\"twitter:label2\" content=\"Est. tempo de leitura\" \/>\n\t<meta name=\"twitter:data2\" content=\"2 minutos\" \/>\n<script type=\"application\/ld+json\" class=\"yoast-schema-graph\">{\"@context\":\"https:\/\/schema.org\",\"@graph\":[{\"@type\":\"WebPage\",\"@id\":\"https:\/\/portalmf.com.br\/index.php\/2022\/08\/10\/band-sera-a-nova-parceira-do-ufc-na-tv-aberta-em-2023\/\",\"url\":\"https:\/\/portalmf.com.br\/index.php\/2022\/08\/10\/band-sera-a-nova-parceira-do-ufc-na-tv-aberta-em-2023\/\",\"name\":\"Band ser\u00e1 a nova parceira do UFC na TV aberta em 2023 - Portal MF\",\"isPartOf\":{\"@id\":\"https:\/\/portalmf.com.br\/#website\"},\"primaryImageOfPage\":{\"@id\":\"https:\/\/portalmf.com.br\/index.php\/2022\/08\/10\/band-sera-a-nova-parceira-do-ufc-na-tv-aberta-em-2023\/#primaryimage\"},\"image\":{\"@id\":\"https:\/\/portalmf.com.br\/index.php\/2022\/08\/10\/band-sera-a-nova-parceira-do-ufc-na-tv-aberta-em-2023\/#primaryimage\"},\"thumbnailUrl\":\"https:\/\/portalmf.com.br\/wp-content\/uploads\/2022\/08\/6e8834a81ece259a1bd8.png\",\"datePublished\":\"2022-08-10T18:36:41+00:00\",\"dateModified\":\"2022-08-10T18:39:18+00:00\",\"author\":{\"@id\":\"https:\/\/portalmf.com.br\/#\/schema\/person\/11c82086fe8abc05a19147e964587285\"},\"breadcrumb\":{\"@id\":\"https:\/\/portalmf.com.br\/index.php\/2022\/08\/10\/band-sera-a-nova-parceira-do-ufc-na-tv-aberta-em-2023\/#breadcrumb\"},\"inLanguage\":\"pt-BR\",\"potentialAction\":[{\"@type\":\"ReadAction\",\"target\":[\"https:\/\/portalmf.com.br\/index.php\/2022\/08\/10\/band-sera-a-nova-parceira-do-ufc-na-tv-aberta-em-2023\/\"]}]},{\"@type\":\"ImageObject\",\"inLanguage\":\"pt-BR\",\"@id\":\"https:\/\/portalmf.com.br\/index.php\/2022\/08\/10\/band-sera-a-nova-parceira-do-ufc-na-tv-aberta-em-2023\/#primaryimage\",\"url\":\"https:\/\/portalmf.com.br\/wp-content\/uploads\/2022\/08\/6e8834a81ece259a1bd8.png\",\"contentUrl\":\"https:\/\/portalmf.com.br\/wp-content\/uploads\/2022\/08\/6e8834a81ece259a1bd8.png\",\"width\":640,\"height\":472},{\"@type\":\"BreadcrumbList\",\"@id\":\"https:\/\/portalmf.com.br\/index.php\/2022\/08\/10\/band-sera-a-nova-parceira-do-ufc-na-tv-aberta-em-2023\/#breadcrumb\",\"itemListElement\":[{\"@type\":\"ListItem\",\"position\":1,\"name\":\"In\u00edcio\",\"item\":\"https:\/\/portalmf.com.br\/\"},{\"@type\":\"ListItem\",\"position\":2,\"name\":\"Band ser\u00e1 a nova parceira do UFC na TV aberta em 2023\"}]},{\"@type\":\"WebSite\",\"@id\":\"https:\/\/portalmf.com.br\/#website\",\"url\":\"https:\/\/portalmf.com.br\/\",\"name\":\"Portal MF\",\"description\":\"Voc\u00ea conectado com a informa\u00e7\u00e3o\",\"potentialAction\":[{\"@type\":\"SearchAction\",\"target\":{\"@type\":\"EntryPoint\",\"urlTemplate\":\"https:\/\/portalmf.com.br\/?s={search_term_string}\"},\"query-input\":\"required name=search_term_string\"}],\"inLanguage\":\"pt-BR\"},{\"@type\":\"Person\",\"@id\":\"https:\/\/portalmf.com.br\/#\/schema\/person\/11c82086fe8abc05a19147e964587285\",\"name\":\"Reginaldo J\u00fanior\",\"image\":{\"@type\":\"ImageObject\",\"inLanguage\":\"pt-BR\",\"@id\":\"https:\/\/portalmf.com.br\/#\/schema\/person\/image\/\",\"url\":\"https:\/\/secure.gravatar.com\/avatar\/32a3c797cd0ac47cc53b8644c62776f9?s=96&d=mm&r=g\",\"contentUrl\":\"https:\/\/secure.gravatar.com\/avatar\/32a3c797cd0ac47cc53b8644c62776f9?s=96&d=mm&r=g\",\"caption\":\"Reginaldo J\u00fanior\"},\"description\":\"Jornalista e idealizador Portal MF\",\"sameAs\":[\"https:\/\/portalmf.com.br\/index.php\/author\/reginaldojr\/\",\"reginaldojrfsa\",\"reginaldojuniormf\",\"https:\/\/x.com\/reginaldojrmf\"],\"url\":\"https:\/\/portalmf.com.br\/index.php\/author\/reginaldojr\/\"}]}<\/script>\n<!-- \/ Yoast SEO plugin. -->","yoast_head_json":{"title":"Band ser\u00e1 a nova parceira do UFC na TV aberta em 2023 - Portal MF","robots":{"index":"index","follow":"follow","max-snippet":"max-snippet:-1","max-image-preview":"max-image-preview:large","max-video-preview":"max-video-preview:-1"},"canonical":"https:\/\/portalmf.com.br\/index.php\/2022\/08\/10\/band-sera-a-nova-parceira-do-ufc-na-tv-aberta-em-2023\/","og_locale":"pt_BR","og_type":"article","og_title":"Band ser\u00e1 a nova parceira do UFC na TV aberta em 2023 - Portal MF","og_description":"A Band e o UFC anunciaram nesta quarta-feira (10) uma parceria para transmiss\u00e3o em TV aberta do maior evento de MMA do mundo, a partir de 2023. O acordo prev\u00ea a exibi\u00e7\u00e3o de 12 eventos ao vivo, entre cards principais, lutas preliminares e Fight Nights, marcando o retorno da modalidade aos canais abertos no Brasil [&hellip;]","og_url":"https:\/\/portalmf.com.br\/index.php\/2022\/08\/10\/band-sera-a-nova-parceira-do-ufc-na-tv-aberta-em-2023\/","og_site_name":"Portal MF","article_author":"reginaldojrfsa","article_published_time":"2022-08-10T18:36:41+00:00","article_modified_time":"2022-08-10T18:39:18+00:00","og_image":[{"width":640,"height":472,"url":"https:\/\/portalmf.com.br\/wp-content\/uploads\/2022\/08\/6e8834a81ece259a1bd8.png","type":"image\/png"}],"author":"Reginaldo J\u00fanior","twitter_card":"summary_large_image","twitter_creator":"@reginaldojrmf","twitter_misc":{"Escrito por":"Reginaldo J\u00fanior","Est. tempo de leitura":"2 minutos"},"schema":{"@context":"https:\/\/schema.org","@graph":[{"@type":"WebPage","@id":"https:\/\/portalmf.com.br\/index.php\/2022\/08\/10\/band-sera-a-nova-parceira-do-ufc-na-tv-aberta-em-2023\/","url":"https:\/\/portalmf.com.br\/index.php\/2022\/08\/10\/band-sera-a-nova-parceira-do-ufc-na-tv-aberta-em-2023\/","name":"Band ser\u00e1 a nova parceira do UFC na TV aberta em 2023 - Portal MF","isPartOf":{"@id":"https:\/\/portalmf.com.br\/#website"},"primaryImageOfPage":{"@id":"https:\/\/portalmf.com.br\/index.php\/2022\/08\/10\/band-sera-a-nova-parceira-do-ufc-na-tv-aberta-em-2023\/#primaryimage"},"image":{"@id":"https:\/\/portalmf.com.br\/index.php\/2022\/08\/10\/band-sera-a-nova-parceira-do-ufc-na-tv-aberta-em-2023\/#primaryimage"},"thumbnailUrl":"https:\/\/portalmf.com.br\/wp-content\/uploads\/2022\/08\/6e8834a81ece259a1bd8.png","datePublished":"2022-08-10T18:36:41+00:00","dateModified":"2022-08-10T18:39:18+00:00","author":{"@id":"https:\/\/portalmf.com.br\/#\/schema\/person\/11c82086fe8abc05a19147e964587285"},"breadcrumb":{"@id":"https:\/\/portalmf.com.br\/index.php\/2022\/08\/10\/band-sera-a-nova-parceira-do-ufc-na-tv-aberta-em-2023\/#breadcrumb"},"inLanguage":"pt-BR","potentialAction":[{"@type":"ReadAction","target":["https:\/\/portalmf.com.br\/index.php\/2022\/08\/10\/band-sera-a-nova-parceira-do-ufc-na-tv-aberta-em-2023\/"]}]},{"@type":"ImageObject","inLanguage":"pt-BR","@id":"https:\/\/portalmf.com.br\/index.php\/2022\/08\/10\/band-sera-a-nova-parceira-do-ufc-na-tv-aberta-em-2023\/#primaryimage","url":"https:\/\/portalmf.com.br\/wp-content\/uploads\/2022\/08\/6e8834a81ece259a1bd8.png","contentUrl":"https:\/\/portalmf.com.br\/wp-content\/uploads\/2022\/08\/6e8834a81ece259a1bd8.png","width":640,"height":472},{"@type":"BreadcrumbList","@id":"https:\/\/portalmf.com.br\/index.php\/2022\/08\/10\/band-sera-a-nova-parceira-do-ufc-na-tv-aberta-em-2023\/#breadcrumb","itemListElement":[{"@type":"ListItem","position":1,"name":"In\u00edcio","item":"https:\/\/portalmf.com.br\/"},{"@type":"ListItem","position":2,"name":"Band ser\u00e1 a nova parceira do UFC na TV aberta em 2023"}]},{"@type":"WebSite","@id":"https:\/\/portalmf.com.br\/#website","url":"https:\/\/portalmf.com.br\/","name":"Portal MF","description":"Voc\u00ea conectado com a informa\u00e7\u00e3o","potentialAction":[{"@type":"SearchAction","target":{"@type":"EntryPoint","urlTemplate":"https:\/\/portalmf.com.br\/?s={search_term_string}"},"query-input":"required name=search_term_string"}],"inLanguage":"pt-BR"},{"@type":"Person","@id":"https:\/\/portalmf.com.br\/#\/schema\/person\/11c82086fe8abc05a19147e964587285","name":"Reginaldo J\u00fanior","image":{"@type":"ImageObject","inLanguage":"pt-BR","@id":"https:\/\/portalmf.com.br\/#\/schema\/person\/image\/","url":"https:\/\/secure.gravatar.com\/avatar\/32a3c797cd0ac47cc53b8644c62776f9?s=96&d=mm&r=g","contentUrl":"https:\/\/secure.gravatar.com\/avatar\/32a3c797cd0ac47cc53b8644c62776f9?s=96&d=mm&r=g","caption":"Reginaldo J\u00fanior"},"description":"Jornalista e idealizador Portal MF","sameAs":["https:\/\/portalmf.com.br\/index.php\/author\/reginaldojr\/","reginaldojrfsa","reginaldojuniormf","https:\/\/x.com\/reginaldojrmf"],"url":"https:\/\/portalmf.com.br\/index.php\/author\/reginaldojr\/"}]}},"_links":{"self":[{"href":"https:\/\/portalmf.com.br\/index.php\/wp-json\/wp\/v2\/posts\/2858"}],"collection":[{"href":"https:\/\/portalmf.com.br\/index.php\/wp-json\/wp\/v2\/posts"}],"about":[{"href":"https:\/\/portalmf.com.br\/index.php\/wp-json\/wp\/v2\/types\/post"}],"author":[{"embeddable":true,"href":"https:\/\/portalmf.com.br\/index.php\/wp-json\/wp\/v2\/users\/2"}],"replies":[{"embeddable":true,"href":"https:\/\/portalmf.com.br\/index.php\/wp-json\/wp\/v2\/comments?post=2858"}],"version-history":[{"count":2,"href":"https:\/\/portalmf.com.br\/index.php\/wp-json\/wp\/v2\/posts\/2858\/revisions"}],"predecessor-version":[{"id":2862,"href":"https:\/\/portalmf.com.br\/index.php\/wp-json\/wp\/v2\/posts\/2858\/revisions\/2862"}],"wp:featuredmedia":[{"embeddable":true,"href":"https:\/\/portalmf.com.br\/index.php\/wp-json\/wp\/v2\/media\/2859"}],"wp:attachment":[{"href":"https:\/\/portalmf.com.br\/index.php\/wp-json\/wp\/v2\/media?parent=2858"}],"wp:term":[{"taxonomy":"category","embeddable":true,"href":"https:\/\/portalmf.com.br\/index.php\/wp-json\/wp\/v2\/categories?post=2858"},{"taxonomy":"post_tag","embeddable":true,"href":"https:\/\/portalmf.com.br\/index.php\/wp-json\/wp\/v2\/tags?post=2858"}],"curies":[{"name":"wp","href":"https:\/\/api.w.org\/{rel}","templated":true}]}}