{"id":28564,"date":"2024-08-05T07:52:45","date_gmt":"2024-08-05T10:52:45","guid":{"rendered":"https:\/\/portalmf.com.br\/?p=28564"},"modified":"2024-08-05T07:57:10","modified_gmt":"2024-08-05T10:57:10","slug":"jose-ronaldo-lidera-intencoes-de-voto-em-feira-de-santana-diz-pesquisa","status":"publish","type":"post","link":"https:\/\/portalmf.com.br\/index.php\/2024\/08\/05\/jose-ronaldo-lidera-intencoes-de-voto-em-feira-de-santana-diz-pesquisa\/","title":{"rendered":"Jos\u00e9 Ronaldo lidera inten\u00e7\u00f5es de voto em Feira de Santana, diz pesquisa"},"content":{"rendered":"\n<p>Pesquisa encomendada \u00e0 empresa Economic Pesquisa, Consultoria Empresarial pela Consulte Consultoria\/site Bahia na Pol\u00edtica mostra o cen\u00e1rio eleitoral em Feira de Santana, com uma disputa que deve ser decidida em um \u00fanico turno, tendo em vista que os n\u00fameros indicam que a polariza\u00e7\u00e3o se d\u00e1 entre dois nomes (Jos\u00e9 Ronaldo e Z\u00e9 Neto), mesmo tendo tr\u00eas na disputa, sendo o terceiro nome, Carlos Medeiros, do partido Novo. <\/p>\n\n\n\n<p>Estando a 65 dias das elei\u00e7\u00f5es, j\u00e1 que a pesquisa foi feita entre os dias 29,30,31 de julho e 1\u00ba de agosto de 2024, e as elei\u00e7\u00f5es ocorrem em 6 de outubro de 2024, estamos trabalhando com esse cen\u00e1rio, de turno \u00fanico, entendendo que matematicamente \u00e9 poss\u00edvel.<\/p>\n\n\n\n<h2 class=\"wp-block-heading\">Veja os n\u00fameros:<\/h2>\n\n\n\n<p>Estimulada:<\/p>\n\n\n\n<p>Jos\u00e9 Ronaldo: 44,90%<\/p>\n\n\n\n<p>Z\u00e9 Neto: 25,70%<\/p>\n\n\n\n<p>Carlos Medeiros: 2,80<\/p>\n\n\n\n<p>Branco\/Nulo: 13,80<\/p>\n\n\n\n<p>N\u00e3o sabe\/N\u00e3o opinou: 12,80%<\/p>\n\n\n\n<p>Espont\u00e2nea:<\/p>\n\n\n\n<p>Jos\u00e9 Ronaldo: 38,70%<\/p>\n\n\n\n<p>Z\u00e9 Neto: 23,30%<\/p>\n\n\n\n<p>Carlos Medeiros: 1,30%<\/p>\n\n\n\n<p>Pablo Roberto: 0,50%<\/p>\n\n\n\n<p>Colbert Martins: 0,50%<\/p>\n\n\n\n<p>Branco\/Nulo: 14,00<\/p>\n\n\n\n<p>N\u00e3o sabe\/N\u00e3o opinou: 21,70%<\/p>\n\n\n\n<p>A pesquisa foi realizada em 18 \u00e1reas de abrang\u00eancia, em conformidade com o ELO \u2013 Cadastro de Eleitores do Munic\u00edpio, fornecido pelos cart\u00f3rios das Zonas Eleitorais 154\u00aa, 155\u00aa, 156\u00aa e 157\u00aa, contemplando o centro e 35 bairros da sede, com aplica\u00e7\u00e3o de 860 question\u00e1rios. J\u00e1 na zona rural foram quatro distritos, com aplica\u00e7\u00e3o de 140 question\u00e1rios, totalizando 1.000 entrevistados. A margem de erro \u00e9 de 3,09%, para mais ou para menos, e o grau de confian\u00e7a \u00e9 de 95%. A pesquisa est\u00e1 registrada no TSE sob o n\u00ba BA-04005\/2024.<\/p>\n\n\n\n<p>Com informa\u00e7\u00f5es do Bahia na Pol\u00edtica <\/p>\n","protected":false},"excerpt":{"rendered":"<p>Pesquisa encomendada \u00e0 empresa Economic Pesquisa, Consultoria Empresarial pela Consulte Consultoria\/site Bahia na Pol\u00edtica mostra o cen\u00e1rio eleitoral em Feira de Santana, com uma disputa que deve ser decidida em um \u00fanico turno, tendo em vista que os n\u00fameros indicam que a polariza\u00e7\u00e3o se d\u00e1 entre dois nomes (Jos\u00e9 Ronaldo e Z\u00e9 Neto), mesmo tendo [&hellip;]<\/p>\n","protected":false},"author":3,"featured_media":28569,"comment_status":"open","ping_status":"open","sticky":false,"template":"","format":"standard","meta":{"_monsterinsights_skip_tracking":false,"_monsterinsights_sitenote_active":false,"_monsterinsights_sitenote_note":"","_monsterinsights_sitenote_category":0,"footnotes":""},"categories":[301,34],"tags":[],"yoast_head":"<!-- This site is optimized with the Yoast SEO plugin v22.9 - https:\/\/yoast.com\/wordpress\/plugins\/seo\/ -->\n<title>Jos\u00e9 Ronaldo lidera inten\u00e7\u00f5es de voto em Feira de Santana, diz pesquisa - Portal MF<\/title>\n<meta name=\"robots\" content=\"index, follow, max-snippet:-1, max-image-preview:large, max-video-preview:-1\" \/>\n<link rel=\"canonical\" href=\"https:\/\/portalmf.com.br\/index.php\/2024\/08\/05\/jose-ronaldo-lidera-intencoes-de-voto-em-feira-de-santana-diz-pesquisa\/\" \/>\n<meta property=\"og:locale\" content=\"pt_BR\" \/>\n<meta property=\"og:type\" content=\"article\" \/>\n<meta property=\"og:title\" content=\"Jos\u00e9 Ronaldo lidera inten\u00e7\u00f5es de voto em Feira de Santana, diz pesquisa - Portal MF\" \/>\n<meta property=\"og:description\" content=\"Pesquisa encomendada \u00e0 empresa Economic Pesquisa, Consultoria Empresarial pela Consulte Consultoria\/site Bahia na Pol\u00edtica mostra o cen\u00e1rio eleitoral em Feira de Santana, com uma disputa que deve ser decidida em um \u00fanico turno, tendo em vista que os n\u00fameros indicam que a polariza\u00e7\u00e3o se d\u00e1 entre dois nomes (Jos\u00e9 Ronaldo e Z\u00e9 Neto), mesmo tendo [&hellip;]\" \/>\n<meta property=\"og:url\" content=\"https:\/\/portalmf.com.br\/index.php\/2024\/08\/05\/jose-ronaldo-lidera-intencoes-de-voto-em-feira-de-santana-diz-pesquisa\/\" \/>\n<meta property=\"og:site_name\" content=\"Portal MF\" \/>\n<meta property=\"article:author\" content=\"https:\/\/www.facebook.com\/portalmfoficial\" \/>\n<meta property=\"article:published_time\" content=\"2024-08-05T10:52:45+00:00\" \/>\n<meta property=\"article:modified_time\" content=\"2024-08-05T10:57:10+00:00\" \/>\n<meta property=\"og:image\" content=\"https:\/\/portalmf.com.br\/wp-content\/uploads\/2024\/08\/IMG_20240805_074609-1.jpg\" \/>\n\t<meta property=\"og:image:width\" content=\"2160\" \/>\n\t<meta property=\"og:image:height\" content=\"1702\" \/>\n\t<meta property=\"og:image:type\" content=\"image\/jpeg\" \/>\n<meta name=\"author\" content=\"Reda\u00e7\u00e3o Portal MF\" \/>\n<meta name=\"twitter:card\" content=\"summary_large_image\" \/>\n<meta name=\"twitter:creator\" content=\"@https:\/\/x.com\/portalmfoficial\" \/>\n<meta name=\"twitter:label1\" content=\"Escrito por\" \/>\n\t<meta name=\"twitter:data1\" content=\"Reda\u00e7\u00e3o Portal MF\" \/>\n\t<meta name=\"twitter:label2\" content=\"Est. tempo de leitura\" \/>\n\t<meta name=\"twitter:data2\" content=\"2 minutos\" \/>\n<script type=\"application\/ld+json\" class=\"yoast-schema-graph\">{\"@context\":\"https:\/\/schema.org\",\"@graph\":[{\"@type\":\"WebPage\",\"@id\":\"https:\/\/portalmf.com.br\/index.php\/2024\/08\/05\/jose-ronaldo-lidera-intencoes-de-voto-em-feira-de-santana-diz-pesquisa\/\",\"url\":\"https:\/\/portalmf.com.br\/index.php\/2024\/08\/05\/jose-ronaldo-lidera-intencoes-de-voto-em-feira-de-santana-diz-pesquisa\/\",\"name\":\"Jos\u00e9 Ronaldo lidera inten\u00e7\u00f5es de voto em Feira de Santana, diz pesquisa - Portal MF\",\"isPartOf\":{\"@id\":\"https:\/\/portalmf.com.br\/#website\"},\"primaryImageOfPage\":{\"@id\":\"https:\/\/portalmf.com.br\/index.php\/2024\/08\/05\/jose-ronaldo-lidera-intencoes-de-voto-em-feira-de-santana-diz-pesquisa\/#primaryimage\"},\"image\":{\"@id\":\"https:\/\/portalmf.com.br\/index.php\/2024\/08\/05\/jose-ronaldo-lidera-intencoes-de-voto-em-feira-de-santana-diz-pesquisa\/#primaryimage\"},\"thumbnailUrl\":\"https:\/\/portalmf.com.br\/wp-content\/uploads\/2024\/08\/IMG_20240805_074609-1.jpg\",\"datePublished\":\"2024-08-05T10:52:45+00:00\",\"dateModified\":\"2024-08-05T10:57:10+00:00\",\"author\":{\"@id\":\"https:\/\/portalmf.com.br\/#\/schema\/person\/9ec101baf56233e53520c26de5d6f6f0\"},\"breadcrumb\":{\"@id\":\"https:\/\/portalmf.com.br\/index.php\/2024\/08\/05\/jose-ronaldo-lidera-intencoes-de-voto-em-feira-de-santana-diz-pesquisa\/#breadcrumb\"},\"inLanguage\":\"pt-BR\",\"potentialAction\":[{\"@type\":\"ReadAction\",\"target\":[\"https:\/\/portalmf.com.br\/index.php\/2024\/08\/05\/jose-ronaldo-lidera-intencoes-de-voto-em-feira-de-santana-diz-pesquisa\/\"]}]},{\"@type\":\"ImageObject\",\"inLanguage\":\"pt-BR\",\"@id\":\"https:\/\/portalmf.com.br\/index.php\/2024\/08\/05\/jose-ronaldo-lidera-intencoes-de-voto-em-feira-de-santana-diz-pesquisa\/#primaryimage\",\"url\":\"https:\/\/portalmf.com.br\/wp-content\/uploads\/2024\/08\/IMG_20240805_074609-1.jpg\",\"contentUrl\":\"https:\/\/portalmf.com.br\/wp-content\/uploads\/2024\/08\/IMG_20240805_074609-1.jpg\",\"width\":2160,\"height\":1702},{\"@type\":\"BreadcrumbList\",\"@id\":\"https:\/\/portalmf.com.br\/index.php\/2024\/08\/05\/jose-ronaldo-lidera-intencoes-de-voto-em-feira-de-santana-diz-pesquisa\/#breadcrumb\",\"itemListElement\":[{\"@type\":\"ListItem\",\"position\":1,\"name\":\"In\u00edcio\",\"item\":\"https:\/\/portalmf.com.br\/\"},{\"@type\":\"ListItem\",\"position\":2,\"name\":\"Jos\u00e9 Ronaldo lidera inten\u00e7\u00f5es de voto em Feira de Santana, diz pesquisa\"}]},{\"@type\":\"WebSite\",\"@id\":\"https:\/\/portalmf.com.br\/#website\",\"url\":\"https:\/\/portalmf.com.br\/\",\"name\":\"Portal MF\",\"description\":\"Voc\u00ea conectado com a informa\u00e7\u00e3o\",\"potentialAction\":[{\"@type\":\"SearchAction\",\"target\":{\"@type\":\"EntryPoint\",\"urlTemplate\":\"https:\/\/portalmf.com.br\/?s={search_term_string}\"},\"query-input\":\"required name=search_term_string\"}],\"inLanguage\":\"pt-BR\"},{\"@type\":\"Person\",\"@id\":\"https:\/\/portalmf.com.br\/#\/schema\/person\/9ec101baf56233e53520c26de5d6f6f0\",\"name\":\"Reda\u00e7\u00e3o Portal MF\",\"image\":{\"@type\":\"ImageObject\",\"inLanguage\":\"pt-BR\",\"@id\":\"https:\/\/portalmf.com.br\/#\/schema\/person\/image\/\",\"url\":\"https:\/\/secure.gravatar.com\/avatar\/41b9aaeb2100835f7c64362330f74c7f?s=96&d=mm&r=g\",\"contentUrl\":\"https:\/\/secure.gravatar.com\/avatar\/41b9aaeb2100835f7c64362330f74c7f?s=96&d=mm&r=g\",\"caption\":\"Reda\u00e7\u00e3o Portal MF\"},\"description\":\"Sejam bem-vindos o portal de informa\u00e7\u00f5es de entretenimento de Feira de Santana, desde 2006 realiza coberturas dos principais eventos com entrevistas exclusivas com as principais personalidades mundiais. Fique conectado tamb\u00e9m nas redes sociais.\",\"sameAs\":[\"http:\/\/www.portalmf.com.br\/\",\"https:\/\/www.facebook.com\/portalmfoficial\",\"https:\/\/www.instagram.com\/portalmf\/\",\"https:\/\/x.com\/https:\/\/x.com\/portalmfoficial\",\"https:\/\/www.youtube.com\/@portalmfoficial\"],\"url\":\"https:\/\/portalmf.com.br\/index.php\/author\/junior\/\"}]}<\/script>\n<!-- \/ Yoast SEO plugin. -->","yoast_head_json":{"title":"Jos\u00e9 Ronaldo lidera inten\u00e7\u00f5es de voto em Feira de Santana, diz pesquisa - Portal MF","robots":{"index":"index","follow":"follow","max-snippet":"max-snippet:-1","max-image-preview":"max-image-preview:large","max-video-preview":"max-video-preview:-1"},"canonical":"https:\/\/portalmf.com.br\/index.php\/2024\/08\/05\/jose-ronaldo-lidera-intencoes-de-voto-em-feira-de-santana-diz-pesquisa\/","og_locale":"pt_BR","og_type":"article","og_title":"Jos\u00e9 Ronaldo lidera inten\u00e7\u00f5es de voto em Feira de Santana, diz pesquisa - Portal MF","og_description":"Pesquisa encomendada \u00e0 empresa Economic Pesquisa, Consultoria Empresarial pela Consulte Consultoria\/site Bahia na Pol\u00edtica mostra o cen\u00e1rio eleitoral em Feira de Santana, com uma disputa que deve ser decidida em um \u00fanico turno, tendo em vista que os n\u00fameros indicam que a polariza\u00e7\u00e3o se d\u00e1 entre dois nomes (Jos\u00e9 Ronaldo e Z\u00e9 Neto), mesmo tendo [&hellip;]","og_url":"https:\/\/portalmf.com.br\/index.php\/2024\/08\/05\/jose-ronaldo-lidera-intencoes-de-voto-em-feira-de-santana-diz-pesquisa\/","og_site_name":"Portal MF","article_author":"https:\/\/www.facebook.com\/portalmfoficial","article_published_time":"2024-08-05T10:52:45+00:00","article_modified_time":"2024-08-05T10:57:10+00:00","og_image":[{"width":2160,"height":1702,"url":"https:\/\/portalmf.com.br\/wp-content\/uploads\/2024\/08\/IMG_20240805_074609-1.jpg","type":"image\/jpeg"}],"author":"Reda\u00e7\u00e3o Portal MF","twitter_card":"summary_large_image","twitter_creator":"@https:\/\/x.com\/portalmfoficial","twitter_misc":{"Escrito por":"Reda\u00e7\u00e3o Portal MF","Est. tempo de leitura":"2 minutos"},"schema":{"@context":"https:\/\/schema.org","@graph":[{"@type":"WebPage","@id":"https:\/\/portalmf.com.br\/index.php\/2024\/08\/05\/jose-ronaldo-lidera-intencoes-de-voto-em-feira-de-santana-diz-pesquisa\/","url":"https:\/\/portalmf.com.br\/index.php\/2024\/08\/05\/jose-ronaldo-lidera-intencoes-de-voto-em-feira-de-santana-diz-pesquisa\/","name":"Jos\u00e9 Ronaldo lidera inten\u00e7\u00f5es de voto em Feira de Santana, diz pesquisa - Portal MF","isPartOf":{"@id":"https:\/\/portalmf.com.br\/#website"},"primaryImageOfPage":{"@id":"https:\/\/portalmf.com.br\/index.php\/2024\/08\/05\/jose-ronaldo-lidera-intencoes-de-voto-em-feira-de-santana-diz-pesquisa\/#primaryimage"},"image":{"@id":"https:\/\/portalmf.com.br\/index.php\/2024\/08\/05\/jose-ronaldo-lidera-intencoes-de-voto-em-feira-de-santana-diz-pesquisa\/#primaryimage"},"thumbnailUrl":"https:\/\/portalmf.com.br\/wp-content\/uploads\/2024\/08\/IMG_20240805_074609-1.jpg","datePublished":"2024-08-05T10:52:45+00:00","dateModified":"2024-08-05T10:57:10+00:00","author":{"@id":"https:\/\/portalmf.com.br\/#\/schema\/person\/9ec101baf56233e53520c26de5d6f6f0"},"breadcrumb":{"@id":"https:\/\/portalmf.com.br\/index.php\/2024\/08\/05\/jose-ronaldo-lidera-intencoes-de-voto-em-feira-de-santana-diz-pesquisa\/#breadcrumb"},"inLanguage":"pt-BR","potentialAction":[{"@type":"ReadAction","target":["https:\/\/portalmf.com.br\/index.php\/2024\/08\/05\/jose-ronaldo-lidera-intencoes-de-voto-em-feira-de-santana-diz-pesquisa\/"]}]},{"@type":"ImageObject","inLanguage":"pt-BR","@id":"https:\/\/portalmf.com.br\/index.php\/2024\/08\/05\/jose-ronaldo-lidera-intencoes-de-voto-em-feira-de-santana-diz-pesquisa\/#primaryimage","url":"https:\/\/portalmf.com.br\/wp-content\/uploads\/2024\/08\/IMG_20240805_074609-1.jpg","contentUrl":"https:\/\/portalmf.com.br\/wp-content\/uploads\/2024\/08\/IMG_20240805_074609-1.jpg","width":2160,"height":1702},{"@type":"BreadcrumbList","@id":"https:\/\/portalmf.com.br\/index.php\/2024\/08\/05\/jose-ronaldo-lidera-intencoes-de-voto-em-feira-de-santana-diz-pesquisa\/#breadcrumb","itemListElement":[{"@type":"ListItem","position":1,"name":"In\u00edcio","item":"https:\/\/portalmf.com.br\/"},{"@type":"ListItem","position":2,"name":"Jos\u00e9 Ronaldo lidera inten\u00e7\u00f5es de voto em Feira de Santana, diz pesquisa"}]},{"@type":"WebSite","@id":"https:\/\/portalmf.com.br\/#website","url":"https:\/\/portalmf.com.br\/","name":"Portal MF","description":"Voc\u00ea conectado com a informa\u00e7\u00e3o","potentialAction":[{"@type":"SearchAction","target":{"@type":"EntryPoint","urlTemplate":"https:\/\/portalmf.com.br\/?s={search_term_string}"},"query-input":"required name=search_term_string"}],"inLanguage":"pt-BR"},{"@type":"Person","@id":"https:\/\/portalmf.com.br\/#\/schema\/person\/9ec101baf56233e53520c26de5d6f6f0","name":"Reda\u00e7\u00e3o Portal MF","image":{"@type":"ImageObject","inLanguage":"pt-BR","@id":"https:\/\/portalmf.com.br\/#\/schema\/person\/image\/","url":"https:\/\/secure.gravatar.com\/avatar\/41b9aaeb2100835f7c64362330f74c7f?s=96&d=mm&r=g","contentUrl":"https:\/\/secure.gravatar.com\/avatar\/41b9aaeb2100835f7c64362330f74c7f?s=96&d=mm&r=g","caption":"Reda\u00e7\u00e3o Portal MF"},"description":"Sejam bem-vindos o portal de informa\u00e7\u00f5es de entretenimento de Feira de Santana, desde 2006 realiza coberturas dos principais eventos com entrevistas exclusivas com as principais personalidades mundiais. Fique conectado tamb\u00e9m nas redes sociais.","sameAs":["http:\/\/www.portalmf.com.br\/","https:\/\/www.facebook.com\/portalmfoficial","https:\/\/www.instagram.com\/portalmf\/","https:\/\/x.com\/https:\/\/x.com\/portalmfoficial","https:\/\/www.youtube.com\/@portalmfoficial"],"url":"https:\/\/portalmf.com.br\/index.php\/author\/junior\/"}]}},"_links":{"self":[{"href":"https:\/\/portalmf.com.br\/index.php\/wp-json\/wp\/v2\/posts\/28564"}],"collection":[{"href":"https:\/\/portalmf.com.br\/index.php\/wp-json\/wp\/v2\/posts"}],"about":[{"href":"https:\/\/portalmf.com.br\/index.php\/wp-json\/wp\/v2\/types\/post"}],"author":[{"embeddable":true,"href":"https:\/\/portalmf.com.br\/index.php\/wp-json\/wp\/v2\/users\/3"}],"replies":[{"embeddable":true,"href":"https:\/\/portalmf.com.br\/index.php\/wp-json\/wp\/v2\/comments?post=28564"}],"version-history":[{"count":2,"href":"https:\/\/portalmf.com.br\/index.php\/wp-json\/wp\/v2\/posts\/28564\/revisions"}],"predecessor-version":[{"id":28570,"href":"https:\/\/portalmf.com.br\/index.php\/wp-json\/wp\/v2\/posts\/28564\/revisions\/28570"}],"wp:featuredmedia":[{"embeddable":true,"href":"https:\/\/portalmf.com.br\/index.php\/wp-json\/wp\/v2\/media\/28569"}],"wp:attachment":[{"href":"https:\/\/portalmf.com.br\/index.php\/wp-json\/wp\/v2\/media?parent=28564"}],"wp:term":[{"taxonomy":"category","embeddable":true,"href":"https:\/\/portalmf.com.br\/index.php\/wp-json\/wp\/v2\/categories?post=28564"},{"taxonomy":"post_tag","embeddable":true,"href":"https:\/\/portalmf.com.br\/index.php\/wp-json\/wp\/v2\/tags?post=28564"}],"curies":[{"name":"wp","href":"https:\/\/api.w.org\/{rel}","templated":true}]}}