{"id":28547,"date":"2024-08-03T19:13:38","date_gmt":"2024-08-03T22:13:38","guid":{"rendered":"https:\/\/portalmf.com.br\/?p=28547"},"modified":"2024-08-03T19:13:39","modified_gmt":"2024-08-03T22:13:39","slug":"ze-neto-e-oficializado-candidato-a-prefeito","status":"publish","type":"post","link":"https:\/\/portalmf.com.br\/index.php\/2024\/08\/03\/ze-neto-e-oficializado-candidato-a-prefeito\/","title":{"rendered":"Z\u00e9 Neto \u00e9 oficializado candidato a prefeito"},"content":{"rendered":"\n<p>Em clima de festa, a Coliga\u00e7\u00e3o Uni\u00e3o por Feira, uma frente que re\u00fane 12 partidos (PT, Podemos, PCdoB, PV, PP, PSOL, Rede, Avante, PSB, Agir, PSD e MDB) oficializou neste s\u00e1bado (03), a candidatura do deputado federal Z\u00e9 Neto (PT), a Prefeitura de Feira de Santana, tendo como vice, o l\u00edder evang\u00e9lico Sandro Nazireu (Podemos). O governador Jer\u00f4nimo Rodrigues esteve presente, reafirmando o apoio do Presidente Lula ao candidato.<\/p>\n\n\n\n<p>\u201cFeira n\u00e3o pode continuar isolada, sem articula\u00e7\u00e3o com o Governo do Estado, o Governo Federal e, sequer, com os demais munic\u00edpios da regi\u00e3o\u201d, avaliou o governador, ao destacar a ampla rela\u00e7\u00e3o constru\u00edda por Z\u00e9 Neto, ao longo da sua trajet\u00f3ria pol\u00edtica, com tr\u00e2nsito em Bras\u00edlia, junto ao Governo do Estado, mas tamb\u00e9m com o setor empresarial e com outros segmentos representativos, que podem contribuir decisivamente na transforma\u00e7\u00e3o da qualidade de vida da popula\u00e7\u00e3o de Feira de Santana.<\/p>\n\n\n\n<p>Milhares de pessoas lotaram o espa\u00e7o de eventos, onde a conven\u00e7\u00e3o foi realizada (Prime Music). A supera\u00e7\u00e3o das diverg\u00eancias pol\u00edticas e ideol\u00f3gicas, em favor de Feira de Santana, o que permitiu a forma\u00e7\u00e3o de uma das maiores frentes suprapartid\u00e1rias formada em toda hist\u00f3ria pol\u00edtica do munic\u00edpio, deu o tom dos discursos. J\u00e1 oficializado candidato a prefeito, Z\u00e9 Neto ressaltou que a frente formada em apoio \u00e0 sua candidatura surgiu do di\u00e1logo com os diversos segmentos da sociedade feirense, na busca por um novo modelo de gest\u00e3o, inclusivo e capaz de promover as transforma\u00e7\u00f5es necess\u00e1rias para o desenvolvimento do munic\u00edpio.<\/p>\n\n\n\n<figure class=\"wp-block-image size-large\"><img fetchpriority=\"high\" decoding=\"async\" width=\"1024\" height=\"682\" src=\"https:\/\/portalmf.com.br\/wp-content\/uploads\/2024\/08\/IMG-20240803-WA0232-1024x682.jpg\" alt=\"\" class=\"wp-image-28549\" srcset=\"https:\/\/portalmf.com.br\/wp-content\/uploads\/2024\/08\/IMG-20240803-WA0232-1024x682.jpg 1024w, https:\/\/portalmf.com.br\/wp-content\/uploads\/2024\/08\/IMG-20240803-WA0232-300x200.jpg 300w, https:\/\/portalmf.com.br\/wp-content\/uploads\/2024\/08\/IMG-20240803-WA0232-768x512.jpg 768w, https:\/\/portalmf.com.br\/wp-content\/uploads\/2024\/08\/IMG-20240803-WA0232-696x464.jpg 696w, https:\/\/portalmf.com.br\/wp-content\/uploads\/2024\/08\/IMG-20240803-WA0232-1068x712.jpg 1068w, https:\/\/portalmf.com.br\/wp-content\/uploads\/2024\/08\/IMG-20240803-WA0232.jpg 1280w\" sizes=\"(max-width: 1024px) 100vw, 1024px\" \/><\/figure>\n\n\n\n<p>\u201cOuvimos empres\u00e1rios, trabalhadores, aut\u00f4nomos, o setor cultural, lideran\u00e7as comunit\u00e1rias e todos os que est\u00e3o interessados em tirar Feira do passado\u201d, relatou o candidato.<\/p>\n\n\n\n<p>Candidato a vice-prefeito, o l\u00edder evang\u00e9lico Sandro Nazireu, apontou a pluralidade da frente Unidos por Feira, como um fato transformador da pol\u00edtica em Feira de Santana: \u201c\u00c9 uma uni\u00e3o por Feira. N\u00e3o \u00e9 esquerda ou direita e independente da religi\u00e3o, Feira merece o melhor\u201d.<\/p>\n\n\n\n<p>Da conven\u00e7\u00e3o participaram tamb\u00e9m as deputadas federais L\u00eddice da Mata (PSB) e Elis\u00e2ngela Ara\u00fajo (PT), o deputado estadual Robinson Almeida, a deputada estadual Olivia Santana (PC do B), o secret\u00e1rio de Estado de Desenvolvimento Econ\u00f4mico, \u00c2ngelo Almeida, o secret\u00e1rio de Justi\u00e7a e Direitos Humanos, Felipe Freitas e a secretaria de sa\u00fade Roberta Santana.<\/p>\n\n\n\n<p>Formado em Direito pela Universidade Federal da Bahia, com tr\u00eas mandatos consecutivos de deputado estadual, Z\u00e9 Neto, 60 anos, cumpre o seu segundo mandato, tamb\u00e9m consecutivos, na C\u00e2mara Federal. A sua trajet\u00f3ria pol\u00edtica come\u00e7ou no ano 2000, elegendo-se vereador em Feira de Santana, a mesma cidade que pretende governar a partir do pr\u00f3ximo ano e que em 2022 deu a ele 63 mil votos, contribuindo decisivamente para que fosse o candidato a deputado federal mais votado do PT.<\/p>\n\n\n\n<p>O candidato a vice-prefeito, Sandro Narizeu tem 51 anos, \u00e9 cantor gospel, empres\u00e1rio musical e uma das principais lideran\u00e7as evang\u00e9licas feirenses. Em 2022 foi candidato a deputado federal. \u00c9 casado com a influenciadora digital evang\u00e9lica Jana Nazireu. Como m\u00fasico tem trilhado um caminho de sucesso, tendo cinco discos de ouro, um disco de platina e duas indica\u00e7\u00f5es ao Grammy latino. Em Feira de Santana, Sandro Nazireu esteve na coordena\u00e7\u00e3o das tr\u00eas edi\u00e7\u00f5es do Canta Feira (2024), promovido pelas Igrejas Evang\u00e9licas da cidade, com apoio do seu companheiro de chapa, o deputado federal Z\u00e9 Neto.<\/p>\n","protected":false},"excerpt":{"rendered":"<p>Em clima de festa, a Coliga\u00e7\u00e3o Uni\u00e3o por Feira, uma frente que re\u00fane 12 partidos (PT, Podemos, PCdoB, PV, PP, PSOL, Rede, Avante, PSB, Agir, PSD e MDB) oficializou neste s\u00e1bado (03), a candidatura do deputado federal Z\u00e9 Neto (PT), a Prefeitura de Feira de Santana, tendo como vice, o l\u00edder evang\u00e9lico Sandro Nazireu (Podemos). [&hellip;]<\/p>\n","protected":false},"author":3,"featured_media":28548,"comment_status":"open","ping_status":"open","sticky":false,"template":"","format":"standard","meta":{"_monsterinsights_skip_tracking":false,"_monsterinsights_sitenote_active":false,"_monsterinsights_sitenote_note":"","_monsterinsights_sitenote_category":0,"footnotes":""},"categories":[301,34],"tags":[],"yoast_head":"<!-- This site is optimized with the Yoast SEO plugin v22.9 - https:\/\/yoast.com\/wordpress\/plugins\/seo\/ -->\n<title>Z\u00e9 Neto \u00e9 oficializado candidato a prefeito - Portal MF<\/title>\n<meta name=\"robots\" content=\"index, follow, max-snippet:-1, max-image-preview:large, max-video-preview:-1\" \/>\n<link rel=\"canonical\" href=\"https:\/\/portalmf.com.br\/index.php\/2024\/08\/03\/ze-neto-e-oficializado-candidato-a-prefeito\/\" \/>\n<meta property=\"og:locale\" content=\"pt_BR\" \/>\n<meta property=\"og:type\" content=\"article\" \/>\n<meta property=\"og:title\" content=\"Z\u00e9 Neto \u00e9 oficializado candidato a prefeito - Portal MF\" \/>\n<meta property=\"og:description\" content=\"Em clima de festa, a Coliga\u00e7\u00e3o Uni\u00e3o por Feira, uma frente que re\u00fane 12 partidos (PT, Podemos, PCdoB, PV, PP, PSOL, Rede, Avante, PSB, Agir, PSD e MDB) oficializou neste s\u00e1bado (03), a candidatura do deputado federal Z\u00e9 Neto (PT), a Prefeitura de Feira de Santana, tendo como vice, o l\u00edder evang\u00e9lico Sandro Nazireu (Podemos). [&hellip;]\" \/>\n<meta property=\"og:url\" content=\"https:\/\/portalmf.com.br\/index.php\/2024\/08\/03\/ze-neto-e-oficializado-candidato-a-prefeito\/\" \/>\n<meta property=\"og:site_name\" content=\"Portal MF\" \/>\n<meta property=\"article:author\" content=\"https:\/\/www.facebook.com\/portalmfoficial\" \/>\n<meta property=\"article:published_time\" content=\"2024-08-03T22:13:38+00:00\" \/>\n<meta property=\"article:modified_time\" content=\"2024-08-03T22:13:39+00:00\" \/>\n<meta property=\"og:image\" content=\"https:\/\/portalmf.com.br\/wp-content\/uploads\/2024\/08\/IMG-20240803-WA0233.jpg\" \/>\n\t<meta property=\"og:image:width\" content=\"1280\" \/>\n\t<meta property=\"og:image:height\" content=\"853\" \/>\n\t<meta property=\"og:image:type\" content=\"image\/jpeg\" \/>\n<meta name=\"author\" content=\"Reda\u00e7\u00e3o Portal MF\" \/>\n<meta name=\"twitter:card\" content=\"summary_large_image\" \/>\n<meta name=\"twitter:creator\" content=\"@https:\/\/x.com\/portalmfoficial\" \/>\n<meta name=\"twitter:label1\" content=\"Escrito por\" \/>\n\t<meta name=\"twitter:data1\" content=\"Reda\u00e7\u00e3o Portal MF\" \/>\n\t<meta name=\"twitter:label2\" content=\"Est. tempo de leitura\" \/>\n\t<meta name=\"twitter:data2\" content=\"4 minutos\" \/>\n<script type=\"application\/ld+json\" class=\"yoast-schema-graph\">{\"@context\":\"https:\/\/schema.org\",\"@graph\":[{\"@type\":\"WebPage\",\"@id\":\"https:\/\/portalmf.com.br\/index.php\/2024\/08\/03\/ze-neto-e-oficializado-candidato-a-prefeito\/\",\"url\":\"https:\/\/portalmf.com.br\/index.php\/2024\/08\/03\/ze-neto-e-oficializado-candidato-a-prefeito\/\",\"name\":\"Z\u00e9 Neto \u00e9 oficializado candidato a prefeito - Portal MF\",\"isPartOf\":{\"@id\":\"https:\/\/portalmf.com.br\/#website\"},\"primaryImageOfPage\":{\"@id\":\"https:\/\/portalmf.com.br\/index.php\/2024\/08\/03\/ze-neto-e-oficializado-candidato-a-prefeito\/#primaryimage\"},\"image\":{\"@id\":\"https:\/\/portalmf.com.br\/index.php\/2024\/08\/03\/ze-neto-e-oficializado-candidato-a-prefeito\/#primaryimage\"},\"thumbnailUrl\":\"https:\/\/portalmf.com.br\/wp-content\/uploads\/2024\/08\/IMG-20240803-WA0233.jpg\",\"datePublished\":\"2024-08-03T22:13:38+00:00\",\"dateModified\":\"2024-08-03T22:13:39+00:00\",\"author\":{\"@id\":\"https:\/\/portalmf.com.br\/#\/schema\/person\/9ec101baf56233e53520c26de5d6f6f0\"},\"breadcrumb\":{\"@id\":\"https:\/\/portalmf.com.br\/index.php\/2024\/08\/03\/ze-neto-e-oficializado-candidato-a-prefeito\/#breadcrumb\"},\"inLanguage\":\"pt-BR\",\"potentialAction\":[{\"@type\":\"ReadAction\",\"target\":[\"https:\/\/portalmf.com.br\/index.php\/2024\/08\/03\/ze-neto-e-oficializado-candidato-a-prefeito\/\"]}]},{\"@type\":\"ImageObject\",\"inLanguage\":\"pt-BR\",\"@id\":\"https:\/\/portalmf.com.br\/index.php\/2024\/08\/03\/ze-neto-e-oficializado-candidato-a-prefeito\/#primaryimage\",\"url\":\"https:\/\/portalmf.com.br\/wp-content\/uploads\/2024\/08\/IMG-20240803-WA0233.jpg\",\"contentUrl\":\"https:\/\/portalmf.com.br\/wp-content\/uploads\/2024\/08\/IMG-20240803-WA0233.jpg\",\"width\":1280,\"height\":853},{\"@type\":\"BreadcrumbList\",\"@id\":\"https:\/\/portalmf.com.br\/index.php\/2024\/08\/03\/ze-neto-e-oficializado-candidato-a-prefeito\/#breadcrumb\",\"itemListElement\":[{\"@type\":\"ListItem\",\"position\":1,\"name\":\"In\u00edcio\",\"item\":\"https:\/\/portalmf.com.br\/\"},{\"@type\":\"ListItem\",\"position\":2,\"name\":\"Z\u00e9 Neto \u00e9 oficializado candidato a prefeito\"}]},{\"@type\":\"WebSite\",\"@id\":\"https:\/\/portalmf.com.br\/#website\",\"url\":\"https:\/\/portalmf.com.br\/\",\"name\":\"Portal MF\",\"description\":\"Voc\u00ea conectado com a informa\u00e7\u00e3o\",\"potentialAction\":[{\"@type\":\"SearchAction\",\"target\":{\"@type\":\"EntryPoint\",\"urlTemplate\":\"https:\/\/portalmf.com.br\/?s={search_term_string}\"},\"query-input\":\"required name=search_term_string\"}],\"inLanguage\":\"pt-BR\"},{\"@type\":\"Person\",\"@id\":\"https:\/\/portalmf.com.br\/#\/schema\/person\/9ec101baf56233e53520c26de5d6f6f0\",\"name\":\"Reda\u00e7\u00e3o Portal MF\",\"image\":{\"@type\":\"ImageObject\",\"inLanguage\":\"pt-BR\",\"@id\":\"https:\/\/portalmf.com.br\/#\/schema\/person\/image\/\",\"url\":\"https:\/\/secure.gravatar.com\/avatar\/41b9aaeb2100835f7c64362330f74c7f?s=96&d=mm&r=g\",\"contentUrl\":\"https:\/\/secure.gravatar.com\/avatar\/41b9aaeb2100835f7c64362330f74c7f?s=96&d=mm&r=g\",\"caption\":\"Reda\u00e7\u00e3o Portal MF\"},\"description\":\"Sejam bem-vindos o portal de informa\u00e7\u00f5es de entretenimento de Feira de Santana, desde 2006 realiza coberturas dos principais eventos com entrevistas exclusivas com as principais personalidades mundiais. Fique conectado tamb\u00e9m nas redes sociais.\",\"sameAs\":[\"http:\/\/www.portalmf.com.br\/\",\"https:\/\/www.facebook.com\/portalmfoficial\",\"https:\/\/www.instagram.com\/portalmf\/\",\"https:\/\/x.com\/https:\/\/x.com\/portalmfoficial\",\"https:\/\/www.youtube.com\/@portalmfoficial\"],\"url\":\"https:\/\/portalmf.com.br\/index.php\/author\/junior\/\"}]}<\/script>\n<!-- \/ Yoast SEO plugin. -->","yoast_head_json":{"title":"Z\u00e9 Neto \u00e9 oficializado candidato a prefeito - Portal MF","robots":{"index":"index","follow":"follow","max-snippet":"max-snippet:-1","max-image-preview":"max-image-preview:large","max-video-preview":"max-video-preview:-1"},"canonical":"https:\/\/portalmf.com.br\/index.php\/2024\/08\/03\/ze-neto-e-oficializado-candidato-a-prefeito\/","og_locale":"pt_BR","og_type":"article","og_title":"Z\u00e9 Neto \u00e9 oficializado candidato a prefeito - Portal MF","og_description":"Em clima de festa, a Coliga\u00e7\u00e3o Uni\u00e3o por Feira, uma frente que re\u00fane 12 partidos (PT, Podemos, PCdoB, PV, PP, PSOL, Rede, Avante, PSB, Agir, PSD e MDB) oficializou neste s\u00e1bado (03), a candidatura do deputado federal Z\u00e9 Neto (PT), a Prefeitura de Feira de Santana, tendo como vice, o l\u00edder evang\u00e9lico Sandro Nazireu (Podemos). [&hellip;]","og_url":"https:\/\/portalmf.com.br\/index.php\/2024\/08\/03\/ze-neto-e-oficializado-candidato-a-prefeito\/","og_site_name":"Portal MF","article_author":"https:\/\/www.facebook.com\/portalmfoficial","article_published_time":"2024-08-03T22:13:38+00:00","article_modified_time":"2024-08-03T22:13:39+00:00","og_image":[{"width":1280,"height":853,"url":"https:\/\/portalmf.com.br\/wp-content\/uploads\/2024\/08\/IMG-20240803-WA0233.jpg","type":"image\/jpeg"}],"author":"Reda\u00e7\u00e3o Portal MF","twitter_card":"summary_large_image","twitter_creator":"@https:\/\/x.com\/portalmfoficial","twitter_misc":{"Escrito por":"Reda\u00e7\u00e3o Portal MF","Est. tempo de leitura":"4 minutos"},"schema":{"@context":"https:\/\/schema.org","@graph":[{"@type":"WebPage","@id":"https:\/\/portalmf.com.br\/index.php\/2024\/08\/03\/ze-neto-e-oficializado-candidato-a-prefeito\/","url":"https:\/\/portalmf.com.br\/index.php\/2024\/08\/03\/ze-neto-e-oficializado-candidato-a-prefeito\/","name":"Z\u00e9 Neto \u00e9 oficializado candidato a prefeito - Portal MF","isPartOf":{"@id":"https:\/\/portalmf.com.br\/#website"},"primaryImageOfPage":{"@id":"https:\/\/portalmf.com.br\/index.php\/2024\/08\/03\/ze-neto-e-oficializado-candidato-a-prefeito\/#primaryimage"},"image":{"@id":"https:\/\/portalmf.com.br\/index.php\/2024\/08\/03\/ze-neto-e-oficializado-candidato-a-prefeito\/#primaryimage"},"thumbnailUrl":"https:\/\/portalmf.com.br\/wp-content\/uploads\/2024\/08\/IMG-20240803-WA0233.jpg","datePublished":"2024-08-03T22:13:38+00:00","dateModified":"2024-08-03T22:13:39+00:00","author":{"@id":"https:\/\/portalmf.com.br\/#\/schema\/person\/9ec101baf56233e53520c26de5d6f6f0"},"breadcrumb":{"@id":"https:\/\/portalmf.com.br\/index.php\/2024\/08\/03\/ze-neto-e-oficializado-candidato-a-prefeito\/#breadcrumb"},"inLanguage":"pt-BR","potentialAction":[{"@type":"ReadAction","target":["https:\/\/portalmf.com.br\/index.php\/2024\/08\/03\/ze-neto-e-oficializado-candidato-a-prefeito\/"]}]},{"@type":"ImageObject","inLanguage":"pt-BR","@id":"https:\/\/portalmf.com.br\/index.php\/2024\/08\/03\/ze-neto-e-oficializado-candidato-a-prefeito\/#primaryimage","url":"https:\/\/portalmf.com.br\/wp-content\/uploads\/2024\/08\/IMG-20240803-WA0233.jpg","contentUrl":"https:\/\/portalmf.com.br\/wp-content\/uploads\/2024\/08\/IMG-20240803-WA0233.jpg","width":1280,"height":853},{"@type":"BreadcrumbList","@id":"https:\/\/portalmf.com.br\/index.php\/2024\/08\/03\/ze-neto-e-oficializado-candidato-a-prefeito\/#breadcrumb","itemListElement":[{"@type":"ListItem","position":1,"name":"In\u00edcio","item":"https:\/\/portalmf.com.br\/"},{"@type":"ListItem","position":2,"name":"Z\u00e9 Neto \u00e9 oficializado candidato a prefeito"}]},{"@type":"WebSite","@id":"https:\/\/portalmf.com.br\/#website","url":"https:\/\/portalmf.com.br\/","name":"Portal MF","description":"Voc\u00ea conectado com a informa\u00e7\u00e3o","potentialAction":[{"@type":"SearchAction","target":{"@type":"EntryPoint","urlTemplate":"https:\/\/portalmf.com.br\/?s={search_term_string}"},"query-input":"required name=search_term_string"}],"inLanguage":"pt-BR"},{"@type":"Person","@id":"https:\/\/portalmf.com.br\/#\/schema\/person\/9ec101baf56233e53520c26de5d6f6f0","name":"Reda\u00e7\u00e3o Portal MF","image":{"@type":"ImageObject","inLanguage":"pt-BR","@id":"https:\/\/portalmf.com.br\/#\/schema\/person\/image\/","url":"https:\/\/secure.gravatar.com\/avatar\/41b9aaeb2100835f7c64362330f74c7f?s=96&d=mm&r=g","contentUrl":"https:\/\/secure.gravatar.com\/avatar\/41b9aaeb2100835f7c64362330f74c7f?s=96&d=mm&r=g","caption":"Reda\u00e7\u00e3o Portal MF"},"description":"Sejam bem-vindos o portal de informa\u00e7\u00f5es de entretenimento de Feira de Santana, desde 2006 realiza coberturas dos principais eventos com entrevistas exclusivas com as principais personalidades mundiais. Fique conectado tamb\u00e9m nas redes sociais.","sameAs":["http:\/\/www.portalmf.com.br\/","https:\/\/www.facebook.com\/portalmfoficial","https:\/\/www.instagram.com\/portalmf\/","https:\/\/x.com\/https:\/\/x.com\/portalmfoficial","https:\/\/www.youtube.com\/@portalmfoficial"],"url":"https:\/\/portalmf.com.br\/index.php\/author\/junior\/"}]}},"_links":{"self":[{"href":"https:\/\/portalmf.com.br\/index.php\/wp-json\/wp\/v2\/posts\/28547"}],"collection":[{"href":"https:\/\/portalmf.com.br\/index.php\/wp-json\/wp\/v2\/posts"}],"about":[{"href":"https:\/\/portalmf.com.br\/index.php\/wp-json\/wp\/v2\/types\/post"}],"author":[{"embeddable":true,"href":"https:\/\/portalmf.com.br\/index.php\/wp-json\/wp\/v2\/users\/3"}],"replies":[{"embeddable":true,"href":"https:\/\/portalmf.com.br\/index.php\/wp-json\/wp\/v2\/comments?post=28547"}],"version-history":[{"count":1,"href":"https:\/\/portalmf.com.br\/index.php\/wp-json\/wp\/v2\/posts\/28547\/revisions"}],"predecessor-version":[{"id":28550,"href":"https:\/\/portalmf.com.br\/index.php\/wp-json\/wp\/v2\/posts\/28547\/revisions\/28550"}],"wp:featuredmedia":[{"embeddable":true,"href":"https:\/\/portalmf.com.br\/index.php\/wp-json\/wp\/v2\/media\/28548"}],"wp:attachment":[{"href":"https:\/\/portalmf.com.br\/index.php\/wp-json\/wp\/v2\/media?parent=28547"}],"wp:term":[{"taxonomy":"category","embeddable":true,"href":"https:\/\/portalmf.com.br\/index.php\/wp-json\/wp\/v2\/categories?post=28547"},{"taxonomy":"post_tag","embeddable":true,"href":"https:\/\/portalmf.com.br\/index.php\/wp-json\/wp\/v2\/tags?post=28547"}],"curies":[{"name":"wp","href":"https:\/\/api.w.org\/{rel}","templated":true}]}}