{"id":28540,"date":"2024-08-03T12:44:27","date_gmt":"2024-08-03T15:44:27","guid":{"rendered":"https:\/\/portalmf.com.br\/?p=28540"},"modified":"2024-08-03T12:44:29","modified_gmt":"2024-08-03T15:44:29","slug":"carlos-medeiros-oficializa-candidatura-a-prefeito-de-feira","status":"publish","type":"post","link":"https:\/\/portalmf.com.br\/index.php\/2024\/08\/03\/carlos-medeiros-oficializa-candidatura-a-prefeito-de-feira\/","title":{"rendered":"Carlos Medeiros oficializa candidatura a prefeito de Feira"},"content":{"rendered":"\n<p>O candidato Carlos Medeiros (Novo) oficializou sua candidatura \u00e0 prefeitura de Feira de Santana na manh\u00e3 deste s\u00e1bado (3). Na ocasi\u00e3o ele confirmou o nome do seu vice, que ser\u00e1 Franklin Franco, e os nomes dos 10 vereadores que v\u00e3o concorrer nas elei\u00e7\u00f5es municipais pelo Partido Novo.<\/p>\n\n\n\n<p>Durante a conven\u00e7\u00e3o Carlos Medeiros destacou que acredita em uma pol\u00edtica melhor e que por isso est\u00e1 lutando para manter a candidatura. \u201cA gente est\u00e1 buscando o voto das pessoas que est\u00e3o insatisfeitas. Hoje lan\u00e7amos 10 candidatos a vereador que querem essa mudan\u00e7a e se a gente n\u00e3o acreditar que pode mudar o mundo, n\u00e3o vai mudar nunca. Muito me foi oferecido para abrir m\u00e3o dessa campanha, mas o que me d\u00e1 prazer aqui \u00e9 a possibilidade de participar de um projeto maior que minhas ambi\u00e7\u00f5es pessoais. Eu vejo o partido Novo como uma luz no fim do t\u00fanel, a esperan\u00e7a de quem acredita que um dia vai ter uma vida melhor, vai ter um representante melhor\u201d, declarou.<\/p>\n\n\n\n<p>O vice de Carlos, Franklin Franco falou sobre a motiva\u00e7\u00e3o para aceitar o convite para ser vice nessa chapa. Ele destacou que o conhecimento do perfil empreendedor e de l\u00edder de sucesso de Medeiros foi o que motivou aceitar. <\/p>\n\n\n\n<p><em>&#8220;Conhe\u00e7o o Carlos desde que ele se filiou ao partido Novo. Sua hist\u00f3ria de vida, car\u00e1ter e compet\u00eancia me inspiram a acreditar que juntos podemos fazer a diferen\u00e7a em Feira de Santana&#8221;<\/em>, afirma Franklin.<\/p>\n\n\n\n<p>O candidato a vice acredita que os principais desafios da cidade incluem a melhoria no atendimento \u00e0 sa\u00fade e educa\u00e7\u00e3o de qualidade, mobilidade urbana, desburocratiza\u00e7\u00e3o dos servi\u00e7os p\u00fablicos e liberdade econ\u00f4mica para quem deseja empreender e gerar vagas de emprego e renda.<em> &#8220;Feira de Santana precisa urgentemente mudar o modelo de gest\u00e3o. N\u00e3o faltam recursos, mas sim uma boa gest\u00e3o estrat\u00e9gica e de planejamento.&#8221;<\/em><\/p>\n\n\n\n<p>Franklin destacou que pretende contribuir para as frentes de trabalho da campanha com propostas concretas para seguran\u00e7a, sa\u00fade, emprego e renova\u00e7\u00e3o pol\u00edtica. Ele defende a transpar\u00eancia e a \u00e9tica na administra\u00e7\u00e3o p\u00fablica como pilares fundamentais para uma gest\u00e3o eficiente e comprometida com o bem-estar dos cidad\u00e3os.<\/p>\n\n\n\n<h2 class=\"wp-block-heading\">Franklin Franco<\/h2>\n\n\n\n<p>Franklin Franco, de 50 anos, \u00e9 o nome escolhido para compor a chapa de Carlos Medeiros como vice-prefeito nas pr\u00f3ximas elei\u00e7\u00f5es municipais. Nascido em Feira de Santana, filho de pais cearenses, Franklin \u00e9 um profissional com forma\u00e7\u00e3o em contabilidade e uma carreira s\u00f3lida em assessoria e consultoria tribut\u00e1ria e de setor pessoal. Sua especializa\u00e7\u00e3o na desburocratiza\u00e7\u00e3o para libera\u00e7\u00e3o e emiss\u00e3o de alvar\u00e1s sanit\u00e1rios, de vigil\u00e2ncia sanit\u00e1ria e ambiental, o torna um candidato com um perfil t\u00e9cnico e focado em resultados.<\/p>\n\n\n\n<figure class=\"wp-block-image size-full\"><img fetchpriority=\"high\" decoding=\"async\" width=\"800\" height=\"600\" src=\"https:\/\/portalmf.com.br\/wp-content\/uploads\/2024\/08\/candidato-do-novo_eleicoes-2024_vereadores.jpg\" alt=\"\" class=\"wp-image-28542\" srcset=\"https:\/\/portalmf.com.br\/wp-content\/uploads\/2024\/08\/candidato-do-novo_eleicoes-2024_vereadores.jpg 800w, https:\/\/portalmf.com.br\/wp-content\/uploads\/2024\/08\/candidato-do-novo_eleicoes-2024_vereadores-300x225.jpg 300w, https:\/\/portalmf.com.br\/wp-content\/uploads\/2024\/08\/candidato-do-novo_eleicoes-2024_vereadores-768x576.jpg 768w, https:\/\/portalmf.com.br\/wp-content\/uploads\/2024\/08\/candidato-do-novo_eleicoes-2024_vereadores-696x522.jpg 696w\" sizes=\"(max-width: 800px) 100vw, 800px\" \/><figcaption class=\"wp-element-caption\"><strong>Fotos: Reginaldo J\u00fanor \/ Portal MF<\/strong><\/figcaption><\/figure>\n\n\n\n<p>Os candidatos a vereador s\u00e3o:<\/p>\n\n\n\n<p>-Allan Carlson do Amaral Gomes<br>-Andr\u00e9 Akio Nunes Ogasawara<br>-Ant\u00f4nio Jorge leite Santos<br>-Carlos Fernando Oliveira Santos<br>-Carlos Henrique dos Santos<br>-Caroline Ata\u00edde G\u00f3es<br>-Jailma Gabriela Brand\u00e3o dos Santos<br>-Lorena de Amorim Santos<br>-Marcell Santos Portugal<br>-M\u00e1rcio Batista Almeida Oliveira<\/p>\n","protected":false},"excerpt":{"rendered":"<p>O candidato Carlos Medeiros (Novo) oficializou sua candidatura \u00e0 prefeitura de Feira de Santana na manh\u00e3 deste s\u00e1bado (3). Na ocasi\u00e3o ele confirmou o nome do seu vice, que ser\u00e1 Franklin Franco, e os nomes dos 10 vereadores que v\u00e3o concorrer nas elei\u00e7\u00f5es municipais pelo Partido Novo. Durante a conven\u00e7\u00e3o Carlos Medeiros destacou que acredita [&hellip;]<\/p>\n","protected":false},"author":3,"featured_media":28541,"comment_status":"open","ping_status":"open","sticky":false,"template":"","format":"standard","meta":{"_monsterinsights_skip_tracking":false,"_monsterinsights_sitenote_active":false,"_monsterinsights_sitenote_note":"","_monsterinsights_sitenote_category":0,"footnotes":""},"categories":[301,34],"tags":[],"yoast_head":"<!-- This site is optimized with the Yoast SEO plugin v22.9 - https:\/\/yoast.com\/wordpress\/plugins\/seo\/ -->\n<title>Carlos Medeiros oficializa candidatura a prefeito de Feira - Portal MF<\/title>\n<meta name=\"robots\" content=\"index, follow, max-snippet:-1, max-image-preview:large, max-video-preview:-1\" \/>\n<link rel=\"canonical\" href=\"https:\/\/portalmf.com.br\/index.php\/2024\/08\/03\/carlos-medeiros-oficializa-candidatura-a-prefeito-de-feira\/\" \/>\n<meta property=\"og:locale\" content=\"pt_BR\" \/>\n<meta property=\"og:type\" content=\"article\" \/>\n<meta property=\"og:title\" content=\"Carlos Medeiros oficializa candidatura a prefeito de Feira - Portal MF\" \/>\n<meta property=\"og:description\" content=\"O candidato Carlos Medeiros (Novo) oficializou sua candidatura \u00e0 prefeitura de Feira de Santana na manh\u00e3 deste s\u00e1bado (3). Na ocasi\u00e3o ele confirmou o nome do seu vice, que ser\u00e1 Franklin Franco, e os nomes dos 10 vereadores que v\u00e3o concorrer nas elei\u00e7\u00f5es municipais pelo Partido Novo. Durante a conven\u00e7\u00e3o Carlos Medeiros destacou que acredita [&hellip;]\" \/>\n<meta property=\"og:url\" content=\"https:\/\/portalmf.com.br\/index.php\/2024\/08\/03\/carlos-medeiros-oficializa-candidatura-a-prefeito-de-feira\/\" \/>\n<meta property=\"og:site_name\" content=\"Portal MF\" \/>\n<meta property=\"article:author\" content=\"https:\/\/www.facebook.com\/portalmfoficial\" \/>\n<meta property=\"article:published_time\" content=\"2024-08-03T15:44:27+00:00\" \/>\n<meta property=\"article:modified_time\" content=\"2024-08-03T15:44:29+00:00\" \/>\n<meta property=\"og:image\" content=\"https:\/\/portalmf.com.br\/wp-content\/uploads\/2024\/08\/candidato-do-novo_eleicoes-2024.jpg\" \/>\n\t<meta property=\"og:image:width\" content=\"800\" \/>\n\t<meta property=\"og:image:height\" content=\"542\" \/>\n\t<meta property=\"og:image:type\" content=\"image\/jpeg\" \/>\n<meta name=\"author\" content=\"Reda\u00e7\u00e3o Portal MF\" \/>\n<meta name=\"twitter:card\" content=\"summary_large_image\" \/>\n<meta name=\"twitter:creator\" content=\"@https:\/\/x.com\/portalmfoficial\" \/>\n<meta name=\"twitter:label1\" content=\"Escrito por\" \/>\n\t<meta name=\"twitter:data1\" content=\"Reda\u00e7\u00e3o Portal MF\" \/>\n\t<meta name=\"twitter:label2\" content=\"Est. tempo de leitura\" \/>\n\t<meta name=\"twitter:data2\" content=\"4 minutos\" \/>\n<script type=\"application\/ld+json\" class=\"yoast-schema-graph\">{\"@context\":\"https:\/\/schema.org\",\"@graph\":[{\"@type\":\"WebPage\",\"@id\":\"https:\/\/portalmf.com.br\/index.php\/2024\/08\/03\/carlos-medeiros-oficializa-candidatura-a-prefeito-de-feira\/\",\"url\":\"https:\/\/portalmf.com.br\/index.php\/2024\/08\/03\/carlos-medeiros-oficializa-candidatura-a-prefeito-de-feira\/\",\"name\":\"Carlos Medeiros oficializa candidatura a prefeito de Feira - Portal MF\",\"isPartOf\":{\"@id\":\"https:\/\/portalmf.com.br\/#website\"},\"primaryImageOfPage\":{\"@id\":\"https:\/\/portalmf.com.br\/index.php\/2024\/08\/03\/carlos-medeiros-oficializa-candidatura-a-prefeito-de-feira\/#primaryimage\"},\"image\":{\"@id\":\"https:\/\/portalmf.com.br\/index.php\/2024\/08\/03\/carlos-medeiros-oficializa-candidatura-a-prefeito-de-feira\/#primaryimage\"},\"thumbnailUrl\":\"https:\/\/portalmf.com.br\/wp-content\/uploads\/2024\/08\/candidato-do-novo_eleicoes-2024.jpg\",\"datePublished\":\"2024-08-03T15:44:27+00:00\",\"dateModified\":\"2024-08-03T15:44:29+00:00\",\"author\":{\"@id\":\"https:\/\/portalmf.com.br\/#\/schema\/person\/9ec101baf56233e53520c26de5d6f6f0\"},\"breadcrumb\":{\"@id\":\"https:\/\/portalmf.com.br\/index.php\/2024\/08\/03\/carlos-medeiros-oficializa-candidatura-a-prefeito-de-feira\/#breadcrumb\"},\"inLanguage\":\"pt-BR\",\"potentialAction\":[{\"@type\":\"ReadAction\",\"target\":[\"https:\/\/portalmf.com.br\/index.php\/2024\/08\/03\/carlos-medeiros-oficializa-candidatura-a-prefeito-de-feira\/\"]}]},{\"@type\":\"ImageObject\",\"inLanguage\":\"pt-BR\",\"@id\":\"https:\/\/portalmf.com.br\/index.php\/2024\/08\/03\/carlos-medeiros-oficializa-candidatura-a-prefeito-de-feira\/#primaryimage\",\"url\":\"https:\/\/portalmf.com.br\/wp-content\/uploads\/2024\/08\/candidato-do-novo_eleicoes-2024.jpg\",\"contentUrl\":\"https:\/\/portalmf.com.br\/wp-content\/uploads\/2024\/08\/candidato-do-novo_eleicoes-2024.jpg\",\"width\":800,\"height\":542},{\"@type\":\"BreadcrumbList\",\"@id\":\"https:\/\/portalmf.com.br\/index.php\/2024\/08\/03\/carlos-medeiros-oficializa-candidatura-a-prefeito-de-feira\/#breadcrumb\",\"itemListElement\":[{\"@type\":\"ListItem\",\"position\":1,\"name\":\"In\u00edcio\",\"item\":\"https:\/\/portalmf.com.br\/\"},{\"@type\":\"ListItem\",\"position\":2,\"name\":\"Carlos Medeiros oficializa candidatura a prefeito de Feira\"}]},{\"@type\":\"WebSite\",\"@id\":\"https:\/\/portalmf.com.br\/#website\",\"url\":\"https:\/\/portalmf.com.br\/\",\"name\":\"Portal MF\",\"description\":\"Voc\u00ea conectado com a informa\u00e7\u00e3o\",\"potentialAction\":[{\"@type\":\"SearchAction\",\"target\":{\"@type\":\"EntryPoint\",\"urlTemplate\":\"https:\/\/portalmf.com.br\/?s={search_term_string}\"},\"query-input\":\"required name=search_term_string\"}],\"inLanguage\":\"pt-BR\"},{\"@type\":\"Person\",\"@id\":\"https:\/\/portalmf.com.br\/#\/schema\/person\/9ec101baf56233e53520c26de5d6f6f0\",\"name\":\"Reda\u00e7\u00e3o Portal MF\",\"image\":{\"@type\":\"ImageObject\",\"inLanguage\":\"pt-BR\",\"@id\":\"https:\/\/portalmf.com.br\/#\/schema\/person\/image\/\",\"url\":\"https:\/\/secure.gravatar.com\/avatar\/41b9aaeb2100835f7c64362330f74c7f?s=96&d=mm&r=g\",\"contentUrl\":\"https:\/\/secure.gravatar.com\/avatar\/41b9aaeb2100835f7c64362330f74c7f?s=96&d=mm&r=g\",\"caption\":\"Reda\u00e7\u00e3o Portal MF\"},\"description\":\"Sejam bem-vindos o portal de informa\u00e7\u00f5es de entretenimento de Feira de Santana, desde 2006 realiza coberturas dos principais eventos com entrevistas exclusivas com as principais personalidades mundiais. Fique conectado tamb\u00e9m nas redes sociais.\",\"sameAs\":[\"http:\/\/www.portalmf.com.br\/\",\"https:\/\/www.facebook.com\/portalmfoficial\",\"https:\/\/www.instagram.com\/portalmf\/\",\"https:\/\/x.com\/https:\/\/x.com\/portalmfoficial\",\"https:\/\/www.youtube.com\/@portalmfoficial\"],\"url\":\"https:\/\/portalmf.com.br\/index.php\/author\/junior\/\"}]}<\/script>\n<!-- \/ Yoast SEO plugin. -->","yoast_head_json":{"title":"Carlos Medeiros oficializa candidatura a prefeito de Feira - Portal MF","robots":{"index":"index","follow":"follow","max-snippet":"max-snippet:-1","max-image-preview":"max-image-preview:large","max-video-preview":"max-video-preview:-1"},"canonical":"https:\/\/portalmf.com.br\/index.php\/2024\/08\/03\/carlos-medeiros-oficializa-candidatura-a-prefeito-de-feira\/","og_locale":"pt_BR","og_type":"article","og_title":"Carlos Medeiros oficializa candidatura a prefeito de Feira - Portal MF","og_description":"O candidato Carlos Medeiros (Novo) oficializou sua candidatura \u00e0 prefeitura de Feira de Santana na manh\u00e3 deste s\u00e1bado (3). Na ocasi\u00e3o ele confirmou o nome do seu vice, que ser\u00e1 Franklin Franco, e os nomes dos 10 vereadores que v\u00e3o concorrer nas elei\u00e7\u00f5es municipais pelo Partido Novo. Durante a conven\u00e7\u00e3o Carlos Medeiros destacou que acredita [&hellip;]","og_url":"https:\/\/portalmf.com.br\/index.php\/2024\/08\/03\/carlos-medeiros-oficializa-candidatura-a-prefeito-de-feira\/","og_site_name":"Portal MF","article_author":"https:\/\/www.facebook.com\/portalmfoficial","article_published_time":"2024-08-03T15:44:27+00:00","article_modified_time":"2024-08-03T15:44:29+00:00","og_image":[{"width":800,"height":542,"url":"https:\/\/portalmf.com.br\/wp-content\/uploads\/2024\/08\/candidato-do-novo_eleicoes-2024.jpg","type":"image\/jpeg"}],"author":"Reda\u00e7\u00e3o Portal MF","twitter_card":"summary_large_image","twitter_creator":"@https:\/\/x.com\/portalmfoficial","twitter_misc":{"Escrito por":"Reda\u00e7\u00e3o Portal MF","Est. tempo de leitura":"4 minutos"},"schema":{"@context":"https:\/\/schema.org","@graph":[{"@type":"WebPage","@id":"https:\/\/portalmf.com.br\/index.php\/2024\/08\/03\/carlos-medeiros-oficializa-candidatura-a-prefeito-de-feira\/","url":"https:\/\/portalmf.com.br\/index.php\/2024\/08\/03\/carlos-medeiros-oficializa-candidatura-a-prefeito-de-feira\/","name":"Carlos Medeiros oficializa candidatura a prefeito de Feira - Portal MF","isPartOf":{"@id":"https:\/\/portalmf.com.br\/#website"},"primaryImageOfPage":{"@id":"https:\/\/portalmf.com.br\/index.php\/2024\/08\/03\/carlos-medeiros-oficializa-candidatura-a-prefeito-de-feira\/#primaryimage"},"image":{"@id":"https:\/\/portalmf.com.br\/index.php\/2024\/08\/03\/carlos-medeiros-oficializa-candidatura-a-prefeito-de-feira\/#primaryimage"},"thumbnailUrl":"https:\/\/portalmf.com.br\/wp-content\/uploads\/2024\/08\/candidato-do-novo_eleicoes-2024.jpg","datePublished":"2024-08-03T15:44:27+00:00","dateModified":"2024-08-03T15:44:29+00:00","author":{"@id":"https:\/\/portalmf.com.br\/#\/schema\/person\/9ec101baf56233e53520c26de5d6f6f0"},"breadcrumb":{"@id":"https:\/\/portalmf.com.br\/index.php\/2024\/08\/03\/carlos-medeiros-oficializa-candidatura-a-prefeito-de-feira\/#breadcrumb"},"inLanguage":"pt-BR","potentialAction":[{"@type":"ReadAction","target":["https:\/\/portalmf.com.br\/index.php\/2024\/08\/03\/carlos-medeiros-oficializa-candidatura-a-prefeito-de-feira\/"]}]},{"@type":"ImageObject","inLanguage":"pt-BR","@id":"https:\/\/portalmf.com.br\/index.php\/2024\/08\/03\/carlos-medeiros-oficializa-candidatura-a-prefeito-de-feira\/#primaryimage","url":"https:\/\/portalmf.com.br\/wp-content\/uploads\/2024\/08\/candidato-do-novo_eleicoes-2024.jpg","contentUrl":"https:\/\/portalmf.com.br\/wp-content\/uploads\/2024\/08\/candidato-do-novo_eleicoes-2024.jpg","width":800,"height":542},{"@type":"BreadcrumbList","@id":"https:\/\/portalmf.com.br\/index.php\/2024\/08\/03\/carlos-medeiros-oficializa-candidatura-a-prefeito-de-feira\/#breadcrumb","itemListElement":[{"@type":"ListItem","position":1,"name":"In\u00edcio","item":"https:\/\/portalmf.com.br\/"},{"@type":"ListItem","position":2,"name":"Carlos Medeiros oficializa candidatura a prefeito de Feira"}]},{"@type":"WebSite","@id":"https:\/\/portalmf.com.br\/#website","url":"https:\/\/portalmf.com.br\/","name":"Portal MF","description":"Voc\u00ea conectado com a informa\u00e7\u00e3o","potentialAction":[{"@type":"SearchAction","target":{"@type":"EntryPoint","urlTemplate":"https:\/\/portalmf.com.br\/?s={search_term_string}"},"query-input":"required name=search_term_string"}],"inLanguage":"pt-BR"},{"@type":"Person","@id":"https:\/\/portalmf.com.br\/#\/schema\/person\/9ec101baf56233e53520c26de5d6f6f0","name":"Reda\u00e7\u00e3o Portal MF","image":{"@type":"ImageObject","inLanguage":"pt-BR","@id":"https:\/\/portalmf.com.br\/#\/schema\/person\/image\/","url":"https:\/\/secure.gravatar.com\/avatar\/41b9aaeb2100835f7c64362330f74c7f?s=96&d=mm&r=g","contentUrl":"https:\/\/secure.gravatar.com\/avatar\/41b9aaeb2100835f7c64362330f74c7f?s=96&d=mm&r=g","caption":"Reda\u00e7\u00e3o Portal MF"},"description":"Sejam bem-vindos o portal de informa\u00e7\u00f5es de entretenimento de Feira de Santana, desde 2006 realiza coberturas dos principais eventos com entrevistas exclusivas com as principais personalidades mundiais. Fique conectado tamb\u00e9m nas redes sociais.","sameAs":["http:\/\/www.portalmf.com.br\/","https:\/\/www.facebook.com\/portalmfoficial","https:\/\/www.instagram.com\/portalmf\/","https:\/\/x.com\/https:\/\/x.com\/portalmfoficial","https:\/\/www.youtube.com\/@portalmfoficial"],"url":"https:\/\/portalmf.com.br\/index.php\/author\/junior\/"}]}},"_links":{"self":[{"href":"https:\/\/portalmf.com.br\/index.php\/wp-json\/wp\/v2\/posts\/28540"}],"collection":[{"href":"https:\/\/portalmf.com.br\/index.php\/wp-json\/wp\/v2\/posts"}],"about":[{"href":"https:\/\/portalmf.com.br\/index.php\/wp-json\/wp\/v2\/types\/post"}],"author":[{"embeddable":true,"href":"https:\/\/portalmf.com.br\/index.php\/wp-json\/wp\/v2\/users\/3"}],"replies":[{"embeddable":true,"href":"https:\/\/portalmf.com.br\/index.php\/wp-json\/wp\/v2\/comments?post=28540"}],"version-history":[{"count":1,"href":"https:\/\/portalmf.com.br\/index.php\/wp-json\/wp\/v2\/posts\/28540\/revisions"}],"predecessor-version":[{"id":28543,"href":"https:\/\/portalmf.com.br\/index.php\/wp-json\/wp\/v2\/posts\/28540\/revisions\/28543"}],"wp:featuredmedia":[{"embeddable":true,"href":"https:\/\/portalmf.com.br\/index.php\/wp-json\/wp\/v2\/media\/28541"}],"wp:attachment":[{"href":"https:\/\/portalmf.com.br\/index.php\/wp-json\/wp\/v2\/media?parent=28540"}],"wp:term":[{"taxonomy":"category","embeddable":true,"href":"https:\/\/portalmf.com.br\/index.php\/wp-json\/wp\/v2\/categories?post=28540"},{"taxonomy":"post_tag","embeddable":true,"href":"https:\/\/portalmf.com.br\/index.php\/wp-json\/wp\/v2\/tags?post=28540"}],"curies":[{"name":"wp","href":"https:\/\/api.w.org\/{rel}","templated":true}]}}