{"id":28481,"date":"2024-08-02T16:32:36","date_gmt":"2024-08-02T19:32:36","guid":{"rendered":"https:\/\/portalmf.com.br\/?p=28481"},"modified":"2024-08-02T16:32:38","modified_gmt":"2024-08-02T19:32:38","slug":"candidatura-a-vereador-de-josivaldo-santana-e-confirmada-em-convencao-do-uniao-brasil","status":"publish","type":"post","link":"https:\/\/portalmf.com.br\/index.php\/2024\/08\/02\/candidatura-a-vereador-de-josivaldo-santana-e-confirmada-em-convencao-do-uniao-brasil\/","title":{"rendered":"Candidatura a vereador de Josivaldo Santana \u00e9 confirmada em conven\u00e7\u00e3o do Uni\u00e3o Brasil"},"content":{"rendered":"\n<p>Nesta ter\u00e7a-feira (29), aconteceu em uma casa de eventos de Feira de Santana conven\u00e7\u00e3o Uni\u00e3o Brasil, que oficializou os nomes dos candidatos \u00e0 elei\u00e7\u00e3o deste ano. Durante o evento o nome do empres\u00e1rio Josivaldo Santana foi confirmado e ir\u00e1 concorrer a uma das 21 cadeiras a C\u00e2mara Municipal de Feira de Santana.<\/p>\n\n\n\n<p><em>\u201cNos \u00faltimos meses estou visitando os amigos por toda Feira de Santana e construindo um pouquinho da hist\u00f3ria de Josivaldo. Agora, oficialmente, a conven\u00e7\u00e3o do nosso partido Uni\u00e3o Brasil tive o meu nome homologou e logo ap\u00f3s n\u00f3s teremos o que de fato todos est\u00e3o esperando uma campanha na rua, pessoas se movimentando em prol de um objetivo s\u00f3. Uma renova\u00e7\u00e3o do processo legislativo de Feira de Santana e da nossa C\u00e2mara e tamb\u00e9m do processo pol\u00edtico. E venho reafirmando em todos os lugares que eu passo, que me comprometo com essa cidade\u201d<\/em>, disse Josivaldo.<\/p>\n\n\n\n<figure class=\"wp-block-image size-full\"><img fetchpriority=\"high\" decoding=\"async\" width=\"800\" height=\"533\" src=\"https:\/\/portalmf.com.br\/wp-content\/uploads\/2024\/08\/Candidatura-a-vereador-de-Josivaldo-Santana-e-confirmada-em-convencao-do-Uniao-Brasil_.jpg\" alt=\"\" class=\"wp-image-28483\" srcset=\"https:\/\/portalmf.com.br\/wp-content\/uploads\/2024\/08\/Candidatura-a-vereador-de-Josivaldo-Santana-e-confirmada-em-convencao-do-Uniao-Brasil_.jpg 800w, https:\/\/portalmf.com.br\/wp-content\/uploads\/2024\/08\/Candidatura-a-vereador-de-Josivaldo-Santana-e-confirmada-em-convencao-do-Uniao-Brasil_-300x200.jpg 300w, https:\/\/portalmf.com.br\/wp-content\/uploads\/2024\/08\/Candidatura-a-vereador-de-Josivaldo-Santana-e-confirmada-em-convencao-do-Uniao-Brasil_-768x512.jpg 768w, https:\/\/portalmf.com.br\/wp-content\/uploads\/2024\/08\/Candidatura-a-vereador-de-Josivaldo-Santana-e-confirmada-em-convencao-do-Uniao-Brasil_-696x464.jpg 696w\" sizes=\"(max-width: 800px) 100vw, 800px\" \/><\/figure>\n\n\n\n<p>Durante a conven\u00e7\u00e3o, os nomes de Jos\u00e9 Ronaldo e Pablo Roberto tiveram a candidatura homologada e ir\u00e3o disputar o cargo de prefeito e vice nas elei\u00e7\u00f5es municipais de 2024.<\/p>\n\n\n\n<figure class=\"wp-block-image size-full\"><img decoding=\"async\" width=\"800\" height=\"533\" src=\"https:\/\/portalmf.com.br\/wp-content\/uploads\/2024\/08\/Candidatura-a-vereador-de-Josivaldo-Santana-e-confirmada-em-convencao-do-Uniao-Brasil_3.jpg\" alt=\"\" class=\"wp-image-28484\" srcset=\"https:\/\/portalmf.com.br\/wp-content\/uploads\/2024\/08\/Candidatura-a-vereador-de-Josivaldo-Santana-e-confirmada-em-convencao-do-Uniao-Brasil_3.jpg 800w, https:\/\/portalmf.com.br\/wp-content\/uploads\/2024\/08\/Candidatura-a-vereador-de-Josivaldo-Santana-e-confirmada-em-convencao-do-Uniao-Brasil_3-300x200.jpg 300w, https:\/\/portalmf.com.br\/wp-content\/uploads\/2024\/08\/Candidatura-a-vereador-de-Josivaldo-Santana-e-confirmada-em-convencao-do-Uniao-Brasil_3-768x512.jpg 768w, https:\/\/portalmf.com.br\/wp-content\/uploads\/2024\/08\/Candidatura-a-vereador-de-Josivaldo-Santana-e-confirmada-em-convencao-do-Uniao-Brasil_3-696x464.jpg 696w\" sizes=\"(max-width: 800px) 100vw, 800px\" \/><\/figure>\n","protected":false},"excerpt":{"rendered":"<p>Nesta ter\u00e7a-feira (29), aconteceu em uma casa de eventos de Feira de Santana conven\u00e7\u00e3o Uni\u00e3o Brasil, que oficializou os nomes dos candidatos \u00e0 elei\u00e7\u00e3o deste ano. Durante o evento o nome do empres\u00e1rio Josivaldo Santana foi confirmado e ir\u00e1 concorrer a uma das 21 cadeiras a C\u00e2mara Municipal de Feira de Santana. \u201cNos \u00faltimos meses [&hellip;]<\/p>\n","protected":false},"author":2,"featured_media":28482,"comment_status":"open","ping_status":"open","sticky":false,"template":"","format":"standard","meta":{"_monsterinsights_skip_tracking":false,"_monsterinsights_sitenote_active":false,"_monsterinsights_sitenote_note":"","_monsterinsights_sitenote_category":0,"footnotes":""},"categories":[301,34],"tags":[],"yoast_head":"<!-- This site is optimized with the Yoast SEO plugin v22.9 - https:\/\/yoast.com\/wordpress\/plugins\/seo\/ -->\n<title>Candidatura a vereador de Josivaldo Santana \u00e9 confirmada em conven\u00e7\u00e3o do Uni\u00e3o Brasil - Portal MF<\/title>\n<meta name=\"robots\" content=\"index, follow, max-snippet:-1, max-image-preview:large, max-video-preview:-1\" \/>\n<link rel=\"canonical\" href=\"https:\/\/portalmf.com.br\/index.php\/2024\/08\/02\/candidatura-a-vereador-de-josivaldo-santana-e-confirmada-em-convencao-do-uniao-brasil\/\" \/>\n<meta property=\"og:locale\" content=\"pt_BR\" \/>\n<meta property=\"og:type\" content=\"article\" \/>\n<meta property=\"og:title\" content=\"Candidatura a vereador de Josivaldo Santana \u00e9 confirmada em conven\u00e7\u00e3o do Uni\u00e3o Brasil - Portal MF\" \/>\n<meta property=\"og:description\" content=\"Nesta ter\u00e7a-feira (29), aconteceu em uma casa de eventos de Feira de Santana conven\u00e7\u00e3o Uni\u00e3o Brasil, que oficializou os nomes dos candidatos \u00e0 elei\u00e7\u00e3o deste ano. Durante o evento o nome do empres\u00e1rio Josivaldo Santana foi confirmado e ir\u00e1 concorrer a uma das 21 cadeiras a C\u00e2mara Municipal de Feira de Santana. \u201cNos \u00faltimos meses [&hellip;]\" \/>\n<meta property=\"og:url\" content=\"https:\/\/portalmf.com.br\/index.php\/2024\/08\/02\/candidatura-a-vereador-de-josivaldo-santana-e-confirmada-em-convencao-do-uniao-brasil\/\" \/>\n<meta property=\"og:site_name\" content=\"Portal MF\" \/>\n<meta property=\"article:author\" content=\"reginaldojrfsa\" \/>\n<meta property=\"article:published_time\" content=\"2024-08-02T19:32:36+00:00\" \/>\n<meta property=\"article:modified_time\" content=\"2024-08-02T19:32:38+00:00\" \/>\n<meta property=\"og:image\" content=\"https:\/\/portalmf.com.br\/wp-content\/uploads\/2024\/08\/Candidatura-a-vereador-de-Josivaldo-Santana-e-confirmada-em-convencao-do-Uniao-Brasil.jpg\" \/>\n\t<meta property=\"og:image:width\" content=\"800\" \/>\n\t<meta property=\"og:image:height\" content=\"533\" \/>\n\t<meta property=\"og:image:type\" content=\"image\/jpeg\" \/>\n<meta name=\"author\" content=\"Reginaldo J\u00fanior\" \/>\n<meta name=\"twitter:card\" content=\"summary_large_image\" \/>\n<meta name=\"twitter:creator\" content=\"@reginaldojrmf\" \/>\n<meta name=\"twitter:label1\" content=\"Escrito por\" \/>\n\t<meta name=\"twitter:data1\" content=\"Reginaldo J\u00fanior\" \/>\n\t<meta name=\"twitter:label2\" content=\"Est. tempo de leitura\" \/>\n\t<meta name=\"twitter:data2\" content=\"2 minutos\" \/>\n<script type=\"application\/ld+json\" class=\"yoast-schema-graph\">{\"@context\":\"https:\/\/schema.org\",\"@graph\":[{\"@type\":\"WebPage\",\"@id\":\"https:\/\/portalmf.com.br\/index.php\/2024\/08\/02\/candidatura-a-vereador-de-josivaldo-santana-e-confirmada-em-convencao-do-uniao-brasil\/\",\"url\":\"https:\/\/portalmf.com.br\/index.php\/2024\/08\/02\/candidatura-a-vereador-de-josivaldo-santana-e-confirmada-em-convencao-do-uniao-brasil\/\",\"name\":\"Candidatura a vereador de Josivaldo Santana \u00e9 confirmada em conven\u00e7\u00e3o do Uni\u00e3o Brasil - Portal MF\",\"isPartOf\":{\"@id\":\"https:\/\/portalmf.com.br\/#website\"},\"primaryImageOfPage\":{\"@id\":\"https:\/\/portalmf.com.br\/index.php\/2024\/08\/02\/candidatura-a-vereador-de-josivaldo-santana-e-confirmada-em-convencao-do-uniao-brasil\/#primaryimage\"},\"image\":{\"@id\":\"https:\/\/portalmf.com.br\/index.php\/2024\/08\/02\/candidatura-a-vereador-de-josivaldo-santana-e-confirmada-em-convencao-do-uniao-brasil\/#primaryimage\"},\"thumbnailUrl\":\"https:\/\/portalmf.com.br\/wp-content\/uploads\/2024\/08\/Candidatura-a-vereador-de-Josivaldo-Santana-e-confirmada-em-convencao-do-Uniao-Brasil.jpg\",\"datePublished\":\"2024-08-02T19:32:36+00:00\",\"dateModified\":\"2024-08-02T19:32:38+00:00\",\"author\":{\"@id\":\"https:\/\/portalmf.com.br\/#\/schema\/person\/11c82086fe8abc05a19147e964587285\"},\"breadcrumb\":{\"@id\":\"https:\/\/portalmf.com.br\/index.php\/2024\/08\/02\/candidatura-a-vereador-de-josivaldo-santana-e-confirmada-em-convencao-do-uniao-brasil\/#breadcrumb\"},\"inLanguage\":\"pt-BR\",\"potentialAction\":[{\"@type\":\"ReadAction\",\"target\":[\"https:\/\/portalmf.com.br\/index.php\/2024\/08\/02\/candidatura-a-vereador-de-josivaldo-santana-e-confirmada-em-convencao-do-uniao-brasil\/\"]}]},{\"@type\":\"ImageObject\",\"inLanguage\":\"pt-BR\",\"@id\":\"https:\/\/portalmf.com.br\/index.php\/2024\/08\/02\/candidatura-a-vereador-de-josivaldo-santana-e-confirmada-em-convencao-do-uniao-brasil\/#primaryimage\",\"url\":\"https:\/\/portalmf.com.br\/wp-content\/uploads\/2024\/08\/Candidatura-a-vereador-de-Josivaldo-Santana-e-confirmada-em-convencao-do-Uniao-Brasil.jpg\",\"contentUrl\":\"https:\/\/portalmf.com.br\/wp-content\/uploads\/2024\/08\/Candidatura-a-vereador-de-Josivaldo-Santana-e-confirmada-em-convencao-do-Uniao-Brasil.jpg\",\"width\":800,\"height\":533},{\"@type\":\"BreadcrumbList\",\"@id\":\"https:\/\/portalmf.com.br\/index.php\/2024\/08\/02\/candidatura-a-vereador-de-josivaldo-santana-e-confirmada-em-convencao-do-uniao-brasil\/#breadcrumb\",\"itemListElement\":[{\"@type\":\"ListItem\",\"position\":1,\"name\":\"In\u00edcio\",\"item\":\"https:\/\/portalmf.com.br\/\"},{\"@type\":\"ListItem\",\"position\":2,\"name\":\"Candidatura a vereador de Josivaldo Santana \u00e9 confirmada em conven\u00e7\u00e3o do Uni\u00e3o Brasil\"}]},{\"@type\":\"WebSite\",\"@id\":\"https:\/\/portalmf.com.br\/#website\",\"url\":\"https:\/\/portalmf.com.br\/\",\"name\":\"Portal MF\",\"description\":\"Voc\u00ea conectado com a informa\u00e7\u00e3o\",\"potentialAction\":[{\"@type\":\"SearchAction\",\"target\":{\"@type\":\"EntryPoint\",\"urlTemplate\":\"https:\/\/portalmf.com.br\/?s={search_term_string}\"},\"query-input\":\"required name=search_term_string\"}],\"inLanguage\":\"pt-BR\"},{\"@type\":\"Person\",\"@id\":\"https:\/\/portalmf.com.br\/#\/schema\/person\/11c82086fe8abc05a19147e964587285\",\"name\":\"Reginaldo J\u00fanior\",\"image\":{\"@type\":\"ImageObject\",\"inLanguage\":\"pt-BR\",\"@id\":\"https:\/\/portalmf.com.br\/#\/schema\/person\/image\/\",\"url\":\"https:\/\/secure.gravatar.com\/avatar\/32a3c797cd0ac47cc53b8644c62776f9?s=96&d=mm&r=g\",\"contentUrl\":\"https:\/\/secure.gravatar.com\/avatar\/32a3c797cd0ac47cc53b8644c62776f9?s=96&d=mm&r=g\",\"caption\":\"Reginaldo J\u00fanior\"},\"description\":\"Jornalista e idealizador Portal MF\",\"sameAs\":[\"https:\/\/portalmf.com.br\/index.php\/author\/reginaldojr\/\",\"reginaldojrfsa\",\"reginaldojuniormf\",\"https:\/\/x.com\/reginaldojrmf\"],\"url\":\"https:\/\/portalmf.com.br\/index.php\/author\/reginaldojr\/\"}]}<\/script>\n<!-- \/ Yoast SEO plugin. -->","yoast_head_json":{"title":"Candidatura a vereador de Josivaldo Santana \u00e9 confirmada em conven\u00e7\u00e3o do Uni\u00e3o Brasil - Portal MF","robots":{"index":"index","follow":"follow","max-snippet":"max-snippet:-1","max-image-preview":"max-image-preview:large","max-video-preview":"max-video-preview:-1"},"canonical":"https:\/\/portalmf.com.br\/index.php\/2024\/08\/02\/candidatura-a-vereador-de-josivaldo-santana-e-confirmada-em-convencao-do-uniao-brasil\/","og_locale":"pt_BR","og_type":"article","og_title":"Candidatura a vereador de Josivaldo Santana \u00e9 confirmada em conven\u00e7\u00e3o do Uni\u00e3o Brasil - Portal MF","og_description":"Nesta ter\u00e7a-feira (29), aconteceu em uma casa de eventos de Feira de Santana conven\u00e7\u00e3o Uni\u00e3o Brasil, que oficializou os nomes dos candidatos \u00e0 elei\u00e7\u00e3o deste ano. Durante o evento o nome do empres\u00e1rio Josivaldo Santana foi confirmado e ir\u00e1 concorrer a uma das 21 cadeiras a C\u00e2mara Municipal de Feira de Santana. \u201cNos \u00faltimos meses [&hellip;]","og_url":"https:\/\/portalmf.com.br\/index.php\/2024\/08\/02\/candidatura-a-vereador-de-josivaldo-santana-e-confirmada-em-convencao-do-uniao-brasil\/","og_site_name":"Portal MF","article_author":"reginaldojrfsa","article_published_time":"2024-08-02T19:32:36+00:00","article_modified_time":"2024-08-02T19:32:38+00:00","og_image":[{"width":800,"height":533,"url":"https:\/\/portalmf.com.br\/wp-content\/uploads\/2024\/08\/Candidatura-a-vereador-de-Josivaldo-Santana-e-confirmada-em-convencao-do-Uniao-Brasil.jpg","type":"image\/jpeg"}],"author":"Reginaldo J\u00fanior","twitter_card":"summary_large_image","twitter_creator":"@reginaldojrmf","twitter_misc":{"Escrito por":"Reginaldo J\u00fanior","Est. tempo de leitura":"2 minutos"},"schema":{"@context":"https:\/\/schema.org","@graph":[{"@type":"WebPage","@id":"https:\/\/portalmf.com.br\/index.php\/2024\/08\/02\/candidatura-a-vereador-de-josivaldo-santana-e-confirmada-em-convencao-do-uniao-brasil\/","url":"https:\/\/portalmf.com.br\/index.php\/2024\/08\/02\/candidatura-a-vereador-de-josivaldo-santana-e-confirmada-em-convencao-do-uniao-brasil\/","name":"Candidatura a vereador de Josivaldo Santana \u00e9 confirmada em conven\u00e7\u00e3o do Uni\u00e3o Brasil - Portal MF","isPartOf":{"@id":"https:\/\/portalmf.com.br\/#website"},"primaryImageOfPage":{"@id":"https:\/\/portalmf.com.br\/index.php\/2024\/08\/02\/candidatura-a-vereador-de-josivaldo-santana-e-confirmada-em-convencao-do-uniao-brasil\/#primaryimage"},"image":{"@id":"https:\/\/portalmf.com.br\/index.php\/2024\/08\/02\/candidatura-a-vereador-de-josivaldo-santana-e-confirmada-em-convencao-do-uniao-brasil\/#primaryimage"},"thumbnailUrl":"https:\/\/portalmf.com.br\/wp-content\/uploads\/2024\/08\/Candidatura-a-vereador-de-Josivaldo-Santana-e-confirmada-em-convencao-do-Uniao-Brasil.jpg","datePublished":"2024-08-02T19:32:36+00:00","dateModified":"2024-08-02T19:32:38+00:00","author":{"@id":"https:\/\/portalmf.com.br\/#\/schema\/person\/11c82086fe8abc05a19147e964587285"},"breadcrumb":{"@id":"https:\/\/portalmf.com.br\/index.php\/2024\/08\/02\/candidatura-a-vereador-de-josivaldo-santana-e-confirmada-em-convencao-do-uniao-brasil\/#breadcrumb"},"inLanguage":"pt-BR","potentialAction":[{"@type":"ReadAction","target":["https:\/\/portalmf.com.br\/index.php\/2024\/08\/02\/candidatura-a-vereador-de-josivaldo-santana-e-confirmada-em-convencao-do-uniao-brasil\/"]}]},{"@type":"ImageObject","inLanguage":"pt-BR","@id":"https:\/\/portalmf.com.br\/index.php\/2024\/08\/02\/candidatura-a-vereador-de-josivaldo-santana-e-confirmada-em-convencao-do-uniao-brasil\/#primaryimage","url":"https:\/\/portalmf.com.br\/wp-content\/uploads\/2024\/08\/Candidatura-a-vereador-de-Josivaldo-Santana-e-confirmada-em-convencao-do-Uniao-Brasil.jpg","contentUrl":"https:\/\/portalmf.com.br\/wp-content\/uploads\/2024\/08\/Candidatura-a-vereador-de-Josivaldo-Santana-e-confirmada-em-convencao-do-Uniao-Brasil.jpg","width":800,"height":533},{"@type":"BreadcrumbList","@id":"https:\/\/portalmf.com.br\/index.php\/2024\/08\/02\/candidatura-a-vereador-de-josivaldo-santana-e-confirmada-em-convencao-do-uniao-brasil\/#breadcrumb","itemListElement":[{"@type":"ListItem","position":1,"name":"In\u00edcio","item":"https:\/\/portalmf.com.br\/"},{"@type":"ListItem","position":2,"name":"Candidatura a vereador de Josivaldo Santana \u00e9 confirmada em conven\u00e7\u00e3o do Uni\u00e3o Brasil"}]},{"@type":"WebSite","@id":"https:\/\/portalmf.com.br\/#website","url":"https:\/\/portalmf.com.br\/","name":"Portal MF","description":"Voc\u00ea conectado com a informa\u00e7\u00e3o","potentialAction":[{"@type":"SearchAction","target":{"@type":"EntryPoint","urlTemplate":"https:\/\/portalmf.com.br\/?s={search_term_string}"},"query-input":"required name=search_term_string"}],"inLanguage":"pt-BR"},{"@type":"Person","@id":"https:\/\/portalmf.com.br\/#\/schema\/person\/11c82086fe8abc05a19147e964587285","name":"Reginaldo J\u00fanior","image":{"@type":"ImageObject","inLanguage":"pt-BR","@id":"https:\/\/portalmf.com.br\/#\/schema\/person\/image\/","url":"https:\/\/secure.gravatar.com\/avatar\/32a3c797cd0ac47cc53b8644c62776f9?s=96&d=mm&r=g","contentUrl":"https:\/\/secure.gravatar.com\/avatar\/32a3c797cd0ac47cc53b8644c62776f9?s=96&d=mm&r=g","caption":"Reginaldo J\u00fanior"},"description":"Jornalista e idealizador Portal MF","sameAs":["https:\/\/portalmf.com.br\/index.php\/author\/reginaldojr\/","reginaldojrfsa","reginaldojuniormf","https:\/\/x.com\/reginaldojrmf"],"url":"https:\/\/portalmf.com.br\/index.php\/author\/reginaldojr\/"}]}},"_links":{"self":[{"href":"https:\/\/portalmf.com.br\/index.php\/wp-json\/wp\/v2\/posts\/28481"}],"collection":[{"href":"https:\/\/portalmf.com.br\/index.php\/wp-json\/wp\/v2\/posts"}],"about":[{"href":"https:\/\/portalmf.com.br\/index.php\/wp-json\/wp\/v2\/types\/post"}],"author":[{"embeddable":true,"href":"https:\/\/portalmf.com.br\/index.php\/wp-json\/wp\/v2\/users\/2"}],"replies":[{"embeddable":true,"href":"https:\/\/portalmf.com.br\/index.php\/wp-json\/wp\/v2\/comments?post=28481"}],"version-history":[{"count":1,"href":"https:\/\/portalmf.com.br\/index.php\/wp-json\/wp\/v2\/posts\/28481\/revisions"}],"predecessor-version":[{"id":28485,"href":"https:\/\/portalmf.com.br\/index.php\/wp-json\/wp\/v2\/posts\/28481\/revisions\/28485"}],"wp:featuredmedia":[{"embeddable":true,"href":"https:\/\/portalmf.com.br\/index.php\/wp-json\/wp\/v2\/media\/28482"}],"wp:attachment":[{"href":"https:\/\/portalmf.com.br\/index.php\/wp-json\/wp\/v2\/media?parent=28481"}],"wp:term":[{"taxonomy":"category","embeddable":true,"href":"https:\/\/portalmf.com.br\/index.php\/wp-json\/wp\/v2\/categories?post=28481"},{"taxonomy":"post_tag","embeddable":true,"href":"https:\/\/portalmf.com.br\/index.php\/wp-json\/wp\/v2\/tags?post=28481"}],"curies":[{"name":"wp","href":"https:\/\/api.w.org\/{rel}","templated":true}]}}