{"id":28472,"date":"2024-08-02T15:10:49","date_gmt":"2024-08-02T18:10:49","guid":{"rendered":"https:\/\/portalmf.com.br\/?p=28472"},"modified":"2024-08-02T15:10:50","modified_gmt":"2024-08-02T18:10:50","slug":"candidato-a-reeleicao-em-serra-preta-assume-a-lideranca-em-pesquisa","status":"publish","type":"post","link":"https:\/\/portalmf.com.br\/index.php\/2024\/08\/02\/candidato-a-reeleicao-em-serra-preta-assume-a-lideranca-em-pesquisa\/","title":{"rendered":"Candidato a reelei\u00e7\u00e3o em Serra Preta assume a lideran\u00e7a em pesquisa"},"content":{"rendered":"\n<p>De acordo com uma mat\u00e9ria publicada pela Folha do Estado, o pr\u00e9-candidato \u00e0 reelei\u00e7\u00e3o para a prefeitura de Serra Preta, Franklin Leite (Avante), lidera a pesquisa de inten\u00e7\u00e3o de votos no munic\u00edpio, superando o pr\u00e9-candidato Vando Figueredo (PSB). O levantamento foi conduzido pelo Instituto Economic Consultoria &amp; Pesquisas e divulgado na \u00faltima ter\u00e7a-feira (30).<\/p>\n\n\n\n<p>A pesquisa, realizada entre 20 e 23 de julho, revelou que Franklin Leite possui 54,05% das inten\u00e7\u00f5es de votos v\u00e1lidos, enquanto Vando Figueredo tem 43,45%. Mareni Cabeleireira (PT) aparece em terceiro lugar com 2,49%. Na pesquisa espont\u00e2nea, Franklin Leite lidera com 41,33% das inten\u00e7\u00f5es, seguido por Vando com 32,00% e Mareni com 1,50%. Os votos em branco\/nulos somam 4,33% e aqueles que n\u00e3o souberam ou n\u00e3o opinaram representam 20,83%.<\/p>\n\n\n\n<p>Na pesquisa estimulada, Franklin Leite tamb\u00e9m se destaca com 43,33% das respostas, enquanto Vando Figueredo obt\u00e9m 34,83% e Mareni Cabeleireira, 2%. Al\u00e9m disso, 2,67% dos entrevistados indicaram que n\u00e3o escolheriam nenhum dos candidatos apresentados, e 3,33% votariam em branco\/nulo, com 13,83% n\u00e3o sabendo ou n\u00e3o opinando.<\/p>\n\n\n\n<p>Sobre a percep\u00e7\u00e3o da vit\u00f3ria, 48,50% dos entrevistados acreditam que Franklin Leite vencer\u00e1 as elei\u00e7\u00f5es, em compara\u00e7\u00e3o com 33,50% que acreditam na vit\u00f3ria de Vando Figueredo. Mareni Cabeleireira recebeu 0,33% das respostas favor\u00e1veis, e 17,50% dos entrevistados n\u00e3o souberam ou n\u00e3o opinaram.<\/p>\n\n\n\n<p>Em rela\u00e7\u00e3o \u00e0 avalia\u00e7\u00e3o do governo do atual prefeito Franklin Leite, a maioria dos entrevistados considera a gest\u00e3o positiva, com 39,67% avaliando-a como \u00f3tima ou boa, 34,50% como regular, e 25,16% como ruim ou p\u00e9ssima.<\/p>\n\n\n\n<p>A pesquisa foi encomendada pelo Grupo Folha do Estado e executada pelo Instituto Economic Consultoria &amp; Pesquisas. Est\u00e1 registrada no Tribunal Superior Eleitoral (TSE) sob o c\u00f3digo BA-03059\/2024. Foram realizadas 600 entrevistas em um universo eleitoral de 17.361 eleitores, com uma margem de erro estimada de 3,93% e um n\u00edvel de confian\u00e7a de 95%.<\/p>\n","protected":false},"excerpt":{"rendered":"<p>De acordo com uma mat\u00e9ria publicada pela Folha do Estado, o pr\u00e9-candidato \u00e0 reelei\u00e7\u00e3o para a prefeitura de Serra Preta, Franklin Leite (Avante), lidera a pesquisa de inten\u00e7\u00e3o de votos no munic\u00edpio, superando o pr\u00e9-candidato Vando Figueredo (PSB). O levantamento foi conduzido pelo Instituto Economic Consultoria &amp; Pesquisas e divulgado na \u00faltima ter\u00e7a-feira (30). A [&hellip;]<\/p>\n","protected":false},"author":3,"featured_media":28473,"comment_status":"open","ping_status":"open","sticky":false,"template":"","format":"standard","meta":{"_monsterinsights_skip_tracking":false,"_monsterinsights_sitenote_active":false,"_monsterinsights_sitenote_note":"","_monsterinsights_sitenote_category":0,"footnotes":""},"categories":[301,34],"tags":[],"yoast_head":"<!-- This site is optimized with the Yoast SEO plugin v22.9 - https:\/\/yoast.com\/wordpress\/plugins\/seo\/ -->\n<title>Candidato a reelei\u00e7\u00e3o em Serra Preta assume a lideran\u00e7a em pesquisa - Portal MF<\/title>\n<meta name=\"robots\" content=\"index, follow, max-snippet:-1, max-image-preview:large, max-video-preview:-1\" \/>\n<link rel=\"canonical\" href=\"https:\/\/portalmf.com.br\/index.php\/2024\/08\/02\/candidato-a-reeleicao-em-serra-preta-assume-a-lideranca-em-pesquisa\/\" \/>\n<meta property=\"og:locale\" content=\"pt_BR\" \/>\n<meta property=\"og:type\" content=\"article\" \/>\n<meta property=\"og:title\" content=\"Candidato a reelei\u00e7\u00e3o em Serra Preta assume a lideran\u00e7a em pesquisa - Portal MF\" \/>\n<meta property=\"og:description\" content=\"De acordo com uma mat\u00e9ria publicada pela Folha do Estado, o pr\u00e9-candidato \u00e0 reelei\u00e7\u00e3o para a prefeitura de Serra Preta, Franklin Leite (Avante), lidera a pesquisa de inten\u00e7\u00e3o de votos no munic\u00edpio, superando o pr\u00e9-candidato Vando Figueredo (PSB). O levantamento foi conduzido pelo Instituto Economic Consultoria &amp; Pesquisas e divulgado na \u00faltima ter\u00e7a-feira (30). A [&hellip;]\" \/>\n<meta property=\"og:url\" content=\"https:\/\/portalmf.com.br\/index.php\/2024\/08\/02\/candidato-a-reeleicao-em-serra-preta-assume-a-lideranca-em-pesquisa\/\" \/>\n<meta property=\"og:site_name\" content=\"Portal MF\" \/>\n<meta property=\"article:author\" content=\"https:\/\/www.facebook.com\/portalmfoficial\" \/>\n<meta property=\"article:published_time\" content=\"2024-08-02T18:10:49+00:00\" \/>\n<meta property=\"article:modified_time\" content=\"2024-08-02T18:10:50+00:00\" \/>\n<meta property=\"og:image\" content=\"https:\/\/portalmf.com.br\/wp-content\/uploads\/2024\/08\/Frankilin-Leite.jpg\" \/>\n\t<meta property=\"og:image:width\" content=\"800\" \/>\n\t<meta property=\"og:image:height\" content=\"600\" \/>\n\t<meta property=\"og:image:type\" content=\"image\/jpeg\" \/>\n<meta name=\"author\" content=\"Reda\u00e7\u00e3o Portal MF\" \/>\n<meta name=\"twitter:card\" content=\"summary_large_image\" \/>\n<meta name=\"twitter:creator\" content=\"@https:\/\/x.com\/portalmfoficial\" \/>\n<meta name=\"twitter:label1\" content=\"Escrito por\" \/>\n\t<meta name=\"twitter:data1\" content=\"Reda\u00e7\u00e3o Portal MF\" \/>\n\t<meta name=\"twitter:label2\" content=\"Est. tempo de leitura\" \/>\n\t<meta name=\"twitter:data2\" content=\"2 minutos\" \/>\n<script type=\"application\/ld+json\" class=\"yoast-schema-graph\">{\"@context\":\"https:\/\/schema.org\",\"@graph\":[{\"@type\":\"WebPage\",\"@id\":\"https:\/\/portalmf.com.br\/index.php\/2024\/08\/02\/candidato-a-reeleicao-em-serra-preta-assume-a-lideranca-em-pesquisa\/\",\"url\":\"https:\/\/portalmf.com.br\/index.php\/2024\/08\/02\/candidato-a-reeleicao-em-serra-preta-assume-a-lideranca-em-pesquisa\/\",\"name\":\"Candidato a reelei\u00e7\u00e3o em Serra Preta assume a lideran\u00e7a em pesquisa - Portal MF\",\"isPartOf\":{\"@id\":\"https:\/\/portalmf.com.br\/#website\"},\"primaryImageOfPage\":{\"@id\":\"https:\/\/portalmf.com.br\/index.php\/2024\/08\/02\/candidato-a-reeleicao-em-serra-preta-assume-a-lideranca-em-pesquisa\/#primaryimage\"},\"image\":{\"@id\":\"https:\/\/portalmf.com.br\/index.php\/2024\/08\/02\/candidato-a-reeleicao-em-serra-preta-assume-a-lideranca-em-pesquisa\/#primaryimage\"},\"thumbnailUrl\":\"https:\/\/portalmf.com.br\/wp-content\/uploads\/2024\/08\/Frankilin-Leite.jpg\",\"datePublished\":\"2024-08-02T18:10:49+00:00\",\"dateModified\":\"2024-08-02T18:10:50+00:00\",\"author\":{\"@id\":\"https:\/\/portalmf.com.br\/#\/schema\/person\/9ec101baf56233e53520c26de5d6f6f0\"},\"breadcrumb\":{\"@id\":\"https:\/\/portalmf.com.br\/index.php\/2024\/08\/02\/candidato-a-reeleicao-em-serra-preta-assume-a-lideranca-em-pesquisa\/#breadcrumb\"},\"inLanguage\":\"pt-BR\",\"potentialAction\":[{\"@type\":\"ReadAction\",\"target\":[\"https:\/\/portalmf.com.br\/index.php\/2024\/08\/02\/candidato-a-reeleicao-em-serra-preta-assume-a-lideranca-em-pesquisa\/\"]}]},{\"@type\":\"ImageObject\",\"inLanguage\":\"pt-BR\",\"@id\":\"https:\/\/portalmf.com.br\/index.php\/2024\/08\/02\/candidato-a-reeleicao-em-serra-preta-assume-a-lideranca-em-pesquisa\/#primaryimage\",\"url\":\"https:\/\/portalmf.com.br\/wp-content\/uploads\/2024\/08\/Frankilin-Leite.jpg\",\"contentUrl\":\"https:\/\/portalmf.com.br\/wp-content\/uploads\/2024\/08\/Frankilin-Leite.jpg\",\"width\":800,\"height\":600},{\"@type\":\"BreadcrumbList\",\"@id\":\"https:\/\/portalmf.com.br\/index.php\/2024\/08\/02\/candidato-a-reeleicao-em-serra-preta-assume-a-lideranca-em-pesquisa\/#breadcrumb\",\"itemListElement\":[{\"@type\":\"ListItem\",\"position\":1,\"name\":\"In\u00edcio\",\"item\":\"https:\/\/portalmf.com.br\/\"},{\"@type\":\"ListItem\",\"position\":2,\"name\":\"Candidato a reelei\u00e7\u00e3o em Serra Preta assume a lideran\u00e7a em pesquisa\"}]},{\"@type\":\"WebSite\",\"@id\":\"https:\/\/portalmf.com.br\/#website\",\"url\":\"https:\/\/portalmf.com.br\/\",\"name\":\"Portal MF\",\"description\":\"Voc\u00ea conectado com a informa\u00e7\u00e3o\",\"potentialAction\":[{\"@type\":\"SearchAction\",\"target\":{\"@type\":\"EntryPoint\",\"urlTemplate\":\"https:\/\/portalmf.com.br\/?s={search_term_string}\"},\"query-input\":\"required name=search_term_string\"}],\"inLanguage\":\"pt-BR\"},{\"@type\":\"Person\",\"@id\":\"https:\/\/portalmf.com.br\/#\/schema\/person\/9ec101baf56233e53520c26de5d6f6f0\",\"name\":\"Reda\u00e7\u00e3o Portal MF\",\"image\":{\"@type\":\"ImageObject\",\"inLanguage\":\"pt-BR\",\"@id\":\"https:\/\/portalmf.com.br\/#\/schema\/person\/image\/\",\"url\":\"https:\/\/secure.gravatar.com\/avatar\/41b9aaeb2100835f7c64362330f74c7f?s=96&d=mm&r=g\",\"contentUrl\":\"https:\/\/secure.gravatar.com\/avatar\/41b9aaeb2100835f7c64362330f74c7f?s=96&d=mm&r=g\",\"caption\":\"Reda\u00e7\u00e3o Portal MF\"},\"description\":\"Sejam bem-vindos o portal de informa\u00e7\u00f5es de entretenimento de Feira de Santana, desde 2006 realiza coberturas dos principais eventos com entrevistas exclusivas com as principais personalidades mundiais. Fique conectado tamb\u00e9m nas redes sociais.\",\"sameAs\":[\"http:\/\/www.portalmf.com.br\/\",\"https:\/\/www.facebook.com\/portalmfoficial\",\"https:\/\/www.instagram.com\/portalmf\/\",\"https:\/\/x.com\/https:\/\/x.com\/portalmfoficial\",\"https:\/\/www.youtube.com\/@portalmfoficial\"],\"url\":\"https:\/\/portalmf.com.br\/index.php\/author\/junior\/\"}]}<\/script>\n<!-- \/ Yoast SEO plugin. -->","yoast_head_json":{"title":"Candidato a reelei\u00e7\u00e3o em Serra Preta assume a lideran\u00e7a em pesquisa - Portal MF","robots":{"index":"index","follow":"follow","max-snippet":"max-snippet:-1","max-image-preview":"max-image-preview:large","max-video-preview":"max-video-preview:-1"},"canonical":"https:\/\/portalmf.com.br\/index.php\/2024\/08\/02\/candidato-a-reeleicao-em-serra-preta-assume-a-lideranca-em-pesquisa\/","og_locale":"pt_BR","og_type":"article","og_title":"Candidato a reelei\u00e7\u00e3o em Serra Preta assume a lideran\u00e7a em pesquisa - Portal MF","og_description":"De acordo com uma mat\u00e9ria publicada pela Folha do Estado, o pr\u00e9-candidato \u00e0 reelei\u00e7\u00e3o para a prefeitura de Serra Preta, Franklin Leite (Avante), lidera a pesquisa de inten\u00e7\u00e3o de votos no munic\u00edpio, superando o pr\u00e9-candidato Vando Figueredo (PSB). O levantamento foi conduzido pelo Instituto Economic Consultoria &amp; Pesquisas e divulgado na \u00faltima ter\u00e7a-feira (30). A [&hellip;]","og_url":"https:\/\/portalmf.com.br\/index.php\/2024\/08\/02\/candidato-a-reeleicao-em-serra-preta-assume-a-lideranca-em-pesquisa\/","og_site_name":"Portal MF","article_author":"https:\/\/www.facebook.com\/portalmfoficial","article_published_time":"2024-08-02T18:10:49+00:00","article_modified_time":"2024-08-02T18:10:50+00:00","og_image":[{"width":800,"height":600,"url":"https:\/\/portalmf.com.br\/wp-content\/uploads\/2024\/08\/Frankilin-Leite.jpg","type":"image\/jpeg"}],"author":"Reda\u00e7\u00e3o Portal MF","twitter_card":"summary_large_image","twitter_creator":"@https:\/\/x.com\/portalmfoficial","twitter_misc":{"Escrito por":"Reda\u00e7\u00e3o Portal MF","Est. tempo de leitura":"2 minutos"},"schema":{"@context":"https:\/\/schema.org","@graph":[{"@type":"WebPage","@id":"https:\/\/portalmf.com.br\/index.php\/2024\/08\/02\/candidato-a-reeleicao-em-serra-preta-assume-a-lideranca-em-pesquisa\/","url":"https:\/\/portalmf.com.br\/index.php\/2024\/08\/02\/candidato-a-reeleicao-em-serra-preta-assume-a-lideranca-em-pesquisa\/","name":"Candidato a reelei\u00e7\u00e3o em Serra Preta assume a lideran\u00e7a em pesquisa - Portal MF","isPartOf":{"@id":"https:\/\/portalmf.com.br\/#website"},"primaryImageOfPage":{"@id":"https:\/\/portalmf.com.br\/index.php\/2024\/08\/02\/candidato-a-reeleicao-em-serra-preta-assume-a-lideranca-em-pesquisa\/#primaryimage"},"image":{"@id":"https:\/\/portalmf.com.br\/index.php\/2024\/08\/02\/candidato-a-reeleicao-em-serra-preta-assume-a-lideranca-em-pesquisa\/#primaryimage"},"thumbnailUrl":"https:\/\/portalmf.com.br\/wp-content\/uploads\/2024\/08\/Frankilin-Leite.jpg","datePublished":"2024-08-02T18:10:49+00:00","dateModified":"2024-08-02T18:10:50+00:00","author":{"@id":"https:\/\/portalmf.com.br\/#\/schema\/person\/9ec101baf56233e53520c26de5d6f6f0"},"breadcrumb":{"@id":"https:\/\/portalmf.com.br\/index.php\/2024\/08\/02\/candidato-a-reeleicao-em-serra-preta-assume-a-lideranca-em-pesquisa\/#breadcrumb"},"inLanguage":"pt-BR","potentialAction":[{"@type":"ReadAction","target":["https:\/\/portalmf.com.br\/index.php\/2024\/08\/02\/candidato-a-reeleicao-em-serra-preta-assume-a-lideranca-em-pesquisa\/"]}]},{"@type":"ImageObject","inLanguage":"pt-BR","@id":"https:\/\/portalmf.com.br\/index.php\/2024\/08\/02\/candidato-a-reeleicao-em-serra-preta-assume-a-lideranca-em-pesquisa\/#primaryimage","url":"https:\/\/portalmf.com.br\/wp-content\/uploads\/2024\/08\/Frankilin-Leite.jpg","contentUrl":"https:\/\/portalmf.com.br\/wp-content\/uploads\/2024\/08\/Frankilin-Leite.jpg","width":800,"height":600},{"@type":"BreadcrumbList","@id":"https:\/\/portalmf.com.br\/index.php\/2024\/08\/02\/candidato-a-reeleicao-em-serra-preta-assume-a-lideranca-em-pesquisa\/#breadcrumb","itemListElement":[{"@type":"ListItem","position":1,"name":"In\u00edcio","item":"https:\/\/portalmf.com.br\/"},{"@type":"ListItem","position":2,"name":"Candidato a reelei\u00e7\u00e3o em Serra Preta assume a lideran\u00e7a em pesquisa"}]},{"@type":"WebSite","@id":"https:\/\/portalmf.com.br\/#website","url":"https:\/\/portalmf.com.br\/","name":"Portal MF","description":"Voc\u00ea conectado com a informa\u00e7\u00e3o","potentialAction":[{"@type":"SearchAction","target":{"@type":"EntryPoint","urlTemplate":"https:\/\/portalmf.com.br\/?s={search_term_string}"},"query-input":"required name=search_term_string"}],"inLanguage":"pt-BR"},{"@type":"Person","@id":"https:\/\/portalmf.com.br\/#\/schema\/person\/9ec101baf56233e53520c26de5d6f6f0","name":"Reda\u00e7\u00e3o Portal MF","image":{"@type":"ImageObject","inLanguage":"pt-BR","@id":"https:\/\/portalmf.com.br\/#\/schema\/person\/image\/","url":"https:\/\/secure.gravatar.com\/avatar\/41b9aaeb2100835f7c64362330f74c7f?s=96&d=mm&r=g","contentUrl":"https:\/\/secure.gravatar.com\/avatar\/41b9aaeb2100835f7c64362330f74c7f?s=96&d=mm&r=g","caption":"Reda\u00e7\u00e3o Portal MF"},"description":"Sejam bem-vindos o portal de informa\u00e7\u00f5es de entretenimento de Feira de Santana, desde 2006 realiza coberturas dos principais eventos com entrevistas exclusivas com as principais personalidades mundiais. Fique conectado tamb\u00e9m nas redes sociais.","sameAs":["http:\/\/www.portalmf.com.br\/","https:\/\/www.facebook.com\/portalmfoficial","https:\/\/www.instagram.com\/portalmf\/","https:\/\/x.com\/https:\/\/x.com\/portalmfoficial","https:\/\/www.youtube.com\/@portalmfoficial"],"url":"https:\/\/portalmf.com.br\/index.php\/author\/junior\/"}]}},"_links":{"self":[{"href":"https:\/\/portalmf.com.br\/index.php\/wp-json\/wp\/v2\/posts\/28472"}],"collection":[{"href":"https:\/\/portalmf.com.br\/index.php\/wp-json\/wp\/v2\/posts"}],"about":[{"href":"https:\/\/portalmf.com.br\/index.php\/wp-json\/wp\/v2\/types\/post"}],"author":[{"embeddable":true,"href":"https:\/\/portalmf.com.br\/index.php\/wp-json\/wp\/v2\/users\/3"}],"replies":[{"embeddable":true,"href":"https:\/\/portalmf.com.br\/index.php\/wp-json\/wp\/v2\/comments?post=28472"}],"version-history":[{"count":1,"href":"https:\/\/portalmf.com.br\/index.php\/wp-json\/wp\/v2\/posts\/28472\/revisions"}],"predecessor-version":[{"id":28474,"href":"https:\/\/portalmf.com.br\/index.php\/wp-json\/wp\/v2\/posts\/28472\/revisions\/28474"}],"wp:featuredmedia":[{"embeddable":true,"href":"https:\/\/portalmf.com.br\/index.php\/wp-json\/wp\/v2\/media\/28473"}],"wp:attachment":[{"href":"https:\/\/portalmf.com.br\/index.php\/wp-json\/wp\/v2\/media?parent=28472"}],"wp:term":[{"taxonomy":"category","embeddable":true,"href":"https:\/\/portalmf.com.br\/index.php\/wp-json\/wp\/v2\/categories?post=28472"},{"taxonomy":"post_tag","embeddable":true,"href":"https:\/\/portalmf.com.br\/index.php\/wp-json\/wp\/v2\/tags?post=28472"}],"curies":[{"name":"wp","href":"https:\/\/api.w.org\/{rel}","templated":true}]}}