{"id":28457,"date":"2024-08-02T12:44:27","date_gmt":"2024-08-02T15:44:27","guid":{"rendered":"https:\/\/portalmf.com.br\/?p=28457"},"modified":"2024-08-03T12:45:39","modified_gmt":"2024-08-03T15:45:39","slug":"sandro-nazireu-e-anunciado-pre-candidato-a-vice-de-ze-neto-em-feira-de-santana","status":"publish","type":"post","link":"https:\/\/portalmf.com.br\/index.php\/2024\/08\/02\/sandro-nazireu-e-anunciado-pre-candidato-a-vice-de-ze-neto-em-feira-de-santana\/","title":{"rendered":"Sandro Nazireu \u00e9 anunciado pr\u00e9-candidato a vice de Z\u00e9 Neto em Feira de Santana"},"content":{"rendered":"\n<p>Sandro Nazireu, evang\u00e9lico, cantor gospel e empres\u00e1rio da m\u00fasica, foi oficialmente anunciado como pr\u00e9-candidato a vice-prefeito de Z\u00e9 Neto em Feira de Santana, em coletiva de imprensa realizada na manh\u00e3 desta sexta-feira (02).<\/p>\n\n\n\n<p>A escolha foi feita e anunciada pelo Movimento Uni\u00e3o por Feira, ap\u00f3s decis\u00e3o da coordena\u00e7\u00e3o pol\u00edtica da campanha e da base aliada, composta pelo PT, PCdoB, PV, PP, PSOL, Rede, Avante, Podemos, PSB, Agir, PSD e MDB.<\/p>\n\n\n\n<p>Durante coletiva, Nazireu destacou a necessidade de um grande movimento de uni\u00e3o favor\u00e1vel \u00e0s mudan\u00e7as que a cidade precisa. <\/p>\n\n\n\n<p><em>\u201cQuando se fala em uni\u00e3o, a gente pensa tamb\u00e9m no processo de unidade. E quando eu comecei a entender isso, eu percebi que Feira precisa realmente estar unida pra gente conseguir mudar o quadro atual que ela se encontra. Ent\u00e3o tenho certeza que essa uni\u00e3o de todos n\u00f3s, evang\u00e9licos, pais, m\u00e3es, filhos, jovens, enfim, vai conseguir construir um futuro muito melhor para Feira\u201d.<\/em><\/p>\n\n\n\n<p>Z\u00e9 Neto destacou que <em>\u201cv\u00e1rios nomes importantes da nossa caminhada fizeram parte das discuss\u00f5es para escolha do vice, e hoje apresentamos Sandro Nazireu para representar essa s\u00edntese que propomos pra cidade. Uma lideran\u00e7a social importante, popular, evang\u00e9lica e da cidade, e que assim como n\u00f3s acredita que a uni\u00e3o vai construir um futuro a altura do que Feira merece. Vamos juntos, meu irm\u00e3o, Sandro Narizeu. A vontade de trabalhar por essa cidade nos une. Que Deus nos aben\u00e7oe\u201d.<\/em><\/p>\n\n\n\n<p><em>\u201cQuando passei a conhecer Z\u00e9 Neto, andar na casa dele, conhecer sua fam\u00edlia, eu vi o tamanho do ser humano que ele \u00e9, os trabalhos que ele tem desenvolvido e o quanto ele estava aberto, e est\u00e1, para falar com todos. Estamos juntos nessa miss\u00e3o!\u201d<\/em>, completou Nazireu.<\/p>\n\n\n\n<p><strong>Biografia &#8211;<\/strong> Nascido em 6 de Maio de 1973, Sandro Nazireu, al\u00e9m de evang\u00e9lico, cantor gospel e empres\u00e1rio da m\u00fasica, foi candidato a deputado federal em 2022, quando promoveu o inovador slogan nas redes sociais <em>\u201cCrente Vota em Crente\u201d.<\/em> Sandro \u00e9 casado com Jana Nazireu, criadora de conte\u00fado digital, que tamb\u00e9m j\u00e1 foi candidata a vereadora em 2020 em Feira de Santana.<\/p>\n\n\n\n<p>Com carisma que lhe \u00e9 peculiar, sorriso largo e forte atua\u00e7\u00e3o no meio evang\u00e9lico, Nazireu chama aten\u00e7\u00e3o pela sua simplicidade, car\u00e1ter e vontade de construir um futuro melhor na cidade, especialmente nas a\u00e7\u00f5es que visem o desenvolvimento cultural e social da cidade. Filiado ao Partido PODEMOS, Nazireu \u00e9 tamb\u00e9m ligado ao Ex-Deputado Heber Santana.<\/p>\n\n\n\n<p>Como m\u00fasico tem trilhado um caminho de sucesso, tendo 5 discos de ouro, 1 disco de platina e 2 indica\u00e7\u00f5es ao Grammy latino. Em Feira, Sandro Nazireu esteve na coordena\u00e7\u00e3o das tr\u00eas edi\u00e7\u00f5es do Canta Feira (2024), promovido pelas Igrejas Evang\u00e9licas de Feira de Santana, com apoio de Z\u00e9 Neto [deputado federal] e em parceria com o Governo do Estado, bem como do Canta Bahia Feira de Santana (2023).<\/p>\n","protected":false},"excerpt":{"rendered":"<p>Sandro Nazireu, evang\u00e9lico, cantor gospel e empres\u00e1rio da m\u00fasica, foi oficialmente anunciado como pr\u00e9-candidato a vice-prefeito de Z\u00e9 Neto em Feira de Santana, em coletiva de imprensa realizada na manh\u00e3 desta sexta-feira (02). A escolha foi feita e anunciada pelo Movimento Uni\u00e3o por Feira, ap\u00f3s decis\u00e3o da coordena\u00e7\u00e3o pol\u00edtica da campanha e da base aliada, [&hellip;]<\/p>\n","protected":false},"author":3,"featured_media":28458,"comment_status":"open","ping_status":"open","sticky":false,"template":"","format":"standard","meta":{"_monsterinsights_skip_tracking":false,"_monsterinsights_sitenote_active":false,"_monsterinsights_sitenote_note":"","_monsterinsights_sitenote_category":0,"footnotes":""},"categories":[301,34],"tags":[],"yoast_head":"<!-- This site is optimized with the Yoast SEO plugin v22.9 - https:\/\/yoast.com\/wordpress\/plugins\/seo\/ -->\n<title>Sandro Nazireu \u00e9 anunciado pr\u00e9-candidato a vice de Z\u00e9 Neto em Feira de Santana - Portal MF<\/title>\n<meta name=\"robots\" content=\"index, follow, max-snippet:-1, max-image-preview:large, max-video-preview:-1\" \/>\n<link rel=\"canonical\" href=\"https:\/\/portalmf.com.br\/index.php\/2024\/08\/02\/sandro-nazireu-e-anunciado-pre-candidato-a-vice-de-ze-neto-em-feira-de-santana\/\" \/>\n<meta property=\"og:locale\" content=\"pt_BR\" \/>\n<meta property=\"og:type\" content=\"article\" \/>\n<meta property=\"og:title\" content=\"Sandro Nazireu \u00e9 anunciado pr\u00e9-candidato a vice de Z\u00e9 Neto em Feira de Santana - Portal MF\" \/>\n<meta property=\"og:description\" content=\"Sandro Nazireu, evang\u00e9lico, cantor gospel e empres\u00e1rio da m\u00fasica, foi oficialmente anunciado como pr\u00e9-candidato a vice-prefeito de Z\u00e9 Neto em Feira de Santana, em coletiva de imprensa realizada na manh\u00e3 desta sexta-feira (02). A escolha foi feita e anunciada pelo Movimento Uni\u00e3o por Feira, ap\u00f3s decis\u00e3o da coordena\u00e7\u00e3o pol\u00edtica da campanha e da base aliada, [&hellip;]\" \/>\n<meta property=\"og:url\" content=\"https:\/\/portalmf.com.br\/index.php\/2024\/08\/02\/sandro-nazireu-e-anunciado-pre-candidato-a-vice-de-ze-neto-em-feira-de-santana\/\" \/>\n<meta property=\"og:site_name\" content=\"Portal MF\" \/>\n<meta property=\"article:author\" content=\"https:\/\/www.facebook.com\/portalmfoficial\" \/>\n<meta property=\"article:published_time\" content=\"2024-08-02T15:44:27+00:00\" \/>\n<meta property=\"article:modified_time\" content=\"2024-08-03T15:45:39+00:00\" \/>\n<meta property=\"og:image\" content=\"https:\/\/portalmf.com.br\/wp-content\/uploads\/2024\/08\/Sandro-Nazireu-e-anunciado-pre-candidato-a-vice-de-Ze-Neto-em-Feira.jpg\" \/>\n\t<meta property=\"og:image:width\" content=\"1416\" \/>\n\t<meta property=\"og:image:height\" content=\"900\" \/>\n\t<meta property=\"og:image:type\" content=\"image\/jpeg\" \/>\n<meta name=\"author\" content=\"Reda\u00e7\u00e3o Portal MF\" \/>\n<meta name=\"twitter:card\" content=\"summary_large_image\" \/>\n<meta name=\"twitter:creator\" content=\"@https:\/\/x.com\/portalmfoficial\" \/>\n<meta name=\"twitter:label1\" content=\"Escrito por\" \/>\n\t<meta name=\"twitter:data1\" content=\"Reda\u00e7\u00e3o Portal MF\" \/>\n\t<meta name=\"twitter:label2\" content=\"Est. tempo de leitura\" \/>\n\t<meta name=\"twitter:data2\" content=\"3 minutos\" \/>\n<script type=\"application\/ld+json\" class=\"yoast-schema-graph\">{\"@context\":\"https:\/\/schema.org\",\"@graph\":[{\"@type\":\"WebPage\",\"@id\":\"https:\/\/portalmf.com.br\/index.php\/2024\/08\/02\/sandro-nazireu-e-anunciado-pre-candidato-a-vice-de-ze-neto-em-feira-de-santana\/\",\"url\":\"https:\/\/portalmf.com.br\/index.php\/2024\/08\/02\/sandro-nazireu-e-anunciado-pre-candidato-a-vice-de-ze-neto-em-feira-de-santana\/\",\"name\":\"Sandro Nazireu \u00e9 anunciado pr\u00e9-candidato a vice de Z\u00e9 Neto em Feira de Santana - Portal MF\",\"isPartOf\":{\"@id\":\"https:\/\/portalmf.com.br\/#website\"},\"primaryImageOfPage\":{\"@id\":\"https:\/\/portalmf.com.br\/index.php\/2024\/08\/02\/sandro-nazireu-e-anunciado-pre-candidato-a-vice-de-ze-neto-em-feira-de-santana\/#primaryimage\"},\"image\":{\"@id\":\"https:\/\/portalmf.com.br\/index.php\/2024\/08\/02\/sandro-nazireu-e-anunciado-pre-candidato-a-vice-de-ze-neto-em-feira-de-santana\/#primaryimage\"},\"thumbnailUrl\":\"https:\/\/portalmf.com.br\/wp-content\/uploads\/2024\/08\/Sandro-Nazireu-e-anunciado-pre-candidato-a-vice-de-Ze-Neto-em-Feira.jpg\",\"datePublished\":\"2024-08-02T15:44:27+00:00\",\"dateModified\":\"2024-08-03T15:45:39+00:00\",\"author\":{\"@id\":\"https:\/\/portalmf.com.br\/#\/schema\/person\/9ec101baf56233e53520c26de5d6f6f0\"},\"breadcrumb\":{\"@id\":\"https:\/\/portalmf.com.br\/index.php\/2024\/08\/02\/sandro-nazireu-e-anunciado-pre-candidato-a-vice-de-ze-neto-em-feira-de-santana\/#breadcrumb\"},\"inLanguage\":\"pt-BR\",\"potentialAction\":[{\"@type\":\"ReadAction\",\"target\":[\"https:\/\/portalmf.com.br\/index.php\/2024\/08\/02\/sandro-nazireu-e-anunciado-pre-candidato-a-vice-de-ze-neto-em-feira-de-santana\/\"]}]},{\"@type\":\"ImageObject\",\"inLanguage\":\"pt-BR\",\"@id\":\"https:\/\/portalmf.com.br\/index.php\/2024\/08\/02\/sandro-nazireu-e-anunciado-pre-candidato-a-vice-de-ze-neto-em-feira-de-santana\/#primaryimage\",\"url\":\"https:\/\/portalmf.com.br\/wp-content\/uploads\/2024\/08\/Sandro-Nazireu-e-anunciado-pre-candidato-a-vice-de-Ze-Neto-em-Feira.jpg\",\"contentUrl\":\"https:\/\/portalmf.com.br\/wp-content\/uploads\/2024\/08\/Sandro-Nazireu-e-anunciado-pre-candidato-a-vice-de-Ze-Neto-em-Feira.jpg\",\"width\":1416,\"height\":900},{\"@type\":\"BreadcrumbList\",\"@id\":\"https:\/\/portalmf.com.br\/index.php\/2024\/08\/02\/sandro-nazireu-e-anunciado-pre-candidato-a-vice-de-ze-neto-em-feira-de-santana\/#breadcrumb\",\"itemListElement\":[{\"@type\":\"ListItem\",\"position\":1,\"name\":\"In\u00edcio\",\"item\":\"https:\/\/portalmf.com.br\/\"},{\"@type\":\"ListItem\",\"position\":2,\"name\":\"Sandro Nazireu \u00e9 anunciado pr\u00e9-candidato a vice de Z\u00e9 Neto em Feira de Santana\"}]},{\"@type\":\"WebSite\",\"@id\":\"https:\/\/portalmf.com.br\/#website\",\"url\":\"https:\/\/portalmf.com.br\/\",\"name\":\"Portal MF\",\"description\":\"Voc\u00ea conectado com a informa\u00e7\u00e3o\",\"potentialAction\":[{\"@type\":\"SearchAction\",\"target\":{\"@type\":\"EntryPoint\",\"urlTemplate\":\"https:\/\/portalmf.com.br\/?s={search_term_string}\"},\"query-input\":\"required name=search_term_string\"}],\"inLanguage\":\"pt-BR\"},{\"@type\":\"Person\",\"@id\":\"https:\/\/portalmf.com.br\/#\/schema\/person\/9ec101baf56233e53520c26de5d6f6f0\",\"name\":\"Reda\u00e7\u00e3o Portal MF\",\"image\":{\"@type\":\"ImageObject\",\"inLanguage\":\"pt-BR\",\"@id\":\"https:\/\/portalmf.com.br\/#\/schema\/person\/image\/\",\"url\":\"https:\/\/secure.gravatar.com\/avatar\/41b9aaeb2100835f7c64362330f74c7f?s=96&d=mm&r=g\",\"contentUrl\":\"https:\/\/secure.gravatar.com\/avatar\/41b9aaeb2100835f7c64362330f74c7f?s=96&d=mm&r=g\",\"caption\":\"Reda\u00e7\u00e3o Portal MF\"},\"description\":\"Sejam bem-vindos o portal de informa\u00e7\u00f5es de entretenimento de Feira de Santana, desde 2006 realiza coberturas dos principais eventos com entrevistas exclusivas com as principais personalidades mundiais. Fique conectado tamb\u00e9m nas redes sociais.\",\"sameAs\":[\"http:\/\/www.portalmf.com.br\/\",\"https:\/\/www.facebook.com\/portalmfoficial\",\"https:\/\/www.instagram.com\/portalmf\/\",\"https:\/\/x.com\/https:\/\/x.com\/portalmfoficial\",\"https:\/\/www.youtube.com\/@portalmfoficial\"],\"url\":\"https:\/\/portalmf.com.br\/index.php\/author\/junior\/\"}]}<\/script>\n<!-- \/ Yoast SEO plugin. -->","yoast_head_json":{"title":"Sandro Nazireu \u00e9 anunciado pr\u00e9-candidato a vice de Z\u00e9 Neto em Feira de Santana - Portal MF","robots":{"index":"index","follow":"follow","max-snippet":"max-snippet:-1","max-image-preview":"max-image-preview:large","max-video-preview":"max-video-preview:-1"},"canonical":"https:\/\/portalmf.com.br\/index.php\/2024\/08\/02\/sandro-nazireu-e-anunciado-pre-candidato-a-vice-de-ze-neto-em-feira-de-santana\/","og_locale":"pt_BR","og_type":"article","og_title":"Sandro Nazireu \u00e9 anunciado pr\u00e9-candidato a vice de Z\u00e9 Neto em Feira de Santana - Portal MF","og_description":"Sandro Nazireu, evang\u00e9lico, cantor gospel e empres\u00e1rio da m\u00fasica, foi oficialmente anunciado como pr\u00e9-candidato a vice-prefeito de Z\u00e9 Neto em Feira de Santana, em coletiva de imprensa realizada na manh\u00e3 desta sexta-feira (02). A escolha foi feita e anunciada pelo Movimento Uni\u00e3o por Feira, ap\u00f3s decis\u00e3o da coordena\u00e7\u00e3o pol\u00edtica da campanha e da base aliada, [&hellip;]","og_url":"https:\/\/portalmf.com.br\/index.php\/2024\/08\/02\/sandro-nazireu-e-anunciado-pre-candidato-a-vice-de-ze-neto-em-feira-de-santana\/","og_site_name":"Portal MF","article_author":"https:\/\/www.facebook.com\/portalmfoficial","article_published_time":"2024-08-02T15:44:27+00:00","article_modified_time":"2024-08-03T15:45:39+00:00","og_image":[{"width":1416,"height":900,"url":"https:\/\/portalmf.com.br\/wp-content\/uploads\/2024\/08\/Sandro-Nazireu-e-anunciado-pre-candidato-a-vice-de-Ze-Neto-em-Feira.jpg","type":"image\/jpeg"}],"author":"Reda\u00e7\u00e3o Portal MF","twitter_card":"summary_large_image","twitter_creator":"@https:\/\/x.com\/portalmfoficial","twitter_misc":{"Escrito por":"Reda\u00e7\u00e3o Portal MF","Est. tempo de leitura":"3 minutos"},"schema":{"@context":"https:\/\/schema.org","@graph":[{"@type":"WebPage","@id":"https:\/\/portalmf.com.br\/index.php\/2024\/08\/02\/sandro-nazireu-e-anunciado-pre-candidato-a-vice-de-ze-neto-em-feira-de-santana\/","url":"https:\/\/portalmf.com.br\/index.php\/2024\/08\/02\/sandro-nazireu-e-anunciado-pre-candidato-a-vice-de-ze-neto-em-feira-de-santana\/","name":"Sandro Nazireu \u00e9 anunciado pr\u00e9-candidato a vice de Z\u00e9 Neto em Feira de Santana - Portal MF","isPartOf":{"@id":"https:\/\/portalmf.com.br\/#website"},"primaryImageOfPage":{"@id":"https:\/\/portalmf.com.br\/index.php\/2024\/08\/02\/sandro-nazireu-e-anunciado-pre-candidato-a-vice-de-ze-neto-em-feira-de-santana\/#primaryimage"},"image":{"@id":"https:\/\/portalmf.com.br\/index.php\/2024\/08\/02\/sandro-nazireu-e-anunciado-pre-candidato-a-vice-de-ze-neto-em-feira-de-santana\/#primaryimage"},"thumbnailUrl":"https:\/\/portalmf.com.br\/wp-content\/uploads\/2024\/08\/Sandro-Nazireu-e-anunciado-pre-candidato-a-vice-de-Ze-Neto-em-Feira.jpg","datePublished":"2024-08-02T15:44:27+00:00","dateModified":"2024-08-03T15:45:39+00:00","author":{"@id":"https:\/\/portalmf.com.br\/#\/schema\/person\/9ec101baf56233e53520c26de5d6f6f0"},"breadcrumb":{"@id":"https:\/\/portalmf.com.br\/index.php\/2024\/08\/02\/sandro-nazireu-e-anunciado-pre-candidato-a-vice-de-ze-neto-em-feira-de-santana\/#breadcrumb"},"inLanguage":"pt-BR","potentialAction":[{"@type":"ReadAction","target":["https:\/\/portalmf.com.br\/index.php\/2024\/08\/02\/sandro-nazireu-e-anunciado-pre-candidato-a-vice-de-ze-neto-em-feira-de-santana\/"]}]},{"@type":"ImageObject","inLanguage":"pt-BR","@id":"https:\/\/portalmf.com.br\/index.php\/2024\/08\/02\/sandro-nazireu-e-anunciado-pre-candidato-a-vice-de-ze-neto-em-feira-de-santana\/#primaryimage","url":"https:\/\/portalmf.com.br\/wp-content\/uploads\/2024\/08\/Sandro-Nazireu-e-anunciado-pre-candidato-a-vice-de-Ze-Neto-em-Feira.jpg","contentUrl":"https:\/\/portalmf.com.br\/wp-content\/uploads\/2024\/08\/Sandro-Nazireu-e-anunciado-pre-candidato-a-vice-de-Ze-Neto-em-Feira.jpg","width":1416,"height":900},{"@type":"BreadcrumbList","@id":"https:\/\/portalmf.com.br\/index.php\/2024\/08\/02\/sandro-nazireu-e-anunciado-pre-candidato-a-vice-de-ze-neto-em-feira-de-santana\/#breadcrumb","itemListElement":[{"@type":"ListItem","position":1,"name":"In\u00edcio","item":"https:\/\/portalmf.com.br\/"},{"@type":"ListItem","position":2,"name":"Sandro Nazireu \u00e9 anunciado pr\u00e9-candidato a vice de Z\u00e9 Neto em Feira de Santana"}]},{"@type":"WebSite","@id":"https:\/\/portalmf.com.br\/#website","url":"https:\/\/portalmf.com.br\/","name":"Portal MF","description":"Voc\u00ea conectado com a informa\u00e7\u00e3o","potentialAction":[{"@type":"SearchAction","target":{"@type":"EntryPoint","urlTemplate":"https:\/\/portalmf.com.br\/?s={search_term_string}"},"query-input":"required name=search_term_string"}],"inLanguage":"pt-BR"},{"@type":"Person","@id":"https:\/\/portalmf.com.br\/#\/schema\/person\/9ec101baf56233e53520c26de5d6f6f0","name":"Reda\u00e7\u00e3o Portal MF","image":{"@type":"ImageObject","inLanguage":"pt-BR","@id":"https:\/\/portalmf.com.br\/#\/schema\/person\/image\/","url":"https:\/\/secure.gravatar.com\/avatar\/41b9aaeb2100835f7c64362330f74c7f?s=96&d=mm&r=g","contentUrl":"https:\/\/secure.gravatar.com\/avatar\/41b9aaeb2100835f7c64362330f74c7f?s=96&d=mm&r=g","caption":"Reda\u00e7\u00e3o Portal MF"},"description":"Sejam bem-vindos o portal de informa\u00e7\u00f5es de entretenimento de Feira de Santana, desde 2006 realiza coberturas dos principais eventos com entrevistas exclusivas com as principais personalidades mundiais. Fique conectado tamb\u00e9m nas redes sociais.","sameAs":["http:\/\/www.portalmf.com.br\/","https:\/\/www.facebook.com\/portalmfoficial","https:\/\/www.instagram.com\/portalmf\/","https:\/\/x.com\/https:\/\/x.com\/portalmfoficial","https:\/\/www.youtube.com\/@portalmfoficial"],"url":"https:\/\/portalmf.com.br\/index.php\/author\/junior\/"}]}},"_links":{"self":[{"href":"https:\/\/portalmf.com.br\/index.php\/wp-json\/wp\/v2\/posts\/28457"}],"collection":[{"href":"https:\/\/portalmf.com.br\/index.php\/wp-json\/wp\/v2\/posts"}],"about":[{"href":"https:\/\/portalmf.com.br\/index.php\/wp-json\/wp\/v2\/types\/post"}],"author":[{"embeddable":true,"href":"https:\/\/portalmf.com.br\/index.php\/wp-json\/wp\/v2\/users\/3"}],"replies":[{"embeddable":true,"href":"https:\/\/portalmf.com.br\/index.php\/wp-json\/wp\/v2\/comments?post=28457"}],"version-history":[{"count":1,"href":"https:\/\/portalmf.com.br\/index.php\/wp-json\/wp\/v2\/posts\/28457\/revisions"}],"predecessor-version":[{"id":28459,"href":"https:\/\/portalmf.com.br\/index.php\/wp-json\/wp\/v2\/posts\/28457\/revisions\/28459"}],"wp:featuredmedia":[{"embeddable":true,"href":"https:\/\/portalmf.com.br\/index.php\/wp-json\/wp\/v2\/media\/28458"}],"wp:attachment":[{"href":"https:\/\/portalmf.com.br\/index.php\/wp-json\/wp\/v2\/media?parent=28457"}],"wp:term":[{"taxonomy":"category","embeddable":true,"href":"https:\/\/portalmf.com.br\/index.php\/wp-json\/wp\/v2\/categories?post=28457"},{"taxonomy":"post_tag","embeddable":true,"href":"https:\/\/portalmf.com.br\/index.php\/wp-json\/wp\/v2\/tags?post=28457"}],"curies":[{"name":"wp","href":"https:\/\/api.w.org\/{rel}","templated":true}]}}