{"id":28435,"date":"2024-08-01T17:16:19","date_gmt":"2024-08-01T20:16:19","guid":{"rendered":"https:\/\/portalmf.com.br\/?p=28435"},"modified":"2024-08-01T17:16:20","modified_gmt":"2024-08-01T20:16:20","slug":"convencao-do-republicanos-homologa-candidatura-de-petronio-lima-a-vereador","status":"publish","type":"post","link":"https:\/\/portalmf.com.br\/index.php\/2024\/08\/01\/convencao-do-republicanos-homologa-candidatura-de-petronio-lima-a-vereador\/","title":{"rendered":"Conven\u00e7\u00e3o do Republicanos homologa candidatura de Petr\u00f4nio Lima a vereador"},"content":{"rendered":"\n<p>Na \u00faltima ter\u00e7a-feira (30), aconteceu a conven\u00e7\u00e3o municipal do partido Republicanos, que oficializou os nomes dos candidatos \u00e0 elei\u00e7\u00e3o deste ano. O evento aconteceu junto com a convers\u00e3o do Uni\u00e3o Brasil que oficializou a candidatura de Jos\u00e9 Ronaldo a cargo de prefeito e do deputado estadual Pablo Roberto a vice.<\/p>\n\n\n\n<p>Na ocasi\u00e3o o presidente do partido Republicanos em Feira de Santana, o vereador Eli Ribeiro e o deputado estadual Jos\u00e9 de Arimateia, oficializaram o apoio a Ronaldo e a Pablo, formando a coliga\u00e7\u00e3o na majorit\u00e1ria.<\/p>\n\n\n\n<figure class=\"wp-block-image size-full\"><img fetchpriority=\"high\" decoding=\"async\" width=\"800\" height=\"600\" src=\"https:\/\/portalmf.com.br\/wp-content\/uploads\/2024\/08\/Convencao-do-Republicanos-homologa-candidatura-de-Petronio-Lima-a-vereador_1.jpg\" alt=\"\" class=\"wp-image-28437\" srcset=\"https:\/\/portalmf.com.br\/wp-content\/uploads\/2024\/08\/Convencao-do-Republicanos-homologa-candidatura-de-Petronio-Lima-a-vereador_1.jpg 800w, https:\/\/portalmf.com.br\/wp-content\/uploads\/2024\/08\/Convencao-do-Republicanos-homologa-candidatura-de-Petronio-Lima-a-vereador_1-300x225.jpg 300w, https:\/\/portalmf.com.br\/wp-content\/uploads\/2024\/08\/Convencao-do-Republicanos-homologa-candidatura-de-Petronio-Lima-a-vereador_1-768x576.jpg 768w, https:\/\/portalmf.com.br\/wp-content\/uploads\/2024\/08\/Convencao-do-Republicanos-homologa-candidatura-de-Petronio-Lima-a-vereador_1-696x522.jpg 696w\" sizes=\"(max-width: 800px) 100vw, 800px\" \/><\/figure>\n\n\n\n<p>Entres os 22 nomes que disputaram a vaga a vereador, o ex-vereador Petr\u00f4nio Lima, teve o seu nome homologado e ir\u00e1 concorrer a uma cadeira na C\u00e2mara Municipal de Feira de Santana.<\/p>\n\n\n\n<p><em>\u201cA partir da conven\u00e7\u00e3o vamos come\u00e7ar a nossa caminhada, ao lado de Jos\u00e9 Ronaldo, dos deputados Jos\u00e9 de Arimateia e Marcio Marinho e do nosso grupo, vamos caminhar pela nossa comunidade, colocando o meu nome \u00e0 disposi\u00e7\u00e3o de todos voc\u00eas. Com f\u00e9 em Deus vamos consolidar o nosso trabalho mais uma vez\u201d,<\/em> disse Petr\u00f4nio.<\/p>\n\n\n\n<p>Essa ser\u00e1 a terceira vez que Petr\u00f4nio Lima ir\u00e1 disputar as elei\u00e7\u00f5es em Feira de Santana, o candidato exerceu o cargo de vereador entre 2021 e 2023.<\/p>\n","protected":false},"excerpt":{"rendered":"<p>Na \u00faltima ter\u00e7a-feira (30), aconteceu a conven\u00e7\u00e3o municipal do partido Republicanos, que oficializou os nomes dos candidatos \u00e0 elei\u00e7\u00e3o deste ano. O evento aconteceu junto com a convers\u00e3o do Uni\u00e3o Brasil que oficializou a candidatura de Jos\u00e9 Ronaldo a cargo de prefeito e do deputado estadual Pablo Roberto a vice. Na ocasi\u00e3o o presidente do [&hellip;]<\/p>\n","protected":false},"author":3,"featured_media":28436,"comment_status":"open","ping_status":"open","sticky":false,"template":"","format":"standard","meta":{"_monsterinsights_skip_tracking":false,"_monsterinsights_sitenote_active":false,"_monsterinsights_sitenote_note":"","_monsterinsights_sitenote_category":0,"footnotes":""},"categories":[301,34],"tags":[],"yoast_head":"<!-- This site is optimized with the Yoast SEO plugin v22.9 - https:\/\/yoast.com\/wordpress\/plugins\/seo\/ -->\n<title>Conven\u00e7\u00e3o do Republicanos homologa candidatura de Petr\u00f4nio Lima a vereador - Portal MF<\/title>\n<meta name=\"robots\" content=\"index, follow, max-snippet:-1, max-image-preview:large, max-video-preview:-1\" \/>\n<link rel=\"canonical\" href=\"https:\/\/portalmf.com.br\/index.php\/2024\/08\/01\/convencao-do-republicanos-homologa-candidatura-de-petronio-lima-a-vereador\/\" \/>\n<meta property=\"og:locale\" content=\"pt_BR\" \/>\n<meta property=\"og:type\" content=\"article\" \/>\n<meta property=\"og:title\" content=\"Conven\u00e7\u00e3o do Republicanos homologa candidatura de Petr\u00f4nio Lima a vereador - Portal MF\" \/>\n<meta property=\"og:description\" content=\"Na \u00faltima ter\u00e7a-feira (30), aconteceu a conven\u00e7\u00e3o municipal do partido Republicanos, que oficializou os nomes dos candidatos \u00e0 elei\u00e7\u00e3o deste ano. O evento aconteceu junto com a convers\u00e3o do Uni\u00e3o Brasil que oficializou a candidatura de Jos\u00e9 Ronaldo a cargo de prefeito e do deputado estadual Pablo Roberto a vice. Na ocasi\u00e3o o presidente do [&hellip;]\" \/>\n<meta property=\"og:url\" content=\"https:\/\/portalmf.com.br\/index.php\/2024\/08\/01\/convencao-do-republicanos-homologa-candidatura-de-petronio-lima-a-vereador\/\" \/>\n<meta property=\"og:site_name\" content=\"Portal MF\" \/>\n<meta property=\"article:author\" content=\"https:\/\/www.facebook.com\/portalmfoficial\" \/>\n<meta property=\"article:published_time\" content=\"2024-08-01T20:16:19+00:00\" \/>\n<meta property=\"article:modified_time\" content=\"2024-08-01T20:16:20+00:00\" \/>\n<meta property=\"og:image\" content=\"https:\/\/portalmf.com.br\/wp-content\/uploads\/2024\/08\/Convencao-do-Republicanos-homologa-candidatura-de-Petronio-Lima-a-vereador_.jpg\" \/>\n\t<meta property=\"og:image:width\" content=\"800\" \/>\n\t<meta property=\"og:image:height\" content=\"670\" \/>\n\t<meta property=\"og:image:type\" content=\"image\/jpeg\" \/>\n<meta name=\"author\" content=\"Reda\u00e7\u00e3o Portal MF\" \/>\n<meta name=\"twitter:card\" content=\"summary_large_image\" \/>\n<meta name=\"twitter:creator\" content=\"@https:\/\/x.com\/portalmfoficial\" \/>\n<meta name=\"twitter:label1\" content=\"Escrito por\" \/>\n\t<meta name=\"twitter:data1\" content=\"Reda\u00e7\u00e3o Portal MF\" \/>\n\t<meta name=\"twitter:label2\" content=\"Est. tempo de leitura\" \/>\n\t<meta name=\"twitter:data2\" content=\"2 minutos\" \/>\n<script type=\"application\/ld+json\" class=\"yoast-schema-graph\">{\"@context\":\"https:\/\/schema.org\",\"@graph\":[{\"@type\":\"WebPage\",\"@id\":\"https:\/\/portalmf.com.br\/index.php\/2024\/08\/01\/convencao-do-republicanos-homologa-candidatura-de-petronio-lima-a-vereador\/\",\"url\":\"https:\/\/portalmf.com.br\/index.php\/2024\/08\/01\/convencao-do-republicanos-homologa-candidatura-de-petronio-lima-a-vereador\/\",\"name\":\"Conven\u00e7\u00e3o do Republicanos homologa candidatura de Petr\u00f4nio Lima a vereador - Portal MF\",\"isPartOf\":{\"@id\":\"https:\/\/portalmf.com.br\/#website\"},\"primaryImageOfPage\":{\"@id\":\"https:\/\/portalmf.com.br\/index.php\/2024\/08\/01\/convencao-do-republicanos-homologa-candidatura-de-petronio-lima-a-vereador\/#primaryimage\"},\"image\":{\"@id\":\"https:\/\/portalmf.com.br\/index.php\/2024\/08\/01\/convencao-do-republicanos-homologa-candidatura-de-petronio-lima-a-vereador\/#primaryimage\"},\"thumbnailUrl\":\"https:\/\/portalmf.com.br\/wp-content\/uploads\/2024\/08\/Convencao-do-Republicanos-homologa-candidatura-de-Petronio-Lima-a-vereador_.jpg\",\"datePublished\":\"2024-08-01T20:16:19+00:00\",\"dateModified\":\"2024-08-01T20:16:20+00:00\",\"author\":{\"@id\":\"https:\/\/portalmf.com.br\/#\/schema\/person\/9ec101baf56233e53520c26de5d6f6f0\"},\"breadcrumb\":{\"@id\":\"https:\/\/portalmf.com.br\/index.php\/2024\/08\/01\/convencao-do-republicanos-homologa-candidatura-de-petronio-lima-a-vereador\/#breadcrumb\"},\"inLanguage\":\"pt-BR\",\"potentialAction\":[{\"@type\":\"ReadAction\",\"target\":[\"https:\/\/portalmf.com.br\/index.php\/2024\/08\/01\/convencao-do-republicanos-homologa-candidatura-de-petronio-lima-a-vereador\/\"]}]},{\"@type\":\"ImageObject\",\"inLanguage\":\"pt-BR\",\"@id\":\"https:\/\/portalmf.com.br\/index.php\/2024\/08\/01\/convencao-do-republicanos-homologa-candidatura-de-petronio-lima-a-vereador\/#primaryimage\",\"url\":\"https:\/\/portalmf.com.br\/wp-content\/uploads\/2024\/08\/Convencao-do-Republicanos-homologa-candidatura-de-Petronio-Lima-a-vereador_.jpg\",\"contentUrl\":\"https:\/\/portalmf.com.br\/wp-content\/uploads\/2024\/08\/Convencao-do-Republicanos-homologa-candidatura-de-Petronio-Lima-a-vereador_.jpg\",\"width\":800,\"height\":670},{\"@type\":\"BreadcrumbList\",\"@id\":\"https:\/\/portalmf.com.br\/index.php\/2024\/08\/01\/convencao-do-republicanos-homologa-candidatura-de-petronio-lima-a-vereador\/#breadcrumb\",\"itemListElement\":[{\"@type\":\"ListItem\",\"position\":1,\"name\":\"In\u00edcio\",\"item\":\"https:\/\/portalmf.com.br\/\"},{\"@type\":\"ListItem\",\"position\":2,\"name\":\"Conven\u00e7\u00e3o do Republicanos homologa candidatura de Petr\u00f4nio Lima a vereador\"}]},{\"@type\":\"WebSite\",\"@id\":\"https:\/\/portalmf.com.br\/#website\",\"url\":\"https:\/\/portalmf.com.br\/\",\"name\":\"Portal MF\",\"description\":\"Voc\u00ea conectado com a informa\u00e7\u00e3o\",\"potentialAction\":[{\"@type\":\"SearchAction\",\"target\":{\"@type\":\"EntryPoint\",\"urlTemplate\":\"https:\/\/portalmf.com.br\/?s={search_term_string}\"},\"query-input\":\"required name=search_term_string\"}],\"inLanguage\":\"pt-BR\"},{\"@type\":\"Person\",\"@id\":\"https:\/\/portalmf.com.br\/#\/schema\/person\/9ec101baf56233e53520c26de5d6f6f0\",\"name\":\"Reda\u00e7\u00e3o Portal MF\",\"image\":{\"@type\":\"ImageObject\",\"inLanguage\":\"pt-BR\",\"@id\":\"https:\/\/portalmf.com.br\/#\/schema\/person\/image\/\",\"url\":\"https:\/\/secure.gravatar.com\/avatar\/41b9aaeb2100835f7c64362330f74c7f?s=96&d=mm&r=g\",\"contentUrl\":\"https:\/\/secure.gravatar.com\/avatar\/41b9aaeb2100835f7c64362330f74c7f?s=96&d=mm&r=g\",\"caption\":\"Reda\u00e7\u00e3o Portal MF\"},\"description\":\"Sejam bem-vindos o portal de informa\u00e7\u00f5es de entretenimento de Feira de Santana, desde 2006 realiza coberturas dos principais eventos com entrevistas exclusivas com as principais personalidades mundiais. Fique conectado tamb\u00e9m nas redes sociais.\",\"sameAs\":[\"http:\/\/www.portalmf.com.br\/\",\"https:\/\/www.facebook.com\/portalmfoficial\",\"https:\/\/www.instagram.com\/portalmf\/\",\"https:\/\/x.com\/https:\/\/x.com\/portalmfoficial\",\"https:\/\/www.youtube.com\/@portalmfoficial\"],\"url\":\"https:\/\/portalmf.com.br\/index.php\/author\/junior\/\"}]}<\/script>\n<!-- \/ Yoast SEO plugin. -->","yoast_head_json":{"title":"Conven\u00e7\u00e3o do Republicanos homologa candidatura de Petr\u00f4nio Lima a vereador - Portal MF","robots":{"index":"index","follow":"follow","max-snippet":"max-snippet:-1","max-image-preview":"max-image-preview:large","max-video-preview":"max-video-preview:-1"},"canonical":"https:\/\/portalmf.com.br\/index.php\/2024\/08\/01\/convencao-do-republicanos-homologa-candidatura-de-petronio-lima-a-vereador\/","og_locale":"pt_BR","og_type":"article","og_title":"Conven\u00e7\u00e3o do Republicanos homologa candidatura de Petr\u00f4nio Lima a vereador - Portal MF","og_description":"Na \u00faltima ter\u00e7a-feira (30), aconteceu a conven\u00e7\u00e3o municipal do partido Republicanos, que oficializou os nomes dos candidatos \u00e0 elei\u00e7\u00e3o deste ano. O evento aconteceu junto com a convers\u00e3o do Uni\u00e3o Brasil que oficializou a candidatura de Jos\u00e9 Ronaldo a cargo de prefeito e do deputado estadual Pablo Roberto a vice. Na ocasi\u00e3o o presidente do [&hellip;]","og_url":"https:\/\/portalmf.com.br\/index.php\/2024\/08\/01\/convencao-do-republicanos-homologa-candidatura-de-petronio-lima-a-vereador\/","og_site_name":"Portal MF","article_author":"https:\/\/www.facebook.com\/portalmfoficial","article_published_time":"2024-08-01T20:16:19+00:00","article_modified_time":"2024-08-01T20:16:20+00:00","og_image":[{"width":800,"height":670,"url":"https:\/\/portalmf.com.br\/wp-content\/uploads\/2024\/08\/Convencao-do-Republicanos-homologa-candidatura-de-Petronio-Lima-a-vereador_.jpg","type":"image\/jpeg"}],"author":"Reda\u00e7\u00e3o Portal MF","twitter_card":"summary_large_image","twitter_creator":"@https:\/\/x.com\/portalmfoficial","twitter_misc":{"Escrito por":"Reda\u00e7\u00e3o Portal MF","Est. tempo de leitura":"2 minutos"},"schema":{"@context":"https:\/\/schema.org","@graph":[{"@type":"WebPage","@id":"https:\/\/portalmf.com.br\/index.php\/2024\/08\/01\/convencao-do-republicanos-homologa-candidatura-de-petronio-lima-a-vereador\/","url":"https:\/\/portalmf.com.br\/index.php\/2024\/08\/01\/convencao-do-republicanos-homologa-candidatura-de-petronio-lima-a-vereador\/","name":"Conven\u00e7\u00e3o do Republicanos homologa candidatura de Petr\u00f4nio Lima a vereador - Portal MF","isPartOf":{"@id":"https:\/\/portalmf.com.br\/#website"},"primaryImageOfPage":{"@id":"https:\/\/portalmf.com.br\/index.php\/2024\/08\/01\/convencao-do-republicanos-homologa-candidatura-de-petronio-lima-a-vereador\/#primaryimage"},"image":{"@id":"https:\/\/portalmf.com.br\/index.php\/2024\/08\/01\/convencao-do-republicanos-homologa-candidatura-de-petronio-lima-a-vereador\/#primaryimage"},"thumbnailUrl":"https:\/\/portalmf.com.br\/wp-content\/uploads\/2024\/08\/Convencao-do-Republicanos-homologa-candidatura-de-Petronio-Lima-a-vereador_.jpg","datePublished":"2024-08-01T20:16:19+00:00","dateModified":"2024-08-01T20:16:20+00:00","author":{"@id":"https:\/\/portalmf.com.br\/#\/schema\/person\/9ec101baf56233e53520c26de5d6f6f0"},"breadcrumb":{"@id":"https:\/\/portalmf.com.br\/index.php\/2024\/08\/01\/convencao-do-republicanos-homologa-candidatura-de-petronio-lima-a-vereador\/#breadcrumb"},"inLanguage":"pt-BR","potentialAction":[{"@type":"ReadAction","target":["https:\/\/portalmf.com.br\/index.php\/2024\/08\/01\/convencao-do-republicanos-homologa-candidatura-de-petronio-lima-a-vereador\/"]}]},{"@type":"ImageObject","inLanguage":"pt-BR","@id":"https:\/\/portalmf.com.br\/index.php\/2024\/08\/01\/convencao-do-republicanos-homologa-candidatura-de-petronio-lima-a-vereador\/#primaryimage","url":"https:\/\/portalmf.com.br\/wp-content\/uploads\/2024\/08\/Convencao-do-Republicanos-homologa-candidatura-de-Petronio-Lima-a-vereador_.jpg","contentUrl":"https:\/\/portalmf.com.br\/wp-content\/uploads\/2024\/08\/Convencao-do-Republicanos-homologa-candidatura-de-Petronio-Lima-a-vereador_.jpg","width":800,"height":670},{"@type":"BreadcrumbList","@id":"https:\/\/portalmf.com.br\/index.php\/2024\/08\/01\/convencao-do-republicanos-homologa-candidatura-de-petronio-lima-a-vereador\/#breadcrumb","itemListElement":[{"@type":"ListItem","position":1,"name":"In\u00edcio","item":"https:\/\/portalmf.com.br\/"},{"@type":"ListItem","position":2,"name":"Conven\u00e7\u00e3o do Republicanos homologa candidatura de Petr\u00f4nio Lima a vereador"}]},{"@type":"WebSite","@id":"https:\/\/portalmf.com.br\/#website","url":"https:\/\/portalmf.com.br\/","name":"Portal MF","description":"Voc\u00ea conectado com a informa\u00e7\u00e3o","potentialAction":[{"@type":"SearchAction","target":{"@type":"EntryPoint","urlTemplate":"https:\/\/portalmf.com.br\/?s={search_term_string}"},"query-input":"required name=search_term_string"}],"inLanguage":"pt-BR"},{"@type":"Person","@id":"https:\/\/portalmf.com.br\/#\/schema\/person\/9ec101baf56233e53520c26de5d6f6f0","name":"Reda\u00e7\u00e3o Portal MF","image":{"@type":"ImageObject","inLanguage":"pt-BR","@id":"https:\/\/portalmf.com.br\/#\/schema\/person\/image\/","url":"https:\/\/secure.gravatar.com\/avatar\/41b9aaeb2100835f7c64362330f74c7f?s=96&d=mm&r=g","contentUrl":"https:\/\/secure.gravatar.com\/avatar\/41b9aaeb2100835f7c64362330f74c7f?s=96&d=mm&r=g","caption":"Reda\u00e7\u00e3o Portal MF"},"description":"Sejam bem-vindos o portal de informa\u00e7\u00f5es de entretenimento de Feira de Santana, desde 2006 realiza coberturas dos principais eventos com entrevistas exclusivas com as principais personalidades mundiais. Fique conectado tamb\u00e9m nas redes sociais.","sameAs":["http:\/\/www.portalmf.com.br\/","https:\/\/www.facebook.com\/portalmfoficial","https:\/\/www.instagram.com\/portalmf\/","https:\/\/x.com\/https:\/\/x.com\/portalmfoficial","https:\/\/www.youtube.com\/@portalmfoficial"],"url":"https:\/\/portalmf.com.br\/index.php\/author\/junior\/"}]}},"_links":{"self":[{"href":"https:\/\/portalmf.com.br\/index.php\/wp-json\/wp\/v2\/posts\/28435"}],"collection":[{"href":"https:\/\/portalmf.com.br\/index.php\/wp-json\/wp\/v2\/posts"}],"about":[{"href":"https:\/\/portalmf.com.br\/index.php\/wp-json\/wp\/v2\/types\/post"}],"author":[{"embeddable":true,"href":"https:\/\/portalmf.com.br\/index.php\/wp-json\/wp\/v2\/users\/3"}],"replies":[{"embeddable":true,"href":"https:\/\/portalmf.com.br\/index.php\/wp-json\/wp\/v2\/comments?post=28435"}],"version-history":[{"count":1,"href":"https:\/\/portalmf.com.br\/index.php\/wp-json\/wp\/v2\/posts\/28435\/revisions"}],"predecessor-version":[{"id":28438,"href":"https:\/\/portalmf.com.br\/index.php\/wp-json\/wp\/v2\/posts\/28435\/revisions\/28438"}],"wp:featuredmedia":[{"embeddable":true,"href":"https:\/\/portalmf.com.br\/index.php\/wp-json\/wp\/v2\/media\/28436"}],"wp:attachment":[{"href":"https:\/\/portalmf.com.br\/index.php\/wp-json\/wp\/v2\/media?parent=28435"}],"wp:term":[{"taxonomy":"category","embeddable":true,"href":"https:\/\/portalmf.com.br\/index.php\/wp-json\/wp\/v2\/categories?post=28435"},{"taxonomy":"post_tag","embeddable":true,"href":"https:\/\/portalmf.com.br\/index.php\/wp-json\/wp\/v2\/tags?post=28435"}],"curies":[{"name":"wp","href":"https:\/\/api.w.org\/{rel}","templated":true}]}}