{"id":28410,"date":"2024-07-31T15:26:47","date_gmt":"2024-07-31T18:26:47","guid":{"rendered":"https:\/\/portalmf.com.br\/?p=28410"},"modified":"2024-07-31T16:00:39","modified_gmt":"2024-07-31T19:00:39","slug":"jose-ronaldo-e-confirmado-para-disputa-a-prefeitura-de-feira-de-santana","status":"publish","type":"post","link":"https:\/\/portalmf.com.br\/index.php\/2024\/07\/31\/jose-ronaldo-e-confirmado-para-disputa-a-prefeitura-de-feira-de-santana\/","title":{"rendered":"Jos\u00e9 Ronaldo \u00e9 confirmado para disputa a prefeitura de Feira de Santana"},"content":{"rendered":"\n<p>Com o apoio de 11 partidos DC, PSDB-Cidadania, PDT, PL, PMB, PMN, PRTB, PRD, Republicanos, Solidariedade e Uni\u00e3o Brasil, Jos\u00e9 Ronaldo e Pablo Roberto tiveram a candidatura homologada e ir\u00e3o disputar o cargo de prefeito e vice nas elei\u00e7\u00f5es municipais de 2024.<\/p>\n\n\n\n<p>A conven\u00e7\u00e3o partid\u00e1ria aconteceu, na \u00faltima ter\u00e7a-feira (30), em uma casa de evento da cidade. Essa ser\u00e1 a quinta vez que Jos\u00e9 Ronaldo disputar\u00e1 as elei\u00e7\u00f5es majorit\u00e1rias. Tamb\u00e9m foram homologados os nomes de 242 candidatos ao cargo vereadores dos partidos que formam a coliga\u00e7\u00e3o.<\/p>\n\n\n\n<p>Estiveram presentes ao evento o prefeito de Feira de Santana, Colbert Martins, o ex-prefeito de Salvador ACM Neto, o atual prefeito da capital baiana Bruno Reis, o presidente do PL na Bahia e ex-ministro da Cidadania Jo\u00e3o Roma, a ex-deputada federal Dayane Pimentel, deputados estudais e federais, prefeitos de outras cidades, pol\u00edticos e correligion\u00e1rio<\/p>\n\n\n\n<figure class=\"wp-block-image size-full\"><img fetchpriority=\"high\" decoding=\"async\" width=\"800\" height=\"600\" src=\"https:\/\/portalmf.com.br\/wp-content\/uploads\/2024\/07\/Jose-Ronaldo.jpg\" alt=\"\" class=\"wp-image-28413\" srcset=\"https:\/\/portalmf.com.br\/wp-content\/uploads\/2024\/07\/Jose-Ronaldo.jpg 800w, https:\/\/portalmf.com.br\/wp-content\/uploads\/2024\/07\/Jose-Ronaldo-300x225.jpg 300w, https:\/\/portalmf.com.br\/wp-content\/uploads\/2024\/07\/Jose-Ronaldo-768x576.jpg 768w, https:\/\/portalmf.com.br\/wp-content\/uploads\/2024\/07\/Jose-Ronaldo-696x522.jpg 696w\" sizes=\"(max-width: 800px) 100vw, 800px\" \/><figcaption class=\"wp-element-caption\"><strong>Foto: Reginaldo Junior \/  Portal MF<\/strong><\/figcaption><\/figure>\n\n\n\n<p>&#8220;Voc\u00eas sabem que sempre estive presente, caminhando pela rua, olhando nos olhos, com abra\u00e7os sinceros. Feira, apesar dos desafios, nunca perdeu a esperan\u00e7a e tem honrado os meus passos. Eu tenho essa cidade dentro do <em>meu cora\u00e7\u00e3o. A vida me deu um grande presente h\u00e1 muitos anos atr\u00e1s, e essa conven\u00e7\u00e3o \u00e9 especial porque anunciei que seria candidato numa ter\u00e7a-feira na pra\u00e7a da matriz, o mesmo dia em que cheguei a esta terra para estudar e trabalhar.&#8221;<\/em>, disse Jos\u00e9 Ronaldo.<\/p>\n\n\n\n<figure class=\"wp-block-image size-full\"><img decoding=\"async\" width=\"960\" height=\"660\" src=\"https:\/\/portalmf.com.br\/wp-content\/uploads\/2024\/07\/Jose-Ronaldo-e-Pablo-Roberto_1.jpg\" alt=\"\" class=\"wp-image-28412\" srcset=\"https:\/\/portalmf.com.br\/wp-content\/uploads\/2024\/07\/Jose-Ronaldo-e-Pablo-Roberto_1.jpg 960w, https:\/\/portalmf.com.br\/wp-content\/uploads\/2024\/07\/Jose-Ronaldo-e-Pablo-Roberto_1-300x206.jpg 300w, https:\/\/portalmf.com.br\/wp-content\/uploads\/2024\/07\/Jose-Ronaldo-e-Pablo-Roberto_1-768x528.jpg 768w, https:\/\/portalmf.com.br\/wp-content\/uploads\/2024\/07\/Jose-Ronaldo-e-Pablo-Roberto_1-218x150.jpg 218w, https:\/\/portalmf.com.br\/wp-content\/uploads\/2024\/07\/Jose-Ronaldo-e-Pablo-Roberto_1-696x479.jpg 696w\" sizes=\"(max-width: 960px) 100vw, 960px\" \/><figcaption class=\"wp-element-caption\"><strong><strong>Foto: Reginaldo Junior \/  Portal MF<\/strong><\/strong><\/figcaption><\/figure>\n\n\n\n<p>O deputado Estadual e candidato a vice-prefeito, Pablo Roberto do PSDB, falou sobre a import\u00e2ncia da uni\u00e3o do grupo para as elei\u00e7\u00f5es de 2024<\/p>\n\n\n\n<p><em>\u201cO que prevaleceu foi o amor por Feira, essa uni\u00e3o representar a inova\u00e7\u00f5es e mudan\u00e7as que n\u00f3s queremos e n\u00e3o abri n\u00e3o de discutir com Z\u00e9 Ronaldo. Agora \u00e9 trabalhar muito e convencer que nosso grupo tem as melhores propostas e condi\u00e7\u00f5es para que Feira de Santana continue crescendo todos os dias\u201d,<\/em> disse Pablo.<\/p>\n\n\n\n<p>As elei\u00e7\u00f5es municipais de 2024 acontecem no dia 6 de outubro, um domingo, e pode movimentar cerca de 156 milh\u00f5es de eleitores aptos a votar. Nos munic\u00edpios com mais de 200 mil eleitores onde nenhum candidato a prefeito alcan\u00e7ar a maioria absoluta dos votos, haver\u00e1 segundo turno para esse cargo no dia 27 de outubro.<\/p>\n\n\n\n<p>As exce\u00e7\u00f5es s\u00e3o o Distrito Federal e o arquip\u00e9lago de Fernando de Noronha (PE), onde n\u00e3o h\u00e1 disputa para prefeito nem para vereador.<\/p>\n","protected":false},"excerpt":{"rendered":"<p>Com o apoio de 11 partidos DC, PSDB-Cidadania, PDT, PL, PMB, PMN, PRTB, PRD, Republicanos, Solidariedade e Uni\u00e3o Brasil, Jos\u00e9 Ronaldo e Pablo Roberto tiveram a candidatura homologada e ir\u00e3o disputar o cargo de prefeito e vice nas elei\u00e7\u00f5es municipais de 2024. A conven\u00e7\u00e3o partid\u00e1ria aconteceu, na \u00faltima ter\u00e7a-feira (30), em uma casa de evento [&hellip;]<\/p>\n","protected":false},"author":2,"featured_media":28411,"comment_status":"open","ping_status":"open","sticky":false,"template":"","format":"standard","meta":{"_monsterinsights_skip_tracking":false,"_monsterinsights_sitenote_active":false,"_monsterinsights_sitenote_note":"","_monsterinsights_sitenote_category":0,"footnotes":""},"categories":[47,301,34],"tags":[],"yoast_head":"<!-- This site is optimized with the Yoast SEO plugin v22.9 - https:\/\/yoast.com\/wordpress\/plugins\/seo\/ -->\n<title>Jos\u00e9 Ronaldo \u00e9 confirmado para disputa a prefeitura de Feira de Santana - Portal MF<\/title>\n<meta name=\"robots\" content=\"index, follow, max-snippet:-1, max-image-preview:large, max-video-preview:-1\" \/>\n<link rel=\"canonical\" href=\"https:\/\/portalmf.com.br\/index.php\/2024\/07\/31\/jose-ronaldo-e-confirmado-para-disputa-a-prefeitura-de-feira-de-santana\/\" \/>\n<meta property=\"og:locale\" content=\"pt_BR\" \/>\n<meta property=\"og:type\" content=\"article\" \/>\n<meta property=\"og:title\" content=\"Jos\u00e9 Ronaldo \u00e9 confirmado para disputa a prefeitura de Feira de Santana - Portal MF\" \/>\n<meta property=\"og:description\" content=\"Com o apoio de 11 partidos DC, PSDB-Cidadania, PDT, PL, PMB, PMN, PRTB, PRD, Republicanos, Solidariedade e Uni\u00e3o Brasil, Jos\u00e9 Ronaldo e Pablo Roberto tiveram a candidatura homologada e ir\u00e3o disputar o cargo de prefeito e vice nas elei\u00e7\u00f5es municipais de 2024. A conven\u00e7\u00e3o partid\u00e1ria aconteceu, na \u00faltima ter\u00e7a-feira (30), em uma casa de evento [&hellip;]\" \/>\n<meta property=\"og:url\" content=\"https:\/\/portalmf.com.br\/index.php\/2024\/07\/31\/jose-ronaldo-e-confirmado-para-disputa-a-prefeitura-de-feira-de-santana\/\" \/>\n<meta property=\"og:site_name\" content=\"Portal MF\" \/>\n<meta property=\"article:author\" content=\"reginaldojrfsa\" \/>\n<meta property=\"article:published_time\" content=\"2024-07-31T18:26:47+00:00\" \/>\n<meta property=\"article:modified_time\" content=\"2024-07-31T19:00:39+00:00\" \/>\n<meta property=\"og:image\" content=\"https:\/\/portalmf.com.br\/wp-content\/uploads\/2024\/07\/Jose-Ronaldo-e-Pablo-Roberto.jpg\" \/>\n\t<meta property=\"og:image:width\" content=\"800\" \/>\n\t<meta property=\"og:image:height\" content=\"654\" \/>\n\t<meta property=\"og:image:type\" content=\"image\/jpeg\" \/>\n<meta name=\"author\" content=\"Reginaldo J\u00fanior\" \/>\n<meta name=\"twitter:card\" content=\"summary_large_image\" \/>\n<meta name=\"twitter:creator\" content=\"@reginaldojrmf\" \/>\n<meta name=\"twitter:label1\" content=\"Escrito por\" \/>\n\t<meta name=\"twitter:data1\" content=\"Reginaldo J\u00fanior\" \/>\n\t<meta name=\"twitter:label2\" content=\"Est. tempo de leitura\" \/>\n\t<meta name=\"twitter:data2\" content=\"3 minutos\" \/>\n<script type=\"application\/ld+json\" class=\"yoast-schema-graph\">{\"@context\":\"https:\/\/schema.org\",\"@graph\":[{\"@type\":\"WebPage\",\"@id\":\"https:\/\/portalmf.com.br\/index.php\/2024\/07\/31\/jose-ronaldo-e-confirmado-para-disputa-a-prefeitura-de-feira-de-santana\/\",\"url\":\"https:\/\/portalmf.com.br\/index.php\/2024\/07\/31\/jose-ronaldo-e-confirmado-para-disputa-a-prefeitura-de-feira-de-santana\/\",\"name\":\"Jos\u00e9 Ronaldo \u00e9 confirmado para disputa a prefeitura de Feira de Santana - Portal MF\",\"isPartOf\":{\"@id\":\"https:\/\/portalmf.com.br\/#website\"},\"primaryImageOfPage\":{\"@id\":\"https:\/\/portalmf.com.br\/index.php\/2024\/07\/31\/jose-ronaldo-e-confirmado-para-disputa-a-prefeitura-de-feira-de-santana\/#primaryimage\"},\"image\":{\"@id\":\"https:\/\/portalmf.com.br\/index.php\/2024\/07\/31\/jose-ronaldo-e-confirmado-para-disputa-a-prefeitura-de-feira-de-santana\/#primaryimage\"},\"thumbnailUrl\":\"https:\/\/portalmf.com.br\/wp-content\/uploads\/2024\/07\/Jose-Ronaldo-e-Pablo-Roberto.jpg\",\"datePublished\":\"2024-07-31T18:26:47+00:00\",\"dateModified\":\"2024-07-31T19:00:39+00:00\",\"author\":{\"@id\":\"https:\/\/portalmf.com.br\/#\/schema\/person\/11c82086fe8abc05a19147e964587285\"},\"breadcrumb\":{\"@id\":\"https:\/\/portalmf.com.br\/index.php\/2024\/07\/31\/jose-ronaldo-e-confirmado-para-disputa-a-prefeitura-de-feira-de-santana\/#breadcrumb\"},\"inLanguage\":\"pt-BR\",\"potentialAction\":[{\"@type\":\"ReadAction\",\"target\":[\"https:\/\/portalmf.com.br\/index.php\/2024\/07\/31\/jose-ronaldo-e-confirmado-para-disputa-a-prefeitura-de-feira-de-santana\/\"]}]},{\"@type\":\"ImageObject\",\"inLanguage\":\"pt-BR\",\"@id\":\"https:\/\/portalmf.com.br\/index.php\/2024\/07\/31\/jose-ronaldo-e-confirmado-para-disputa-a-prefeitura-de-feira-de-santana\/#primaryimage\",\"url\":\"https:\/\/portalmf.com.br\/wp-content\/uploads\/2024\/07\/Jose-Ronaldo-e-Pablo-Roberto.jpg\",\"contentUrl\":\"https:\/\/portalmf.com.br\/wp-content\/uploads\/2024\/07\/Jose-Ronaldo-e-Pablo-Roberto.jpg\",\"width\":800,\"height\":654},{\"@type\":\"BreadcrumbList\",\"@id\":\"https:\/\/portalmf.com.br\/index.php\/2024\/07\/31\/jose-ronaldo-e-confirmado-para-disputa-a-prefeitura-de-feira-de-santana\/#breadcrumb\",\"itemListElement\":[{\"@type\":\"ListItem\",\"position\":1,\"name\":\"In\u00edcio\",\"item\":\"https:\/\/portalmf.com.br\/\"},{\"@type\":\"ListItem\",\"position\":2,\"name\":\"Jos\u00e9 Ronaldo \u00e9 confirmado para disputa a prefeitura de Feira de Santana\"}]},{\"@type\":\"WebSite\",\"@id\":\"https:\/\/portalmf.com.br\/#website\",\"url\":\"https:\/\/portalmf.com.br\/\",\"name\":\"Portal MF\",\"description\":\"Voc\u00ea conectado com a informa\u00e7\u00e3o\",\"potentialAction\":[{\"@type\":\"SearchAction\",\"target\":{\"@type\":\"EntryPoint\",\"urlTemplate\":\"https:\/\/portalmf.com.br\/?s={search_term_string}\"},\"query-input\":\"required name=search_term_string\"}],\"inLanguage\":\"pt-BR\"},{\"@type\":\"Person\",\"@id\":\"https:\/\/portalmf.com.br\/#\/schema\/person\/11c82086fe8abc05a19147e964587285\",\"name\":\"Reginaldo J\u00fanior\",\"image\":{\"@type\":\"ImageObject\",\"inLanguage\":\"pt-BR\",\"@id\":\"https:\/\/portalmf.com.br\/#\/schema\/person\/image\/\",\"url\":\"https:\/\/secure.gravatar.com\/avatar\/32a3c797cd0ac47cc53b8644c62776f9?s=96&d=mm&r=g\",\"contentUrl\":\"https:\/\/secure.gravatar.com\/avatar\/32a3c797cd0ac47cc53b8644c62776f9?s=96&d=mm&r=g\",\"caption\":\"Reginaldo J\u00fanior\"},\"description\":\"Jornalista e idealizador Portal MF\",\"sameAs\":[\"https:\/\/portalmf.com.br\/index.php\/author\/reginaldojr\/\",\"reginaldojrfsa\",\"reginaldojuniormf\",\"https:\/\/x.com\/reginaldojrmf\"],\"url\":\"https:\/\/portalmf.com.br\/index.php\/author\/reginaldojr\/\"}]}<\/script>\n<!-- \/ Yoast SEO plugin. -->","yoast_head_json":{"title":"Jos\u00e9 Ronaldo \u00e9 confirmado para disputa a prefeitura de Feira de Santana - Portal MF","robots":{"index":"index","follow":"follow","max-snippet":"max-snippet:-1","max-image-preview":"max-image-preview:large","max-video-preview":"max-video-preview:-1"},"canonical":"https:\/\/portalmf.com.br\/index.php\/2024\/07\/31\/jose-ronaldo-e-confirmado-para-disputa-a-prefeitura-de-feira-de-santana\/","og_locale":"pt_BR","og_type":"article","og_title":"Jos\u00e9 Ronaldo \u00e9 confirmado para disputa a prefeitura de Feira de Santana - Portal MF","og_description":"Com o apoio de 11 partidos DC, PSDB-Cidadania, PDT, PL, PMB, PMN, PRTB, PRD, Republicanos, Solidariedade e Uni\u00e3o Brasil, Jos\u00e9 Ronaldo e Pablo Roberto tiveram a candidatura homologada e ir\u00e3o disputar o cargo de prefeito e vice nas elei\u00e7\u00f5es municipais de 2024. A conven\u00e7\u00e3o partid\u00e1ria aconteceu, na \u00faltima ter\u00e7a-feira (30), em uma casa de evento [&hellip;]","og_url":"https:\/\/portalmf.com.br\/index.php\/2024\/07\/31\/jose-ronaldo-e-confirmado-para-disputa-a-prefeitura-de-feira-de-santana\/","og_site_name":"Portal MF","article_author":"reginaldojrfsa","article_published_time":"2024-07-31T18:26:47+00:00","article_modified_time":"2024-07-31T19:00:39+00:00","og_image":[{"width":800,"height":654,"url":"https:\/\/portalmf.com.br\/wp-content\/uploads\/2024\/07\/Jose-Ronaldo-e-Pablo-Roberto.jpg","type":"image\/jpeg"}],"author":"Reginaldo J\u00fanior","twitter_card":"summary_large_image","twitter_creator":"@reginaldojrmf","twitter_misc":{"Escrito por":"Reginaldo J\u00fanior","Est. tempo de leitura":"3 minutos"},"schema":{"@context":"https:\/\/schema.org","@graph":[{"@type":"WebPage","@id":"https:\/\/portalmf.com.br\/index.php\/2024\/07\/31\/jose-ronaldo-e-confirmado-para-disputa-a-prefeitura-de-feira-de-santana\/","url":"https:\/\/portalmf.com.br\/index.php\/2024\/07\/31\/jose-ronaldo-e-confirmado-para-disputa-a-prefeitura-de-feira-de-santana\/","name":"Jos\u00e9 Ronaldo \u00e9 confirmado para disputa a prefeitura de Feira de Santana - Portal MF","isPartOf":{"@id":"https:\/\/portalmf.com.br\/#website"},"primaryImageOfPage":{"@id":"https:\/\/portalmf.com.br\/index.php\/2024\/07\/31\/jose-ronaldo-e-confirmado-para-disputa-a-prefeitura-de-feira-de-santana\/#primaryimage"},"image":{"@id":"https:\/\/portalmf.com.br\/index.php\/2024\/07\/31\/jose-ronaldo-e-confirmado-para-disputa-a-prefeitura-de-feira-de-santana\/#primaryimage"},"thumbnailUrl":"https:\/\/portalmf.com.br\/wp-content\/uploads\/2024\/07\/Jose-Ronaldo-e-Pablo-Roberto.jpg","datePublished":"2024-07-31T18:26:47+00:00","dateModified":"2024-07-31T19:00:39+00:00","author":{"@id":"https:\/\/portalmf.com.br\/#\/schema\/person\/11c82086fe8abc05a19147e964587285"},"breadcrumb":{"@id":"https:\/\/portalmf.com.br\/index.php\/2024\/07\/31\/jose-ronaldo-e-confirmado-para-disputa-a-prefeitura-de-feira-de-santana\/#breadcrumb"},"inLanguage":"pt-BR","potentialAction":[{"@type":"ReadAction","target":["https:\/\/portalmf.com.br\/index.php\/2024\/07\/31\/jose-ronaldo-e-confirmado-para-disputa-a-prefeitura-de-feira-de-santana\/"]}]},{"@type":"ImageObject","inLanguage":"pt-BR","@id":"https:\/\/portalmf.com.br\/index.php\/2024\/07\/31\/jose-ronaldo-e-confirmado-para-disputa-a-prefeitura-de-feira-de-santana\/#primaryimage","url":"https:\/\/portalmf.com.br\/wp-content\/uploads\/2024\/07\/Jose-Ronaldo-e-Pablo-Roberto.jpg","contentUrl":"https:\/\/portalmf.com.br\/wp-content\/uploads\/2024\/07\/Jose-Ronaldo-e-Pablo-Roberto.jpg","width":800,"height":654},{"@type":"BreadcrumbList","@id":"https:\/\/portalmf.com.br\/index.php\/2024\/07\/31\/jose-ronaldo-e-confirmado-para-disputa-a-prefeitura-de-feira-de-santana\/#breadcrumb","itemListElement":[{"@type":"ListItem","position":1,"name":"In\u00edcio","item":"https:\/\/portalmf.com.br\/"},{"@type":"ListItem","position":2,"name":"Jos\u00e9 Ronaldo \u00e9 confirmado para disputa a prefeitura de Feira de Santana"}]},{"@type":"WebSite","@id":"https:\/\/portalmf.com.br\/#website","url":"https:\/\/portalmf.com.br\/","name":"Portal MF","description":"Voc\u00ea conectado com a informa\u00e7\u00e3o","potentialAction":[{"@type":"SearchAction","target":{"@type":"EntryPoint","urlTemplate":"https:\/\/portalmf.com.br\/?s={search_term_string}"},"query-input":"required name=search_term_string"}],"inLanguage":"pt-BR"},{"@type":"Person","@id":"https:\/\/portalmf.com.br\/#\/schema\/person\/11c82086fe8abc05a19147e964587285","name":"Reginaldo J\u00fanior","image":{"@type":"ImageObject","inLanguage":"pt-BR","@id":"https:\/\/portalmf.com.br\/#\/schema\/person\/image\/","url":"https:\/\/secure.gravatar.com\/avatar\/32a3c797cd0ac47cc53b8644c62776f9?s=96&d=mm&r=g","contentUrl":"https:\/\/secure.gravatar.com\/avatar\/32a3c797cd0ac47cc53b8644c62776f9?s=96&d=mm&r=g","caption":"Reginaldo J\u00fanior"},"description":"Jornalista e idealizador Portal MF","sameAs":["https:\/\/portalmf.com.br\/index.php\/author\/reginaldojr\/","reginaldojrfsa","reginaldojuniormf","https:\/\/x.com\/reginaldojrmf"],"url":"https:\/\/portalmf.com.br\/index.php\/author\/reginaldojr\/"}]}},"_links":{"self":[{"href":"https:\/\/portalmf.com.br\/index.php\/wp-json\/wp\/v2\/posts\/28410"}],"collection":[{"href":"https:\/\/portalmf.com.br\/index.php\/wp-json\/wp\/v2\/posts"}],"about":[{"href":"https:\/\/portalmf.com.br\/index.php\/wp-json\/wp\/v2\/types\/post"}],"author":[{"embeddable":true,"href":"https:\/\/portalmf.com.br\/index.php\/wp-json\/wp\/v2\/users\/2"}],"replies":[{"embeddable":true,"href":"https:\/\/portalmf.com.br\/index.php\/wp-json\/wp\/v2\/comments?post=28410"}],"version-history":[{"count":1,"href":"https:\/\/portalmf.com.br\/index.php\/wp-json\/wp\/v2\/posts\/28410\/revisions"}],"predecessor-version":[{"id":28414,"href":"https:\/\/portalmf.com.br\/index.php\/wp-json\/wp\/v2\/posts\/28410\/revisions\/28414"}],"wp:featuredmedia":[{"embeddable":true,"href":"https:\/\/portalmf.com.br\/index.php\/wp-json\/wp\/v2\/media\/28411"}],"wp:attachment":[{"href":"https:\/\/portalmf.com.br\/index.php\/wp-json\/wp\/v2\/media?parent=28410"}],"wp:term":[{"taxonomy":"category","embeddable":true,"href":"https:\/\/portalmf.com.br\/index.php\/wp-json\/wp\/v2\/categories?post=28410"},{"taxonomy":"post_tag","embeddable":true,"href":"https:\/\/portalmf.com.br\/index.php\/wp-json\/wp\/v2\/tags?post=28410"}],"curies":[{"name":"wp","href":"https:\/\/api.w.org\/{rel}","templated":true}]}}