{"id":2838,"date":"2022-08-09T13:11:00","date_gmt":"2022-08-09T16:11:00","guid":{"rendered":"http:\/\/portalmf.com.br\/?p=2838"},"modified":"2022-08-09T18:14:02","modified_gmt":"2022-08-09T21:14:02","slug":"policial-que-matou-leandro-lo-ja-idealizou-projeto-contra-a-violencia","status":"publish","type":"post","link":"https:\/\/portalmf.com.br\/index.php\/2022\/08\/09\/policial-que-matou-leandro-lo-ja-idealizou-projeto-contra-a-violencia\/","title":{"rendered":"Policial que matou Leandro Lo j\u00e1 idealizou projeto contra a viol\u00eancia"},"content":{"rendered":"\n<p>Acusado pela morte de Leandro Lo, oito vezes campe\u00e3o mundial de jiu-j\u00edtsu, e preso temporariamente, o tenente da Pol\u00edcia Militar Henrique Otavio Oliveira Velozo foi o idealizador de um projeto para a preven\u00e7\u00e3o de crimes contra as mulheres.<\/p>\n\n\n\n<p>O curso, chamado Segunda For\u00e7a \u2013 A Hora da mudan\u00e7a, foi desenvolvido em parceria com a Associa\u00e7\u00e3o de Oficiais Militares do Estado de S\u00e3o Paulo (Defenda PM), e divulgado em dezembro de 2019.<\/p>\n\n\n\n<p>De acordo com publica\u00e7\u00f5es feitas \u00e0 \u00e9poca, o projeto tinha como objetivo a prepara\u00e7\u00e3o e a instrumentaliza\u00e7\u00e3o efetiva na defesa pessoal e em no\u00e7\u00f5es jur\u00eddicas para ajudar no fortalecimento da auto estima e da autoconfian\u00e7a das mulheres. Al\u00e9m disso,&nbsp;<strong>Henrique Velozo,<\/strong>&nbsp;que \u00e9 faixa roxa de jiu jitsu, tamb\u00e9m ministrava aulas sobre assertividade no posicionamento pessoal e em aspectos jur\u00eddicos.<\/p>\n\n\n\n<p>Em determinado trecho de entrevista, Velozo, que conta que sempre fez artes marciais desde crian\u00e7a e que era lutador de jiu jitsu, diz que a ideia deste curso &#8220;era que as participantes conhecessem t\u00e9cnicas capazes de evitar o crime&#8221;. Disse que o foco era &#8220;a preven\u00e7\u00e3o prim\u00e1ria&#8221; uma vez que &#8220;n\u00e3o queremos motivar o enfrentamento, mas preparar a neutraliza\u00e7\u00e3o de um poss\u00edvel ataque\u201d.<\/p>\n\n\n\n<p>Disse que a ideia surgiu ao ver &#8220;durante as aulas das escola de forma\u00e7\u00e3o, grande dificuldade das alunas em executar muitas t\u00e9cnicas que haviam sido preconizadas em manual&#8221;. Explicou que a &#8220;parte emocional&#8221; era a segunda for\u00e7a e que a primeira for\u00e7a &#8220;estava dentro de cada uma delas&#8221;.<\/p>\n\n\n\n<p>Velozo se entregou \u00e0 Justi\u00e7a na noite de domingo, passou por audi\u00eancia de cust\u00f3dia e segue preso no Pres\u00eddio Rom\u00e3o Gomes, da PM, na zona norte. Ele foi reconhecido por testemunhas como o autor do tiro na cabe\u00e7a que matou&nbsp;<strong>Leandro Lo,<\/strong>&nbsp;durante show em S\u00e3o Paulo.<\/p>\n\n\n\n<p>le foi indiciado sob suspeita de homic\u00eddio qualificado por motivo f\u00fatil, segundo a Secretaria da Seguran\u00e7a P\u00fablica de S\u00e3o Paulo. Amigos e familiares acreditam que Velozo j\u00e1 conhecia Leandro e o provocou em show propositalmente.<\/p>\n\n\n\n<p>Testemunhas contaram que os dois se desentenderam ap\u00f3s Velozo entrar na roda de amigos de Leandro, pegar uma garrafa de bebida e come\u00e7ar a chacoalh\u00e1-la. De acordo com os relatos, o policial tentava provocar o atleta.<\/p>\n\n\n\n<p>Leandro teria em seguida derrubado o homem e o imobilizado. Outras pessoas se aproximaram e separaram a briga, sem ter havido agress\u00f5es, ainda segundo relatos.<\/p>\n\n\n\n<p>O homem teria, ent\u00e3o, sacado uma arma e atirado uma \u00fanica vez na cabe\u00e7a do lutador, que foi atingido na testa. A v\u00edtima chegou a receber os primeiros socorros de um m\u00e9dico no local e foi levada ao hospital, mas n\u00e3o resistiu.<\/p>\n\n\n\n<p>Velozo estava de folga, sem uniforme e com arma particular. Foi reconhecido por testemunhas ap\u00f3s o clube fornecer \u00e0 pol\u00edcia lista de frequentadores com autoriza\u00e7\u00e3o de porte de arma. Neste domingo, ele se entregou na Corregedoria da Corpora\u00e7\u00e3o ap\u00f3s decreta\u00e7\u00e3o de pris\u00e3o preventiva.<\/p>\n\n\n\n<p>Com informa\u00e7\u00f5es do IG<\/p>\n","protected":false},"excerpt":{"rendered":"<p>Acusado pela morte de Leandro Lo, oito vezes campe\u00e3o mundial de jiu-j\u00edtsu, e preso temporariamente, o tenente da Pol\u00edcia Militar Henrique Otavio Oliveira Velozo foi o idealizador de um projeto para a preven\u00e7\u00e3o de crimes contra as mulheres. O curso, chamado Segunda For\u00e7a \u2013 A Hora da mudan\u00e7a, foi desenvolvido em parceria com a Associa\u00e7\u00e3o [&hellip;]<\/p>\n","protected":false},"author":2,"featured_media":2839,"comment_status":"open","ping_status":"open","sticky":false,"template":"","format":"standard","meta":{"_monsterinsights_skip_tracking":false,"_monsterinsights_sitenote_active":false,"_monsterinsights_sitenote_note":"","_monsterinsights_sitenote_category":0,"footnotes":""},"categories":[47,42],"tags":[],"yoast_head":"<!-- This site is optimized with the Yoast SEO plugin v22.9 - https:\/\/yoast.com\/wordpress\/plugins\/seo\/ -->\n<title>Policial que matou Leandro Lo j\u00e1 idealizou projeto contra a viol\u00eancia - Portal MF<\/title>\n<meta name=\"robots\" content=\"index, follow, max-snippet:-1, max-image-preview:large, max-video-preview:-1\" \/>\n<link rel=\"canonical\" href=\"https:\/\/portalmf.com.br\/index.php\/2022\/08\/09\/policial-que-matou-leandro-lo-ja-idealizou-projeto-contra-a-violencia\/\" \/>\n<meta property=\"og:locale\" content=\"pt_BR\" \/>\n<meta property=\"og:type\" content=\"article\" \/>\n<meta property=\"og:title\" content=\"Policial que matou Leandro Lo j\u00e1 idealizou projeto contra a viol\u00eancia - Portal MF\" \/>\n<meta property=\"og:description\" content=\"Acusado pela morte de Leandro Lo, oito vezes campe\u00e3o mundial de jiu-j\u00edtsu, e preso temporariamente, o tenente da Pol\u00edcia Militar Henrique Otavio Oliveira Velozo foi o idealizador de um projeto para a preven\u00e7\u00e3o de crimes contra as mulheres. O curso, chamado Segunda For\u00e7a \u2013 A Hora da mudan\u00e7a, foi desenvolvido em parceria com a Associa\u00e7\u00e3o [&hellip;]\" \/>\n<meta property=\"og:url\" content=\"https:\/\/portalmf.com.br\/index.php\/2022\/08\/09\/policial-que-matou-leandro-lo-ja-idealizou-projeto-contra-a-violencia\/\" \/>\n<meta property=\"og:site_name\" content=\"Portal MF\" \/>\n<meta property=\"article:author\" content=\"reginaldojrfsa\" \/>\n<meta property=\"article:published_time\" content=\"2022-08-09T16:11:00+00:00\" \/>\n<meta property=\"article:modified_time\" content=\"2022-08-09T21:14:02+00:00\" \/>\n<meta property=\"og:image\" content=\"https:\/\/portalmf.com.br\/wp-content\/uploads\/2022\/08\/lo-campeao.jpg\" \/>\n\t<meta property=\"og:image:width\" content=\"984\" \/>\n\t<meta property=\"og:image:height\" content=\"681\" \/>\n\t<meta property=\"og:image:type\" content=\"image\/jpeg\" \/>\n<meta name=\"author\" content=\"Reginaldo J\u00fanior\" \/>\n<meta name=\"twitter:card\" content=\"summary_large_image\" \/>\n<meta name=\"twitter:creator\" content=\"@reginaldojrmf\" \/>\n<meta name=\"twitter:label1\" content=\"Escrito por\" \/>\n\t<meta name=\"twitter:data1\" content=\"Reginaldo J\u00fanior\" \/>\n\t<meta name=\"twitter:label2\" content=\"Est. tempo de leitura\" \/>\n\t<meta name=\"twitter:data2\" content=\"3 minutos\" \/>\n<script type=\"application\/ld+json\" class=\"yoast-schema-graph\">{\"@context\":\"https:\/\/schema.org\",\"@graph\":[{\"@type\":\"WebPage\",\"@id\":\"https:\/\/portalmf.com.br\/index.php\/2022\/08\/09\/policial-que-matou-leandro-lo-ja-idealizou-projeto-contra-a-violencia\/\",\"url\":\"https:\/\/portalmf.com.br\/index.php\/2022\/08\/09\/policial-que-matou-leandro-lo-ja-idealizou-projeto-contra-a-violencia\/\",\"name\":\"Policial que matou Leandro Lo j\u00e1 idealizou projeto contra a viol\u00eancia - Portal MF\",\"isPartOf\":{\"@id\":\"https:\/\/portalmf.com.br\/#website\"},\"primaryImageOfPage\":{\"@id\":\"https:\/\/portalmf.com.br\/index.php\/2022\/08\/09\/policial-que-matou-leandro-lo-ja-idealizou-projeto-contra-a-violencia\/#primaryimage\"},\"image\":{\"@id\":\"https:\/\/portalmf.com.br\/index.php\/2022\/08\/09\/policial-que-matou-leandro-lo-ja-idealizou-projeto-contra-a-violencia\/#primaryimage\"},\"thumbnailUrl\":\"https:\/\/portalmf.com.br\/wp-content\/uploads\/2022\/08\/lo-campeao.jpg\",\"datePublished\":\"2022-08-09T16:11:00+00:00\",\"dateModified\":\"2022-08-09T21:14:02+00:00\",\"author\":{\"@id\":\"https:\/\/portalmf.com.br\/#\/schema\/person\/11c82086fe8abc05a19147e964587285\"},\"breadcrumb\":{\"@id\":\"https:\/\/portalmf.com.br\/index.php\/2022\/08\/09\/policial-que-matou-leandro-lo-ja-idealizou-projeto-contra-a-violencia\/#breadcrumb\"},\"inLanguage\":\"pt-BR\",\"potentialAction\":[{\"@type\":\"ReadAction\",\"target\":[\"https:\/\/portalmf.com.br\/index.php\/2022\/08\/09\/policial-que-matou-leandro-lo-ja-idealizou-projeto-contra-a-violencia\/\"]}]},{\"@type\":\"ImageObject\",\"inLanguage\":\"pt-BR\",\"@id\":\"https:\/\/portalmf.com.br\/index.php\/2022\/08\/09\/policial-que-matou-leandro-lo-ja-idealizou-projeto-contra-a-violencia\/#primaryimage\",\"url\":\"https:\/\/portalmf.com.br\/wp-content\/uploads\/2022\/08\/lo-campeao.jpg\",\"contentUrl\":\"https:\/\/portalmf.com.br\/wp-content\/uploads\/2022\/08\/lo-campeao.jpg\",\"width\":984,\"height\":681},{\"@type\":\"BreadcrumbList\",\"@id\":\"https:\/\/portalmf.com.br\/index.php\/2022\/08\/09\/policial-que-matou-leandro-lo-ja-idealizou-projeto-contra-a-violencia\/#breadcrumb\",\"itemListElement\":[{\"@type\":\"ListItem\",\"position\":1,\"name\":\"In\u00edcio\",\"item\":\"https:\/\/portalmf.com.br\/\"},{\"@type\":\"ListItem\",\"position\":2,\"name\":\"Policial que matou Leandro Lo j\u00e1 idealizou projeto contra a viol\u00eancia\"}]},{\"@type\":\"WebSite\",\"@id\":\"https:\/\/portalmf.com.br\/#website\",\"url\":\"https:\/\/portalmf.com.br\/\",\"name\":\"Portal MF\",\"description\":\"Voc\u00ea conectado com a informa\u00e7\u00e3o\",\"potentialAction\":[{\"@type\":\"SearchAction\",\"target\":{\"@type\":\"EntryPoint\",\"urlTemplate\":\"https:\/\/portalmf.com.br\/?s={search_term_string}\"},\"query-input\":\"required name=search_term_string\"}],\"inLanguage\":\"pt-BR\"},{\"@type\":\"Person\",\"@id\":\"https:\/\/portalmf.com.br\/#\/schema\/person\/11c82086fe8abc05a19147e964587285\",\"name\":\"Reginaldo J\u00fanior\",\"image\":{\"@type\":\"ImageObject\",\"inLanguage\":\"pt-BR\",\"@id\":\"https:\/\/portalmf.com.br\/#\/schema\/person\/image\/\",\"url\":\"https:\/\/secure.gravatar.com\/avatar\/32a3c797cd0ac47cc53b8644c62776f9?s=96&d=mm&r=g\",\"contentUrl\":\"https:\/\/secure.gravatar.com\/avatar\/32a3c797cd0ac47cc53b8644c62776f9?s=96&d=mm&r=g\",\"caption\":\"Reginaldo J\u00fanior\"},\"description\":\"Jornalista e idealizador Portal MF\",\"sameAs\":[\"https:\/\/portalmf.com.br\/index.php\/author\/reginaldojr\/\",\"reginaldojrfsa\",\"reginaldojuniormf\",\"https:\/\/x.com\/reginaldojrmf\"],\"url\":\"https:\/\/portalmf.com.br\/index.php\/author\/reginaldojr\/\"}]}<\/script>\n<!-- \/ Yoast SEO plugin. -->","yoast_head_json":{"title":"Policial que matou Leandro Lo j\u00e1 idealizou projeto contra a viol\u00eancia - Portal MF","robots":{"index":"index","follow":"follow","max-snippet":"max-snippet:-1","max-image-preview":"max-image-preview:large","max-video-preview":"max-video-preview:-1"},"canonical":"https:\/\/portalmf.com.br\/index.php\/2022\/08\/09\/policial-que-matou-leandro-lo-ja-idealizou-projeto-contra-a-violencia\/","og_locale":"pt_BR","og_type":"article","og_title":"Policial que matou Leandro Lo j\u00e1 idealizou projeto contra a viol\u00eancia - Portal MF","og_description":"Acusado pela morte de Leandro Lo, oito vezes campe\u00e3o mundial de jiu-j\u00edtsu, e preso temporariamente, o tenente da Pol\u00edcia Militar Henrique Otavio Oliveira Velozo foi o idealizador de um projeto para a preven\u00e7\u00e3o de crimes contra as mulheres. O curso, chamado Segunda For\u00e7a \u2013 A Hora da mudan\u00e7a, foi desenvolvido em parceria com a Associa\u00e7\u00e3o [&hellip;]","og_url":"https:\/\/portalmf.com.br\/index.php\/2022\/08\/09\/policial-que-matou-leandro-lo-ja-idealizou-projeto-contra-a-violencia\/","og_site_name":"Portal MF","article_author":"reginaldojrfsa","article_published_time":"2022-08-09T16:11:00+00:00","article_modified_time":"2022-08-09T21:14:02+00:00","og_image":[{"width":984,"height":681,"url":"https:\/\/portalmf.com.br\/wp-content\/uploads\/2022\/08\/lo-campeao.jpg","type":"image\/jpeg"}],"author":"Reginaldo J\u00fanior","twitter_card":"summary_large_image","twitter_creator":"@reginaldojrmf","twitter_misc":{"Escrito por":"Reginaldo J\u00fanior","Est. tempo de leitura":"3 minutos"},"schema":{"@context":"https:\/\/schema.org","@graph":[{"@type":"WebPage","@id":"https:\/\/portalmf.com.br\/index.php\/2022\/08\/09\/policial-que-matou-leandro-lo-ja-idealizou-projeto-contra-a-violencia\/","url":"https:\/\/portalmf.com.br\/index.php\/2022\/08\/09\/policial-que-matou-leandro-lo-ja-idealizou-projeto-contra-a-violencia\/","name":"Policial que matou Leandro Lo j\u00e1 idealizou projeto contra a viol\u00eancia - Portal MF","isPartOf":{"@id":"https:\/\/portalmf.com.br\/#website"},"primaryImageOfPage":{"@id":"https:\/\/portalmf.com.br\/index.php\/2022\/08\/09\/policial-que-matou-leandro-lo-ja-idealizou-projeto-contra-a-violencia\/#primaryimage"},"image":{"@id":"https:\/\/portalmf.com.br\/index.php\/2022\/08\/09\/policial-que-matou-leandro-lo-ja-idealizou-projeto-contra-a-violencia\/#primaryimage"},"thumbnailUrl":"https:\/\/portalmf.com.br\/wp-content\/uploads\/2022\/08\/lo-campeao.jpg","datePublished":"2022-08-09T16:11:00+00:00","dateModified":"2022-08-09T21:14:02+00:00","author":{"@id":"https:\/\/portalmf.com.br\/#\/schema\/person\/11c82086fe8abc05a19147e964587285"},"breadcrumb":{"@id":"https:\/\/portalmf.com.br\/index.php\/2022\/08\/09\/policial-que-matou-leandro-lo-ja-idealizou-projeto-contra-a-violencia\/#breadcrumb"},"inLanguage":"pt-BR","potentialAction":[{"@type":"ReadAction","target":["https:\/\/portalmf.com.br\/index.php\/2022\/08\/09\/policial-que-matou-leandro-lo-ja-idealizou-projeto-contra-a-violencia\/"]}]},{"@type":"ImageObject","inLanguage":"pt-BR","@id":"https:\/\/portalmf.com.br\/index.php\/2022\/08\/09\/policial-que-matou-leandro-lo-ja-idealizou-projeto-contra-a-violencia\/#primaryimage","url":"https:\/\/portalmf.com.br\/wp-content\/uploads\/2022\/08\/lo-campeao.jpg","contentUrl":"https:\/\/portalmf.com.br\/wp-content\/uploads\/2022\/08\/lo-campeao.jpg","width":984,"height":681},{"@type":"BreadcrumbList","@id":"https:\/\/portalmf.com.br\/index.php\/2022\/08\/09\/policial-que-matou-leandro-lo-ja-idealizou-projeto-contra-a-violencia\/#breadcrumb","itemListElement":[{"@type":"ListItem","position":1,"name":"In\u00edcio","item":"https:\/\/portalmf.com.br\/"},{"@type":"ListItem","position":2,"name":"Policial que matou Leandro Lo j\u00e1 idealizou projeto contra a viol\u00eancia"}]},{"@type":"WebSite","@id":"https:\/\/portalmf.com.br\/#website","url":"https:\/\/portalmf.com.br\/","name":"Portal MF","description":"Voc\u00ea conectado com a informa\u00e7\u00e3o","potentialAction":[{"@type":"SearchAction","target":{"@type":"EntryPoint","urlTemplate":"https:\/\/portalmf.com.br\/?s={search_term_string}"},"query-input":"required name=search_term_string"}],"inLanguage":"pt-BR"},{"@type":"Person","@id":"https:\/\/portalmf.com.br\/#\/schema\/person\/11c82086fe8abc05a19147e964587285","name":"Reginaldo J\u00fanior","image":{"@type":"ImageObject","inLanguage":"pt-BR","@id":"https:\/\/portalmf.com.br\/#\/schema\/person\/image\/","url":"https:\/\/secure.gravatar.com\/avatar\/32a3c797cd0ac47cc53b8644c62776f9?s=96&d=mm&r=g","contentUrl":"https:\/\/secure.gravatar.com\/avatar\/32a3c797cd0ac47cc53b8644c62776f9?s=96&d=mm&r=g","caption":"Reginaldo J\u00fanior"},"description":"Jornalista e idealizador Portal MF","sameAs":["https:\/\/portalmf.com.br\/index.php\/author\/reginaldojr\/","reginaldojrfsa","reginaldojuniormf","https:\/\/x.com\/reginaldojrmf"],"url":"https:\/\/portalmf.com.br\/index.php\/author\/reginaldojr\/"}]}},"_links":{"self":[{"href":"https:\/\/portalmf.com.br\/index.php\/wp-json\/wp\/v2\/posts\/2838"}],"collection":[{"href":"https:\/\/portalmf.com.br\/index.php\/wp-json\/wp\/v2\/posts"}],"about":[{"href":"https:\/\/portalmf.com.br\/index.php\/wp-json\/wp\/v2\/types\/post"}],"author":[{"embeddable":true,"href":"https:\/\/portalmf.com.br\/index.php\/wp-json\/wp\/v2\/users\/2"}],"replies":[{"embeddable":true,"href":"https:\/\/portalmf.com.br\/index.php\/wp-json\/wp\/v2\/comments?post=2838"}],"version-history":[{"count":1,"href":"https:\/\/portalmf.com.br\/index.php\/wp-json\/wp\/v2\/posts\/2838\/revisions"}],"predecessor-version":[{"id":2840,"href":"https:\/\/portalmf.com.br\/index.php\/wp-json\/wp\/v2\/posts\/2838\/revisions\/2840"}],"wp:featuredmedia":[{"embeddable":true,"href":"https:\/\/portalmf.com.br\/index.php\/wp-json\/wp\/v2\/media\/2839"}],"wp:attachment":[{"href":"https:\/\/portalmf.com.br\/index.php\/wp-json\/wp\/v2\/media?parent=2838"}],"wp:term":[{"taxonomy":"category","embeddable":true,"href":"https:\/\/portalmf.com.br\/index.php\/wp-json\/wp\/v2\/categories?post=2838"},{"taxonomy":"post_tag","embeddable":true,"href":"https:\/\/portalmf.com.br\/index.php\/wp-json\/wp\/v2\/tags?post=2838"}],"curies":[{"name":"wp","href":"https:\/\/api.w.org\/{rel}","templated":true}]}}