{"id":28300,"date":"2024-07-28T20:47:07","date_gmt":"2024-07-28T23:47:07","guid":{"rendered":"https:\/\/portalmf.com.br\/?p=28300"},"modified":"2024-07-28T20:47:08","modified_gmt":"2024-07-28T23:47:08","slug":"prefeito-joao-bahia-lanca-candidatura-a-reeleicao-em-amelia-rodrigues","status":"publish","type":"post","link":"https:\/\/portalmf.com.br\/index.php\/2024\/07\/28\/prefeito-joao-bahia-lanca-candidatura-a-reeleicao-em-amelia-rodrigues\/","title":{"rendered":"Prefeito Jo\u00e3o Bahia lan\u00e7a candidatura \u00e0 reelei\u00e7\u00e3o em Amelia Rodrigues"},"content":{"rendered":"\n<p>O prefeito de Am\u00e9lia Rodrigues, Jo\u00e3o Bahia, oficializou sua candidatura \u00e0 reelei\u00e7\u00e3o pelo PSD em uma conven\u00e7\u00e3o realizada neste s\u00e1bado (27) no Gin\u00e1sio de Esportes Padre Aristotelino Dantas Lima. O evento reuniu um grande p\u00fablico, incluindo apoiadores e importantes lideran\u00e7as pol\u00edticas, e confirmou a chapa majorit\u00e1ria ao lado de Geo Galego (PSB) como candidato a vice-prefeito.<\/p>\n\n\n\n<p>A cerim\u00f4nia contou com a presen\u00e7a de representantes de partidos aliados, como PT, Partido Verde, PCdoB, PSB e Republicanos, al\u00e9m de candidatos ao Legislativo municipal e a comunidade local.<\/p>\n\n\n\n<figure class=\"wp-block-image size-large\"><img fetchpriority=\"high\" decoding=\"async\" width=\"1024\" height=\"683\" src=\"https:\/\/portalmf.com.br\/wp-content\/uploads\/2024\/07\/1000569872-1024x683.jpg\" alt=\"\" class=\"wp-image-28302\" srcset=\"https:\/\/portalmf.com.br\/wp-content\/uploads\/2024\/07\/1000569872-1024x683.jpg 1024w, https:\/\/portalmf.com.br\/wp-content\/uploads\/2024\/07\/1000569872-300x200.jpg 300w, https:\/\/portalmf.com.br\/wp-content\/uploads\/2024\/07\/1000569872-768x512.jpg 768w, https:\/\/portalmf.com.br\/wp-content\/uploads\/2024\/07\/1000569872-1536x1024.jpg 1536w, https:\/\/portalmf.com.br\/wp-content\/uploads\/2024\/07\/1000569872-2048x1365.jpg 2048w, https:\/\/portalmf.com.br\/wp-content\/uploads\/2024\/07\/1000569872-696x464.jpg 696w, https:\/\/portalmf.com.br\/wp-content\/uploads\/2024\/07\/1000569872-1068x712.jpg 1068w, https:\/\/portalmf.com.br\/wp-content\/uploads\/2024\/07\/1000569872-1920x1280.jpg 1920w\" sizes=\"(max-width: 1024px) 100vw, 1024px\" \/><\/figure>\n\n\n\n<p>Em seu discurso, Jo\u00e3o Bahia destacou os avan\u00e7os obtidos durante seu mandato e os desafios superados. Ele enfatizou a import\u00e2ncia de uma gest\u00e3o eficiente dos recursos p\u00fablicos e das emendas parlamentares para promover mudan\u00e7as significativas na cidade. <\/p>\n\n\n\n<p>\u201cTransformamos Am\u00e9lia Rodrigues ao usar corretamente os recursos dispon\u00edveis, atuando em todas as \u00e1reas da cidade,\u201d afirmou.<\/p>\n\n\n\n<p>O prefeito tamb\u00e9m mencionou a chegada iminente de novas empresas, como Nutrisoya, que contribuir\u00e3o para a diversifica\u00e7\u00e3o econ\u00f4mica e a gera\u00e7\u00e3o de empregos na cidade. Ele criticou gest\u00f5es passadas que comprometeram as finan\u00e7as municipais e prometeu impedir que administradores ineficazes retornem ao poder. \u201cN\u00e3o permitiremos que aqueles que destru\u00edram nossa cidade voltem ao comando,\u201d declarou.<\/p>\n\n\n\n<figure class=\"wp-block-image size-large\"><img decoding=\"async\" width=\"1024\" height=\"768\" src=\"https:\/\/portalmf.com.br\/wp-content\/uploads\/2024\/07\/1000569876-1024x768.jpg\" alt=\"\" class=\"wp-image-28303\" srcset=\"https:\/\/portalmf.com.br\/wp-content\/uploads\/2024\/07\/1000569876-1024x768.jpg 1024w, https:\/\/portalmf.com.br\/wp-content\/uploads\/2024\/07\/1000569876-300x225.jpg 300w, https:\/\/portalmf.com.br\/wp-content\/uploads\/2024\/07\/1000569876-768x576.jpg 768w, https:\/\/portalmf.com.br\/wp-content\/uploads\/2024\/07\/1000569876-1536x1152.jpg 1536w, https:\/\/portalmf.com.br\/wp-content\/uploads\/2024\/07\/1000569876-2048x1536.jpg 2048w, https:\/\/portalmf.com.br\/wp-content\/uploads\/2024\/07\/1000569876-696x522.jpg 696w, https:\/\/portalmf.com.br\/wp-content\/uploads\/2024\/07\/1000569876-1068x801.jpg 1068w, https:\/\/portalmf.com.br\/wp-content\/uploads\/2024\/07\/1000569876-1920x1440.jpg 1920w\" sizes=\"(max-width: 1024px) 100vw, 1024px\" \/><\/figure>\n\n\n\n<p>Por fim, Jo\u00e3o Bahia reafirmou seu compromisso com o progresso de Am\u00e9lia Rodrigues, destacando a necessidade de continuar investindo em \u00e1reas fundamentais como emprego, renda, educa\u00e7\u00e3o, infraestrutura, sa\u00fade e assist\u00eancia social. \u201cEstou aqui com voc\u00eas para renovar nosso mandato e continuar trabalhando pelo futuro da nossa cidade,\u201d concluiu.<\/p>\n\n\n\n<p>Com informa\u00e7\u00f5es da ASCOM <\/p>\n","protected":false},"excerpt":{"rendered":"<p>O prefeito de Am\u00e9lia Rodrigues, Jo\u00e3o Bahia, oficializou sua candidatura \u00e0 reelei\u00e7\u00e3o pelo PSD em uma conven\u00e7\u00e3o realizada neste s\u00e1bado (27) no Gin\u00e1sio de Esportes Padre Aristotelino Dantas Lima. O evento reuniu um grande p\u00fablico, incluindo apoiadores e importantes lideran\u00e7as pol\u00edticas, e confirmou a chapa majorit\u00e1ria ao lado de Geo Galego (PSB) como candidato a [&hellip;]<\/p>\n","protected":false},"author":3,"featured_media":28301,"comment_status":"open","ping_status":"open","sticky":false,"template":"","format":"standard","meta":{"_monsterinsights_skip_tracking":false,"_monsterinsights_sitenote_active":false,"_monsterinsights_sitenote_note":"","_monsterinsights_sitenote_category":0,"footnotes":""},"categories":[301,34],"tags":[],"yoast_head":"<!-- This site is optimized with the Yoast SEO plugin v22.9 - https:\/\/yoast.com\/wordpress\/plugins\/seo\/ -->\n<title>Prefeito Jo\u00e3o Bahia lan\u00e7a candidatura \u00e0 reelei\u00e7\u00e3o em Amelia Rodrigues - Portal MF<\/title>\n<meta name=\"robots\" content=\"index, follow, max-snippet:-1, max-image-preview:large, max-video-preview:-1\" \/>\n<link rel=\"canonical\" href=\"https:\/\/portalmf.com.br\/index.php\/2024\/07\/28\/prefeito-joao-bahia-lanca-candidatura-a-reeleicao-em-amelia-rodrigues\/\" \/>\n<meta property=\"og:locale\" content=\"pt_BR\" \/>\n<meta property=\"og:type\" content=\"article\" \/>\n<meta property=\"og:title\" content=\"Prefeito Jo\u00e3o Bahia lan\u00e7a candidatura \u00e0 reelei\u00e7\u00e3o em Amelia Rodrigues - Portal MF\" \/>\n<meta property=\"og:description\" content=\"O prefeito de Am\u00e9lia Rodrigues, Jo\u00e3o Bahia, oficializou sua candidatura \u00e0 reelei\u00e7\u00e3o pelo PSD em uma conven\u00e7\u00e3o realizada neste s\u00e1bado (27) no Gin\u00e1sio de Esportes Padre Aristotelino Dantas Lima. O evento reuniu um grande p\u00fablico, incluindo apoiadores e importantes lideran\u00e7as pol\u00edticas, e confirmou a chapa majorit\u00e1ria ao lado de Geo Galego (PSB) como candidato a [&hellip;]\" \/>\n<meta property=\"og:url\" content=\"https:\/\/portalmf.com.br\/index.php\/2024\/07\/28\/prefeito-joao-bahia-lanca-candidatura-a-reeleicao-em-amelia-rodrigues\/\" \/>\n<meta property=\"og:site_name\" content=\"Portal MF\" \/>\n<meta property=\"article:author\" content=\"https:\/\/www.facebook.com\/portalmfoficial\" \/>\n<meta property=\"article:published_time\" content=\"2024-07-28T23:47:07+00:00\" \/>\n<meta property=\"article:modified_time\" content=\"2024-07-28T23:47:08+00:00\" \/>\n<meta property=\"og:image\" content=\"https:\/\/portalmf.com.br\/wp-content\/uploads\/2024\/07\/IMG-20240728-WA0289-scaled.jpg\" \/>\n\t<meta property=\"og:image:width\" content=\"2560\" \/>\n\t<meta property=\"og:image:height\" content=\"1706\" \/>\n\t<meta property=\"og:image:type\" content=\"image\/jpeg\" \/>\n<meta name=\"author\" content=\"Reda\u00e7\u00e3o Portal MF\" \/>\n<meta name=\"twitter:card\" content=\"summary_large_image\" \/>\n<meta name=\"twitter:creator\" content=\"@https:\/\/x.com\/portalmfoficial\" \/>\n<meta name=\"twitter:label1\" content=\"Escrito por\" \/>\n\t<meta name=\"twitter:data1\" content=\"Reda\u00e7\u00e3o Portal MF\" \/>\n\t<meta name=\"twitter:label2\" content=\"Est. tempo de leitura\" \/>\n\t<meta name=\"twitter:data2\" content=\"2 minutos\" \/>\n<script type=\"application\/ld+json\" class=\"yoast-schema-graph\">{\"@context\":\"https:\/\/schema.org\",\"@graph\":[{\"@type\":\"WebPage\",\"@id\":\"https:\/\/portalmf.com.br\/index.php\/2024\/07\/28\/prefeito-joao-bahia-lanca-candidatura-a-reeleicao-em-amelia-rodrigues\/\",\"url\":\"https:\/\/portalmf.com.br\/index.php\/2024\/07\/28\/prefeito-joao-bahia-lanca-candidatura-a-reeleicao-em-amelia-rodrigues\/\",\"name\":\"Prefeito Jo\u00e3o Bahia lan\u00e7a candidatura \u00e0 reelei\u00e7\u00e3o em Amelia Rodrigues - Portal MF\",\"isPartOf\":{\"@id\":\"https:\/\/portalmf.com.br\/#website\"},\"primaryImageOfPage\":{\"@id\":\"https:\/\/portalmf.com.br\/index.php\/2024\/07\/28\/prefeito-joao-bahia-lanca-candidatura-a-reeleicao-em-amelia-rodrigues\/#primaryimage\"},\"image\":{\"@id\":\"https:\/\/portalmf.com.br\/index.php\/2024\/07\/28\/prefeito-joao-bahia-lanca-candidatura-a-reeleicao-em-amelia-rodrigues\/#primaryimage\"},\"thumbnailUrl\":\"https:\/\/portalmf.com.br\/wp-content\/uploads\/2024\/07\/IMG-20240728-WA0289-scaled.jpg\",\"datePublished\":\"2024-07-28T23:47:07+00:00\",\"dateModified\":\"2024-07-28T23:47:08+00:00\",\"author\":{\"@id\":\"https:\/\/portalmf.com.br\/#\/schema\/person\/9ec101baf56233e53520c26de5d6f6f0\"},\"breadcrumb\":{\"@id\":\"https:\/\/portalmf.com.br\/index.php\/2024\/07\/28\/prefeito-joao-bahia-lanca-candidatura-a-reeleicao-em-amelia-rodrigues\/#breadcrumb\"},\"inLanguage\":\"pt-BR\",\"potentialAction\":[{\"@type\":\"ReadAction\",\"target\":[\"https:\/\/portalmf.com.br\/index.php\/2024\/07\/28\/prefeito-joao-bahia-lanca-candidatura-a-reeleicao-em-amelia-rodrigues\/\"]}]},{\"@type\":\"ImageObject\",\"inLanguage\":\"pt-BR\",\"@id\":\"https:\/\/portalmf.com.br\/index.php\/2024\/07\/28\/prefeito-joao-bahia-lanca-candidatura-a-reeleicao-em-amelia-rodrigues\/#primaryimage\",\"url\":\"https:\/\/portalmf.com.br\/wp-content\/uploads\/2024\/07\/IMG-20240728-WA0289-scaled.jpg\",\"contentUrl\":\"https:\/\/portalmf.com.br\/wp-content\/uploads\/2024\/07\/IMG-20240728-WA0289-scaled.jpg\",\"width\":2560,\"height\":1706},{\"@type\":\"BreadcrumbList\",\"@id\":\"https:\/\/portalmf.com.br\/index.php\/2024\/07\/28\/prefeito-joao-bahia-lanca-candidatura-a-reeleicao-em-amelia-rodrigues\/#breadcrumb\",\"itemListElement\":[{\"@type\":\"ListItem\",\"position\":1,\"name\":\"In\u00edcio\",\"item\":\"https:\/\/portalmf.com.br\/\"},{\"@type\":\"ListItem\",\"position\":2,\"name\":\"Prefeito Jo\u00e3o Bahia lan\u00e7a candidatura \u00e0 reelei\u00e7\u00e3o em Amelia Rodrigues\"}]},{\"@type\":\"WebSite\",\"@id\":\"https:\/\/portalmf.com.br\/#website\",\"url\":\"https:\/\/portalmf.com.br\/\",\"name\":\"Portal MF\",\"description\":\"Voc\u00ea conectado com a informa\u00e7\u00e3o\",\"potentialAction\":[{\"@type\":\"SearchAction\",\"target\":{\"@type\":\"EntryPoint\",\"urlTemplate\":\"https:\/\/portalmf.com.br\/?s={search_term_string}\"},\"query-input\":\"required name=search_term_string\"}],\"inLanguage\":\"pt-BR\"},{\"@type\":\"Person\",\"@id\":\"https:\/\/portalmf.com.br\/#\/schema\/person\/9ec101baf56233e53520c26de5d6f6f0\",\"name\":\"Reda\u00e7\u00e3o Portal MF\",\"image\":{\"@type\":\"ImageObject\",\"inLanguage\":\"pt-BR\",\"@id\":\"https:\/\/portalmf.com.br\/#\/schema\/person\/image\/\",\"url\":\"https:\/\/secure.gravatar.com\/avatar\/41b9aaeb2100835f7c64362330f74c7f?s=96&d=mm&r=g\",\"contentUrl\":\"https:\/\/secure.gravatar.com\/avatar\/41b9aaeb2100835f7c64362330f74c7f?s=96&d=mm&r=g\",\"caption\":\"Reda\u00e7\u00e3o Portal MF\"},\"description\":\"Sejam bem-vindos o portal de informa\u00e7\u00f5es de entretenimento de Feira de Santana, desde 2006 realiza coberturas dos principais eventos com entrevistas exclusivas com as principais personalidades mundiais. Fique conectado tamb\u00e9m nas redes sociais.\",\"sameAs\":[\"http:\/\/www.portalmf.com.br\/\",\"https:\/\/www.facebook.com\/portalmfoficial\",\"https:\/\/www.instagram.com\/portalmf\/\",\"https:\/\/x.com\/https:\/\/x.com\/portalmfoficial\",\"https:\/\/www.youtube.com\/@portalmfoficial\"],\"url\":\"https:\/\/portalmf.com.br\/index.php\/author\/junior\/\"}]}<\/script>\n<!-- \/ Yoast SEO plugin. -->","yoast_head_json":{"title":"Prefeito Jo\u00e3o Bahia lan\u00e7a candidatura \u00e0 reelei\u00e7\u00e3o em Amelia Rodrigues - Portal MF","robots":{"index":"index","follow":"follow","max-snippet":"max-snippet:-1","max-image-preview":"max-image-preview:large","max-video-preview":"max-video-preview:-1"},"canonical":"https:\/\/portalmf.com.br\/index.php\/2024\/07\/28\/prefeito-joao-bahia-lanca-candidatura-a-reeleicao-em-amelia-rodrigues\/","og_locale":"pt_BR","og_type":"article","og_title":"Prefeito Jo\u00e3o Bahia lan\u00e7a candidatura \u00e0 reelei\u00e7\u00e3o em Amelia Rodrigues - Portal MF","og_description":"O prefeito de Am\u00e9lia Rodrigues, Jo\u00e3o Bahia, oficializou sua candidatura \u00e0 reelei\u00e7\u00e3o pelo PSD em uma conven\u00e7\u00e3o realizada neste s\u00e1bado (27) no Gin\u00e1sio de Esportes Padre Aristotelino Dantas Lima. O evento reuniu um grande p\u00fablico, incluindo apoiadores e importantes lideran\u00e7as pol\u00edticas, e confirmou a chapa majorit\u00e1ria ao lado de Geo Galego (PSB) como candidato a [&hellip;]","og_url":"https:\/\/portalmf.com.br\/index.php\/2024\/07\/28\/prefeito-joao-bahia-lanca-candidatura-a-reeleicao-em-amelia-rodrigues\/","og_site_name":"Portal MF","article_author":"https:\/\/www.facebook.com\/portalmfoficial","article_published_time":"2024-07-28T23:47:07+00:00","article_modified_time":"2024-07-28T23:47:08+00:00","og_image":[{"width":2560,"height":1706,"url":"https:\/\/portalmf.com.br\/wp-content\/uploads\/2024\/07\/IMG-20240728-WA0289-scaled.jpg","type":"image\/jpeg"}],"author":"Reda\u00e7\u00e3o Portal MF","twitter_card":"summary_large_image","twitter_creator":"@https:\/\/x.com\/portalmfoficial","twitter_misc":{"Escrito por":"Reda\u00e7\u00e3o Portal MF","Est. tempo de leitura":"2 minutos"},"schema":{"@context":"https:\/\/schema.org","@graph":[{"@type":"WebPage","@id":"https:\/\/portalmf.com.br\/index.php\/2024\/07\/28\/prefeito-joao-bahia-lanca-candidatura-a-reeleicao-em-amelia-rodrigues\/","url":"https:\/\/portalmf.com.br\/index.php\/2024\/07\/28\/prefeito-joao-bahia-lanca-candidatura-a-reeleicao-em-amelia-rodrigues\/","name":"Prefeito Jo\u00e3o Bahia lan\u00e7a candidatura \u00e0 reelei\u00e7\u00e3o em Amelia Rodrigues - Portal MF","isPartOf":{"@id":"https:\/\/portalmf.com.br\/#website"},"primaryImageOfPage":{"@id":"https:\/\/portalmf.com.br\/index.php\/2024\/07\/28\/prefeito-joao-bahia-lanca-candidatura-a-reeleicao-em-amelia-rodrigues\/#primaryimage"},"image":{"@id":"https:\/\/portalmf.com.br\/index.php\/2024\/07\/28\/prefeito-joao-bahia-lanca-candidatura-a-reeleicao-em-amelia-rodrigues\/#primaryimage"},"thumbnailUrl":"https:\/\/portalmf.com.br\/wp-content\/uploads\/2024\/07\/IMG-20240728-WA0289-scaled.jpg","datePublished":"2024-07-28T23:47:07+00:00","dateModified":"2024-07-28T23:47:08+00:00","author":{"@id":"https:\/\/portalmf.com.br\/#\/schema\/person\/9ec101baf56233e53520c26de5d6f6f0"},"breadcrumb":{"@id":"https:\/\/portalmf.com.br\/index.php\/2024\/07\/28\/prefeito-joao-bahia-lanca-candidatura-a-reeleicao-em-amelia-rodrigues\/#breadcrumb"},"inLanguage":"pt-BR","potentialAction":[{"@type":"ReadAction","target":["https:\/\/portalmf.com.br\/index.php\/2024\/07\/28\/prefeito-joao-bahia-lanca-candidatura-a-reeleicao-em-amelia-rodrigues\/"]}]},{"@type":"ImageObject","inLanguage":"pt-BR","@id":"https:\/\/portalmf.com.br\/index.php\/2024\/07\/28\/prefeito-joao-bahia-lanca-candidatura-a-reeleicao-em-amelia-rodrigues\/#primaryimage","url":"https:\/\/portalmf.com.br\/wp-content\/uploads\/2024\/07\/IMG-20240728-WA0289-scaled.jpg","contentUrl":"https:\/\/portalmf.com.br\/wp-content\/uploads\/2024\/07\/IMG-20240728-WA0289-scaled.jpg","width":2560,"height":1706},{"@type":"BreadcrumbList","@id":"https:\/\/portalmf.com.br\/index.php\/2024\/07\/28\/prefeito-joao-bahia-lanca-candidatura-a-reeleicao-em-amelia-rodrigues\/#breadcrumb","itemListElement":[{"@type":"ListItem","position":1,"name":"In\u00edcio","item":"https:\/\/portalmf.com.br\/"},{"@type":"ListItem","position":2,"name":"Prefeito Jo\u00e3o Bahia lan\u00e7a candidatura \u00e0 reelei\u00e7\u00e3o em Amelia Rodrigues"}]},{"@type":"WebSite","@id":"https:\/\/portalmf.com.br\/#website","url":"https:\/\/portalmf.com.br\/","name":"Portal MF","description":"Voc\u00ea conectado com a informa\u00e7\u00e3o","potentialAction":[{"@type":"SearchAction","target":{"@type":"EntryPoint","urlTemplate":"https:\/\/portalmf.com.br\/?s={search_term_string}"},"query-input":"required name=search_term_string"}],"inLanguage":"pt-BR"},{"@type":"Person","@id":"https:\/\/portalmf.com.br\/#\/schema\/person\/9ec101baf56233e53520c26de5d6f6f0","name":"Reda\u00e7\u00e3o Portal MF","image":{"@type":"ImageObject","inLanguage":"pt-BR","@id":"https:\/\/portalmf.com.br\/#\/schema\/person\/image\/","url":"https:\/\/secure.gravatar.com\/avatar\/41b9aaeb2100835f7c64362330f74c7f?s=96&d=mm&r=g","contentUrl":"https:\/\/secure.gravatar.com\/avatar\/41b9aaeb2100835f7c64362330f74c7f?s=96&d=mm&r=g","caption":"Reda\u00e7\u00e3o Portal MF"},"description":"Sejam bem-vindos o portal de informa\u00e7\u00f5es de entretenimento de Feira de Santana, desde 2006 realiza coberturas dos principais eventos com entrevistas exclusivas com as principais personalidades mundiais. Fique conectado tamb\u00e9m nas redes sociais.","sameAs":["http:\/\/www.portalmf.com.br\/","https:\/\/www.facebook.com\/portalmfoficial","https:\/\/www.instagram.com\/portalmf\/","https:\/\/x.com\/https:\/\/x.com\/portalmfoficial","https:\/\/www.youtube.com\/@portalmfoficial"],"url":"https:\/\/portalmf.com.br\/index.php\/author\/junior\/"}]}},"_links":{"self":[{"href":"https:\/\/portalmf.com.br\/index.php\/wp-json\/wp\/v2\/posts\/28300"}],"collection":[{"href":"https:\/\/portalmf.com.br\/index.php\/wp-json\/wp\/v2\/posts"}],"about":[{"href":"https:\/\/portalmf.com.br\/index.php\/wp-json\/wp\/v2\/types\/post"}],"author":[{"embeddable":true,"href":"https:\/\/portalmf.com.br\/index.php\/wp-json\/wp\/v2\/users\/3"}],"replies":[{"embeddable":true,"href":"https:\/\/portalmf.com.br\/index.php\/wp-json\/wp\/v2\/comments?post=28300"}],"version-history":[{"count":1,"href":"https:\/\/portalmf.com.br\/index.php\/wp-json\/wp\/v2\/posts\/28300\/revisions"}],"predecessor-version":[{"id":28304,"href":"https:\/\/portalmf.com.br\/index.php\/wp-json\/wp\/v2\/posts\/28300\/revisions\/28304"}],"wp:featuredmedia":[{"embeddable":true,"href":"https:\/\/portalmf.com.br\/index.php\/wp-json\/wp\/v2\/media\/28301"}],"wp:attachment":[{"href":"https:\/\/portalmf.com.br\/index.php\/wp-json\/wp\/v2\/media?parent=28300"}],"wp:term":[{"taxonomy":"category","embeddable":true,"href":"https:\/\/portalmf.com.br\/index.php\/wp-json\/wp\/v2\/categories?post=28300"},{"taxonomy":"post_tag","embeddable":true,"href":"https:\/\/portalmf.com.br\/index.php\/wp-json\/wp\/v2\/tags?post=28300"}],"curies":[{"name":"wp","href":"https:\/\/api.w.org\/{rel}","templated":true}]}}