{"id":28258,"date":"2024-07-25T17:41:11","date_gmt":"2024-07-25T20:41:11","guid":{"rendered":"https:\/\/portalmf.com.br\/?p=28258"},"modified":"2024-07-25T17:41:12","modified_gmt":"2024-07-25T20:41:12","slug":"reeleicao-de-bruno-sera-reconhecimento-do-trabalho-diz-caca-leao-na-convencao","status":"publish","type":"post","link":"https:\/\/portalmf.com.br\/index.php\/2024\/07\/25\/reeleicao-de-bruno-sera-reconhecimento-do-trabalho-diz-caca-leao-na-convencao\/","title":{"rendered":"\u2018Reelei\u00e7\u00e3o de Bruno ser\u00e1 reconhecimento do trabalho\u2019, diz Cac\u00e1 Le\u00e3o na conven\u00e7\u00e3o"},"content":{"rendered":"\n<p>Presidente municipal do Progressistas e secret\u00e1rio de Governo de Salvador, Cac\u00e1 Le\u00e3o afirmou, nesta quinta-feira (25), que o povo da capital reconhece o trabalho do prefeito Bruno Reis e dar\u00e1 a ele a reelei\u00e7\u00e3o. Durante a conven\u00e7\u00e3o que homologou a candidatura de Bruno Reis (Uni\u00e3o Brasil), no Centro de Conven\u00e7\u00f5es, Cac\u00e1 ressaltou ainda a for\u00e7a do grupo pol\u00edtico: \u201cfaremos a maior bancada de vereadores\u201d.<\/p>\n\n\n\n<p>\u201cTemos visto o brilho nos olhos das pessoas nos quatro cantos dessa cidade, por onde o prefeito Bruno Reis passa. Tenho certeza que a reelei\u00e7\u00e3o dele ser\u00e1 a comprova\u00e7\u00e3o, ser\u00e1 a demonstra\u00e7\u00e3o de confian\u00e7a da popula\u00e7\u00e3o de Salvador, o reconhecimento do trabalho que ele vem realizado nos \u00faltimos anos, transformando a vida de quem vive aqui\u201d, disse Cac\u00e1.<\/p>\n\n\n\n<p>O presidente do PP de Salvador destacou tamb\u00e9m que o partido tem uma nominata forte e que espera fazer cinco vereadores. Cac\u00e1 Le\u00e3o tamb\u00e9m refor\u00e7ou que Bruno Reis tem uma base forte, com 13 partidos, que ir\u00e1 ajud\u00e1-lo neste pleito eleitoral: \u201cN\u00e3o \u00e0 toa nossa coliga\u00e7\u00e3o se chama \u2018O trabalho n\u00e3o para\u2019. Juntos, vamos fazer muito mais pelo povo de Salvador\u201d.<\/p>\n","protected":false},"excerpt":{"rendered":"<p>Presidente municipal do Progressistas e secret\u00e1rio de Governo de Salvador, Cac\u00e1 Le\u00e3o afirmou, nesta quinta-feira (25), que o povo da capital reconhece o trabalho do prefeito Bruno Reis e dar\u00e1 a ele a reelei\u00e7\u00e3o. Durante a conven\u00e7\u00e3o que homologou a candidatura de Bruno Reis (Uni\u00e3o Brasil), no Centro de Conven\u00e7\u00f5es, Cac\u00e1 ressaltou ainda a for\u00e7a [&hellip;]<\/p>\n","protected":false},"author":3,"featured_media":28259,"comment_status":"open","ping_status":"open","sticky":false,"template":"","format":"standard","meta":{"_monsterinsights_skip_tracking":false,"_monsterinsights_sitenote_active":false,"_monsterinsights_sitenote_note":"","_monsterinsights_sitenote_category":0,"footnotes":""},"categories":[301,34],"tags":[],"yoast_head":"<!-- This site is optimized with the Yoast SEO plugin v22.9 - https:\/\/yoast.com\/wordpress\/plugins\/seo\/ -->\n<title>\u2018Reelei\u00e7\u00e3o de Bruno ser\u00e1 reconhecimento do trabalho\u2019, diz Cac\u00e1 Le\u00e3o na conven\u00e7\u00e3o - Portal MF<\/title>\n<meta name=\"robots\" content=\"index, follow, max-snippet:-1, max-image-preview:large, max-video-preview:-1\" \/>\n<link rel=\"canonical\" href=\"https:\/\/portalmf.com.br\/index.php\/2024\/07\/25\/reeleicao-de-bruno-sera-reconhecimento-do-trabalho-diz-caca-leao-na-convencao\/\" \/>\n<meta property=\"og:locale\" content=\"pt_BR\" \/>\n<meta property=\"og:type\" content=\"article\" \/>\n<meta property=\"og:title\" content=\"\u2018Reelei\u00e7\u00e3o de Bruno ser\u00e1 reconhecimento do trabalho\u2019, diz Cac\u00e1 Le\u00e3o na conven\u00e7\u00e3o - Portal MF\" \/>\n<meta property=\"og:description\" content=\"Presidente municipal do Progressistas e secret\u00e1rio de Governo de Salvador, Cac\u00e1 Le\u00e3o afirmou, nesta quinta-feira (25), que o povo da capital reconhece o trabalho do prefeito Bruno Reis e dar\u00e1 a ele a reelei\u00e7\u00e3o. Durante a conven\u00e7\u00e3o que homologou a candidatura de Bruno Reis (Uni\u00e3o Brasil), no Centro de Conven\u00e7\u00f5es, Cac\u00e1 ressaltou ainda a for\u00e7a [&hellip;]\" \/>\n<meta property=\"og:url\" content=\"https:\/\/portalmf.com.br\/index.php\/2024\/07\/25\/reeleicao-de-bruno-sera-reconhecimento-do-trabalho-diz-caca-leao-na-convencao\/\" \/>\n<meta property=\"og:site_name\" content=\"Portal MF\" \/>\n<meta property=\"article:author\" content=\"https:\/\/www.facebook.com\/portalmfoficial\" \/>\n<meta property=\"article:published_time\" content=\"2024-07-25T20:41:11+00:00\" \/>\n<meta property=\"article:modified_time\" content=\"2024-07-25T20:41:12+00:00\" \/>\n<meta property=\"og:image\" content=\"https:\/\/portalmf.com.br\/wp-content\/uploads\/2024\/07\/\u2018Reeleicao-de-Bruno-sera-reconhecimento-do-trabalho-diz-Caca-Leao-na-convencao.jpg\" \/>\n\t<meta property=\"og:image:width\" content=\"1280\" \/>\n\t<meta property=\"og:image:height\" content=\"832\" \/>\n\t<meta property=\"og:image:type\" content=\"image\/jpeg\" \/>\n<meta name=\"author\" content=\"Reda\u00e7\u00e3o Portal MF\" \/>\n<meta name=\"twitter:card\" content=\"summary_large_image\" \/>\n<meta name=\"twitter:creator\" content=\"@https:\/\/x.com\/portalmfoficial\" \/>\n<meta name=\"twitter:label1\" content=\"Escrito por\" \/>\n\t<meta name=\"twitter:data1\" content=\"Reda\u00e7\u00e3o Portal MF\" \/>\n\t<meta name=\"twitter:label2\" content=\"Est. tempo de leitura\" \/>\n\t<meta name=\"twitter:data2\" content=\"2 minutos\" \/>\n<script type=\"application\/ld+json\" class=\"yoast-schema-graph\">{\"@context\":\"https:\/\/schema.org\",\"@graph\":[{\"@type\":\"WebPage\",\"@id\":\"https:\/\/portalmf.com.br\/index.php\/2024\/07\/25\/reeleicao-de-bruno-sera-reconhecimento-do-trabalho-diz-caca-leao-na-convencao\/\",\"url\":\"https:\/\/portalmf.com.br\/index.php\/2024\/07\/25\/reeleicao-de-bruno-sera-reconhecimento-do-trabalho-diz-caca-leao-na-convencao\/\",\"name\":\"\u2018Reelei\u00e7\u00e3o de Bruno ser\u00e1 reconhecimento do trabalho\u2019, diz Cac\u00e1 Le\u00e3o na conven\u00e7\u00e3o - Portal MF\",\"isPartOf\":{\"@id\":\"https:\/\/portalmf.com.br\/#website\"},\"primaryImageOfPage\":{\"@id\":\"https:\/\/portalmf.com.br\/index.php\/2024\/07\/25\/reeleicao-de-bruno-sera-reconhecimento-do-trabalho-diz-caca-leao-na-convencao\/#primaryimage\"},\"image\":{\"@id\":\"https:\/\/portalmf.com.br\/index.php\/2024\/07\/25\/reeleicao-de-bruno-sera-reconhecimento-do-trabalho-diz-caca-leao-na-convencao\/#primaryimage\"},\"thumbnailUrl\":\"https:\/\/portalmf.com.br\/wp-content\/uploads\/2024\/07\/\u2018Reeleicao-de-Bruno-sera-reconhecimento-do-trabalho-diz-Caca-Leao-na-convencao.jpg\",\"datePublished\":\"2024-07-25T20:41:11+00:00\",\"dateModified\":\"2024-07-25T20:41:12+00:00\",\"author\":{\"@id\":\"https:\/\/portalmf.com.br\/#\/schema\/person\/9ec101baf56233e53520c26de5d6f6f0\"},\"breadcrumb\":{\"@id\":\"https:\/\/portalmf.com.br\/index.php\/2024\/07\/25\/reeleicao-de-bruno-sera-reconhecimento-do-trabalho-diz-caca-leao-na-convencao\/#breadcrumb\"},\"inLanguage\":\"pt-BR\",\"potentialAction\":[{\"@type\":\"ReadAction\",\"target\":[\"https:\/\/portalmf.com.br\/index.php\/2024\/07\/25\/reeleicao-de-bruno-sera-reconhecimento-do-trabalho-diz-caca-leao-na-convencao\/\"]}]},{\"@type\":\"ImageObject\",\"inLanguage\":\"pt-BR\",\"@id\":\"https:\/\/portalmf.com.br\/index.php\/2024\/07\/25\/reeleicao-de-bruno-sera-reconhecimento-do-trabalho-diz-caca-leao-na-convencao\/#primaryimage\",\"url\":\"https:\/\/portalmf.com.br\/wp-content\/uploads\/2024\/07\/\u2018Reeleicao-de-Bruno-sera-reconhecimento-do-trabalho-diz-Caca-Leao-na-convencao.jpg\",\"contentUrl\":\"https:\/\/portalmf.com.br\/wp-content\/uploads\/2024\/07\/\u2018Reeleicao-de-Bruno-sera-reconhecimento-do-trabalho-diz-Caca-Leao-na-convencao.jpg\",\"width\":1280,\"height\":832},{\"@type\":\"BreadcrumbList\",\"@id\":\"https:\/\/portalmf.com.br\/index.php\/2024\/07\/25\/reeleicao-de-bruno-sera-reconhecimento-do-trabalho-diz-caca-leao-na-convencao\/#breadcrumb\",\"itemListElement\":[{\"@type\":\"ListItem\",\"position\":1,\"name\":\"In\u00edcio\",\"item\":\"https:\/\/portalmf.com.br\/\"},{\"@type\":\"ListItem\",\"position\":2,\"name\":\"\u2018Reelei\u00e7\u00e3o de Bruno ser\u00e1 reconhecimento do trabalho\u2019, diz Cac\u00e1 Le\u00e3o na conven\u00e7\u00e3o\"}]},{\"@type\":\"WebSite\",\"@id\":\"https:\/\/portalmf.com.br\/#website\",\"url\":\"https:\/\/portalmf.com.br\/\",\"name\":\"Portal MF\",\"description\":\"Voc\u00ea conectado com a informa\u00e7\u00e3o\",\"potentialAction\":[{\"@type\":\"SearchAction\",\"target\":{\"@type\":\"EntryPoint\",\"urlTemplate\":\"https:\/\/portalmf.com.br\/?s={search_term_string}\"},\"query-input\":\"required name=search_term_string\"}],\"inLanguage\":\"pt-BR\"},{\"@type\":\"Person\",\"@id\":\"https:\/\/portalmf.com.br\/#\/schema\/person\/9ec101baf56233e53520c26de5d6f6f0\",\"name\":\"Reda\u00e7\u00e3o Portal MF\",\"image\":{\"@type\":\"ImageObject\",\"inLanguage\":\"pt-BR\",\"@id\":\"https:\/\/portalmf.com.br\/#\/schema\/person\/image\/\",\"url\":\"https:\/\/secure.gravatar.com\/avatar\/41b9aaeb2100835f7c64362330f74c7f?s=96&d=mm&r=g\",\"contentUrl\":\"https:\/\/secure.gravatar.com\/avatar\/41b9aaeb2100835f7c64362330f74c7f?s=96&d=mm&r=g\",\"caption\":\"Reda\u00e7\u00e3o Portal MF\"},\"description\":\"Sejam bem-vindos o portal de informa\u00e7\u00f5es de entretenimento de Feira de Santana, desde 2006 realiza coberturas dos principais eventos com entrevistas exclusivas com as principais personalidades mundiais. Fique conectado tamb\u00e9m nas redes sociais.\",\"sameAs\":[\"http:\/\/www.portalmf.com.br\/\",\"https:\/\/www.facebook.com\/portalmfoficial\",\"https:\/\/www.instagram.com\/portalmf\/\",\"https:\/\/x.com\/https:\/\/x.com\/portalmfoficial\",\"https:\/\/www.youtube.com\/@portalmfoficial\"],\"url\":\"https:\/\/portalmf.com.br\/index.php\/author\/junior\/\"}]}<\/script>\n<!-- \/ Yoast SEO plugin. -->","yoast_head_json":{"title":"\u2018Reelei\u00e7\u00e3o de Bruno ser\u00e1 reconhecimento do trabalho\u2019, diz Cac\u00e1 Le\u00e3o na conven\u00e7\u00e3o - Portal MF","robots":{"index":"index","follow":"follow","max-snippet":"max-snippet:-1","max-image-preview":"max-image-preview:large","max-video-preview":"max-video-preview:-1"},"canonical":"https:\/\/portalmf.com.br\/index.php\/2024\/07\/25\/reeleicao-de-bruno-sera-reconhecimento-do-trabalho-diz-caca-leao-na-convencao\/","og_locale":"pt_BR","og_type":"article","og_title":"\u2018Reelei\u00e7\u00e3o de Bruno ser\u00e1 reconhecimento do trabalho\u2019, diz Cac\u00e1 Le\u00e3o na conven\u00e7\u00e3o - Portal MF","og_description":"Presidente municipal do Progressistas e secret\u00e1rio de Governo de Salvador, Cac\u00e1 Le\u00e3o afirmou, nesta quinta-feira (25), que o povo da capital reconhece o trabalho do prefeito Bruno Reis e dar\u00e1 a ele a reelei\u00e7\u00e3o. Durante a conven\u00e7\u00e3o que homologou a candidatura de Bruno Reis (Uni\u00e3o Brasil), no Centro de Conven\u00e7\u00f5es, Cac\u00e1 ressaltou ainda a for\u00e7a [&hellip;]","og_url":"https:\/\/portalmf.com.br\/index.php\/2024\/07\/25\/reeleicao-de-bruno-sera-reconhecimento-do-trabalho-diz-caca-leao-na-convencao\/","og_site_name":"Portal MF","article_author":"https:\/\/www.facebook.com\/portalmfoficial","article_published_time":"2024-07-25T20:41:11+00:00","article_modified_time":"2024-07-25T20:41:12+00:00","og_image":[{"width":1280,"height":832,"url":"https:\/\/portalmf.com.br\/wp-content\/uploads\/2024\/07\/\u2018Reeleicao-de-Bruno-sera-reconhecimento-do-trabalho-diz-Caca-Leao-na-convencao.jpg","type":"image\/jpeg"}],"author":"Reda\u00e7\u00e3o Portal MF","twitter_card":"summary_large_image","twitter_creator":"@https:\/\/x.com\/portalmfoficial","twitter_misc":{"Escrito por":"Reda\u00e7\u00e3o Portal MF","Est. tempo de leitura":"2 minutos"},"schema":{"@context":"https:\/\/schema.org","@graph":[{"@type":"WebPage","@id":"https:\/\/portalmf.com.br\/index.php\/2024\/07\/25\/reeleicao-de-bruno-sera-reconhecimento-do-trabalho-diz-caca-leao-na-convencao\/","url":"https:\/\/portalmf.com.br\/index.php\/2024\/07\/25\/reeleicao-de-bruno-sera-reconhecimento-do-trabalho-diz-caca-leao-na-convencao\/","name":"\u2018Reelei\u00e7\u00e3o de Bruno ser\u00e1 reconhecimento do trabalho\u2019, diz Cac\u00e1 Le\u00e3o na conven\u00e7\u00e3o - Portal MF","isPartOf":{"@id":"https:\/\/portalmf.com.br\/#website"},"primaryImageOfPage":{"@id":"https:\/\/portalmf.com.br\/index.php\/2024\/07\/25\/reeleicao-de-bruno-sera-reconhecimento-do-trabalho-diz-caca-leao-na-convencao\/#primaryimage"},"image":{"@id":"https:\/\/portalmf.com.br\/index.php\/2024\/07\/25\/reeleicao-de-bruno-sera-reconhecimento-do-trabalho-diz-caca-leao-na-convencao\/#primaryimage"},"thumbnailUrl":"https:\/\/portalmf.com.br\/wp-content\/uploads\/2024\/07\/\u2018Reeleicao-de-Bruno-sera-reconhecimento-do-trabalho-diz-Caca-Leao-na-convencao.jpg","datePublished":"2024-07-25T20:41:11+00:00","dateModified":"2024-07-25T20:41:12+00:00","author":{"@id":"https:\/\/portalmf.com.br\/#\/schema\/person\/9ec101baf56233e53520c26de5d6f6f0"},"breadcrumb":{"@id":"https:\/\/portalmf.com.br\/index.php\/2024\/07\/25\/reeleicao-de-bruno-sera-reconhecimento-do-trabalho-diz-caca-leao-na-convencao\/#breadcrumb"},"inLanguage":"pt-BR","potentialAction":[{"@type":"ReadAction","target":["https:\/\/portalmf.com.br\/index.php\/2024\/07\/25\/reeleicao-de-bruno-sera-reconhecimento-do-trabalho-diz-caca-leao-na-convencao\/"]}]},{"@type":"ImageObject","inLanguage":"pt-BR","@id":"https:\/\/portalmf.com.br\/index.php\/2024\/07\/25\/reeleicao-de-bruno-sera-reconhecimento-do-trabalho-diz-caca-leao-na-convencao\/#primaryimage","url":"https:\/\/portalmf.com.br\/wp-content\/uploads\/2024\/07\/\u2018Reeleicao-de-Bruno-sera-reconhecimento-do-trabalho-diz-Caca-Leao-na-convencao.jpg","contentUrl":"https:\/\/portalmf.com.br\/wp-content\/uploads\/2024\/07\/\u2018Reeleicao-de-Bruno-sera-reconhecimento-do-trabalho-diz-Caca-Leao-na-convencao.jpg","width":1280,"height":832},{"@type":"BreadcrumbList","@id":"https:\/\/portalmf.com.br\/index.php\/2024\/07\/25\/reeleicao-de-bruno-sera-reconhecimento-do-trabalho-diz-caca-leao-na-convencao\/#breadcrumb","itemListElement":[{"@type":"ListItem","position":1,"name":"In\u00edcio","item":"https:\/\/portalmf.com.br\/"},{"@type":"ListItem","position":2,"name":"\u2018Reelei\u00e7\u00e3o de Bruno ser\u00e1 reconhecimento do trabalho\u2019, diz Cac\u00e1 Le\u00e3o na conven\u00e7\u00e3o"}]},{"@type":"WebSite","@id":"https:\/\/portalmf.com.br\/#website","url":"https:\/\/portalmf.com.br\/","name":"Portal MF","description":"Voc\u00ea conectado com a informa\u00e7\u00e3o","potentialAction":[{"@type":"SearchAction","target":{"@type":"EntryPoint","urlTemplate":"https:\/\/portalmf.com.br\/?s={search_term_string}"},"query-input":"required name=search_term_string"}],"inLanguage":"pt-BR"},{"@type":"Person","@id":"https:\/\/portalmf.com.br\/#\/schema\/person\/9ec101baf56233e53520c26de5d6f6f0","name":"Reda\u00e7\u00e3o Portal MF","image":{"@type":"ImageObject","inLanguage":"pt-BR","@id":"https:\/\/portalmf.com.br\/#\/schema\/person\/image\/","url":"https:\/\/secure.gravatar.com\/avatar\/41b9aaeb2100835f7c64362330f74c7f?s=96&d=mm&r=g","contentUrl":"https:\/\/secure.gravatar.com\/avatar\/41b9aaeb2100835f7c64362330f74c7f?s=96&d=mm&r=g","caption":"Reda\u00e7\u00e3o Portal MF"},"description":"Sejam bem-vindos o portal de informa\u00e7\u00f5es de entretenimento de Feira de Santana, desde 2006 realiza coberturas dos principais eventos com entrevistas exclusivas com as principais personalidades mundiais. Fique conectado tamb\u00e9m nas redes sociais.","sameAs":["http:\/\/www.portalmf.com.br\/","https:\/\/www.facebook.com\/portalmfoficial","https:\/\/www.instagram.com\/portalmf\/","https:\/\/x.com\/https:\/\/x.com\/portalmfoficial","https:\/\/www.youtube.com\/@portalmfoficial"],"url":"https:\/\/portalmf.com.br\/index.php\/author\/junior\/"}]}},"_links":{"self":[{"href":"https:\/\/portalmf.com.br\/index.php\/wp-json\/wp\/v2\/posts\/28258"}],"collection":[{"href":"https:\/\/portalmf.com.br\/index.php\/wp-json\/wp\/v2\/posts"}],"about":[{"href":"https:\/\/portalmf.com.br\/index.php\/wp-json\/wp\/v2\/types\/post"}],"author":[{"embeddable":true,"href":"https:\/\/portalmf.com.br\/index.php\/wp-json\/wp\/v2\/users\/3"}],"replies":[{"embeddable":true,"href":"https:\/\/portalmf.com.br\/index.php\/wp-json\/wp\/v2\/comments?post=28258"}],"version-history":[{"count":1,"href":"https:\/\/portalmf.com.br\/index.php\/wp-json\/wp\/v2\/posts\/28258\/revisions"}],"predecessor-version":[{"id":28260,"href":"https:\/\/portalmf.com.br\/index.php\/wp-json\/wp\/v2\/posts\/28258\/revisions\/28260"}],"wp:featuredmedia":[{"embeddable":true,"href":"https:\/\/portalmf.com.br\/index.php\/wp-json\/wp\/v2\/media\/28259"}],"wp:attachment":[{"href":"https:\/\/portalmf.com.br\/index.php\/wp-json\/wp\/v2\/media?parent=28258"}],"wp:term":[{"taxonomy":"category","embeddable":true,"href":"https:\/\/portalmf.com.br\/index.php\/wp-json\/wp\/v2\/categories?post=28258"},{"taxonomy":"post_tag","embeddable":true,"href":"https:\/\/portalmf.com.br\/index.php\/wp-json\/wp\/v2\/tags?post=28258"}],"curies":[{"name":"wp","href":"https:\/\/api.w.org\/{rel}","templated":true}]}}