{"id":2815,"date":"2022-08-09T17:30:02","date_gmt":"2022-08-09T20:30:02","guid":{"rendered":"http:\/\/portalmf.com.br\/?p=2815"},"modified":"2022-08-09T17:30:03","modified_gmt":"2022-08-09T20:30:03","slug":"nao-vou-me-surpreender-torcida-do-palmeiras-enlouquece-apos-projecao-de-edmundo-na-libertadores","status":"publish","type":"post","link":"https:\/\/portalmf.com.br\/index.php\/2022\/08\/09\/nao-vou-me-surpreender-torcida-do-palmeiras-enlouquece-apos-projecao-de-edmundo-na-libertadores\/","title":{"rendered":"&#8220;N\u00e3o vou me surpreender&#8221;; Torcida do Palmeiras &#8216;enlouquece&#8217; ap\u00f3s proje\u00e7\u00e3o de Edmundo na Libertadores"},"content":{"rendered":"\n<p>Considerado um \u00eddolo por muitos, o ex-atacante foi sincero em sua declara\u00e7\u00e3o e acabou agitando bastante os bastidores do Verd\u00e3o<\/p>\n\n\n\n<p>O&nbsp;Palmeiras&nbsp;assustou os torcedores no in\u00edcio do jogo no Mineir\u00e3o, especialmente por n\u00e3o conseguir segurar o \u00edmpeto do Atl\u00e9tico-MG e sair perdendo por 2 a 0, que seria um resultado bem dif\u00edcil de reverter, mesmo&nbsp;com a volta sendo disputada no Allianz Parque. No entanto, a equipe comandada por Abel Ferreira lutou at\u00e9 o fim, aproveitou as oportunidades e conseguiu um empate heroico.<\/p>\n\n\n\n<p>Com isso, sendo apoiado pelos palmeirenses, que prometem lotar o est\u00e1dio,&nbsp;ser\u00e1 necess\u00e1rio vencer por qualquer resultado, mesmo que m\u00ednimo, para seguir sonhando com mais um t\u00edtulo da competi\u00e7\u00e3o continental. De qualquer forma, com os p\u00e9s no ch\u00e3o, o planejamento vem sendo feito, justamente com a inten\u00e7\u00e3o de ter todos 100% dispon\u00edveis e concentrados nessa decis\u00e3o.&nbsp; &nbsp; &nbsp;<\/p>\n\n\n\n<p>Diferentemente de muitos,&nbsp;Edmundo, \u00eddolo do Palmeiras,&nbsp;n\u00e3o acredita que os paulistas sejam francos favoritos para o duelo contra o Galo. Sendo extremamente sincero e sem clubismo, o&nbsp;&#8220;Animal&#8221;, como era carinhosamente chamado pela torcida alviverde, acredita que os mineiros devem ser&nbsp;&#8216;vibrantes e brigadores&#8217; em campo, deixando a disputa em aberto.<\/p>\n\n\n\n<p><em>&#8220;Eu n\u00e3o sei se o Atl\u00e9tico vai conseguir ganhar do Palmeiras no Allianz, mas eu tenho certeza que a postura vai ser diferente. Vai ser um Atl\u00e9tico mais vibrante e mais brigador.\u00a0Foi eliminado (da Copa do Brasil) pelo Flamengo ganhando de 2 a 0, deixou o L\u00e1zaro marcar um gol no finalzinho e virou presa f\u00e1cil no Maracan\u00e3. Estava ganhando de 2 a 0 contra o Palmeiras e deixou empatar. Ganhava o jogo e viu o Athletico reverter&#8221;<\/em>, disse\u00a0em seu canal no\u00a0YouTube, completando:<\/p>\n\n\n\n<p><em>&#8220;N\u00e3o vou me surpreender se o Atl\u00e9tico entrar com garra e disposi\u00e7\u00e3o. Se estiverem em um dia de boa t\u00e9cnica, podem vencer e surpreender o Palmeiras&#8221;,<\/em> finalizou. A declara\u00e7\u00e3o acabou mexendo com os brios de muitos torcedores, que n\u00e3o concordam com o ex-jogador. De qualquer forma, as equipes entram em campo na pr\u00f3xima quarta-feira (10), a partir das 21h30.<\/p>\n","protected":false},"excerpt":{"rendered":"<p>Considerado um \u00eddolo por muitos, o ex-atacante foi sincero em sua declara\u00e7\u00e3o e acabou agitando bastante os bastidores do Verd\u00e3o O&nbsp;Palmeiras&nbsp;assustou os torcedores no in\u00edcio do jogo no Mineir\u00e3o, especialmente por n\u00e3o conseguir segurar o \u00edmpeto do Atl\u00e9tico-MG e sair perdendo por 2 a 0, que seria um resultado bem dif\u00edcil de reverter, mesmo&nbsp;com a [&hellip;]<\/p>\n","protected":false},"author":2,"featured_media":2816,"comment_status":"open","ping_status":"open","sticky":false,"template":"","format":"standard","meta":{"_monsterinsights_skip_tracking":false,"_monsterinsights_sitenote_active":false,"_monsterinsights_sitenote_note":"","_monsterinsights_sitenote_category":0,"footnotes":""},"categories":[42],"tags":[],"yoast_head":"<!-- This site is optimized with the Yoast SEO plugin v22.9 - https:\/\/yoast.com\/wordpress\/plugins\/seo\/ -->\n<title>&quot;N\u00e3o vou me surpreender&quot;; Torcida do Palmeiras &#039;enlouquece&#039; ap\u00f3s proje\u00e7\u00e3o de Edmundo na Libertadores - Portal MF<\/title>\n<meta name=\"robots\" content=\"index, follow, max-snippet:-1, max-image-preview:large, max-video-preview:-1\" \/>\n<link rel=\"canonical\" href=\"https:\/\/portalmf.com.br\/index.php\/2022\/08\/09\/nao-vou-me-surpreender-torcida-do-palmeiras-enlouquece-apos-projecao-de-edmundo-na-libertadores\/\" \/>\n<meta property=\"og:locale\" content=\"pt_BR\" \/>\n<meta property=\"og:type\" content=\"article\" \/>\n<meta property=\"og:title\" content=\"&quot;N\u00e3o vou me surpreender&quot;; Torcida do Palmeiras &#039;enlouquece&#039; ap\u00f3s proje\u00e7\u00e3o de Edmundo na Libertadores - Portal MF\" \/>\n<meta property=\"og:description\" content=\"Considerado um \u00eddolo por muitos, o ex-atacante foi sincero em sua declara\u00e7\u00e3o e acabou agitando bastante os bastidores do Verd\u00e3o O&nbsp;Palmeiras&nbsp;assustou os torcedores no in\u00edcio do jogo no Mineir\u00e3o, especialmente por n\u00e3o conseguir segurar o \u00edmpeto do Atl\u00e9tico-MG e sair perdendo por 2 a 0, que seria um resultado bem dif\u00edcil de reverter, mesmo&nbsp;com a [&hellip;]\" \/>\n<meta property=\"og:url\" content=\"https:\/\/portalmf.com.br\/index.php\/2022\/08\/09\/nao-vou-me-surpreender-torcida-do-palmeiras-enlouquece-apos-projecao-de-edmundo-na-libertadores\/\" \/>\n<meta property=\"og:site_name\" content=\"Portal MF\" \/>\n<meta property=\"article:author\" content=\"reginaldojrfsa\" \/>\n<meta property=\"article:published_time\" content=\"2022-08-09T20:30:02+00:00\" \/>\n<meta property=\"article:modified_time\" content=\"2022-08-09T20:30:03+00:00\" \/>\n<meta property=\"og:image\" content=\"https:\/\/portalmf.com.br\/wp-content\/uploads\/2022\/08\/AA10tYw3.jpg\" \/>\n\t<meta property=\"og:image:width\" content=\"740\" \/>\n\t<meta property=\"og:image:height\" content=\"412\" \/>\n\t<meta property=\"og:image:type\" content=\"image\/jpeg\" \/>\n<meta name=\"author\" content=\"Reginaldo J\u00fanior\" \/>\n<meta name=\"twitter:card\" content=\"summary_large_image\" \/>\n<meta name=\"twitter:creator\" content=\"@reginaldojrmf\" \/>\n<meta name=\"twitter:label1\" content=\"Escrito por\" \/>\n\t<meta name=\"twitter:data1\" content=\"Reginaldo J\u00fanior\" \/>\n\t<meta name=\"twitter:label2\" content=\"Est. tempo de leitura\" \/>\n\t<meta name=\"twitter:data2\" content=\"2 minutos\" \/>\n<script type=\"application\/ld+json\" class=\"yoast-schema-graph\">{\"@context\":\"https:\/\/schema.org\",\"@graph\":[{\"@type\":\"WebPage\",\"@id\":\"https:\/\/portalmf.com.br\/index.php\/2022\/08\/09\/nao-vou-me-surpreender-torcida-do-palmeiras-enlouquece-apos-projecao-de-edmundo-na-libertadores\/\",\"url\":\"https:\/\/portalmf.com.br\/index.php\/2022\/08\/09\/nao-vou-me-surpreender-torcida-do-palmeiras-enlouquece-apos-projecao-de-edmundo-na-libertadores\/\",\"name\":\"\\\"N\u00e3o vou me surpreender\\\"; Torcida do Palmeiras 'enlouquece' ap\u00f3s proje\u00e7\u00e3o de Edmundo na Libertadores - Portal MF\",\"isPartOf\":{\"@id\":\"https:\/\/portalmf.com.br\/#website\"},\"primaryImageOfPage\":{\"@id\":\"https:\/\/portalmf.com.br\/index.php\/2022\/08\/09\/nao-vou-me-surpreender-torcida-do-palmeiras-enlouquece-apos-projecao-de-edmundo-na-libertadores\/#primaryimage\"},\"image\":{\"@id\":\"https:\/\/portalmf.com.br\/index.php\/2022\/08\/09\/nao-vou-me-surpreender-torcida-do-palmeiras-enlouquece-apos-projecao-de-edmundo-na-libertadores\/#primaryimage\"},\"thumbnailUrl\":\"https:\/\/portalmf.com.br\/wp-content\/uploads\/2022\/08\/AA10tYw3.jpg\",\"datePublished\":\"2022-08-09T20:30:02+00:00\",\"dateModified\":\"2022-08-09T20:30:03+00:00\",\"author\":{\"@id\":\"https:\/\/portalmf.com.br\/#\/schema\/person\/11c82086fe8abc05a19147e964587285\"},\"breadcrumb\":{\"@id\":\"https:\/\/portalmf.com.br\/index.php\/2022\/08\/09\/nao-vou-me-surpreender-torcida-do-palmeiras-enlouquece-apos-projecao-de-edmundo-na-libertadores\/#breadcrumb\"},\"inLanguage\":\"pt-BR\",\"potentialAction\":[{\"@type\":\"ReadAction\",\"target\":[\"https:\/\/portalmf.com.br\/index.php\/2022\/08\/09\/nao-vou-me-surpreender-torcida-do-palmeiras-enlouquece-apos-projecao-de-edmundo-na-libertadores\/\"]}]},{\"@type\":\"ImageObject\",\"inLanguage\":\"pt-BR\",\"@id\":\"https:\/\/portalmf.com.br\/index.php\/2022\/08\/09\/nao-vou-me-surpreender-torcida-do-palmeiras-enlouquece-apos-projecao-de-edmundo-na-libertadores\/#primaryimage\",\"url\":\"https:\/\/portalmf.com.br\/wp-content\/uploads\/2022\/08\/AA10tYw3.jpg\",\"contentUrl\":\"https:\/\/portalmf.com.br\/wp-content\/uploads\/2022\/08\/AA10tYw3.jpg\",\"width\":740,\"height\":412,\"caption\":\"Foto: Fernando Moreno\/AGIF -\"},{\"@type\":\"BreadcrumbList\",\"@id\":\"https:\/\/portalmf.com.br\/index.php\/2022\/08\/09\/nao-vou-me-surpreender-torcida-do-palmeiras-enlouquece-apos-projecao-de-edmundo-na-libertadores\/#breadcrumb\",\"itemListElement\":[{\"@type\":\"ListItem\",\"position\":1,\"name\":\"In\u00edcio\",\"item\":\"https:\/\/portalmf.com.br\/\"},{\"@type\":\"ListItem\",\"position\":2,\"name\":\"&#8220;N\u00e3o vou me surpreender&#8221;; Torcida do Palmeiras &#8216;enlouquece&#8217; ap\u00f3s proje\u00e7\u00e3o de Edmundo na Libertadores\"}]},{\"@type\":\"WebSite\",\"@id\":\"https:\/\/portalmf.com.br\/#website\",\"url\":\"https:\/\/portalmf.com.br\/\",\"name\":\"Portal MF\",\"description\":\"Voc\u00ea conectado com a informa\u00e7\u00e3o\",\"potentialAction\":[{\"@type\":\"SearchAction\",\"target\":{\"@type\":\"EntryPoint\",\"urlTemplate\":\"https:\/\/portalmf.com.br\/?s={search_term_string}\"},\"query-input\":\"required name=search_term_string\"}],\"inLanguage\":\"pt-BR\"},{\"@type\":\"Person\",\"@id\":\"https:\/\/portalmf.com.br\/#\/schema\/person\/11c82086fe8abc05a19147e964587285\",\"name\":\"Reginaldo J\u00fanior\",\"image\":{\"@type\":\"ImageObject\",\"inLanguage\":\"pt-BR\",\"@id\":\"https:\/\/portalmf.com.br\/#\/schema\/person\/image\/\",\"url\":\"https:\/\/secure.gravatar.com\/avatar\/32a3c797cd0ac47cc53b8644c62776f9?s=96&d=mm&r=g\",\"contentUrl\":\"https:\/\/secure.gravatar.com\/avatar\/32a3c797cd0ac47cc53b8644c62776f9?s=96&d=mm&r=g\",\"caption\":\"Reginaldo J\u00fanior\"},\"description\":\"Jornalista e idealizador Portal MF\",\"sameAs\":[\"https:\/\/portalmf.com.br\/index.php\/author\/reginaldojr\/\",\"reginaldojrfsa\",\"reginaldojuniormf\",\"https:\/\/x.com\/reginaldojrmf\"],\"url\":\"https:\/\/portalmf.com.br\/index.php\/author\/reginaldojr\/\"}]}<\/script>\n<!-- \/ Yoast SEO plugin. -->","yoast_head_json":{"title":"\"N\u00e3o vou me surpreender\"; Torcida do Palmeiras 'enlouquece' ap\u00f3s proje\u00e7\u00e3o de Edmundo na Libertadores - Portal MF","robots":{"index":"index","follow":"follow","max-snippet":"max-snippet:-1","max-image-preview":"max-image-preview:large","max-video-preview":"max-video-preview:-1"},"canonical":"https:\/\/portalmf.com.br\/index.php\/2022\/08\/09\/nao-vou-me-surpreender-torcida-do-palmeiras-enlouquece-apos-projecao-de-edmundo-na-libertadores\/","og_locale":"pt_BR","og_type":"article","og_title":"\"N\u00e3o vou me surpreender\"; Torcida do Palmeiras 'enlouquece' ap\u00f3s proje\u00e7\u00e3o de Edmundo na Libertadores - Portal MF","og_description":"Considerado um \u00eddolo por muitos, o ex-atacante foi sincero em sua declara\u00e7\u00e3o e acabou agitando bastante os bastidores do Verd\u00e3o O&nbsp;Palmeiras&nbsp;assustou os torcedores no in\u00edcio do jogo no Mineir\u00e3o, especialmente por n\u00e3o conseguir segurar o \u00edmpeto do Atl\u00e9tico-MG e sair perdendo por 2 a 0, que seria um resultado bem dif\u00edcil de reverter, mesmo&nbsp;com a [&hellip;]","og_url":"https:\/\/portalmf.com.br\/index.php\/2022\/08\/09\/nao-vou-me-surpreender-torcida-do-palmeiras-enlouquece-apos-projecao-de-edmundo-na-libertadores\/","og_site_name":"Portal MF","article_author":"reginaldojrfsa","article_published_time":"2022-08-09T20:30:02+00:00","article_modified_time":"2022-08-09T20:30:03+00:00","og_image":[{"width":740,"height":412,"url":"https:\/\/portalmf.com.br\/wp-content\/uploads\/2022\/08\/AA10tYw3.jpg","type":"image\/jpeg"}],"author":"Reginaldo J\u00fanior","twitter_card":"summary_large_image","twitter_creator":"@reginaldojrmf","twitter_misc":{"Escrito por":"Reginaldo J\u00fanior","Est. tempo de leitura":"2 minutos"},"schema":{"@context":"https:\/\/schema.org","@graph":[{"@type":"WebPage","@id":"https:\/\/portalmf.com.br\/index.php\/2022\/08\/09\/nao-vou-me-surpreender-torcida-do-palmeiras-enlouquece-apos-projecao-de-edmundo-na-libertadores\/","url":"https:\/\/portalmf.com.br\/index.php\/2022\/08\/09\/nao-vou-me-surpreender-torcida-do-palmeiras-enlouquece-apos-projecao-de-edmundo-na-libertadores\/","name":"\"N\u00e3o vou me surpreender\"; Torcida do Palmeiras 'enlouquece' ap\u00f3s proje\u00e7\u00e3o de Edmundo na Libertadores - Portal MF","isPartOf":{"@id":"https:\/\/portalmf.com.br\/#website"},"primaryImageOfPage":{"@id":"https:\/\/portalmf.com.br\/index.php\/2022\/08\/09\/nao-vou-me-surpreender-torcida-do-palmeiras-enlouquece-apos-projecao-de-edmundo-na-libertadores\/#primaryimage"},"image":{"@id":"https:\/\/portalmf.com.br\/index.php\/2022\/08\/09\/nao-vou-me-surpreender-torcida-do-palmeiras-enlouquece-apos-projecao-de-edmundo-na-libertadores\/#primaryimage"},"thumbnailUrl":"https:\/\/portalmf.com.br\/wp-content\/uploads\/2022\/08\/AA10tYw3.jpg","datePublished":"2022-08-09T20:30:02+00:00","dateModified":"2022-08-09T20:30:03+00:00","author":{"@id":"https:\/\/portalmf.com.br\/#\/schema\/person\/11c82086fe8abc05a19147e964587285"},"breadcrumb":{"@id":"https:\/\/portalmf.com.br\/index.php\/2022\/08\/09\/nao-vou-me-surpreender-torcida-do-palmeiras-enlouquece-apos-projecao-de-edmundo-na-libertadores\/#breadcrumb"},"inLanguage":"pt-BR","potentialAction":[{"@type":"ReadAction","target":["https:\/\/portalmf.com.br\/index.php\/2022\/08\/09\/nao-vou-me-surpreender-torcida-do-palmeiras-enlouquece-apos-projecao-de-edmundo-na-libertadores\/"]}]},{"@type":"ImageObject","inLanguage":"pt-BR","@id":"https:\/\/portalmf.com.br\/index.php\/2022\/08\/09\/nao-vou-me-surpreender-torcida-do-palmeiras-enlouquece-apos-projecao-de-edmundo-na-libertadores\/#primaryimage","url":"https:\/\/portalmf.com.br\/wp-content\/uploads\/2022\/08\/AA10tYw3.jpg","contentUrl":"https:\/\/portalmf.com.br\/wp-content\/uploads\/2022\/08\/AA10tYw3.jpg","width":740,"height":412,"caption":"Foto: Fernando Moreno\/AGIF -"},{"@type":"BreadcrumbList","@id":"https:\/\/portalmf.com.br\/index.php\/2022\/08\/09\/nao-vou-me-surpreender-torcida-do-palmeiras-enlouquece-apos-projecao-de-edmundo-na-libertadores\/#breadcrumb","itemListElement":[{"@type":"ListItem","position":1,"name":"In\u00edcio","item":"https:\/\/portalmf.com.br\/"},{"@type":"ListItem","position":2,"name":"&#8220;N\u00e3o vou me surpreender&#8221;; Torcida do Palmeiras &#8216;enlouquece&#8217; ap\u00f3s proje\u00e7\u00e3o de Edmundo na Libertadores"}]},{"@type":"WebSite","@id":"https:\/\/portalmf.com.br\/#website","url":"https:\/\/portalmf.com.br\/","name":"Portal MF","description":"Voc\u00ea conectado com a informa\u00e7\u00e3o","potentialAction":[{"@type":"SearchAction","target":{"@type":"EntryPoint","urlTemplate":"https:\/\/portalmf.com.br\/?s={search_term_string}"},"query-input":"required name=search_term_string"}],"inLanguage":"pt-BR"},{"@type":"Person","@id":"https:\/\/portalmf.com.br\/#\/schema\/person\/11c82086fe8abc05a19147e964587285","name":"Reginaldo J\u00fanior","image":{"@type":"ImageObject","inLanguage":"pt-BR","@id":"https:\/\/portalmf.com.br\/#\/schema\/person\/image\/","url":"https:\/\/secure.gravatar.com\/avatar\/32a3c797cd0ac47cc53b8644c62776f9?s=96&d=mm&r=g","contentUrl":"https:\/\/secure.gravatar.com\/avatar\/32a3c797cd0ac47cc53b8644c62776f9?s=96&d=mm&r=g","caption":"Reginaldo J\u00fanior"},"description":"Jornalista e idealizador Portal MF","sameAs":["https:\/\/portalmf.com.br\/index.php\/author\/reginaldojr\/","reginaldojrfsa","reginaldojuniormf","https:\/\/x.com\/reginaldojrmf"],"url":"https:\/\/portalmf.com.br\/index.php\/author\/reginaldojr\/"}]}},"_links":{"self":[{"href":"https:\/\/portalmf.com.br\/index.php\/wp-json\/wp\/v2\/posts\/2815"}],"collection":[{"href":"https:\/\/portalmf.com.br\/index.php\/wp-json\/wp\/v2\/posts"}],"about":[{"href":"https:\/\/portalmf.com.br\/index.php\/wp-json\/wp\/v2\/types\/post"}],"author":[{"embeddable":true,"href":"https:\/\/portalmf.com.br\/index.php\/wp-json\/wp\/v2\/users\/2"}],"replies":[{"embeddable":true,"href":"https:\/\/portalmf.com.br\/index.php\/wp-json\/wp\/v2\/comments?post=2815"}],"version-history":[{"count":1,"href":"https:\/\/portalmf.com.br\/index.php\/wp-json\/wp\/v2\/posts\/2815\/revisions"}],"predecessor-version":[{"id":2817,"href":"https:\/\/portalmf.com.br\/index.php\/wp-json\/wp\/v2\/posts\/2815\/revisions\/2817"}],"wp:featuredmedia":[{"embeddable":true,"href":"https:\/\/portalmf.com.br\/index.php\/wp-json\/wp\/v2\/media\/2816"}],"wp:attachment":[{"href":"https:\/\/portalmf.com.br\/index.php\/wp-json\/wp\/v2\/media?parent=2815"}],"wp:term":[{"taxonomy":"category","embeddable":true,"href":"https:\/\/portalmf.com.br\/index.php\/wp-json\/wp\/v2\/categories?post=2815"},{"taxonomy":"post_tag","embeddable":true,"href":"https:\/\/portalmf.com.br\/index.php\/wp-json\/wp\/v2\/tags?post=2815"}],"curies":[{"name":"wp","href":"https:\/\/api.w.org\/{rel}","templated":true}]}}