{"id":2812,"date":"2022-08-09T17:26:23","date_gmt":"2022-08-09T20:26:23","guid":{"rendered":"http:\/\/portalmf.com.br\/?p=2812"},"modified":"2022-08-09T17:26:25","modified_gmt":"2022-08-09T20:26:25","slug":"emiliano-jose-lanca-terceiro-volume-de-serie-sobre-jornalismo-baiano","status":"publish","type":"post","link":"https:\/\/portalmf.com.br\/index.php\/2022\/08\/09\/emiliano-jose-lanca-terceiro-volume-de-serie-sobre-jornalismo-baiano\/","title":{"rendered":"Emiliano Jos\u00e9 lan\u00e7a terceiro volume de s\u00e9rie sobre jornalismo baiano"},"content":{"rendered":"\n<p>O escritor e jornalista Emiliano Jos\u00e9 lan\u00e7a nesta quinta-feira (dia 11), \u00e0s 20h30, no canal do Youtube do tamb\u00e9m escritor e jornalista Franciel Cruz (https:\/\/www.youtube.com\/c\/FrancielCruz), o e-book \u201cO Violeiro e a filha d&#8217;Oxum\u201d. Terceiro volume da s\u00e9rie #Mem\u00f3riasJornalismoEmiliano, a obra narra a trajet\u00f3ria de dois respeitados jornalistas baianos, Adilson Borges e Cleidiana Ramos.<\/p>\n\n\n\n<p>H\u00e1 mais de tr\u00eas anos que o autor, membro da Academia de Letras da Bahia, brinda o leitor, diariamente, em sua p\u00e1gina do Facebook, com hist\u00f3rias de v\u00e1rios colegas de profiss\u00e3o, especialmente os que trabalharam em antigas reda\u00e7\u00f5es dos jornais locais, numa escrita po\u00e9tica e emocionante. A s\u00e9rie \u00e9 considerada um importante legado para as novas e futuras gera\u00e7\u00f5es de jornalistas.<\/p>\n\n\n\n<p>\u201cO Violeiro e a filha d&#8217;Oxum\u201d tem pref\u00e1cio do jornalista Z\u00e9 de Jesus Barreto, projeto gr\u00e1fico do escritor Gabriel Galo e edi\u00e7\u00e3o da tamb\u00e9m jornalista M\u00f4nica Bichara. O e-book j\u00e1 est\u00e1 \u00e0 venda no site da Amazon (https:\/\/www.amazon.com.br\/dp\/B0B8M48RLJ ).<\/p>\n\n\n\n<p>Fotos: Divulga\u00e7\u00e3o<\/p>\n\n\n\n<p>SERVI\u00c7O:<\/p>\n\n\n\n<p>O QUE: lan\u00e7amento &#8216;O violeiro e a filha d\u2019Oxum&#8217;<\/p>\n\n\n\n<p>QUEM: Emiliano Jos\u00e9<\/p>\n\n\n\n<p>QUANDO: quinta-feira (11\/08), \u00e0s 20h30<\/p>\n\n\n\n<p>ONDE: YouTube (<a href=\"https:\/\/www.youtube.com\/c\/FrancielCruz\">https:\/\/www.youtube.com\/c\/FrancielCruz<\/a>)<\/p>\n","protected":false},"excerpt":{"rendered":"<p>O escritor e jornalista Emiliano Jos\u00e9 lan\u00e7a nesta quinta-feira (dia 11), \u00e0s 20h30, no canal do Youtube do tamb\u00e9m escritor e jornalista Franciel Cruz (https:\/\/www.youtube.com\/c\/FrancielCruz), o e-book \u201cO Violeiro e a filha d&#8217;Oxum\u201d. Terceiro volume da s\u00e9rie #Mem\u00f3riasJornalismoEmiliano, a obra narra a trajet\u00f3ria de dois respeitados jornalistas baianos, Adilson Borges e Cleidiana Ramos. H\u00e1 mais [&hellip;]<\/p>\n","protected":false},"author":2,"featured_media":2813,"comment_status":"open","ping_status":"open","sticky":false,"template":"","format":"standard","meta":{"_monsterinsights_skip_tracking":false,"_monsterinsights_sitenote_active":false,"_monsterinsights_sitenote_note":"","_monsterinsights_sitenote_category":0,"footnotes":""},"categories":[40],"tags":[],"yoast_head":"<!-- This site is optimized with the Yoast SEO plugin v22.9 - https:\/\/yoast.com\/wordpress\/plugins\/seo\/ -->\n<title>Emiliano Jos\u00e9 lan\u00e7a terceiro volume de s\u00e9rie sobre jornalismo baiano - Portal MF<\/title>\n<meta name=\"robots\" content=\"index, follow, max-snippet:-1, max-image-preview:large, max-video-preview:-1\" \/>\n<link rel=\"canonical\" href=\"https:\/\/portalmf.com.br\/index.php\/2022\/08\/09\/emiliano-jose-lanca-terceiro-volume-de-serie-sobre-jornalismo-baiano\/\" \/>\n<meta property=\"og:locale\" content=\"pt_BR\" \/>\n<meta property=\"og:type\" content=\"article\" \/>\n<meta property=\"og:title\" content=\"Emiliano Jos\u00e9 lan\u00e7a terceiro volume de s\u00e9rie sobre jornalismo baiano - Portal MF\" \/>\n<meta property=\"og:description\" content=\"O escritor e jornalista Emiliano Jos\u00e9 lan\u00e7a nesta quinta-feira (dia 11), \u00e0s 20h30, no canal do Youtube do tamb\u00e9m escritor e jornalista Franciel Cruz (https:\/\/www.youtube.com\/c\/FrancielCruz), o e-book \u201cO Violeiro e a filha d&#8217;Oxum\u201d. Terceiro volume da s\u00e9rie #Mem\u00f3riasJornalismoEmiliano, a obra narra a trajet\u00f3ria de dois respeitados jornalistas baianos, Adilson Borges e Cleidiana Ramos. H\u00e1 mais [&hellip;]\" \/>\n<meta property=\"og:url\" content=\"https:\/\/portalmf.com.br\/index.php\/2022\/08\/09\/emiliano-jose-lanca-terceiro-volume-de-serie-sobre-jornalismo-baiano\/\" \/>\n<meta property=\"og:site_name\" content=\"Portal MF\" \/>\n<meta property=\"article:author\" content=\"reginaldojrfsa\" \/>\n<meta property=\"article:published_time\" content=\"2022-08-09T20:26:23+00:00\" \/>\n<meta property=\"article:modified_time\" content=\"2022-08-09T20:26:25+00:00\" \/>\n<meta property=\"og:image\" content=\"https:\/\/portalmf.com.br\/wp-content\/uploads\/2022\/08\/WhatsApp-Image-2022-08-09-at-17.06.43.jpeg\" \/>\n\t<meta property=\"og:image:width\" content=\"851\" \/>\n\t<meta property=\"og:image:height\" content=\"1280\" \/>\n\t<meta property=\"og:image:type\" content=\"image\/jpeg\" \/>\n<meta name=\"author\" content=\"Reginaldo J\u00fanior\" \/>\n<meta name=\"twitter:card\" content=\"summary_large_image\" \/>\n<meta name=\"twitter:creator\" content=\"@reginaldojrmf\" \/>\n<meta name=\"twitter:label1\" content=\"Escrito por\" \/>\n\t<meta name=\"twitter:data1\" content=\"Reginaldo J\u00fanior\" \/>\n\t<meta name=\"twitter:label2\" content=\"Est. tempo de leitura\" \/>\n\t<meta name=\"twitter:data2\" content=\"1 minuto\" \/>\n<script type=\"application\/ld+json\" class=\"yoast-schema-graph\">{\"@context\":\"https:\/\/schema.org\",\"@graph\":[{\"@type\":\"WebPage\",\"@id\":\"https:\/\/portalmf.com.br\/index.php\/2022\/08\/09\/emiliano-jose-lanca-terceiro-volume-de-serie-sobre-jornalismo-baiano\/\",\"url\":\"https:\/\/portalmf.com.br\/index.php\/2022\/08\/09\/emiliano-jose-lanca-terceiro-volume-de-serie-sobre-jornalismo-baiano\/\",\"name\":\"Emiliano Jos\u00e9 lan\u00e7a terceiro volume de s\u00e9rie sobre jornalismo baiano - Portal MF\",\"isPartOf\":{\"@id\":\"https:\/\/portalmf.com.br\/#website\"},\"primaryImageOfPage\":{\"@id\":\"https:\/\/portalmf.com.br\/index.php\/2022\/08\/09\/emiliano-jose-lanca-terceiro-volume-de-serie-sobre-jornalismo-baiano\/#primaryimage\"},\"image\":{\"@id\":\"https:\/\/portalmf.com.br\/index.php\/2022\/08\/09\/emiliano-jose-lanca-terceiro-volume-de-serie-sobre-jornalismo-baiano\/#primaryimage\"},\"thumbnailUrl\":\"https:\/\/portalmf.com.br\/wp-content\/uploads\/2022\/08\/WhatsApp-Image-2022-08-09-at-17.06.43.jpeg\",\"datePublished\":\"2022-08-09T20:26:23+00:00\",\"dateModified\":\"2022-08-09T20:26:25+00:00\",\"author\":{\"@id\":\"https:\/\/portalmf.com.br\/#\/schema\/person\/11c82086fe8abc05a19147e964587285\"},\"breadcrumb\":{\"@id\":\"https:\/\/portalmf.com.br\/index.php\/2022\/08\/09\/emiliano-jose-lanca-terceiro-volume-de-serie-sobre-jornalismo-baiano\/#breadcrumb\"},\"inLanguage\":\"pt-BR\",\"potentialAction\":[{\"@type\":\"ReadAction\",\"target\":[\"https:\/\/portalmf.com.br\/index.php\/2022\/08\/09\/emiliano-jose-lanca-terceiro-volume-de-serie-sobre-jornalismo-baiano\/\"]}]},{\"@type\":\"ImageObject\",\"inLanguage\":\"pt-BR\",\"@id\":\"https:\/\/portalmf.com.br\/index.php\/2022\/08\/09\/emiliano-jose-lanca-terceiro-volume-de-serie-sobre-jornalismo-baiano\/#primaryimage\",\"url\":\"https:\/\/portalmf.com.br\/wp-content\/uploads\/2022\/08\/WhatsApp-Image-2022-08-09-at-17.06.43.jpeg\",\"contentUrl\":\"https:\/\/portalmf.com.br\/wp-content\/uploads\/2022\/08\/WhatsApp-Image-2022-08-09-at-17.06.43.jpeg\",\"width\":851,\"height\":1280},{\"@type\":\"BreadcrumbList\",\"@id\":\"https:\/\/portalmf.com.br\/index.php\/2022\/08\/09\/emiliano-jose-lanca-terceiro-volume-de-serie-sobre-jornalismo-baiano\/#breadcrumb\",\"itemListElement\":[{\"@type\":\"ListItem\",\"position\":1,\"name\":\"In\u00edcio\",\"item\":\"https:\/\/portalmf.com.br\/\"},{\"@type\":\"ListItem\",\"position\":2,\"name\":\"Emiliano Jos\u00e9 lan\u00e7a terceiro volume de s\u00e9rie sobre jornalismo baiano\"}]},{\"@type\":\"WebSite\",\"@id\":\"https:\/\/portalmf.com.br\/#website\",\"url\":\"https:\/\/portalmf.com.br\/\",\"name\":\"Portal MF\",\"description\":\"Voc\u00ea conectado com a informa\u00e7\u00e3o\",\"potentialAction\":[{\"@type\":\"SearchAction\",\"target\":{\"@type\":\"EntryPoint\",\"urlTemplate\":\"https:\/\/portalmf.com.br\/?s={search_term_string}\"},\"query-input\":\"required name=search_term_string\"}],\"inLanguage\":\"pt-BR\"},{\"@type\":\"Person\",\"@id\":\"https:\/\/portalmf.com.br\/#\/schema\/person\/11c82086fe8abc05a19147e964587285\",\"name\":\"Reginaldo J\u00fanior\",\"image\":{\"@type\":\"ImageObject\",\"inLanguage\":\"pt-BR\",\"@id\":\"https:\/\/portalmf.com.br\/#\/schema\/person\/image\/\",\"url\":\"https:\/\/secure.gravatar.com\/avatar\/32a3c797cd0ac47cc53b8644c62776f9?s=96&d=mm&r=g\",\"contentUrl\":\"https:\/\/secure.gravatar.com\/avatar\/32a3c797cd0ac47cc53b8644c62776f9?s=96&d=mm&r=g\",\"caption\":\"Reginaldo J\u00fanior\"},\"description\":\"Jornalista e idealizador Portal MF\",\"sameAs\":[\"https:\/\/portalmf.com.br\/index.php\/author\/reginaldojr\/\",\"reginaldojrfsa\",\"reginaldojuniormf\",\"https:\/\/x.com\/reginaldojrmf\"],\"url\":\"https:\/\/portalmf.com.br\/index.php\/author\/reginaldojr\/\"}]}<\/script>\n<!-- \/ Yoast SEO plugin. -->","yoast_head_json":{"title":"Emiliano Jos\u00e9 lan\u00e7a terceiro volume de s\u00e9rie sobre jornalismo baiano - Portal MF","robots":{"index":"index","follow":"follow","max-snippet":"max-snippet:-1","max-image-preview":"max-image-preview:large","max-video-preview":"max-video-preview:-1"},"canonical":"https:\/\/portalmf.com.br\/index.php\/2022\/08\/09\/emiliano-jose-lanca-terceiro-volume-de-serie-sobre-jornalismo-baiano\/","og_locale":"pt_BR","og_type":"article","og_title":"Emiliano Jos\u00e9 lan\u00e7a terceiro volume de s\u00e9rie sobre jornalismo baiano - Portal MF","og_description":"O escritor e jornalista Emiliano Jos\u00e9 lan\u00e7a nesta quinta-feira (dia 11), \u00e0s 20h30, no canal do Youtube do tamb\u00e9m escritor e jornalista Franciel Cruz (https:\/\/www.youtube.com\/c\/FrancielCruz), o e-book \u201cO Violeiro e a filha d&#8217;Oxum\u201d. Terceiro volume da s\u00e9rie #Mem\u00f3riasJornalismoEmiliano, a obra narra a trajet\u00f3ria de dois respeitados jornalistas baianos, Adilson Borges e Cleidiana Ramos. H\u00e1 mais [&hellip;]","og_url":"https:\/\/portalmf.com.br\/index.php\/2022\/08\/09\/emiliano-jose-lanca-terceiro-volume-de-serie-sobre-jornalismo-baiano\/","og_site_name":"Portal MF","article_author":"reginaldojrfsa","article_published_time":"2022-08-09T20:26:23+00:00","article_modified_time":"2022-08-09T20:26:25+00:00","og_image":[{"width":851,"height":1280,"url":"https:\/\/portalmf.com.br\/wp-content\/uploads\/2022\/08\/WhatsApp-Image-2022-08-09-at-17.06.43.jpeg","type":"image\/jpeg"}],"author":"Reginaldo J\u00fanior","twitter_card":"summary_large_image","twitter_creator":"@reginaldojrmf","twitter_misc":{"Escrito por":"Reginaldo J\u00fanior","Est. tempo de leitura":"1 minuto"},"schema":{"@context":"https:\/\/schema.org","@graph":[{"@type":"WebPage","@id":"https:\/\/portalmf.com.br\/index.php\/2022\/08\/09\/emiliano-jose-lanca-terceiro-volume-de-serie-sobre-jornalismo-baiano\/","url":"https:\/\/portalmf.com.br\/index.php\/2022\/08\/09\/emiliano-jose-lanca-terceiro-volume-de-serie-sobre-jornalismo-baiano\/","name":"Emiliano Jos\u00e9 lan\u00e7a terceiro volume de s\u00e9rie sobre jornalismo baiano - Portal MF","isPartOf":{"@id":"https:\/\/portalmf.com.br\/#website"},"primaryImageOfPage":{"@id":"https:\/\/portalmf.com.br\/index.php\/2022\/08\/09\/emiliano-jose-lanca-terceiro-volume-de-serie-sobre-jornalismo-baiano\/#primaryimage"},"image":{"@id":"https:\/\/portalmf.com.br\/index.php\/2022\/08\/09\/emiliano-jose-lanca-terceiro-volume-de-serie-sobre-jornalismo-baiano\/#primaryimage"},"thumbnailUrl":"https:\/\/portalmf.com.br\/wp-content\/uploads\/2022\/08\/WhatsApp-Image-2022-08-09-at-17.06.43.jpeg","datePublished":"2022-08-09T20:26:23+00:00","dateModified":"2022-08-09T20:26:25+00:00","author":{"@id":"https:\/\/portalmf.com.br\/#\/schema\/person\/11c82086fe8abc05a19147e964587285"},"breadcrumb":{"@id":"https:\/\/portalmf.com.br\/index.php\/2022\/08\/09\/emiliano-jose-lanca-terceiro-volume-de-serie-sobre-jornalismo-baiano\/#breadcrumb"},"inLanguage":"pt-BR","potentialAction":[{"@type":"ReadAction","target":["https:\/\/portalmf.com.br\/index.php\/2022\/08\/09\/emiliano-jose-lanca-terceiro-volume-de-serie-sobre-jornalismo-baiano\/"]}]},{"@type":"ImageObject","inLanguage":"pt-BR","@id":"https:\/\/portalmf.com.br\/index.php\/2022\/08\/09\/emiliano-jose-lanca-terceiro-volume-de-serie-sobre-jornalismo-baiano\/#primaryimage","url":"https:\/\/portalmf.com.br\/wp-content\/uploads\/2022\/08\/WhatsApp-Image-2022-08-09-at-17.06.43.jpeg","contentUrl":"https:\/\/portalmf.com.br\/wp-content\/uploads\/2022\/08\/WhatsApp-Image-2022-08-09-at-17.06.43.jpeg","width":851,"height":1280},{"@type":"BreadcrumbList","@id":"https:\/\/portalmf.com.br\/index.php\/2022\/08\/09\/emiliano-jose-lanca-terceiro-volume-de-serie-sobre-jornalismo-baiano\/#breadcrumb","itemListElement":[{"@type":"ListItem","position":1,"name":"In\u00edcio","item":"https:\/\/portalmf.com.br\/"},{"@type":"ListItem","position":2,"name":"Emiliano Jos\u00e9 lan\u00e7a terceiro volume de s\u00e9rie sobre jornalismo baiano"}]},{"@type":"WebSite","@id":"https:\/\/portalmf.com.br\/#website","url":"https:\/\/portalmf.com.br\/","name":"Portal MF","description":"Voc\u00ea conectado com a informa\u00e7\u00e3o","potentialAction":[{"@type":"SearchAction","target":{"@type":"EntryPoint","urlTemplate":"https:\/\/portalmf.com.br\/?s={search_term_string}"},"query-input":"required name=search_term_string"}],"inLanguage":"pt-BR"},{"@type":"Person","@id":"https:\/\/portalmf.com.br\/#\/schema\/person\/11c82086fe8abc05a19147e964587285","name":"Reginaldo J\u00fanior","image":{"@type":"ImageObject","inLanguage":"pt-BR","@id":"https:\/\/portalmf.com.br\/#\/schema\/person\/image\/","url":"https:\/\/secure.gravatar.com\/avatar\/32a3c797cd0ac47cc53b8644c62776f9?s=96&d=mm&r=g","contentUrl":"https:\/\/secure.gravatar.com\/avatar\/32a3c797cd0ac47cc53b8644c62776f9?s=96&d=mm&r=g","caption":"Reginaldo J\u00fanior"},"description":"Jornalista e idealizador Portal MF","sameAs":["https:\/\/portalmf.com.br\/index.php\/author\/reginaldojr\/","reginaldojrfsa","reginaldojuniormf","https:\/\/x.com\/reginaldojrmf"],"url":"https:\/\/portalmf.com.br\/index.php\/author\/reginaldojr\/"}]}},"_links":{"self":[{"href":"https:\/\/portalmf.com.br\/index.php\/wp-json\/wp\/v2\/posts\/2812"}],"collection":[{"href":"https:\/\/portalmf.com.br\/index.php\/wp-json\/wp\/v2\/posts"}],"about":[{"href":"https:\/\/portalmf.com.br\/index.php\/wp-json\/wp\/v2\/types\/post"}],"author":[{"embeddable":true,"href":"https:\/\/portalmf.com.br\/index.php\/wp-json\/wp\/v2\/users\/2"}],"replies":[{"embeddable":true,"href":"https:\/\/portalmf.com.br\/index.php\/wp-json\/wp\/v2\/comments?post=2812"}],"version-history":[{"count":1,"href":"https:\/\/portalmf.com.br\/index.php\/wp-json\/wp\/v2\/posts\/2812\/revisions"}],"predecessor-version":[{"id":2814,"href":"https:\/\/portalmf.com.br\/index.php\/wp-json\/wp\/v2\/posts\/2812\/revisions\/2814"}],"wp:featuredmedia":[{"embeddable":true,"href":"https:\/\/portalmf.com.br\/index.php\/wp-json\/wp\/v2\/media\/2813"}],"wp:attachment":[{"href":"https:\/\/portalmf.com.br\/index.php\/wp-json\/wp\/v2\/media?parent=2812"}],"wp:term":[{"taxonomy":"category","embeddable":true,"href":"https:\/\/portalmf.com.br\/index.php\/wp-json\/wp\/v2\/categories?post=2812"},{"taxonomy":"post_tag","embeddable":true,"href":"https:\/\/portalmf.com.br\/index.php\/wp-json\/wp\/v2\/tags?post=2812"}],"curies":[{"name":"wp","href":"https:\/\/api.w.org\/{rel}","templated":true}]}}