{"id":28111,"date":"2024-07-22T08:47:00","date_gmt":"2024-07-22T11:47:00","guid":{"rendered":"https:\/\/portalmf.com.br\/?p=28111"},"modified":"2024-07-22T16:48:58","modified_gmt":"2024-07-22T19:48:58","slug":"neto-relembra-morte-do-avo-e-diz-se-acm-estivesse-vivo-levantaria-a-voz-contra-essa-situacao-horrivel-da-bahia","status":"publish","type":"post","link":"https:\/\/portalmf.com.br\/index.php\/2024\/07\/22\/neto-relembra-morte-do-avo-e-diz-se-acm-estivesse-vivo-levantaria-a-voz-contra-essa-situacao-horrivel-da-bahia\/","title":{"rendered":"Neto relembra morte do av\u00f4 e diz: \u2018se ACM estivesse vivo, levantaria a voz contra essa situa\u00e7\u00e3o horr\u00edvel da Bahia\u2019"},"content":{"rendered":"\n<p>O vice-presidente do Uni\u00e3o Brasil e ex-prefeito de Salvador, ACM Neto, neste s\u00e1bado (20), durante a conven\u00e7\u00e3o que confirmou a candidatura \u00e0 reelei\u00e7\u00e3o da prefeita Sheila Lemos em Vit\u00f3ria da Conquista, sudoeste da Bahia, relembrou a morte do av\u00f4 Ant\u00f4nio Carlos Magalh\u00e3es.<\/p>\n\n\n\n<p>Neto evocou a mem\u00f3ria do senador, que faleceu h\u00e1 17 anos, para criticar a atual situa\u00e7\u00e3o da seguran\u00e7a p\u00fablica na Bahia. Neto ressaltou o legado de defesa intransigente da Bahia deixado por ACM e expressou sua indigna\u00e7\u00e3o com os altos \u00edndices de viol\u00eancia no estado.<\/p>\n\n\n\n<p>&#8220;Ele \u00e9 um s\u00edmbolo maior do amor pela Bahia, da defesa intransigente do nosso estado. Eu sei que se a ACM fosse vivo, assim como eu fa\u00e7o sempre, e n\u00e3o vou deixar de fazer, com coragem e altivez, ele estaria apontando essa situa\u00e7\u00e3o horr\u00edvel que acontece na Bahia em rela\u00e7\u00e3o \u00e0 viol\u00eancia, \u00e0 seguran\u00e7a p\u00fablica,&#8221; declarou ACM Neto.<\/p>\n\n\n\n<p>Neto destacou a divulga\u00e7\u00e3o do Anu\u00e1rio da Seguran\u00e7a P\u00fablica, que coloca a Bahia novamente como o estado com o maior n\u00famero de homic\u00eddios no pa\u00eds. <\/p>\n\n\n\n<p><em>&#8220;Essa semana foi divulgado o anu\u00e1rio da seguran\u00e7a p\u00fablica e a Bahia aparece mais uma vez em primeiro lugar no n\u00famero de homic\u00eddios desse pa\u00eds. Se voc\u00ea soma o estado de S\u00e3o Paulo, que \u00e9 o mais populoso, com o segundo estado mais populoso, que \u00e9 Minas Gerais, os dois juntos t\u00eam menos homic\u00eddios do que acontece na Bahia no ano de 2023, depois de 18 anos de governos do PT,&#8221; <\/em>afirmou.<\/p>\n\n\n\n<p>Ele enfatizou que seu av\u00f4, se estivesse vivo, levantaria a voz contra essa situa\u00e7\u00e3o: &#8220;E eu sei que se ACM estivesse vivo estaria levantando sua voz contra isso.&#8221;<\/p>\n","protected":false},"excerpt":{"rendered":"<p>O vice-presidente do Uni\u00e3o Brasil e ex-prefeito de Salvador, ACM Neto, neste s\u00e1bado (20), durante a conven\u00e7\u00e3o que confirmou a candidatura \u00e0 reelei\u00e7\u00e3o da prefeita Sheila Lemos em Vit\u00f3ria da Conquista, sudoeste da Bahia, relembrou a morte do av\u00f4 Ant\u00f4nio Carlos Magalh\u00e3es. Neto evocou a mem\u00f3ria do senador, que faleceu h\u00e1 17 anos, para criticar [&hellip;]<\/p>\n","protected":false},"author":3,"featured_media":11789,"comment_status":"open","ping_status":"open","sticky":false,"template":"","format":"standard","meta":{"_monsterinsights_skip_tracking":false,"_monsterinsights_sitenote_active":false,"_monsterinsights_sitenote_note":"","_monsterinsights_sitenote_category":0,"footnotes":""},"categories":[301,34],"tags":[],"yoast_head":"<!-- This site is optimized with the Yoast SEO plugin v22.9 - https:\/\/yoast.com\/wordpress\/plugins\/seo\/ -->\n<title>Neto relembra morte do av\u00f4 e diz: \u2018se ACM estivesse vivo, levantaria a voz contra essa situa\u00e7\u00e3o horr\u00edvel da Bahia\u2019 - Portal MF<\/title>\n<meta name=\"robots\" content=\"index, follow, max-snippet:-1, max-image-preview:large, max-video-preview:-1\" \/>\n<link rel=\"canonical\" href=\"https:\/\/portalmf.com.br\/index.php\/2024\/07\/22\/neto-relembra-morte-do-avo-e-diz-se-acm-estivesse-vivo-levantaria-a-voz-contra-essa-situacao-horrivel-da-bahia\/\" \/>\n<meta property=\"og:locale\" content=\"pt_BR\" \/>\n<meta property=\"og:type\" content=\"article\" \/>\n<meta property=\"og:title\" content=\"Neto relembra morte do av\u00f4 e diz: \u2018se ACM estivesse vivo, levantaria a voz contra essa situa\u00e7\u00e3o horr\u00edvel da Bahia\u2019 - Portal MF\" \/>\n<meta property=\"og:description\" content=\"O vice-presidente do Uni\u00e3o Brasil e ex-prefeito de Salvador, ACM Neto, neste s\u00e1bado (20), durante a conven\u00e7\u00e3o que confirmou a candidatura \u00e0 reelei\u00e7\u00e3o da prefeita Sheila Lemos em Vit\u00f3ria da Conquista, sudoeste da Bahia, relembrou a morte do av\u00f4 Ant\u00f4nio Carlos Magalh\u00e3es. Neto evocou a mem\u00f3ria do senador, que faleceu h\u00e1 17 anos, para criticar [&hellip;]\" \/>\n<meta property=\"og:url\" content=\"https:\/\/portalmf.com.br\/index.php\/2024\/07\/22\/neto-relembra-morte-do-avo-e-diz-se-acm-estivesse-vivo-levantaria-a-voz-contra-essa-situacao-horrivel-da-bahia\/\" \/>\n<meta property=\"og:site_name\" content=\"Portal MF\" \/>\n<meta property=\"article:author\" content=\"https:\/\/www.facebook.com\/portalmfoficial\" \/>\n<meta property=\"article:published_time\" content=\"2024-07-22T11:47:00+00:00\" \/>\n<meta property=\"article:modified_time\" content=\"2024-07-22T19:48:58+00:00\" \/>\n<meta property=\"og:image\" content=\"https:\/\/portalmf.com.br\/wp-content\/uploads\/2023\/05\/ACM-Neto-e-o-novo-presidente-do-Instituto-Indigo-2.jpeg\" \/>\n\t<meta property=\"og:image:width\" content=\"1600\" \/>\n\t<meta property=\"og:image:height\" content=\"1066\" \/>\n\t<meta property=\"og:image:type\" content=\"image\/jpeg\" \/>\n<meta name=\"author\" content=\"Reda\u00e7\u00e3o Portal MF\" \/>\n<meta name=\"twitter:card\" content=\"summary_large_image\" \/>\n<meta name=\"twitter:creator\" content=\"@https:\/\/x.com\/portalmfoficial\" \/>\n<meta name=\"twitter:label1\" content=\"Escrito por\" \/>\n\t<meta name=\"twitter:data1\" content=\"Reda\u00e7\u00e3o Portal MF\" \/>\n\t<meta name=\"twitter:label2\" content=\"Est. tempo de leitura\" \/>\n\t<meta name=\"twitter:data2\" content=\"2 minutos\" \/>\n<script type=\"application\/ld+json\" class=\"yoast-schema-graph\">{\"@context\":\"https:\/\/schema.org\",\"@graph\":[{\"@type\":\"WebPage\",\"@id\":\"https:\/\/portalmf.com.br\/index.php\/2024\/07\/22\/neto-relembra-morte-do-avo-e-diz-se-acm-estivesse-vivo-levantaria-a-voz-contra-essa-situacao-horrivel-da-bahia\/\",\"url\":\"https:\/\/portalmf.com.br\/index.php\/2024\/07\/22\/neto-relembra-morte-do-avo-e-diz-se-acm-estivesse-vivo-levantaria-a-voz-contra-essa-situacao-horrivel-da-bahia\/\",\"name\":\"Neto relembra morte do av\u00f4 e diz: \u2018se ACM estivesse vivo, levantaria a voz contra essa situa\u00e7\u00e3o horr\u00edvel da Bahia\u2019 - Portal MF\",\"isPartOf\":{\"@id\":\"https:\/\/portalmf.com.br\/#website\"},\"primaryImageOfPage\":{\"@id\":\"https:\/\/portalmf.com.br\/index.php\/2024\/07\/22\/neto-relembra-morte-do-avo-e-diz-se-acm-estivesse-vivo-levantaria-a-voz-contra-essa-situacao-horrivel-da-bahia\/#primaryimage\"},\"image\":{\"@id\":\"https:\/\/portalmf.com.br\/index.php\/2024\/07\/22\/neto-relembra-morte-do-avo-e-diz-se-acm-estivesse-vivo-levantaria-a-voz-contra-essa-situacao-horrivel-da-bahia\/#primaryimage\"},\"thumbnailUrl\":\"https:\/\/portalmf.com.br\/wp-content\/uploads\/2023\/05\/ACM-Neto-e-o-novo-presidente-do-Instituto-Indigo-2.jpeg\",\"datePublished\":\"2024-07-22T11:47:00+00:00\",\"dateModified\":\"2024-07-22T19:48:58+00:00\",\"author\":{\"@id\":\"https:\/\/portalmf.com.br\/#\/schema\/person\/9ec101baf56233e53520c26de5d6f6f0\"},\"breadcrumb\":{\"@id\":\"https:\/\/portalmf.com.br\/index.php\/2024\/07\/22\/neto-relembra-morte-do-avo-e-diz-se-acm-estivesse-vivo-levantaria-a-voz-contra-essa-situacao-horrivel-da-bahia\/#breadcrumb\"},\"inLanguage\":\"pt-BR\",\"potentialAction\":[{\"@type\":\"ReadAction\",\"target\":[\"https:\/\/portalmf.com.br\/index.php\/2024\/07\/22\/neto-relembra-morte-do-avo-e-diz-se-acm-estivesse-vivo-levantaria-a-voz-contra-essa-situacao-horrivel-da-bahia\/\"]}]},{\"@type\":\"ImageObject\",\"inLanguage\":\"pt-BR\",\"@id\":\"https:\/\/portalmf.com.br\/index.php\/2024\/07\/22\/neto-relembra-morte-do-avo-e-diz-se-acm-estivesse-vivo-levantaria-a-voz-contra-essa-situacao-horrivel-da-bahia\/#primaryimage\",\"url\":\"https:\/\/portalmf.com.br\/wp-content\/uploads\/2023\/05\/ACM-Neto-e-o-novo-presidente-do-Instituto-Indigo-2.jpeg\",\"contentUrl\":\"https:\/\/portalmf.com.br\/wp-content\/uploads\/2023\/05\/ACM-Neto-e-o-novo-presidente-do-Instituto-Indigo-2.jpeg\",\"width\":1600,\"height\":1066},{\"@type\":\"BreadcrumbList\",\"@id\":\"https:\/\/portalmf.com.br\/index.php\/2024\/07\/22\/neto-relembra-morte-do-avo-e-diz-se-acm-estivesse-vivo-levantaria-a-voz-contra-essa-situacao-horrivel-da-bahia\/#breadcrumb\",\"itemListElement\":[{\"@type\":\"ListItem\",\"position\":1,\"name\":\"In\u00edcio\",\"item\":\"https:\/\/portalmf.com.br\/\"},{\"@type\":\"ListItem\",\"position\":2,\"name\":\"Neto relembra morte do av\u00f4 e diz: \u2018se ACM estivesse vivo, levantaria a voz contra essa situa\u00e7\u00e3o horr\u00edvel da Bahia\u2019\"}]},{\"@type\":\"WebSite\",\"@id\":\"https:\/\/portalmf.com.br\/#website\",\"url\":\"https:\/\/portalmf.com.br\/\",\"name\":\"Portal MF\",\"description\":\"Voc\u00ea conectado com a informa\u00e7\u00e3o\",\"potentialAction\":[{\"@type\":\"SearchAction\",\"target\":{\"@type\":\"EntryPoint\",\"urlTemplate\":\"https:\/\/portalmf.com.br\/?s={search_term_string}\"},\"query-input\":\"required name=search_term_string\"}],\"inLanguage\":\"pt-BR\"},{\"@type\":\"Person\",\"@id\":\"https:\/\/portalmf.com.br\/#\/schema\/person\/9ec101baf56233e53520c26de5d6f6f0\",\"name\":\"Reda\u00e7\u00e3o Portal MF\",\"image\":{\"@type\":\"ImageObject\",\"inLanguage\":\"pt-BR\",\"@id\":\"https:\/\/portalmf.com.br\/#\/schema\/person\/image\/\",\"url\":\"https:\/\/secure.gravatar.com\/avatar\/41b9aaeb2100835f7c64362330f74c7f?s=96&d=mm&r=g\",\"contentUrl\":\"https:\/\/secure.gravatar.com\/avatar\/41b9aaeb2100835f7c64362330f74c7f?s=96&d=mm&r=g\",\"caption\":\"Reda\u00e7\u00e3o Portal MF\"},\"description\":\"Sejam bem-vindos o portal de informa\u00e7\u00f5es de entretenimento de Feira de Santana, desde 2006 realiza coberturas dos principais eventos com entrevistas exclusivas com as principais personalidades mundiais. Fique conectado tamb\u00e9m nas redes sociais.\",\"sameAs\":[\"http:\/\/www.portalmf.com.br\/\",\"https:\/\/www.facebook.com\/portalmfoficial\",\"https:\/\/www.instagram.com\/portalmf\/\",\"https:\/\/x.com\/https:\/\/x.com\/portalmfoficial\",\"https:\/\/www.youtube.com\/@portalmfoficial\"],\"url\":\"https:\/\/portalmf.com.br\/index.php\/author\/junior\/\"}]}<\/script>\n<!-- \/ Yoast SEO plugin. -->","yoast_head_json":{"title":"Neto relembra morte do av\u00f4 e diz: \u2018se ACM estivesse vivo, levantaria a voz contra essa situa\u00e7\u00e3o horr\u00edvel da Bahia\u2019 - Portal MF","robots":{"index":"index","follow":"follow","max-snippet":"max-snippet:-1","max-image-preview":"max-image-preview:large","max-video-preview":"max-video-preview:-1"},"canonical":"https:\/\/portalmf.com.br\/index.php\/2024\/07\/22\/neto-relembra-morte-do-avo-e-diz-se-acm-estivesse-vivo-levantaria-a-voz-contra-essa-situacao-horrivel-da-bahia\/","og_locale":"pt_BR","og_type":"article","og_title":"Neto relembra morte do av\u00f4 e diz: \u2018se ACM estivesse vivo, levantaria a voz contra essa situa\u00e7\u00e3o horr\u00edvel da Bahia\u2019 - Portal MF","og_description":"O vice-presidente do Uni\u00e3o Brasil e ex-prefeito de Salvador, ACM Neto, neste s\u00e1bado (20), durante a conven\u00e7\u00e3o que confirmou a candidatura \u00e0 reelei\u00e7\u00e3o da prefeita Sheila Lemos em Vit\u00f3ria da Conquista, sudoeste da Bahia, relembrou a morte do av\u00f4 Ant\u00f4nio Carlos Magalh\u00e3es. Neto evocou a mem\u00f3ria do senador, que faleceu h\u00e1 17 anos, para criticar [&hellip;]","og_url":"https:\/\/portalmf.com.br\/index.php\/2024\/07\/22\/neto-relembra-morte-do-avo-e-diz-se-acm-estivesse-vivo-levantaria-a-voz-contra-essa-situacao-horrivel-da-bahia\/","og_site_name":"Portal MF","article_author":"https:\/\/www.facebook.com\/portalmfoficial","article_published_time":"2024-07-22T11:47:00+00:00","article_modified_time":"2024-07-22T19:48:58+00:00","og_image":[{"width":1600,"height":1066,"url":"https:\/\/portalmf.com.br\/wp-content\/uploads\/2023\/05\/ACM-Neto-e-o-novo-presidente-do-Instituto-Indigo-2.jpeg","type":"image\/jpeg"}],"author":"Reda\u00e7\u00e3o Portal MF","twitter_card":"summary_large_image","twitter_creator":"@https:\/\/x.com\/portalmfoficial","twitter_misc":{"Escrito por":"Reda\u00e7\u00e3o Portal MF","Est. tempo de leitura":"2 minutos"},"schema":{"@context":"https:\/\/schema.org","@graph":[{"@type":"WebPage","@id":"https:\/\/portalmf.com.br\/index.php\/2024\/07\/22\/neto-relembra-morte-do-avo-e-diz-se-acm-estivesse-vivo-levantaria-a-voz-contra-essa-situacao-horrivel-da-bahia\/","url":"https:\/\/portalmf.com.br\/index.php\/2024\/07\/22\/neto-relembra-morte-do-avo-e-diz-se-acm-estivesse-vivo-levantaria-a-voz-contra-essa-situacao-horrivel-da-bahia\/","name":"Neto relembra morte do av\u00f4 e diz: \u2018se ACM estivesse vivo, levantaria a voz contra essa situa\u00e7\u00e3o horr\u00edvel da Bahia\u2019 - Portal MF","isPartOf":{"@id":"https:\/\/portalmf.com.br\/#website"},"primaryImageOfPage":{"@id":"https:\/\/portalmf.com.br\/index.php\/2024\/07\/22\/neto-relembra-morte-do-avo-e-diz-se-acm-estivesse-vivo-levantaria-a-voz-contra-essa-situacao-horrivel-da-bahia\/#primaryimage"},"image":{"@id":"https:\/\/portalmf.com.br\/index.php\/2024\/07\/22\/neto-relembra-morte-do-avo-e-diz-se-acm-estivesse-vivo-levantaria-a-voz-contra-essa-situacao-horrivel-da-bahia\/#primaryimage"},"thumbnailUrl":"https:\/\/portalmf.com.br\/wp-content\/uploads\/2023\/05\/ACM-Neto-e-o-novo-presidente-do-Instituto-Indigo-2.jpeg","datePublished":"2024-07-22T11:47:00+00:00","dateModified":"2024-07-22T19:48:58+00:00","author":{"@id":"https:\/\/portalmf.com.br\/#\/schema\/person\/9ec101baf56233e53520c26de5d6f6f0"},"breadcrumb":{"@id":"https:\/\/portalmf.com.br\/index.php\/2024\/07\/22\/neto-relembra-morte-do-avo-e-diz-se-acm-estivesse-vivo-levantaria-a-voz-contra-essa-situacao-horrivel-da-bahia\/#breadcrumb"},"inLanguage":"pt-BR","potentialAction":[{"@type":"ReadAction","target":["https:\/\/portalmf.com.br\/index.php\/2024\/07\/22\/neto-relembra-morte-do-avo-e-diz-se-acm-estivesse-vivo-levantaria-a-voz-contra-essa-situacao-horrivel-da-bahia\/"]}]},{"@type":"ImageObject","inLanguage":"pt-BR","@id":"https:\/\/portalmf.com.br\/index.php\/2024\/07\/22\/neto-relembra-morte-do-avo-e-diz-se-acm-estivesse-vivo-levantaria-a-voz-contra-essa-situacao-horrivel-da-bahia\/#primaryimage","url":"https:\/\/portalmf.com.br\/wp-content\/uploads\/2023\/05\/ACM-Neto-e-o-novo-presidente-do-Instituto-Indigo-2.jpeg","contentUrl":"https:\/\/portalmf.com.br\/wp-content\/uploads\/2023\/05\/ACM-Neto-e-o-novo-presidente-do-Instituto-Indigo-2.jpeg","width":1600,"height":1066},{"@type":"BreadcrumbList","@id":"https:\/\/portalmf.com.br\/index.php\/2024\/07\/22\/neto-relembra-morte-do-avo-e-diz-se-acm-estivesse-vivo-levantaria-a-voz-contra-essa-situacao-horrivel-da-bahia\/#breadcrumb","itemListElement":[{"@type":"ListItem","position":1,"name":"In\u00edcio","item":"https:\/\/portalmf.com.br\/"},{"@type":"ListItem","position":2,"name":"Neto relembra morte do av\u00f4 e diz: \u2018se ACM estivesse vivo, levantaria a voz contra essa situa\u00e7\u00e3o horr\u00edvel da Bahia\u2019"}]},{"@type":"WebSite","@id":"https:\/\/portalmf.com.br\/#website","url":"https:\/\/portalmf.com.br\/","name":"Portal MF","description":"Voc\u00ea conectado com a informa\u00e7\u00e3o","potentialAction":[{"@type":"SearchAction","target":{"@type":"EntryPoint","urlTemplate":"https:\/\/portalmf.com.br\/?s={search_term_string}"},"query-input":"required name=search_term_string"}],"inLanguage":"pt-BR"},{"@type":"Person","@id":"https:\/\/portalmf.com.br\/#\/schema\/person\/9ec101baf56233e53520c26de5d6f6f0","name":"Reda\u00e7\u00e3o Portal MF","image":{"@type":"ImageObject","inLanguage":"pt-BR","@id":"https:\/\/portalmf.com.br\/#\/schema\/person\/image\/","url":"https:\/\/secure.gravatar.com\/avatar\/41b9aaeb2100835f7c64362330f74c7f?s=96&d=mm&r=g","contentUrl":"https:\/\/secure.gravatar.com\/avatar\/41b9aaeb2100835f7c64362330f74c7f?s=96&d=mm&r=g","caption":"Reda\u00e7\u00e3o Portal MF"},"description":"Sejam bem-vindos o portal de informa\u00e7\u00f5es de entretenimento de Feira de Santana, desde 2006 realiza coberturas dos principais eventos com entrevistas exclusivas com as principais personalidades mundiais. Fique conectado tamb\u00e9m nas redes sociais.","sameAs":["http:\/\/www.portalmf.com.br\/","https:\/\/www.facebook.com\/portalmfoficial","https:\/\/www.instagram.com\/portalmf\/","https:\/\/x.com\/https:\/\/x.com\/portalmfoficial","https:\/\/www.youtube.com\/@portalmfoficial"],"url":"https:\/\/portalmf.com.br\/index.php\/author\/junior\/"}]}},"_links":{"self":[{"href":"https:\/\/portalmf.com.br\/index.php\/wp-json\/wp\/v2\/posts\/28111"}],"collection":[{"href":"https:\/\/portalmf.com.br\/index.php\/wp-json\/wp\/v2\/posts"}],"about":[{"href":"https:\/\/portalmf.com.br\/index.php\/wp-json\/wp\/v2\/types\/post"}],"author":[{"embeddable":true,"href":"https:\/\/portalmf.com.br\/index.php\/wp-json\/wp\/v2\/users\/3"}],"replies":[{"embeddable":true,"href":"https:\/\/portalmf.com.br\/index.php\/wp-json\/wp\/v2\/comments?post=28111"}],"version-history":[{"count":1,"href":"https:\/\/portalmf.com.br\/index.php\/wp-json\/wp\/v2\/posts\/28111\/revisions"}],"predecessor-version":[{"id":28112,"href":"https:\/\/portalmf.com.br\/index.php\/wp-json\/wp\/v2\/posts\/28111\/revisions\/28112"}],"wp:featuredmedia":[{"embeddable":true,"href":"https:\/\/portalmf.com.br\/index.php\/wp-json\/wp\/v2\/media\/11789"}],"wp:attachment":[{"href":"https:\/\/portalmf.com.br\/index.php\/wp-json\/wp\/v2\/media?parent=28111"}],"wp:term":[{"taxonomy":"category","embeddable":true,"href":"https:\/\/portalmf.com.br\/index.php\/wp-json\/wp\/v2\/categories?post=28111"},{"taxonomy":"post_tag","embeddable":true,"href":"https:\/\/portalmf.com.br\/index.php\/wp-json\/wp\/v2\/tags?post=28111"}],"curies":[{"name":"wp","href":"https:\/\/api.w.org\/{rel}","templated":true}]}}