{"id":28103,"date":"2024-07-22T16:39:50","date_gmt":"2024-07-22T19:39:50","guid":{"rendered":"https:\/\/portalmf.com.br\/?p=28103"},"modified":"2024-07-22T16:39:51","modified_gmt":"2024-07-22T19:39:51","slug":"pre-candidato-a-prefeitura-de-feira-carlos-medeiros-reafirma-que-seguira-firme-na-campanha","status":"publish","type":"post","link":"https:\/\/portalmf.com.br\/index.php\/2024\/07\/22\/pre-candidato-a-prefeitura-de-feira-carlos-medeiros-reafirma-que-seguira-firme-na-campanha\/","title":{"rendered":"Pr\u00e9-candidato \u00e0 prefeitura de Feira, Carlos Medeiros reafirma que seguir\u00e1 firme na campanha\u00a0"},"content":{"rendered":"\n<p>Ap\u00f3s o an\u00fancio da retirada da pr\u00e9-candidatura de Pablo Roberto da disputa eleitoral pela prefeitura de Feira de Santana, o pr\u00e9-candidato Carlos Medeiros do Partido Novo avaliou o momento pol\u00edtico na cidade e reafirmou que seguir\u00e1 firme na disputa.<\/p>\n\n\n\n<p>\u201cSurgiram algumas especula\u00e7\u00f5es na m\u00eddia sobre uma poss\u00edvel desist\u00eancia do Partido Novo da disputa eleitoral, mas isso n\u00e3o vai acontecer. Vou me manter firme e acredito que essa \u00e9 uma oportunidade para a gente expor nossas ideias e mostrar para a popula\u00e7\u00e3o que nessa elei\u00e7\u00e3o s\u00f3 existem dois caminhos, o caminho da mesmice ou um novo caminho com uma proposta diferente com muita transpar\u00eancia\u201d, afirmou.<\/p>\n\n\n\n<p>Carlos Medeiros afirmou acreditar que essa vai ser uma elei\u00e7\u00e3o com possibilidade de expor claramente suas propostas e ainda comentou a desist\u00eancia de Pablo da pr\u00e9-campanha.&nbsp;<\/p>\n\n\n\n<p>\u201cVejo essa desist\u00eancia com uma naturalidade imensa, at\u00e9 por que h\u00e1 muito tempo eu j\u00e1 vinha no nosso grupo de trabalho informando que isso deveria acontecer, para um lado ou para o outro. A gente sabe como funcionam as coisas na pol\u00edtica tradicional, apesar do discurso ser populista, na pr\u00e1tica, a gente v\u00ea acordos que s\u00f3 favorecem a eles mesmos\u201d, analisou.<\/p>\n","protected":false},"excerpt":{"rendered":"<p>Ap\u00f3s o an\u00fancio da retirada da pr\u00e9-candidatura de Pablo Roberto da disputa eleitoral pela prefeitura de Feira de Santana, o pr\u00e9-candidato Carlos Medeiros do Partido Novo avaliou o momento pol\u00edtico na cidade e reafirmou que seguir\u00e1 firme na disputa. \u201cSurgiram algumas especula\u00e7\u00f5es na m\u00eddia sobre uma poss\u00edvel desist\u00eancia do Partido Novo da disputa eleitoral, mas [&hellip;]<\/p>\n","protected":false},"author":3,"featured_media":26908,"comment_status":"open","ping_status":"open","sticky":false,"template":"","format":"standard","meta":{"_monsterinsights_skip_tracking":false,"_monsterinsights_sitenote_active":false,"_monsterinsights_sitenote_note":"","_monsterinsights_sitenote_category":0,"footnotes":""},"categories":[301,34],"tags":[],"yoast_head":"<!-- This site is optimized with the Yoast SEO plugin v22.9 - https:\/\/yoast.com\/wordpress\/plugins\/seo\/ -->\n<title>Pr\u00e9-candidato \u00e0 prefeitura de Feira, Carlos Medeiros reafirma que seguir\u00e1 firme na campanha\u00a0 - Portal MF<\/title>\n<meta name=\"robots\" content=\"index, follow, max-snippet:-1, max-image-preview:large, max-video-preview:-1\" \/>\n<link rel=\"canonical\" href=\"https:\/\/portalmf.com.br\/index.php\/2024\/07\/22\/pre-candidato-a-prefeitura-de-feira-carlos-medeiros-reafirma-que-seguira-firme-na-campanha\/\" \/>\n<meta property=\"og:locale\" content=\"pt_BR\" \/>\n<meta property=\"og:type\" content=\"article\" \/>\n<meta property=\"og:title\" content=\"Pr\u00e9-candidato \u00e0 prefeitura de Feira, Carlos Medeiros reafirma que seguir\u00e1 firme na campanha\u00a0 - Portal MF\" \/>\n<meta property=\"og:description\" content=\"Ap\u00f3s o an\u00fancio da retirada da pr\u00e9-candidatura de Pablo Roberto da disputa eleitoral pela prefeitura de Feira de Santana, o pr\u00e9-candidato Carlos Medeiros do Partido Novo avaliou o momento pol\u00edtico na cidade e reafirmou que seguir\u00e1 firme na disputa. \u201cSurgiram algumas especula\u00e7\u00f5es na m\u00eddia sobre uma poss\u00edvel desist\u00eancia do Partido Novo da disputa eleitoral, mas [&hellip;]\" \/>\n<meta property=\"og:url\" content=\"https:\/\/portalmf.com.br\/index.php\/2024\/07\/22\/pre-candidato-a-prefeitura-de-feira-carlos-medeiros-reafirma-que-seguira-firme-na-campanha\/\" \/>\n<meta property=\"og:site_name\" content=\"Portal MF\" \/>\n<meta property=\"article:author\" content=\"https:\/\/www.facebook.com\/portalmfoficial\" \/>\n<meta property=\"article:published_time\" content=\"2024-07-22T19:39:50+00:00\" \/>\n<meta property=\"article:modified_time\" content=\"2024-07-22T19:39:51+00:00\" \/>\n<meta property=\"og:image\" content=\"https:\/\/portalmf.com.br\/wp-content\/uploads\/2024\/06\/Carlos-Medeiros-defende-gestao-moderna-e-eficiente-em-lancamento-de-pre-candidatura.jpeg\" \/>\n\t<meta property=\"og:image:width\" content=\"853\" \/>\n\t<meta property=\"og:image:height\" content=\"675\" \/>\n\t<meta property=\"og:image:type\" content=\"image\/jpeg\" \/>\n<meta name=\"author\" content=\"Reda\u00e7\u00e3o Portal MF\" \/>\n<meta name=\"twitter:card\" content=\"summary_large_image\" \/>\n<meta name=\"twitter:creator\" content=\"@https:\/\/x.com\/portalmfoficial\" \/>\n<meta name=\"twitter:label1\" content=\"Escrito por\" \/>\n\t<meta name=\"twitter:data1\" content=\"Reda\u00e7\u00e3o Portal MF\" \/>\n\t<meta name=\"twitter:label2\" content=\"Est. tempo de leitura\" \/>\n\t<meta name=\"twitter:data2\" content=\"2 minutos\" \/>\n<script type=\"application\/ld+json\" class=\"yoast-schema-graph\">{\"@context\":\"https:\/\/schema.org\",\"@graph\":[{\"@type\":\"WebPage\",\"@id\":\"https:\/\/portalmf.com.br\/index.php\/2024\/07\/22\/pre-candidato-a-prefeitura-de-feira-carlos-medeiros-reafirma-que-seguira-firme-na-campanha\/\",\"url\":\"https:\/\/portalmf.com.br\/index.php\/2024\/07\/22\/pre-candidato-a-prefeitura-de-feira-carlos-medeiros-reafirma-que-seguira-firme-na-campanha\/\",\"name\":\"Pr\u00e9-candidato \u00e0 prefeitura de Feira, Carlos Medeiros reafirma que seguir\u00e1 firme na campanha\u00a0 - Portal MF\",\"isPartOf\":{\"@id\":\"https:\/\/portalmf.com.br\/#website\"},\"primaryImageOfPage\":{\"@id\":\"https:\/\/portalmf.com.br\/index.php\/2024\/07\/22\/pre-candidato-a-prefeitura-de-feira-carlos-medeiros-reafirma-que-seguira-firme-na-campanha\/#primaryimage\"},\"image\":{\"@id\":\"https:\/\/portalmf.com.br\/index.php\/2024\/07\/22\/pre-candidato-a-prefeitura-de-feira-carlos-medeiros-reafirma-que-seguira-firme-na-campanha\/#primaryimage\"},\"thumbnailUrl\":\"https:\/\/portalmf.com.br\/wp-content\/uploads\/2024\/06\/Carlos-Medeiros-defende-gestao-moderna-e-eficiente-em-lancamento-de-pre-candidatura.jpeg\",\"datePublished\":\"2024-07-22T19:39:50+00:00\",\"dateModified\":\"2024-07-22T19:39:51+00:00\",\"author\":{\"@id\":\"https:\/\/portalmf.com.br\/#\/schema\/person\/9ec101baf56233e53520c26de5d6f6f0\"},\"breadcrumb\":{\"@id\":\"https:\/\/portalmf.com.br\/index.php\/2024\/07\/22\/pre-candidato-a-prefeitura-de-feira-carlos-medeiros-reafirma-que-seguira-firme-na-campanha\/#breadcrumb\"},\"inLanguage\":\"pt-BR\",\"potentialAction\":[{\"@type\":\"ReadAction\",\"target\":[\"https:\/\/portalmf.com.br\/index.php\/2024\/07\/22\/pre-candidato-a-prefeitura-de-feira-carlos-medeiros-reafirma-que-seguira-firme-na-campanha\/\"]}]},{\"@type\":\"ImageObject\",\"inLanguage\":\"pt-BR\",\"@id\":\"https:\/\/portalmf.com.br\/index.php\/2024\/07\/22\/pre-candidato-a-prefeitura-de-feira-carlos-medeiros-reafirma-que-seguira-firme-na-campanha\/#primaryimage\",\"url\":\"https:\/\/portalmf.com.br\/wp-content\/uploads\/2024\/06\/Carlos-Medeiros-defende-gestao-moderna-e-eficiente-em-lancamento-de-pre-candidatura.jpeg\",\"contentUrl\":\"https:\/\/portalmf.com.br\/wp-content\/uploads\/2024\/06\/Carlos-Medeiros-defende-gestao-moderna-e-eficiente-em-lancamento-de-pre-candidatura.jpeg\",\"width\":853,\"height\":675},{\"@type\":\"BreadcrumbList\",\"@id\":\"https:\/\/portalmf.com.br\/index.php\/2024\/07\/22\/pre-candidato-a-prefeitura-de-feira-carlos-medeiros-reafirma-que-seguira-firme-na-campanha\/#breadcrumb\",\"itemListElement\":[{\"@type\":\"ListItem\",\"position\":1,\"name\":\"In\u00edcio\",\"item\":\"https:\/\/portalmf.com.br\/\"},{\"@type\":\"ListItem\",\"position\":2,\"name\":\"Pr\u00e9-candidato \u00e0 prefeitura de Feira, Carlos Medeiros reafirma que seguir\u00e1 firme na campanha\u00a0\"}]},{\"@type\":\"WebSite\",\"@id\":\"https:\/\/portalmf.com.br\/#website\",\"url\":\"https:\/\/portalmf.com.br\/\",\"name\":\"Portal MF\",\"description\":\"Voc\u00ea conectado com a informa\u00e7\u00e3o\",\"potentialAction\":[{\"@type\":\"SearchAction\",\"target\":{\"@type\":\"EntryPoint\",\"urlTemplate\":\"https:\/\/portalmf.com.br\/?s={search_term_string}\"},\"query-input\":\"required name=search_term_string\"}],\"inLanguage\":\"pt-BR\"},{\"@type\":\"Person\",\"@id\":\"https:\/\/portalmf.com.br\/#\/schema\/person\/9ec101baf56233e53520c26de5d6f6f0\",\"name\":\"Reda\u00e7\u00e3o Portal MF\",\"image\":{\"@type\":\"ImageObject\",\"inLanguage\":\"pt-BR\",\"@id\":\"https:\/\/portalmf.com.br\/#\/schema\/person\/image\/\",\"url\":\"https:\/\/secure.gravatar.com\/avatar\/41b9aaeb2100835f7c64362330f74c7f?s=96&d=mm&r=g\",\"contentUrl\":\"https:\/\/secure.gravatar.com\/avatar\/41b9aaeb2100835f7c64362330f74c7f?s=96&d=mm&r=g\",\"caption\":\"Reda\u00e7\u00e3o Portal MF\"},\"description\":\"Sejam bem-vindos o portal de informa\u00e7\u00f5es de entretenimento de Feira de Santana, desde 2006 realiza coberturas dos principais eventos com entrevistas exclusivas com as principais personalidades mundiais. Fique conectado tamb\u00e9m nas redes sociais.\",\"sameAs\":[\"http:\/\/www.portalmf.com.br\/\",\"https:\/\/www.facebook.com\/portalmfoficial\",\"https:\/\/www.instagram.com\/portalmf\/\",\"https:\/\/x.com\/https:\/\/x.com\/portalmfoficial\",\"https:\/\/www.youtube.com\/@portalmfoficial\"],\"url\":\"https:\/\/portalmf.com.br\/index.php\/author\/junior\/\"}]}<\/script>\n<!-- \/ Yoast SEO plugin. -->","yoast_head_json":{"title":"Pr\u00e9-candidato \u00e0 prefeitura de Feira, Carlos Medeiros reafirma que seguir\u00e1 firme na campanha\u00a0 - Portal MF","robots":{"index":"index","follow":"follow","max-snippet":"max-snippet:-1","max-image-preview":"max-image-preview:large","max-video-preview":"max-video-preview:-1"},"canonical":"https:\/\/portalmf.com.br\/index.php\/2024\/07\/22\/pre-candidato-a-prefeitura-de-feira-carlos-medeiros-reafirma-que-seguira-firme-na-campanha\/","og_locale":"pt_BR","og_type":"article","og_title":"Pr\u00e9-candidato \u00e0 prefeitura de Feira, Carlos Medeiros reafirma que seguir\u00e1 firme na campanha\u00a0 - Portal MF","og_description":"Ap\u00f3s o an\u00fancio da retirada da pr\u00e9-candidatura de Pablo Roberto da disputa eleitoral pela prefeitura de Feira de Santana, o pr\u00e9-candidato Carlos Medeiros do Partido Novo avaliou o momento pol\u00edtico na cidade e reafirmou que seguir\u00e1 firme na disputa. \u201cSurgiram algumas especula\u00e7\u00f5es na m\u00eddia sobre uma poss\u00edvel desist\u00eancia do Partido Novo da disputa eleitoral, mas [&hellip;]","og_url":"https:\/\/portalmf.com.br\/index.php\/2024\/07\/22\/pre-candidato-a-prefeitura-de-feira-carlos-medeiros-reafirma-que-seguira-firme-na-campanha\/","og_site_name":"Portal MF","article_author":"https:\/\/www.facebook.com\/portalmfoficial","article_published_time":"2024-07-22T19:39:50+00:00","article_modified_time":"2024-07-22T19:39:51+00:00","og_image":[{"width":853,"height":675,"url":"https:\/\/portalmf.com.br\/wp-content\/uploads\/2024\/06\/Carlos-Medeiros-defende-gestao-moderna-e-eficiente-em-lancamento-de-pre-candidatura.jpeg","type":"image\/jpeg"}],"author":"Reda\u00e7\u00e3o Portal MF","twitter_card":"summary_large_image","twitter_creator":"@https:\/\/x.com\/portalmfoficial","twitter_misc":{"Escrito por":"Reda\u00e7\u00e3o Portal MF","Est. tempo de leitura":"2 minutos"},"schema":{"@context":"https:\/\/schema.org","@graph":[{"@type":"WebPage","@id":"https:\/\/portalmf.com.br\/index.php\/2024\/07\/22\/pre-candidato-a-prefeitura-de-feira-carlos-medeiros-reafirma-que-seguira-firme-na-campanha\/","url":"https:\/\/portalmf.com.br\/index.php\/2024\/07\/22\/pre-candidato-a-prefeitura-de-feira-carlos-medeiros-reafirma-que-seguira-firme-na-campanha\/","name":"Pr\u00e9-candidato \u00e0 prefeitura de Feira, Carlos Medeiros reafirma que seguir\u00e1 firme na campanha\u00a0 - Portal MF","isPartOf":{"@id":"https:\/\/portalmf.com.br\/#website"},"primaryImageOfPage":{"@id":"https:\/\/portalmf.com.br\/index.php\/2024\/07\/22\/pre-candidato-a-prefeitura-de-feira-carlos-medeiros-reafirma-que-seguira-firme-na-campanha\/#primaryimage"},"image":{"@id":"https:\/\/portalmf.com.br\/index.php\/2024\/07\/22\/pre-candidato-a-prefeitura-de-feira-carlos-medeiros-reafirma-que-seguira-firme-na-campanha\/#primaryimage"},"thumbnailUrl":"https:\/\/portalmf.com.br\/wp-content\/uploads\/2024\/06\/Carlos-Medeiros-defende-gestao-moderna-e-eficiente-em-lancamento-de-pre-candidatura.jpeg","datePublished":"2024-07-22T19:39:50+00:00","dateModified":"2024-07-22T19:39:51+00:00","author":{"@id":"https:\/\/portalmf.com.br\/#\/schema\/person\/9ec101baf56233e53520c26de5d6f6f0"},"breadcrumb":{"@id":"https:\/\/portalmf.com.br\/index.php\/2024\/07\/22\/pre-candidato-a-prefeitura-de-feira-carlos-medeiros-reafirma-que-seguira-firme-na-campanha\/#breadcrumb"},"inLanguage":"pt-BR","potentialAction":[{"@type":"ReadAction","target":["https:\/\/portalmf.com.br\/index.php\/2024\/07\/22\/pre-candidato-a-prefeitura-de-feira-carlos-medeiros-reafirma-que-seguira-firme-na-campanha\/"]}]},{"@type":"ImageObject","inLanguage":"pt-BR","@id":"https:\/\/portalmf.com.br\/index.php\/2024\/07\/22\/pre-candidato-a-prefeitura-de-feira-carlos-medeiros-reafirma-que-seguira-firme-na-campanha\/#primaryimage","url":"https:\/\/portalmf.com.br\/wp-content\/uploads\/2024\/06\/Carlos-Medeiros-defende-gestao-moderna-e-eficiente-em-lancamento-de-pre-candidatura.jpeg","contentUrl":"https:\/\/portalmf.com.br\/wp-content\/uploads\/2024\/06\/Carlos-Medeiros-defende-gestao-moderna-e-eficiente-em-lancamento-de-pre-candidatura.jpeg","width":853,"height":675},{"@type":"BreadcrumbList","@id":"https:\/\/portalmf.com.br\/index.php\/2024\/07\/22\/pre-candidato-a-prefeitura-de-feira-carlos-medeiros-reafirma-que-seguira-firme-na-campanha\/#breadcrumb","itemListElement":[{"@type":"ListItem","position":1,"name":"In\u00edcio","item":"https:\/\/portalmf.com.br\/"},{"@type":"ListItem","position":2,"name":"Pr\u00e9-candidato \u00e0 prefeitura de Feira, Carlos Medeiros reafirma que seguir\u00e1 firme na campanha\u00a0"}]},{"@type":"WebSite","@id":"https:\/\/portalmf.com.br\/#website","url":"https:\/\/portalmf.com.br\/","name":"Portal MF","description":"Voc\u00ea conectado com a informa\u00e7\u00e3o","potentialAction":[{"@type":"SearchAction","target":{"@type":"EntryPoint","urlTemplate":"https:\/\/portalmf.com.br\/?s={search_term_string}"},"query-input":"required name=search_term_string"}],"inLanguage":"pt-BR"},{"@type":"Person","@id":"https:\/\/portalmf.com.br\/#\/schema\/person\/9ec101baf56233e53520c26de5d6f6f0","name":"Reda\u00e7\u00e3o Portal MF","image":{"@type":"ImageObject","inLanguage":"pt-BR","@id":"https:\/\/portalmf.com.br\/#\/schema\/person\/image\/","url":"https:\/\/secure.gravatar.com\/avatar\/41b9aaeb2100835f7c64362330f74c7f?s=96&d=mm&r=g","contentUrl":"https:\/\/secure.gravatar.com\/avatar\/41b9aaeb2100835f7c64362330f74c7f?s=96&d=mm&r=g","caption":"Reda\u00e7\u00e3o Portal MF"},"description":"Sejam bem-vindos o portal de informa\u00e7\u00f5es de entretenimento de Feira de Santana, desde 2006 realiza coberturas dos principais eventos com entrevistas exclusivas com as principais personalidades mundiais. Fique conectado tamb\u00e9m nas redes sociais.","sameAs":["http:\/\/www.portalmf.com.br\/","https:\/\/www.facebook.com\/portalmfoficial","https:\/\/www.instagram.com\/portalmf\/","https:\/\/x.com\/https:\/\/x.com\/portalmfoficial","https:\/\/www.youtube.com\/@portalmfoficial"],"url":"https:\/\/portalmf.com.br\/index.php\/author\/junior\/"}]}},"_links":{"self":[{"href":"https:\/\/portalmf.com.br\/index.php\/wp-json\/wp\/v2\/posts\/28103"}],"collection":[{"href":"https:\/\/portalmf.com.br\/index.php\/wp-json\/wp\/v2\/posts"}],"about":[{"href":"https:\/\/portalmf.com.br\/index.php\/wp-json\/wp\/v2\/types\/post"}],"author":[{"embeddable":true,"href":"https:\/\/portalmf.com.br\/index.php\/wp-json\/wp\/v2\/users\/3"}],"replies":[{"embeddable":true,"href":"https:\/\/portalmf.com.br\/index.php\/wp-json\/wp\/v2\/comments?post=28103"}],"version-history":[{"count":1,"href":"https:\/\/portalmf.com.br\/index.php\/wp-json\/wp\/v2\/posts\/28103\/revisions"}],"predecessor-version":[{"id":28104,"href":"https:\/\/portalmf.com.br\/index.php\/wp-json\/wp\/v2\/posts\/28103\/revisions\/28104"}],"wp:featuredmedia":[{"embeddable":true,"href":"https:\/\/portalmf.com.br\/index.php\/wp-json\/wp\/v2\/media\/26908"}],"wp:attachment":[{"href":"https:\/\/portalmf.com.br\/index.php\/wp-json\/wp\/v2\/media?parent=28103"}],"wp:term":[{"taxonomy":"category","embeddable":true,"href":"https:\/\/portalmf.com.br\/index.php\/wp-json\/wp\/v2\/categories?post=28103"},{"taxonomy":"post_tag","embeddable":true,"href":"https:\/\/portalmf.com.br\/index.php\/wp-json\/wp\/v2\/tags?post=28103"}],"curies":[{"name":"wp","href":"https:\/\/api.w.org\/{rel}","templated":true}]}}