{"id":2802,"date":"2022-08-06T14:25:00","date_gmt":"2022-08-06T17:25:00","guid":{"rendered":"http:\/\/portalmf.com.br\/?p=2802"},"modified":"2022-08-09T14:33:04","modified_gmt":"2022-08-09T17:33:04","slug":"emissoras-de-radio-e-tv-passam-a-ter-serie-de-restricoes-em-suas-programacoes-a-partir-de-hoje-devido-ao-calendario-eleitoral","status":"publish","type":"post","link":"https:\/\/portalmf.com.br\/index.php\/2022\/08\/06\/emissoras-de-radio-e-tv-passam-a-ter-serie-de-restricoes-em-suas-programacoes-a-partir-de-hoje-devido-ao-calendario-eleitoral\/","title":{"rendered":"Emissoras de r\u00e1dio e TV passam a ter s\u00e9rie de restri\u00e7\u00f5es em suas programa\u00e7\u00f5es a partir de hoje devido ao calend\u00e1rio eleitoral"},"content":{"rendered":"\n<p>As emissoras de r\u00e1dio e TV passam a ter uma s\u00e9rie de restri\u00e7\u00f5es em suas programa\u00e7\u00f5es a partir deste s\u00e1bado (6), por conta do calend\u00e1rio eleitoral. \u00c9 importante frisar que o n\u00e3o cumprimento das regras eleitorais sujeitam as emissoras ao pagamento de multa e, em alguns acasos, at\u00e9 \u00e0 suspens\u00e3o da programa\u00e7\u00e3o.<\/p>\n\n\n\n<p>As restri\u00e7\u00f5es ser\u00e3o impostas na programa\u00e7\u00e3o normal das emissoras e tamb\u00e9m nos programas jornal\u00edsticos. A partir deste s\u00e1bado, as r\u00e1dios e TV est\u00e3o proibidas de transmitir, ainda que sob a forma de entrevista jornal\u00edstica, imagens de realiza\u00e7\u00e3o de pesquisas ou consulta popular de natureza eleitoral, em que seja poss\u00edvel a identifica\u00e7\u00e3o do entrevistado ou com dados manipulado.<\/p>\n\n\n\n<p>H\u00e1 tamb\u00e9m a restri\u00e7\u00e3o de veicula\u00e7\u00e3o de propaganda pol\u00edtica; dar tratamento privilegiado a candidato, partido ou coliga\u00e7\u00e3o; veicular na programa\u00e7\u00e3o filme, s\u00e9rie, novela ou programa com alus\u00e3o ou cr\u00edtica a candidato, exceto programas jornal\u00edsticos ou debates, al\u00e9m de divulgar nome de programa que se refira a candidato escolhido em conven\u00e7\u00e3o.<\/p>\n\n\n\n<p>Recentemente, a Associa\u00e7\u00e3o Brasileira de R\u00e1dio e Televis\u00e3o (ABERT) lan\u00e7ou uma cartilha sobre as elei\u00e7\u00f5es de 2022 com os principais pontos que envolvem o setor. Nela consta o calend\u00e1rio e pesquisas eleitorais, programa\u00e7\u00e3o normal das emissoras, hor\u00e1rio eleitoral gratuito, debates, direito de resposta e representa\u00e7\u00f5es.&nbsp;<strong><a href=\"https:\/\/www.abert.org.br\/web\/pdf\/abert_cartilha_eleicoes_2022_v3.pdf\" target=\"_blank\" rel=\"noreferrer noopener\">Para ter acesso gratuito \u00e0 cartilha, clique aqui.<\/a><\/strong><\/p>\n\n\n\n<p><strong>Com informa\u00e7\u00f5es do Portal tudoradio.com.<\/strong><\/p>\n","protected":false},"excerpt":{"rendered":"<p>As emissoras de r\u00e1dio e TV passam a ter uma s\u00e9rie de restri\u00e7\u00f5es em suas programa\u00e7\u00f5es a partir deste s\u00e1bado (6), por conta do calend\u00e1rio eleitoral. \u00c9 importante frisar que o n\u00e3o cumprimento das regras eleitorais sujeitam as emissoras ao pagamento de multa e, em alguns acasos, at\u00e9 \u00e0 suspens\u00e3o da programa\u00e7\u00e3o. As restri\u00e7\u00f5es ser\u00e3o [&hellip;]<\/p>\n","protected":false},"author":2,"featured_media":2803,"comment_status":"open","ping_status":"open","sticky":false,"template":"","format":"standard","meta":{"_monsterinsights_skip_tracking":false,"_monsterinsights_sitenote_active":false,"_monsterinsights_sitenote_note":"","_monsterinsights_sitenote_category":0,"footnotes":""},"categories":[50],"tags":[],"yoast_head":"<!-- This site is optimized with the Yoast SEO plugin v22.9 - https:\/\/yoast.com\/wordpress\/plugins\/seo\/ -->\n<title>Emissoras de r\u00e1dio e TV passam a ter s\u00e9rie de restri\u00e7\u00f5es em suas programa\u00e7\u00f5es a partir de hoje devido ao calend\u00e1rio eleitoral - Portal MF<\/title>\n<meta name=\"robots\" content=\"index, follow, max-snippet:-1, max-image-preview:large, max-video-preview:-1\" \/>\n<link rel=\"canonical\" href=\"https:\/\/portalmf.com.br\/index.php\/2022\/08\/06\/emissoras-de-radio-e-tv-passam-a-ter-serie-de-restricoes-em-suas-programacoes-a-partir-de-hoje-devido-ao-calendario-eleitoral\/\" \/>\n<meta property=\"og:locale\" content=\"pt_BR\" \/>\n<meta property=\"og:type\" content=\"article\" \/>\n<meta property=\"og:title\" content=\"Emissoras de r\u00e1dio e TV passam a ter s\u00e9rie de restri\u00e7\u00f5es em suas programa\u00e7\u00f5es a partir de hoje devido ao calend\u00e1rio eleitoral - Portal MF\" \/>\n<meta property=\"og:description\" content=\"As emissoras de r\u00e1dio e TV passam a ter uma s\u00e9rie de restri\u00e7\u00f5es em suas programa\u00e7\u00f5es a partir deste s\u00e1bado (6), por conta do calend\u00e1rio eleitoral. \u00c9 importante frisar que o n\u00e3o cumprimento das regras eleitorais sujeitam as emissoras ao pagamento de multa e, em alguns acasos, at\u00e9 \u00e0 suspens\u00e3o da programa\u00e7\u00e3o. As restri\u00e7\u00f5es ser\u00e3o [&hellip;]\" \/>\n<meta property=\"og:url\" content=\"https:\/\/portalmf.com.br\/index.php\/2022\/08\/06\/emissoras-de-radio-e-tv-passam-a-ter-serie-de-restricoes-em-suas-programacoes-a-partir-de-hoje-devido-ao-calendario-eleitoral\/\" \/>\n<meta property=\"og:site_name\" content=\"Portal MF\" \/>\n<meta property=\"article:author\" content=\"reginaldojrfsa\" \/>\n<meta property=\"article:published_time\" content=\"2022-08-06T17:25:00+00:00\" \/>\n<meta property=\"article:modified_time\" content=\"2022-08-09T17:33:04+00:00\" \/>\n<meta property=\"og:image\" content=\"https:\/\/portalmf.com.br\/wp-content\/uploads\/2022\/08\/emissorasderadio_alo_alo_bahia.jpg\" \/>\n\t<meta property=\"og:image:width\" content=\"1024\" \/>\n\t<meta property=\"og:image:height\" content=\"683\" \/>\n\t<meta property=\"og:image:type\" content=\"image\/jpeg\" \/>\n<meta name=\"author\" content=\"Reginaldo J\u00fanior\" \/>\n<meta name=\"twitter:card\" content=\"summary_large_image\" \/>\n<meta name=\"twitter:creator\" content=\"@reginaldojrmf\" \/>\n<meta name=\"twitter:label1\" content=\"Escrito por\" \/>\n\t<meta name=\"twitter:data1\" content=\"Reginaldo J\u00fanior\" \/>\n\t<meta name=\"twitter:label2\" content=\"Est. tempo de leitura\" \/>\n\t<meta name=\"twitter:data2\" content=\"1 minuto\" \/>\n<script type=\"application\/ld+json\" class=\"yoast-schema-graph\">{\"@context\":\"https:\/\/schema.org\",\"@graph\":[{\"@type\":\"WebPage\",\"@id\":\"https:\/\/portalmf.com.br\/index.php\/2022\/08\/06\/emissoras-de-radio-e-tv-passam-a-ter-serie-de-restricoes-em-suas-programacoes-a-partir-de-hoje-devido-ao-calendario-eleitoral\/\",\"url\":\"https:\/\/portalmf.com.br\/index.php\/2022\/08\/06\/emissoras-de-radio-e-tv-passam-a-ter-serie-de-restricoes-em-suas-programacoes-a-partir-de-hoje-devido-ao-calendario-eleitoral\/\",\"name\":\"Emissoras de r\u00e1dio e TV passam a ter s\u00e9rie de restri\u00e7\u00f5es em suas programa\u00e7\u00f5es a partir de hoje devido ao calend\u00e1rio eleitoral - Portal MF\",\"isPartOf\":{\"@id\":\"https:\/\/portalmf.com.br\/#website\"},\"primaryImageOfPage\":{\"@id\":\"https:\/\/portalmf.com.br\/index.php\/2022\/08\/06\/emissoras-de-radio-e-tv-passam-a-ter-serie-de-restricoes-em-suas-programacoes-a-partir-de-hoje-devido-ao-calendario-eleitoral\/#primaryimage\"},\"image\":{\"@id\":\"https:\/\/portalmf.com.br\/index.php\/2022\/08\/06\/emissoras-de-radio-e-tv-passam-a-ter-serie-de-restricoes-em-suas-programacoes-a-partir-de-hoje-devido-ao-calendario-eleitoral\/#primaryimage\"},\"thumbnailUrl\":\"https:\/\/portalmf.com.br\/wp-content\/uploads\/2022\/08\/emissorasderadio_alo_alo_bahia.jpg\",\"datePublished\":\"2022-08-06T17:25:00+00:00\",\"dateModified\":\"2022-08-09T17:33:04+00:00\",\"author\":{\"@id\":\"https:\/\/portalmf.com.br\/#\/schema\/person\/11c82086fe8abc05a19147e964587285\"},\"breadcrumb\":{\"@id\":\"https:\/\/portalmf.com.br\/index.php\/2022\/08\/06\/emissoras-de-radio-e-tv-passam-a-ter-serie-de-restricoes-em-suas-programacoes-a-partir-de-hoje-devido-ao-calendario-eleitoral\/#breadcrumb\"},\"inLanguage\":\"pt-BR\",\"potentialAction\":[{\"@type\":\"ReadAction\",\"target\":[\"https:\/\/portalmf.com.br\/index.php\/2022\/08\/06\/emissoras-de-radio-e-tv-passam-a-ter-serie-de-restricoes-em-suas-programacoes-a-partir-de-hoje-devido-ao-calendario-eleitoral\/\"]}]},{\"@type\":\"ImageObject\",\"inLanguage\":\"pt-BR\",\"@id\":\"https:\/\/portalmf.com.br\/index.php\/2022\/08\/06\/emissoras-de-radio-e-tv-passam-a-ter-serie-de-restricoes-em-suas-programacoes-a-partir-de-hoje-devido-ao-calendario-eleitoral\/#primaryimage\",\"url\":\"https:\/\/portalmf.com.br\/wp-content\/uploads\/2022\/08\/emissorasderadio_alo_alo_bahia.jpg\",\"contentUrl\":\"https:\/\/portalmf.com.br\/wp-content\/uploads\/2022\/08\/emissorasderadio_alo_alo_bahia.jpg\",\"width\":1024,\"height\":683},{\"@type\":\"BreadcrumbList\",\"@id\":\"https:\/\/portalmf.com.br\/index.php\/2022\/08\/06\/emissoras-de-radio-e-tv-passam-a-ter-serie-de-restricoes-em-suas-programacoes-a-partir-de-hoje-devido-ao-calendario-eleitoral\/#breadcrumb\",\"itemListElement\":[{\"@type\":\"ListItem\",\"position\":1,\"name\":\"In\u00edcio\",\"item\":\"https:\/\/portalmf.com.br\/\"},{\"@type\":\"ListItem\",\"position\":2,\"name\":\"Emissoras de r\u00e1dio e TV passam a ter s\u00e9rie de restri\u00e7\u00f5es em suas programa\u00e7\u00f5es a partir de hoje devido ao calend\u00e1rio eleitoral\"}]},{\"@type\":\"WebSite\",\"@id\":\"https:\/\/portalmf.com.br\/#website\",\"url\":\"https:\/\/portalmf.com.br\/\",\"name\":\"Portal MF\",\"description\":\"Voc\u00ea conectado com a informa\u00e7\u00e3o\",\"potentialAction\":[{\"@type\":\"SearchAction\",\"target\":{\"@type\":\"EntryPoint\",\"urlTemplate\":\"https:\/\/portalmf.com.br\/?s={search_term_string}\"},\"query-input\":\"required name=search_term_string\"}],\"inLanguage\":\"pt-BR\"},{\"@type\":\"Person\",\"@id\":\"https:\/\/portalmf.com.br\/#\/schema\/person\/11c82086fe8abc05a19147e964587285\",\"name\":\"Reginaldo J\u00fanior\",\"image\":{\"@type\":\"ImageObject\",\"inLanguage\":\"pt-BR\",\"@id\":\"https:\/\/portalmf.com.br\/#\/schema\/person\/image\/\",\"url\":\"https:\/\/secure.gravatar.com\/avatar\/32a3c797cd0ac47cc53b8644c62776f9?s=96&d=mm&r=g\",\"contentUrl\":\"https:\/\/secure.gravatar.com\/avatar\/32a3c797cd0ac47cc53b8644c62776f9?s=96&d=mm&r=g\",\"caption\":\"Reginaldo J\u00fanior\"},\"description\":\"Jornalista e idealizador Portal MF\",\"sameAs\":[\"https:\/\/portalmf.com.br\/index.php\/author\/reginaldojr\/\",\"reginaldojrfsa\",\"reginaldojuniormf\",\"https:\/\/x.com\/reginaldojrmf\"],\"url\":\"https:\/\/portalmf.com.br\/index.php\/author\/reginaldojr\/\"}]}<\/script>\n<!-- \/ Yoast SEO plugin. -->","yoast_head_json":{"title":"Emissoras de r\u00e1dio e TV passam a ter s\u00e9rie de restri\u00e7\u00f5es em suas programa\u00e7\u00f5es a partir de hoje devido ao calend\u00e1rio eleitoral - Portal MF","robots":{"index":"index","follow":"follow","max-snippet":"max-snippet:-1","max-image-preview":"max-image-preview:large","max-video-preview":"max-video-preview:-1"},"canonical":"https:\/\/portalmf.com.br\/index.php\/2022\/08\/06\/emissoras-de-radio-e-tv-passam-a-ter-serie-de-restricoes-em-suas-programacoes-a-partir-de-hoje-devido-ao-calendario-eleitoral\/","og_locale":"pt_BR","og_type":"article","og_title":"Emissoras de r\u00e1dio e TV passam a ter s\u00e9rie de restri\u00e7\u00f5es em suas programa\u00e7\u00f5es a partir de hoje devido ao calend\u00e1rio eleitoral - Portal MF","og_description":"As emissoras de r\u00e1dio e TV passam a ter uma s\u00e9rie de restri\u00e7\u00f5es em suas programa\u00e7\u00f5es a partir deste s\u00e1bado (6), por conta do calend\u00e1rio eleitoral. \u00c9 importante frisar que o n\u00e3o cumprimento das regras eleitorais sujeitam as emissoras ao pagamento de multa e, em alguns acasos, at\u00e9 \u00e0 suspens\u00e3o da programa\u00e7\u00e3o. As restri\u00e7\u00f5es ser\u00e3o [&hellip;]","og_url":"https:\/\/portalmf.com.br\/index.php\/2022\/08\/06\/emissoras-de-radio-e-tv-passam-a-ter-serie-de-restricoes-em-suas-programacoes-a-partir-de-hoje-devido-ao-calendario-eleitoral\/","og_site_name":"Portal MF","article_author":"reginaldojrfsa","article_published_time":"2022-08-06T17:25:00+00:00","article_modified_time":"2022-08-09T17:33:04+00:00","og_image":[{"width":1024,"height":683,"url":"https:\/\/portalmf.com.br\/wp-content\/uploads\/2022\/08\/emissorasderadio_alo_alo_bahia.jpg","type":"image\/jpeg"}],"author":"Reginaldo J\u00fanior","twitter_card":"summary_large_image","twitter_creator":"@reginaldojrmf","twitter_misc":{"Escrito por":"Reginaldo J\u00fanior","Est. tempo de leitura":"1 minuto"},"schema":{"@context":"https:\/\/schema.org","@graph":[{"@type":"WebPage","@id":"https:\/\/portalmf.com.br\/index.php\/2022\/08\/06\/emissoras-de-radio-e-tv-passam-a-ter-serie-de-restricoes-em-suas-programacoes-a-partir-de-hoje-devido-ao-calendario-eleitoral\/","url":"https:\/\/portalmf.com.br\/index.php\/2022\/08\/06\/emissoras-de-radio-e-tv-passam-a-ter-serie-de-restricoes-em-suas-programacoes-a-partir-de-hoje-devido-ao-calendario-eleitoral\/","name":"Emissoras de r\u00e1dio e TV passam a ter s\u00e9rie de restri\u00e7\u00f5es em suas programa\u00e7\u00f5es a partir de hoje devido ao calend\u00e1rio eleitoral - Portal MF","isPartOf":{"@id":"https:\/\/portalmf.com.br\/#website"},"primaryImageOfPage":{"@id":"https:\/\/portalmf.com.br\/index.php\/2022\/08\/06\/emissoras-de-radio-e-tv-passam-a-ter-serie-de-restricoes-em-suas-programacoes-a-partir-de-hoje-devido-ao-calendario-eleitoral\/#primaryimage"},"image":{"@id":"https:\/\/portalmf.com.br\/index.php\/2022\/08\/06\/emissoras-de-radio-e-tv-passam-a-ter-serie-de-restricoes-em-suas-programacoes-a-partir-de-hoje-devido-ao-calendario-eleitoral\/#primaryimage"},"thumbnailUrl":"https:\/\/portalmf.com.br\/wp-content\/uploads\/2022\/08\/emissorasderadio_alo_alo_bahia.jpg","datePublished":"2022-08-06T17:25:00+00:00","dateModified":"2022-08-09T17:33:04+00:00","author":{"@id":"https:\/\/portalmf.com.br\/#\/schema\/person\/11c82086fe8abc05a19147e964587285"},"breadcrumb":{"@id":"https:\/\/portalmf.com.br\/index.php\/2022\/08\/06\/emissoras-de-radio-e-tv-passam-a-ter-serie-de-restricoes-em-suas-programacoes-a-partir-de-hoje-devido-ao-calendario-eleitoral\/#breadcrumb"},"inLanguage":"pt-BR","potentialAction":[{"@type":"ReadAction","target":["https:\/\/portalmf.com.br\/index.php\/2022\/08\/06\/emissoras-de-radio-e-tv-passam-a-ter-serie-de-restricoes-em-suas-programacoes-a-partir-de-hoje-devido-ao-calendario-eleitoral\/"]}]},{"@type":"ImageObject","inLanguage":"pt-BR","@id":"https:\/\/portalmf.com.br\/index.php\/2022\/08\/06\/emissoras-de-radio-e-tv-passam-a-ter-serie-de-restricoes-em-suas-programacoes-a-partir-de-hoje-devido-ao-calendario-eleitoral\/#primaryimage","url":"https:\/\/portalmf.com.br\/wp-content\/uploads\/2022\/08\/emissorasderadio_alo_alo_bahia.jpg","contentUrl":"https:\/\/portalmf.com.br\/wp-content\/uploads\/2022\/08\/emissorasderadio_alo_alo_bahia.jpg","width":1024,"height":683},{"@type":"BreadcrumbList","@id":"https:\/\/portalmf.com.br\/index.php\/2022\/08\/06\/emissoras-de-radio-e-tv-passam-a-ter-serie-de-restricoes-em-suas-programacoes-a-partir-de-hoje-devido-ao-calendario-eleitoral\/#breadcrumb","itemListElement":[{"@type":"ListItem","position":1,"name":"In\u00edcio","item":"https:\/\/portalmf.com.br\/"},{"@type":"ListItem","position":2,"name":"Emissoras de r\u00e1dio e TV passam a ter s\u00e9rie de restri\u00e7\u00f5es em suas programa\u00e7\u00f5es a partir de hoje devido ao calend\u00e1rio eleitoral"}]},{"@type":"WebSite","@id":"https:\/\/portalmf.com.br\/#website","url":"https:\/\/portalmf.com.br\/","name":"Portal MF","description":"Voc\u00ea conectado com a informa\u00e7\u00e3o","potentialAction":[{"@type":"SearchAction","target":{"@type":"EntryPoint","urlTemplate":"https:\/\/portalmf.com.br\/?s={search_term_string}"},"query-input":"required name=search_term_string"}],"inLanguage":"pt-BR"},{"@type":"Person","@id":"https:\/\/portalmf.com.br\/#\/schema\/person\/11c82086fe8abc05a19147e964587285","name":"Reginaldo J\u00fanior","image":{"@type":"ImageObject","inLanguage":"pt-BR","@id":"https:\/\/portalmf.com.br\/#\/schema\/person\/image\/","url":"https:\/\/secure.gravatar.com\/avatar\/32a3c797cd0ac47cc53b8644c62776f9?s=96&d=mm&r=g","contentUrl":"https:\/\/secure.gravatar.com\/avatar\/32a3c797cd0ac47cc53b8644c62776f9?s=96&d=mm&r=g","caption":"Reginaldo J\u00fanior"},"description":"Jornalista e idealizador Portal MF","sameAs":["https:\/\/portalmf.com.br\/index.php\/author\/reginaldojr\/","reginaldojrfsa","reginaldojuniormf","https:\/\/x.com\/reginaldojrmf"],"url":"https:\/\/portalmf.com.br\/index.php\/author\/reginaldojr\/"}]}},"_links":{"self":[{"href":"https:\/\/portalmf.com.br\/index.php\/wp-json\/wp\/v2\/posts\/2802"}],"collection":[{"href":"https:\/\/portalmf.com.br\/index.php\/wp-json\/wp\/v2\/posts"}],"about":[{"href":"https:\/\/portalmf.com.br\/index.php\/wp-json\/wp\/v2\/types\/post"}],"author":[{"embeddable":true,"href":"https:\/\/portalmf.com.br\/index.php\/wp-json\/wp\/v2\/users\/2"}],"replies":[{"embeddable":true,"href":"https:\/\/portalmf.com.br\/index.php\/wp-json\/wp\/v2\/comments?post=2802"}],"version-history":[{"count":1,"href":"https:\/\/portalmf.com.br\/index.php\/wp-json\/wp\/v2\/posts\/2802\/revisions"}],"predecessor-version":[{"id":2804,"href":"https:\/\/portalmf.com.br\/index.php\/wp-json\/wp\/v2\/posts\/2802\/revisions\/2804"}],"wp:featuredmedia":[{"embeddable":true,"href":"https:\/\/portalmf.com.br\/index.php\/wp-json\/wp\/v2\/media\/2803"}],"wp:attachment":[{"href":"https:\/\/portalmf.com.br\/index.php\/wp-json\/wp\/v2\/media?parent=2802"}],"wp:term":[{"taxonomy":"category","embeddable":true,"href":"https:\/\/portalmf.com.br\/index.php\/wp-json\/wp\/v2\/categories?post=2802"},{"taxonomy":"post_tag","embeddable":true,"href":"https:\/\/portalmf.com.br\/index.php\/wp-json\/wp\/v2\/tags?post=2802"}],"curies":[{"name":"wp","href":"https:\/\/api.w.org\/{rel}","templated":true}]}}