{"id":28015,"date":"2024-07-19T14:55:26","date_gmt":"2024-07-19T17:55:26","guid":{"rendered":"https:\/\/portalmf.com.br\/?p=28015"},"modified":"2024-07-19T14:55:27","modified_gmt":"2024-07-19T17:55:27","slug":"deputado-pablo-roberto-e-anunciado-como-vice-na-chapa-de-jose-ronaldo","status":"publish","type":"post","link":"https:\/\/portalmf.com.br\/index.php\/2024\/07\/19\/deputado-pablo-roberto-e-anunciado-como-vice-na-chapa-de-jose-ronaldo\/","title":{"rendered":"Deputado Pablo Roberto \u00e9 anunciado como vice na chapa de Jos\u00e9 Ronaldo"},"content":{"rendered":"\n<p>O deputado estadual Pablo Roberto (PSDB) foi oficialmente anunciado como vice-prefeito na chapa do pr\u00e9-candidato \u00e0 Prefeitura de Feira de Santana pelo Uni\u00e3o Brasil, Jos\u00e9 Ronaldo de Carvalho, para as elei\u00e7\u00f5es municipais de 2024. O an\u00fancio ocorreu na manh\u00e3 desta sexta-feira (19), em Feira.<\/p>\n\n\n\n<p>Pablo, que havia sido o primeiro a se lan\u00e7ar como pr\u00e9-candidato a prefeito de Feira no final do ano passado, retirou seu nome do tabuleiro na \u00faltima quarta-feira (18). A decis\u00e3o foi comunicada atrav\u00e9s de uma carta aberta publicada nas redes sociais, na qual o deputado reafirmou seu compromisso com o grupo pol\u00edtico que o apoiou ao longo de sua trajet\u00f3ria.<\/p>\n\n\n\n<p>Durante uma coletiva, Jos\u00e9 Ronaldo destacou que a escolha de Pablo como vice-prefeito foi baseada em sua compet\u00eancia em campanhas pol\u00edticas e em seu envolvimento pr\u00e9vio com o grupo pol\u00edtico o qual faz parte. <\/p>\n\n\n\n<p><em>\u201cEle \u00e9 muito competente, faz muito bem campanha pol\u00edtica e a presen\u00e7a dele junto com a gente \u00e9 de grande import\u00e2ncia, por isso essa tomada de decis\u00e3o&#8221;<\/em>, declarou.<\/p>\n\n\n\n<p><em>&#8220;Pablo j\u00e1 fazia parte do nosso grupo pol\u00edtico e uma pessoa que est\u00e1 com o percentual que ele est\u00e1 nas pesquisas, \u00e9 evidente que a presen\u00e7a dele junto a gente \u00e9 muito importante politicamente falando\u201d<\/em>, acrescentou o pr\u00e9-candidato.<\/p>\n\n\n\n<p>Em seguida, Pablo Roberto explicou os fatores que influenciaram sua decis\u00e3o, afirmando que a trajet\u00f3ria at\u00e9 o momento lhe permitiu analisar a situa\u00e7\u00e3o e dialogar, constatando que o cen\u00e1rio de polariza\u00e7\u00e3o est\u00e1 muito evidente.<\/p>\n\n\n\n<p><em>\u201cTomamos a decis\u00e3o de voltar a conversar com Jos\u00e9 Ronaldo, at\u00e9 pela rela\u00e7\u00e3o que n\u00f3s temos, e o grupo tomou a decis\u00e3o de que essa unidade \u00e9 melhor para Feira de Santana\u201d<\/em>, afirmou Pablo.<\/p>\n\n\n\n<p><em>\u201cNossa decis\u00e3o \u00e9 de servir Feira de Santana ao lado de Jos\u00e9 Ronaldo\u201d<\/em>, acrescentou o parlamentar baiano.<\/p>\n","protected":false},"excerpt":{"rendered":"<p>O deputado estadual Pablo Roberto (PSDB) foi oficialmente anunciado como vice-prefeito na chapa do pr\u00e9-candidato \u00e0 Prefeitura de Feira de Santana pelo Uni\u00e3o Brasil, Jos\u00e9 Ronaldo de Carvalho, para as elei\u00e7\u00f5es municipais de 2024. O an\u00fancio ocorreu na manh\u00e3 desta sexta-feira (19), em Feira. Pablo, que havia sido o primeiro a se lan\u00e7ar como pr\u00e9-candidato [&hellip;]<\/p>\n","protected":false},"author":3,"featured_media":28017,"comment_status":"open","ping_status":"open","sticky":false,"template":"","format":"standard","meta":{"_monsterinsights_skip_tracking":false,"_monsterinsights_sitenote_active":false,"_monsterinsights_sitenote_note":"","_monsterinsights_sitenote_category":0,"footnotes":""},"categories":[301,34],"tags":[],"yoast_head":"<!-- This site is optimized with the Yoast SEO plugin v22.9 - https:\/\/yoast.com\/wordpress\/plugins\/seo\/ -->\n<title>Deputado Pablo Roberto \u00e9 anunciado como vice na chapa de Jos\u00e9 Ronaldo - Portal MF<\/title>\n<meta name=\"robots\" content=\"index, follow, max-snippet:-1, max-image-preview:large, max-video-preview:-1\" \/>\n<link rel=\"canonical\" href=\"https:\/\/portalmf.com.br\/index.php\/2024\/07\/19\/deputado-pablo-roberto-e-anunciado-como-vice-na-chapa-de-jose-ronaldo\/\" \/>\n<meta property=\"og:locale\" content=\"pt_BR\" \/>\n<meta property=\"og:type\" content=\"article\" \/>\n<meta property=\"og:title\" content=\"Deputado Pablo Roberto \u00e9 anunciado como vice na chapa de Jos\u00e9 Ronaldo - Portal MF\" \/>\n<meta property=\"og:description\" content=\"O deputado estadual Pablo Roberto (PSDB) foi oficialmente anunciado como vice-prefeito na chapa do pr\u00e9-candidato \u00e0 Prefeitura de Feira de Santana pelo Uni\u00e3o Brasil, Jos\u00e9 Ronaldo de Carvalho, para as elei\u00e7\u00f5es municipais de 2024. O an\u00fancio ocorreu na manh\u00e3 desta sexta-feira (19), em Feira. Pablo, que havia sido o primeiro a se lan\u00e7ar como pr\u00e9-candidato [&hellip;]\" \/>\n<meta property=\"og:url\" content=\"https:\/\/portalmf.com.br\/index.php\/2024\/07\/19\/deputado-pablo-roberto-e-anunciado-como-vice-na-chapa-de-jose-ronaldo\/\" \/>\n<meta property=\"og:site_name\" content=\"Portal MF\" \/>\n<meta property=\"article:author\" content=\"https:\/\/www.facebook.com\/portalmfoficial\" \/>\n<meta property=\"article:published_time\" content=\"2024-07-19T17:55:26+00:00\" \/>\n<meta property=\"article:modified_time\" content=\"2024-07-19T17:55:27+00:00\" \/>\n<meta property=\"og:image\" content=\"https:\/\/portalmf.com.br\/wp-content\/uploads\/2024\/07\/Pablo-e-anunciado-como-vice-na-chapa-de-Jose-Ronaldo.jpg\" \/>\n\t<meta property=\"og:image:width\" content=\"800\" \/>\n\t<meta property=\"og:image:height\" content=\"600\" \/>\n\t<meta property=\"og:image:type\" content=\"image\/jpeg\" \/>\n<meta name=\"author\" content=\"Reda\u00e7\u00e3o Portal MF\" \/>\n<meta name=\"twitter:card\" content=\"summary_large_image\" \/>\n<meta name=\"twitter:creator\" content=\"@https:\/\/x.com\/portalmfoficial\" \/>\n<meta name=\"twitter:label1\" content=\"Escrito por\" \/>\n\t<meta name=\"twitter:data1\" content=\"Reda\u00e7\u00e3o Portal MF\" \/>\n\t<meta name=\"twitter:label2\" content=\"Est. tempo de leitura\" \/>\n\t<meta name=\"twitter:data2\" content=\"2 minutos\" \/>\n<script type=\"application\/ld+json\" class=\"yoast-schema-graph\">{\"@context\":\"https:\/\/schema.org\",\"@graph\":[{\"@type\":\"WebPage\",\"@id\":\"https:\/\/portalmf.com.br\/index.php\/2024\/07\/19\/deputado-pablo-roberto-e-anunciado-como-vice-na-chapa-de-jose-ronaldo\/\",\"url\":\"https:\/\/portalmf.com.br\/index.php\/2024\/07\/19\/deputado-pablo-roberto-e-anunciado-como-vice-na-chapa-de-jose-ronaldo\/\",\"name\":\"Deputado Pablo Roberto \u00e9 anunciado como vice na chapa de Jos\u00e9 Ronaldo - Portal MF\",\"isPartOf\":{\"@id\":\"https:\/\/portalmf.com.br\/#website\"},\"primaryImageOfPage\":{\"@id\":\"https:\/\/portalmf.com.br\/index.php\/2024\/07\/19\/deputado-pablo-roberto-e-anunciado-como-vice-na-chapa-de-jose-ronaldo\/#primaryimage\"},\"image\":{\"@id\":\"https:\/\/portalmf.com.br\/index.php\/2024\/07\/19\/deputado-pablo-roberto-e-anunciado-como-vice-na-chapa-de-jose-ronaldo\/#primaryimage\"},\"thumbnailUrl\":\"https:\/\/portalmf.com.br\/wp-content\/uploads\/2024\/07\/Pablo-e-anunciado-como-vice-na-chapa-de-Jose-Ronaldo.jpg\",\"datePublished\":\"2024-07-19T17:55:26+00:00\",\"dateModified\":\"2024-07-19T17:55:27+00:00\",\"author\":{\"@id\":\"https:\/\/portalmf.com.br\/#\/schema\/person\/9ec101baf56233e53520c26de5d6f6f0\"},\"breadcrumb\":{\"@id\":\"https:\/\/portalmf.com.br\/index.php\/2024\/07\/19\/deputado-pablo-roberto-e-anunciado-como-vice-na-chapa-de-jose-ronaldo\/#breadcrumb\"},\"inLanguage\":\"pt-BR\",\"potentialAction\":[{\"@type\":\"ReadAction\",\"target\":[\"https:\/\/portalmf.com.br\/index.php\/2024\/07\/19\/deputado-pablo-roberto-e-anunciado-como-vice-na-chapa-de-jose-ronaldo\/\"]}]},{\"@type\":\"ImageObject\",\"inLanguage\":\"pt-BR\",\"@id\":\"https:\/\/portalmf.com.br\/index.php\/2024\/07\/19\/deputado-pablo-roberto-e-anunciado-como-vice-na-chapa-de-jose-ronaldo\/#primaryimage\",\"url\":\"https:\/\/portalmf.com.br\/wp-content\/uploads\/2024\/07\/Pablo-e-anunciado-como-vice-na-chapa-de-Jose-Ronaldo.jpg\",\"contentUrl\":\"https:\/\/portalmf.com.br\/wp-content\/uploads\/2024\/07\/Pablo-e-anunciado-como-vice-na-chapa-de-Jose-Ronaldo.jpg\",\"width\":800,\"height\":600},{\"@type\":\"BreadcrumbList\",\"@id\":\"https:\/\/portalmf.com.br\/index.php\/2024\/07\/19\/deputado-pablo-roberto-e-anunciado-como-vice-na-chapa-de-jose-ronaldo\/#breadcrumb\",\"itemListElement\":[{\"@type\":\"ListItem\",\"position\":1,\"name\":\"In\u00edcio\",\"item\":\"https:\/\/portalmf.com.br\/\"},{\"@type\":\"ListItem\",\"position\":2,\"name\":\"Deputado Pablo Roberto \u00e9 anunciado como vice na chapa de Jos\u00e9 Ronaldo\"}]},{\"@type\":\"WebSite\",\"@id\":\"https:\/\/portalmf.com.br\/#website\",\"url\":\"https:\/\/portalmf.com.br\/\",\"name\":\"Portal MF\",\"description\":\"Voc\u00ea conectado com a informa\u00e7\u00e3o\",\"potentialAction\":[{\"@type\":\"SearchAction\",\"target\":{\"@type\":\"EntryPoint\",\"urlTemplate\":\"https:\/\/portalmf.com.br\/?s={search_term_string}\"},\"query-input\":\"required name=search_term_string\"}],\"inLanguage\":\"pt-BR\"},{\"@type\":\"Person\",\"@id\":\"https:\/\/portalmf.com.br\/#\/schema\/person\/9ec101baf56233e53520c26de5d6f6f0\",\"name\":\"Reda\u00e7\u00e3o Portal MF\",\"image\":{\"@type\":\"ImageObject\",\"inLanguage\":\"pt-BR\",\"@id\":\"https:\/\/portalmf.com.br\/#\/schema\/person\/image\/\",\"url\":\"https:\/\/secure.gravatar.com\/avatar\/41b9aaeb2100835f7c64362330f74c7f?s=96&d=mm&r=g\",\"contentUrl\":\"https:\/\/secure.gravatar.com\/avatar\/41b9aaeb2100835f7c64362330f74c7f?s=96&d=mm&r=g\",\"caption\":\"Reda\u00e7\u00e3o Portal MF\"},\"description\":\"Sejam bem-vindos o portal de informa\u00e7\u00f5es de entretenimento de Feira de Santana, desde 2006 realiza coberturas dos principais eventos com entrevistas exclusivas com as principais personalidades mundiais. Fique conectado tamb\u00e9m nas redes sociais.\",\"sameAs\":[\"http:\/\/www.portalmf.com.br\/\",\"https:\/\/www.facebook.com\/portalmfoficial\",\"https:\/\/www.instagram.com\/portalmf\/\",\"https:\/\/x.com\/https:\/\/x.com\/portalmfoficial\",\"https:\/\/www.youtube.com\/@portalmfoficial\"],\"url\":\"https:\/\/portalmf.com.br\/index.php\/author\/junior\/\"}]}<\/script>\n<!-- \/ Yoast SEO plugin. -->","yoast_head_json":{"title":"Deputado Pablo Roberto \u00e9 anunciado como vice na chapa de Jos\u00e9 Ronaldo - Portal MF","robots":{"index":"index","follow":"follow","max-snippet":"max-snippet:-1","max-image-preview":"max-image-preview:large","max-video-preview":"max-video-preview:-1"},"canonical":"https:\/\/portalmf.com.br\/index.php\/2024\/07\/19\/deputado-pablo-roberto-e-anunciado-como-vice-na-chapa-de-jose-ronaldo\/","og_locale":"pt_BR","og_type":"article","og_title":"Deputado Pablo Roberto \u00e9 anunciado como vice na chapa de Jos\u00e9 Ronaldo - Portal MF","og_description":"O deputado estadual Pablo Roberto (PSDB) foi oficialmente anunciado como vice-prefeito na chapa do pr\u00e9-candidato \u00e0 Prefeitura de Feira de Santana pelo Uni\u00e3o Brasil, Jos\u00e9 Ronaldo de Carvalho, para as elei\u00e7\u00f5es municipais de 2024. O an\u00fancio ocorreu na manh\u00e3 desta sexta-feira (19), em Feira. Pablo, que havia sido o primeiro a se lan\u00e7ar como pr\u00e9-candidato [&hellip;]","og_url":"https:\/\/portalmf.com.br\/index.php\/2024\/07\/19\/deputado-pablo-roberto-e-anunciado-como-vice-na-chapa-de-jose-ronaldo\/","og_site_name":"Portal MF","article_author":"https:\/\/www.facebook.com\/portalmfoficial","article_published_time":"2024-07-19T17:55:26+00:00","article_modified_time":"2024-07-19T17:55:27+00:00","og_image":[{"width":800,"height":600,"url":"https:\/\/portalmf.com.br\/wp-content\/uploads\/2024\/07\/Pablo-e-anunciado-como-vice-na-chapa-de-Jose-Ronaldo.jpg","type":"image\/jpeg"}],"author":"Reda\u00e7\u00e3o Portal MF","twitter_card":"summary_large_image","twitter_creator":"@https:\/\/x.com\/portalmfoficial","twitter_misc":{"Escrito por":"Reda\u00e7\u00e3o Portal MF","Est. tempo de leitura":"2 minutos"},"schema":{"@context":"https:\/\/schema.org","@graph":[{"@type":"WebPage","@id":"https:\/\/portalmf.com.br\/index.php\/2024\/07\/19\/deputado-pablo-roberto-e-anunciado-como-vice-na-chapa-de-jose-ronaldo\/","url":"https:\/\/portalmf.com.br\/index.php\/2024\/07\/19\/deputado-pablo-roberto-e-anunciado-como-vice-na-chapa-de-jose-ronaldo\/","name":"Deputado Pablo Roberto \u00e9 anunciado como vice na chapa de Jos\u00e9 Ronaldo - Portal MF","isPartOf":{"@id":"https:\/\/portalmf.com.br\/#website"},"primaryImageOfPage":{"@id":"https:\/\/portalmf.com.br\/index.php\/2024\/07\/19\/deputado-pablo-roberto-e-anunciado-como-vice-na-chapa-de-jose-ronaldo\/#primaryimage"},"image":{"@id":"https:\/\/portalmf.com.br\/index.php\/2024\/07\/19\/deputado-pablo-roberto-e-anunciado-como-vice-na-chapa-de-jose-ronaldo\/#primaryimage"},"thumbnailUrl":"https:\/\/portalmf.com.br\/wp-content\/uploads\/2024\/07\/Pablo-e-anunciado-como-vice-na-chapa-de-Jose-Ronaldo.jpg","datePublished":"2024-07-19T17:55:26+00:00","dateModified":"2024-07-19T17:55:27+00:00","author":{"@id":"https:\/\/portalmf.com.br\/#\/schema\/person\/9ec101baf56233e53520c26de5d6f6f0"},"breadcrumb":{"@id":"https:\/\/portalmf.com.br\/index.php\/2024\/07\/19\/deputado-pablo-roberto-e-anunciado-como-vice-na-chapa-de-jose-ronaldo\/#breadcrumb"},"inLanguage":"pt-BR","potentialAction":[{"@type":"ReadAction","target":["https:\/\/portalmf.com.br\/index.php\/2024\/07\/19\/deputado-pablo-roberto-e-anunciado-como-vice-na-chapa-de-jose-ronaldo\/"]}]},{"@type":"ImageObject","inLanguage":"pt-BR","@id":"https:\/\/portalmf.com.br\/index.php\/2024\/07\/19\/deputado-pablo-roberto-e-anunciado-como-vice-na-chapa-de-jose-ronaldo\/#primaryimage","url":"https:\/\/portalmf.com.br\/wp-content\/uploads\/2024\/07\/Pablo-e-anunciado-como-vice-na-chapa-de-Jose-Ronaldo.jpg","contentUrl":"https:\/\/portalmf.com.br\/wp-content\/uploads\/2024\/07\/Pablo-e-anunciado-como-vice-na-chapa-de-Jose-Ronaldo.jpg","width":800,"height":600},{"@type":"BreadcrumbList","@id":"https:\/\/portalmf.com.br\/index.php\/2024\/07\/19\/deputado-pablo-roberto-e-anunciado-como-vice-na-chapa-de-jose-ronaldo\/#breadcrumb","itemListElement":[{"@type":"ListItem","position":1,"name":"In\u00edcio","item":"https:\/\/portalmf.com.br\/"},{"@type":"ListItem","position":2,"name":"Deputado Pablo Roberto \u00e9 anunciado como vice na chapa de Jos\u00e9 Ronaldo"}]},{"@type":"WebSite","@id":"https:\/\/portalmf.com.br\/#website","url":"https:\/\/portalmf.com.br\/","name":"Portal MF","description":"Voc\u00ea conectado com a informa\u00e7\u00e3o","potentialAction":[{"@type":"SearchAction","target":{"@type":"EntryPoint","urlTemplate":"https:\/\/portalmf.com.br\/?s={search_term_string}"},"query-input":"required name=search_term_string"}],"inLanguage":"pt-BR"},{"@type":"Person","@id":"https:\/\/portalmf.com.br\/#\/schema\/person\/9ec101baf56233e53520c26de5d6f6f0","name":"Reda\u00e7\u00e3o Portal MF","image":{"@type":"ImageObject","inLanguage":"pt-BR","@id":"https:\/\/portalmf.com.br\/#\/schema\/person\/image\/","url":"https:\/\/secure.gravatar.com\/avatar\/41b9aaeb2100835f7c64362330f74c7f?s=96&d=mm&r=g","contentUrl":"https:\/\/secure.gravatar.com\/avatar\/41b9aaeb2100835f7c64362330f74c7f?s=96&d=mm&r=g","caption":"Reda\u00e7\u00e3o Portal MF"},"description":"Sejam bem-vindos o portal de informa\u00e7\u00f5es de entretenimento de Feira de Santana, desde 2006 realiza coberturas dos principais eventos com entrevistas exclusivas com as principais personalidades mundiais. Fique conectado tamb\u00e9m nas redes sociais.","sameAs":["http:\/\/www.portalmf.com.br\/","https:\/\/www.facebook.com\/portalmfoficial","https:\/\/www.instagram.com\/portalmf\/","https:\/\/x.com\/https:\/\/x.com\/portalmfoficial","https:\/\/www.youtube.com\/@portalmfoficial"],"url":"https:\/\/portalmf.com.br\/index.php\/author\/junior\/"}]}},"_links":{"self":[{"href":"https:\/\/portalmf.com.br\/index.php\/wp-json\/wp\/v2\/posts\/28015"}],"collection":[{"href":"https:\/\/portalmf.com.br\/index.php\/wp-json\/wp\/v2\/posts"}],"about":[{"href":"https:\/\/portalmf.com.br\/index.php\/wp-json\/wp\/v2\/types\/post"}],"author":[{"embeddable":true,"href":"https:\/\/portalmf.com.br\/index.php\/wp-json\/wp\/v2\/users\/3"}],"replies":[{"embeddable":true,"href":"https:\/\/portalmf.com.br\/index.php\/wp-json\/wp\/v2\/comments?post=28015"}],"version-history":[{"count":1,"href":"https:\/\/portalmf.com.br\/index.php\/wp-json\/wp\/v2\/posts\/28015\/revisions"}],"predecessor-version":[{"id":28018,"href":"https:\/\/portalmf.com.br\/index.php\/wp-json\/wp\/v2\/posts\/28015\/revisions\/28018"}],"wp:featuredmedia":[{"embeddable":true,"href":"https:\/\/portalmf.com.br\/index.php\/wp-json\/wp\/v2\/media\/28017"}],"wp:attachment":[{"href":"https:\/\/portalmf.com.br\/index.php\/wp-json\/wp\/v2\/media?parent=28015"}],"wp:term":[{"taxonomy":"category","embeddable":true,"href":"https:\/\/portalmf.com.br\/index.php\/wp-json\/wp\/v2\/categories?post=28015"},{"taxonomy":"post_tag","embeddable":true,"href":"https:\/\/portalmf.com.br\/index.php\/wp-json\/wp\/v2\/tags?post=28015"}],"curies":[{"name":"wp","href":"https:\/\/api.w.org\/{rel}","templated":true}]}}