{"id":2788,"date":"2022-08-05T11:54:00","date_gmt":"2022-08-05T14:54:00","guid":{"rendered":"http:\/\/portalmf.com.br\/?p=2788"},"modified":"2022-08-09T11:57:16","modified_gmt":"2022-08-09T14:57:16","slug":"jose-de-arimateia-homologa-candidatura-a-reeleicao-de-deputado-estadual","status":"publish","type":"post","link":"https:\/\/portalmf.com.br\/index.php\/2022\/08\/05\/jose-de-arimateia-homologa-candidatura-a-reeleicao-de-deputado-estadual\/","title":{"rendered":"Jos\u00e9 de Arimateia homologa candidatura \u00e0 reelei\u00e7\u00e3o de deputado estadual"},"content":{"rendered":"\n<p>Em evento realizado na \u00faltima sexta-feira (5), no Centro de Conven\u00e7\u00f5es, em Salvador, o partido Republicanos apresentou na conven\u00e7\u00e3o do Uni\u00e3o Brasil, a homologa\u00e7\u00e3o de seus respectivos candidatos \u00e0 C\u00e2mara Federal e \u00e0 Assembleia Legislativa da Bahia (ALBA), incluindo o deputado estadual Jos\u00e9 de Arimateia.<\/p>\n\n\n\n<p>Na oportunidade, o parlamentar, que busca a sua reelei\u00e7\u00e3o, agradeceu o apoio da coliga\u00e7\u00e3o. <\/p>\n\n\n\n<p><em>&#8220;Foi dada a largada para mais um passo da nossa trajet\u00f3ria constru\u00edda ao longo dos \u00faltimos 24 anos. Oficializo a minha candidatura, desta vez, para o quinto mandato pol\u00edtico com a ben\u00e7\u00e3o de Deus. Que alegria poder caminhar, mais uma vez, junto de cada cidad\u00e3o.&#8221;<\/em><\/p>\n\n\n\n<p><strong>Jos\u00e9 de Arimateia &#8211;<\/strong> Nascido em Alexandria, no Rio Grande do Norte, Jos\u00e9 de Arimateia \u00e9 casado com Ana Cristina e juntos, t\u00eam dois filhos, al\u00e9m de ter dois netos.<\/p>\n\n\n\n<p>Arimateia come\u00e7ou a trabalhar na inf\u00e2ncia para ajudar no sustento da casa. Foi vendedor ambulante nas feiras livres da sua cidade natal, Alexandria, como tamb\u00e9m locutor de carro de som e eventos. Mesmo menor de idade, come\u00e7ou a trabalhar com servi\u00e7os gerais na Companhia Integrada de Desenvolvimento Agropecu\u00e1rio (CIDA) &#8211; \u00f3rg\u00e3o do Estado do Rio Grande do Norte. Depois, foi auxiliar administrativo e chegou a ser Gerente da CIDA.<\/p>\n\n\n\n<p>Ele foi tamb\u00e9m microempres\u00e1rio na \u00e1rea de artesanato, vendedor de redes e possuiu uma metal\u00fargica. \u00c9 jornalista pela Unidade de Ensino Superior de Feira de Santana (UNEF), radialista, t\u00e9cnico em contabilidade e deputado estadual pelo quarto mandato parlamentar na Bahia.<\/p>\n\n\n\n<p>Al\u00e9m de ter ocupado o cargo de vereador da cidade de Feira de Santana, por dois mandatos, \u00e9 presidente da Comiss\u00e3o de Meio Ambiente, Seca e Recursos H\u00eddricos da Bahia, presidente da Frente Parlamentar em Defesa dos Direitos dos Idosos, presidente da Frente Parlamentar em Defesa da Sa\u00fade e Institutos de Pesquisas Afins, vice-presidente da Comiss\u00e3o de Sa\u00fade e Saneamento e secret\u00e1rio estadual do movimento Idosos Republicanos, bandeiras as quais, defende desde o in\u00edcio da sua trajet\u00f3ria pol\u00edtica em 1998.<\/p>\n\n\n\n<p>Jos\u00e9 de Arimateia \u00e9 autor da indica\u00e7\u00e3o que criou a Delegacia do Idoso na cidade de Salvador, foi relator do projeto que criou o Fundo Estadual para o Idoso, \u00e9 autor da lei que criou a Semana de Conscientiza\u00e7\u00e3o e Prote\u00e7\u00e3o dos Direitos dos Animais, a Semana de Conscientiza\u00e7\u00e3o da Tuberculose, Semana Estadual de Preven\u00e7\u00e3o aos Acidentes de Moto no Estado da Bahia e o Dia Estadual do Conselheiro Tutelar.<\/p>\n","protected":false},"excerpt":{"rendered":"<p>Em evento realizado na \u00faltima sexta-feira (5), no Centro de Conven\u00e7\u00f5es, em Salvador, o partido Republicanos apresentou na conven\u00e7\u00e3o do Uni\u00e3o Brasil, a homologa\u00e7\u00e3o de seus respectivos candidatos \u00e0 C\u00e2mara Federal e \u00e0 Assembleia Legislativa da Bahia (ALBA), incluindo o deputado estadual Jos\u00e9 de Arimateia. Na oportunidade, o parlamentar, que busca a sua reelei\u00e7\u00e3o, agradeceu [&hellip;]<\/p>\n","protected":false},"author":2,"featured_media":2789,"comment_status":"open","ping_status":"open","sticky":false,"template":"","format":"standard","meta":{"_monsterinsights_skip_tracking":false,"_monsterinsights_sitenote_active":false,"_monsterinsights_sitenote_note":"","_monsterinsights_sitenote_category":0,"footnotes":""},"categories":[34],"tags":[],"yoast_head":"<!-- This site is optimized with the Yoast SEO plugin v22.9 - https:\/\/yoast.com\/wordpress\/plugins\/seo\/ -->\n<title>Jos\u00e9 de Arimateia homologa candidatura \u00e0 reelei\u00e7\u00e3o de deputado estadual - Portal MF<\/title>\n<meta name=\"robots\" content=\"index, follow, max-snippet:-1, max-image-preview:large, max-video-preview:-1\" \/>\n<link rel=\"canonical\" href=\"https:\/\/portalmf.com.br\/index.php\/2022\/08\/05\/jose-de-arimateia-homologa-candidatura-a-reeleicao-de-deputado-estadual\/\" \/>\n<meta property=\"og:locale\" content=\"pt_BR\" \/>\n<meta property=\"og:type\" content=\"article\" \/>\n<meta property=\"og:title\" content=\"Jos\u00e9 de Arimateia homologa candidatura \u00e0 reelei\u00e7\u00e3o de deputado estadual - Portal MF\" \/>\n<meta property=\"og:description\" content=\"Em evento realizado na \u00faltima sexta-feira (5), no Centro de Conven\u00e7\u00f5es, em Salvador, o partido Republicanos apresentou na conven\u00e7\u00e3o do Uni\u00e3o Brasil, a homologa\u00e7\u00e3o de seus respectivos candidatos \u00e0 C\u00e2mara Federal e \u00e0 Assembleia Legislativa da Bahia (ALBA), incluindo o deputado estadual Jos\u00e9 de Arimateia. Na oportunidade, o parlamentar, que busca a sua reelei\u00e7\u00e3o, agradeceu [&hellip;]\" \/>\n<meta property=\"og:url\" content=\"https:\/\/portalmf.com.br\/index.php\/2022\/08\/05\/jose-de-arimateia-homologa-candidatura-a-reeleicao-de-deputado-estadual\/\" \/>\n<meta property=\"og:site_name\" content=\"Portal MF\" \/>\n<meta property=\"article:author\" content=\"reginaldojrfsa\" \/>\n<meta property=\"article:published_time\" content=\"2022-08-05T14:54:00+00:00\" \/>\n<meta property=\"article:modified_time\" content=\"2022-08-09T14:57:16+00:00\" \/>\n<meta property=\"og:image\" content=\"https:\/\/portalmf.com.br\/wp-content\/uploads\/2022\/08\/Jose-de-Arimateia.jpeg\" \/>\n\t<meta property=\"og:image:width\" content=\"1200\" \/>\n\t<meta property=\"og:image:height\" content=\"1200\" \/>\n\t<meta property=\"og:image:type\" content=\"image\/jpeg\" \/>\n<meta name=\"author\" content=\"Reginaldo J\u00fanior\" \/>\n<meta name=\"twitter:card\" content=\"summary_large_image\" \/>\n<meta name=\"twitter:creator\" content=\"@reginaldojrmf\" \/>\n<meta name=\"twitter:label1\" content=\"Escrito por\" \/>\n\t<meta name=\"twitter:data1\" content=\"Reginaldo J\u00fanior\" \/>\n\t<meta name=\"twitter:label2\" content=\"Est. tempo de leitura\" \/>\n\t<meta name=\"twitter:data2\" content=\"2 minutos\" \/>\n<script type=\"application\/ld+json\" class=\"yoast-schema-graph\">{\"@context\":\"https:\/\/schema.org\",\"@graph\":[{\"@type\":\"WebPage\",\"@id\":\"https:\/\/portalmf.com.br\/index.php\/2022\/08\/05\/jose-de-arimateia-homologa-candidatura-a-reeleicao-de-deputado-estadual\/\",\"url\":\"https:\/\/portalmf.com.br\/index.php\/2022\/08\/05\/jose-de-arimateia-homologa-candidatura-a-reeleicao-de-deputado-estadual\/\",\"name\":\"Jos\u00e9 de Arimateia homologa candidatura \u00e0 reelei\u00e7\u00e3o de deputado estadual - Portal MF\",\"isPartOf\":{\"@id\":\"https:\/\/portalmf.com.br\/#website\"},\"primaryImageOfPage\":{\"@id\":\"https:\/\/portalmf.com.br\/index.php\/2022\/08\/05\/jose-de-arimateia-homologa-candidatura-a-reeleicao-de-deputado-estadual\/#primaryimage\"},\"image\":{\"@id\":\"https:\/\/portalmf.com.br\/index.php\/2022\/08\/05\/jose-de-arimateia-homologa-candidatura-a-reeleicao-de-deputado-estadual\/#primaryimage\"},\"thumbnailUrl\":\"https:\/\/portalmf.com.br\/wp-content\/uploads\/2022\/08\/Jose-de-Arimateia.jpeg\",\"datePublished\":\"2022-08-05T14:54:00+00:00\",\"dateModified\":\"2022-08-09T14:57:16+00:00\",\"author\":{\"@id\":\"https:\/\/portalmf.com.br\/#\/schema\/person\/11c82086fe8abc05a19147e964587285\"},\"breadcrumb\":{\"@id\":\"https:\/\/portalmf.com.br\/index.php\/2022\/08\/05\/jose-de-arimateia-homologa-candidatura-a-reeleicao-de-deputado-estadual\/#breadcrumb\"},\"inLanguage\":\"pt-BR\",\"potentialAction\":[{\"@type\":\"ReadAction\",\"target\":[\"https:\/\/portalmf.com.br\/index.php\/2022\/08\/05\/jose-de-arimateia-homologa-candidatura-a-reeleicao-de-deputado-estadual\/\"]}]},{\"@type\":\"ImageObject\",\"inLanguage\":\"pt-BR\",\"@id\":\"https:\/\/portalmf.com.br\/index.php\/2022\/08\/05\/jose-de-arimateia-homologa-candidatura-a-reeleicao-de-deputado-estadual\/#primaryimage\",\"url\":\"https:\/\/portalmf.com.br\/wp-content\/uploads\/2022\/08\/Jose-de-Arimateia.jpeg\",\"contentUrl\":\"https:\/\/portalmf.com.br\/wp-content\/uploads\/2022\/08\/Jose-de-Arimateia.jpeg\",\"width\":1200,\"height\":1200},{\"@type\":\"BreadcrumbList\",\"@id\":\"https:\/\/portalmf.com.br\/index.php\/2022\/08\/05\/jose-de-arimateia-homologa-candidatura-a-reeleicao-de-deputado-estadual\/#breadcrumb\",\"itemListElement\":[{\"@type\":\"ListItem\",\"position\":1,\"name\":\"In\u00edcio\",\"item\":\"https:\/\/portalmf.com.br\/\"},{\"@type\":\"ListItem\",\"position\":2,\"name\":\"Jos\u00e9 de Arimateia homologa candidatura \u00e0 reelei\u00e7\u00e3o de deputado estadual\"}]},{\"@type\":\"WebSite\",\"@id\":\"https:\/\/portalmf.com.br\/#website\",\"url\":\"https:\/\/portalmf.com.br\/\",\"name\":\"Portal MF\",\"description\":\"Voc\u00ea conectado com a informa\u00e7\u00e3o\",\"potentialAction\":[{\"@type\":\"SearchAction\",\"target\":{\"@type\":\"EntryPoint\",\"urlTemplate\":\"https:\/\/portalmf.com.br\/?s={search_term_string}\"},\"query-input\":\"required name=search_term_string\"}],\"inLanguage\":\"pt-BR\"},{\"@type\":\"Person\",\"@id\":\"https:\/\/portalmf.com.br\/#\/schema\/person\/11c82086fe8abc05a19147e964587285\",\"name\":\"Reginaldo J\u00fanior\",\"image\":{\"@type\":\"ImageObject\",\"inLanguage\":\"pt-BR\",\"@id\":\"https:\/\/portalmf.com.br\/#\/schema\/person\/image\/\",\"url\":\"https:\/\/secure.gravatar.com\/avatar\/32a3c797cd0ac47cc53b8644c62776f9?s=96&d=mm&r=g\",\"contentUrl\":\"https:\/\/secure.gravatar.com\/avatar\/32a3c797cd0ac47cc53b8644c62776f9?s=96&d=mm&r=g\",\"caption\":\"Reginaldo J\u00fanior\"},\"description\":\"Jornalista e idealizador Portal MF\",\"sameAs\":[\"https:\/\/portalmf.com.br\/index.php\/author\/reginaldojr\/\",\"reginaldojrfsa\",\"reginaldojuniormf\",\"https:\/\/x.com\/reginaldojrmf\"],\"url\":\"https:\/\/portalmf.com.br\/index.php\/author\/reginaldojr\/\"}]}<\/script>\n<!-- \/ Yoast SEO plugin. -->","yoast_head_json":{"title":"Jos\u00e9 de Arimateia homologa candidatura \u00e0 reelei\u00e7\u00e3o de deputado estadual - Portal MF","robots":{"index":"index","follow":"follow","max-snippet":"max-snippet:-1","max-image-preview":"max-image-preview:large","max-video-preview":"max-video-preview:-1"},"canonical":"https:\/\/portalmf.com.br\/index.php\/2022\/08\/05\/jose-de-arimateia-homologa-candidatura-a-reeleicao-de-deputado-estadual\/","og_locale":"pt_BR","og_type":"article","og_title":"Jos\u00e9 de Arimateia homologa candidatura \u00e0 reelei\u00e7\u00e3o de deputado estadual - Portal MF","og_description":"Em evento realizado na \u00faltima sexta-feira (5), no Centro de Conven\u00e7\u00f5es, em Salvador, o partido Republicanos apresentou na conven\u00e7\u00e3o do Uni\u00e3o Brasil, a homologa\u00e7\u00e3o de seus respectivos candidatos \u00e0 C\u00e2mara Federal e \u00e0 Assembleia Legislativa da Bahia (ALBA), incluindo o deputado estadual Jos\u00e9 de Arimateia. Na oportunidade, o parlamentar, que busca a sua reelei\u00e7\u00e3o, agradeceu [&hellip;]","og_url":"https:\/\/portalmf.com.br\/index.php\/2022\/08\/05\/jose-de-arimateia-homologa-candidatura-a-reeleicao-de-deputado-estadual\/","og_site_name":"Portal MF","article_author":"reginaldojrfsa","article_published_time":"2022-08-05T14:54:00+00:00","article_modified_time":"2022-08-09T14:57:16+00:00","og_image":[{"width":1200,"height":1200,"url":"https:\/\/portalmf.com.br\/wp-content\/uploads\/2022\/08\/Jose-de-Arimateia.jpeg","type":"image\/jpeg"}],"author":"Reginaldo J\u00fanior","twitter_card":"summary_large_image","twitter_creator":"@reginaldojrmf","twitter_misc":{"Escrito por":"Reginaldo J\u00fanior","Est. tempo de leitura":"2 minutos"},"schema":{"@context":"https:\/\/schema.org","@graph":[{"@type":"WebPage","@id":"https:\/\/portalmf.com.br\/index.php\/2022\/08\/05\/jose-de-arimateia-homologa-candidatura-a-reeleicao-de-deputado-estadual\/","url":"https:\/\/portalmf.com.br\/index.php\/2022\/08\/05\/jose-de-arimateia-homologa-candidatura-a-reeleicao-de-deputado-estadual\/","name":"Jos\u00e9 de Arimateia homologa candidatura \u00e0 reelei\u00e7\u00e3o de deputado estadual - Portal MF","isPartOf":{"@id":"https:\/\/portalmf.com.br\/#website"},"primaryImageOfPage":{"@id":"https:\/\/portalmf.com.br\/index.php\/2022\/08\/05\/jose-de-arimateia-homologa-candidatura-a-reeleicao-de-deputado-estadual\/#primaryimage"},"image":{"@id":"https:\/\/portalmf.com.br\/index.php\/2022\/08\/05\/jose-de-arimateia-homologa-candidatura-a-reeleicao-de-deputado-estadual\/#primaryimage"},"thumbnailUrl":"https:\/\/portalmf.com.br\/wp-content\/uploads\/2022\/08\/Jose-de-Arimateia.jpeg","datePublished":"2022-08-05T14:54:00+00:00","dateModified":"2022-08-09T14:57:16+00:00","author":{"@id":"https:\/\/portalmf.com.br\/#\/schema\/person\/11c82086fe8abc05a19147e964587285"},"breadcrumb":{"@id":"https:\/\/portalmf.com.br\/index.php\/2022\/08\/05\/jose-de-arimateia-homologa-candidatura-a-reeleicao-de-deputado-estadual\/#breadcrumb"},"inLanguage":"pt-BR","potentialAction":[{"@type":"ReadAction","target":["https:\/\/portalmf.com.br\/index.php\/2022\/08\/05\/jose-de-arimateia-homologa-candidatura-a-reeleicao-de-deputado-estadual\/"]}]},{"@type":"ImageObject","inLanguage":"pt-BR","@id":"https:\/\/portalmf.com.br\/index.php\/2022\/08\/05\/jose-de-arimateia-homologa-candidatura-a-reeleicao-de-deputado-estadual\/#primaryimage","url":"https:\/\/portalmf.com.br\/wp-content\/uploads\/2022\/08\/Jose-de-Arimateia.jpeg","contentUrl":"https:\/\/portalmf.com.br\/wp-content\/uploads\/2022\/08\/Jose-de-Arimateia.jpeg","width":1200,"height":1200},{"@type":"BreadcrumbList","@id":"https:\/\/portalmf.com.br\/index.php\/2022\/08\/05\/jose-de-arimateia-homologa-candidatura-a-reeleicao-de-deputado-estadual\/#breadcrumb","itemListElement":[{"@type":"ListItem","position":1,"name":"In\u00edcio","item":"https:\/\/portalmf.com.br\/"},{"@type":"ListItem","position":2,"name":"Jos\u00e9 de Arimateia homologa candidatura \u00e0 reelei\u00e7\u00e3o de deputado estadual"}]},{"@type":"WebSite","@id":"https:\/\/portalmf.com.br\/#website","url":"https:\/\/portalmf.com.br\/","name":"Portal MF","description":"Voc\u00ea conectado com a informa\u00e7\u00e3o","potentialAction":[{"@type":"SearchAction","target":{"@type":"EntryPoint","urlTemplate":"https:\/\/portalmf.com.br\/?s={search_term_string}"},"query-input":"required name=search_term_string"}],"inLanguage":"pt-BR"},{"@type":"Person","@id":"https:\/\/portalmf.com.br\/#\/schema\/person\/11c82086fe8abc05a19147e964587285","name":"Reginaldo J\u00fanior","image":{"@type":"ImageObject","inLanguage":"pt-BR","@id":"https:\/\/portalmf.com.br\/#\/schema\/person\/image\/","url":"https:\/\/secure.gravatar.com\/avatar\/32a3c797cd0ac47cc53b8644c62776f9?s=96&d=mm&r=g","contentUrl":"https:\/\/secure.gravatar.com\/avatar\/32a3c797cd0ac47cc53b8644c62776f9?s=96&d=mm&r=g","caption":"Reginaldo J\u00fanior"},"description":"Jornalista e idealizador Portal MF","sameAs":["https:\/\/portalmf.com.br\/index.php\/author\/reginaldojr\/","reginaldojrfsa","reginaldojuniormf","https:\/\/x.com\/reginaldojrmf"],"url":"https:\/\/portalmf.com.br\/index.php\/author\/reginaldojr\/"}]}},"_links":{"self":[{"href":"https:\/\/portalmf.com.br\/index.php\/wp-json\/wp\/v2\/posts\/2788"}],"collection":[{"href":"https:\/\/portalmf.com.br\/index.php\/wp-json\/wp\/v2\/posts"}],"about":[{"href":"https:\/\/portalmf.com.br\/index.php\/wp-json\/wp\/v2\/types\/post"}],"author":[{"embeddable":true,"href":"https:\/\/portalmf.com.br\/index.php\/wp-json\/wp\/v2\/users\/2"}],"replies":[{"embeddable":true,"href":"https:\/\/portalmf.com.br\/index.php\/wp-json\/wp\/v2\/comments?post=2788"}],"version-history":[{"count":1,"href":"https:\/\/portalmf.com.br\/index.php\/wp-json\/wp\/v2\/posts\/2788\/revisions"}],"predecessor-version":[{"id":2790,"href":"https:\/\/portalmf.com.br\/index.php\/wp-json\/wp\/v2\/posts\/2788\/revisions\/2790"}],"wp:featuredmedia":[{"embeddable":true,"href":"https:\/\/portalmf.com.br\/index.php\/wp-json\/wp\/v2\/media\/2789"}],"wp:attachment":[{"href":"https:\/\/portalmf.com.br\/index.php\/wp-json\/wp\/v2\/media?parent=2788"}],"wp:term":[{"taxonomy":"category","embeddable":true,"href":"https:\/\/portalmf.com.br\/index.php\/wp-json\/wp\/v2\/categories?post=2788"},{"taxonomy":"post_tag","embeddable":true,"href":"https:\/\/portalmf.com.br\/index.php\/wp-json\/wp\/v2\/tags?post=2788"}],"curies":[{"name":"wp","href":"https:\/\/api.w.org\/{rel}","templated":true}]}}