{"id":27820,"date":"2024-07-09T18:25:57","date_gmt":"2024-07-09T21:25:57","guid":{"rendered":"https:\/\/portalmf.com.br\/?p=27820"},"modified":"2024-07-09T18:25:58","modified_gmt":"2024-07-09T21:25:58","slug":"pcdob-feira-de-santana-aprova-lista-de-pre-candidaturas-a-camara-municipal-e-propoe-nome-pre-candidato-a-vice-prefeito","status":"publish","type":"post","link":"https:\/\/portalmf.com.br\/index.php\/2024\/07\/09\/pcdob-feira-de-santana-aprova-lista-de-pre-candidaturas-a-camara-municipal-e-propoe-nome-pre-candidato-a-vice-prefeito\/","title":{"rendered":"PCdoB Feira de Santana aprova lista de pr\u00e9-candidaturas \u00e0 C\u00e2mara Municipal e prop\u00f5e nome pr\u00e9-candidato a vice-prefeito"},"content":{"rendered":"\n<p>Reunido ontem na Sede do Partido, o Comit\u00ea Municipal do PcdoB &#8211; Feira de Santana aprovou as pr\u00e9-candidaturas de cinco quadros militantes, para definir posteriormente os quatro nomes que disputar\u00e3o a elei\u00e7\u00e3o para a C\u00e2mara de Vereadores do munic\u00edpio.<br><br>A lista \u00e9 composta por: Cazumb\u00e1 King, Lider Comunit\u00e1rio do Tomba; Dart Clair diretora do SINDSA\u00daDE; Eritan Machado Presidente do Sindicato dos Banc\u00e1rios de Feira de Santana, L\u00e9o Kamui, Empres\u00e1rio, faixa preta de jiu-jitsu, professor e \u00e1rbitro, Head Coach da equipe e do Projeto Social Team Kamui e Prof\u00aa Marlede \u2013 Diretora Geral da APLB Delegacia Sertaneja.<br><br>O PCdoB prop\u00f5e o nome de Jayro Miranda para compor a chapa majorit\u00e1ria como Pr\u00e9-candidato a Vice-Prefeito ao lado de Z\u00e9 Neto, nome j\u00e1 aprovado pelo partido como Pr\u00e9-Candidato a Prefeito.<br><br>Para o presidente do partido Aroldo Moreira, o PCdoB de Feira de Santana possui um projeto sustent\u00e1vel e democr\u00e1tico de cidade, tem muito a contribuir para o desenvolvimento da Princesa do Sert\u00e3o<\/p>\n\n\n\n<p>\u201cNossa milit\u00e2ncia far\u00e1 a diferen\u00e7a nessas elei\u00e7\u00f5es municipais, Jayro Miranda \u00e9 uma lideran\u00e7a forte, tem muito a agregar eleitoral e politicamente para campanha de Z\u00e9 Neto e nossos pr\u00e9-candidatos est\u00e3o preparados para o legislativo municipal\u201d, disse Aroldo.<\/p>\n","protected":false},"excerpt":{"rendered":"<p>Reunido ontem na Sede do Partido, o Comit\u00ea Municipal do PcdoB &#8211; Feira de Santana aprovou as pr\u00e9-candidaturas de cinco quadros militantes, para definir posteriormente os quatro nomes que disputar\u00e3o a elei\u00e7\u00e3o para a C\u00e2mara de Vereadores do munic\u00edpio. A lista \u00e9 composta por: Cazumb\u00e1 King, Lider Comunit\u00e1rio do Tomba; Dart Clair diretora do SINDSA\u00daDE; [&hellip;]<\/p>\n","protected":false},"author":3,"featured_media":27821,"comment_status":"open","ping_status":"open","sticky":false,"template":"","format":"standard","meta":{"_monsterinsights_skip_tracking":false,"_monsterinsights_sitenote_active":false,"_monsterinsights_sitenote_note":"","_monsterinsights_sitenote_category":0,"footnotes":""},"categories":[301,34],"tags":[],"yoast_head":"<!-- This site is optimized with the Yoast SEO plugin v22.9 - https:\/\/yoast.com\/wordpress\/plugins\/seo\/ -->\n<title>PCdoB Feira de Santana aprova lista de pr\u00e9-candidaturas \u00e0 C\u00e2mara Municipal e prop\u00f5e nome pr\u00e9-candidato a vice-prefeito - Portal MF<\/title>\n<meta name=\"robots\" content=\"index, follow, max-snippet:-1, max-image-preview:large, max-video-preview:-1\" \/>\n<link rel=\"canonical\" href=\"https:\/\/portalmf.com.br\/index.php\/2024\/07\/09\/pcdob-feira-de-santana-aprova-lista-de-pre-candidaturas-a-camara-municipal-e-propoe-nome-pre-candidato-a-vice-prefeito\/\" \/>\n<meta property=\"og:locale\" content=\"pt_BR\" \/>\n<meta property=\"og:type\" content=\"article\" \/>\n<meta property=\"og:title\" content=\"PCdoB Feira de Santana aprova lista de pr\u00e9-candidaturas \u00e0 C\u00e2mara Municipal e prop\u00f5e nome pr\u00e9-candidato a vice-prefeito - Portal MF\" \/>\n<meta property=\"og:description\" content=\"Reunido ontem na Sede do Partido, o Comit\u00ea Municipal do PcdoB &#8211; Feira de Santana aprovou as pr\u00e9-candidaturas de cinco quadros militantes, para definir posteriormente os quatro nomes que disputar\u00e3o a elei\u00e7\u00e3o para a C\u00e2mara de Vereadores do munic\u00edpio. A lista \u00e9 composta por: Cazumb\u00e1 King, Lider Comunit\u00e1rio do Tomba; Dart Clair diretora do SINDSA\u00daDE; [&hellip;]\" \/>\n<meta property=\"og:url\" content=\"https:\/\/portalmf.com.br\/index.php\/2024\/07\/09\/pcdob-feira-de-santana-aprova-lista-de-pre-candidaturas-a-camara-municipal-e-propoe-nome-pre-candidato-a-vice-prefeito\/\" \/>\n<meta property=\"og:site_name\" content=\"Portal MF\" \/>\n<meta property=\"article:author\" content=\"https:\/\/www.facebook.com\/portalmfoficial\" \/>\n<meta property=\"article:published_time\" content=\"2024-07-09T21:25:57+00:00\" \/>\n<meta property=\"article:modified_time\" content=\"2024-07-09T21:25:58+00:00\" \/>\n<meta property=\"og:image\" content=\"https:\/\/portalmf.com.br\/wp-content\/uploads\/2024\/07\/PCdoB-Feira-de-Santana-aprova-lista-de-pre-candidaturas-a-Camara-Municipal-e-propoe-nome-pre-candidato-a-vice-prefeito.jpg\" \/>\n\t<meta property=\"og:image:width\" content=\"940\" \/>\n\t<meta property=\"og:image:height\" content=\"708\" \/>\n\t<meta property=\"og:image:type\" content=\"image\/jpeg\" \/>\n<meta name=\"author\" content=\"Reda\u00e7\u00e3o Portal MF\" \/>\n<meta name=\"twitter:card\" content=\"summary_large_image\" \/>\n<meta name=\"twitter:creator\" content=\"@https:\/\/x.com\/portalmfoficial\" \/>\n<meta name=\"twitter:label1\" content=\"Escrito por\" \/>\n\t<meta name=\"twitter:data1\" content=\"Reda\u00e7\u00e3o Portal MF\" \/>\n\t<meta name=\"twitter:label2\" content=\"Est. tempo de leitura\" \/>\n\t<meta name=\"twitter:data2\" content=\"2 minutos\" \/>\n<script type=\"application\/ld+json\" class=\"yoast-schema-graph\">{\"@context\":\"https:\/\/schema.org\",\"@graph\":[{\"@type\":\"WebPage\",\"@id\":\"https:\/\/portalmf.com.br\/index.php\/2024\/07\/09\/pcdob-feira-de-santana-aprova-lista-de-pre-candidaturas-a-camara-municipal-e-propoe-nome-pre-candidato-a-vice-prefeito\/\",\"url\":\"https:\/\/portalmf.com.br\/index.php\/2024\/07\/09\/pcdob-feira-de-santana-aprova-lista-de-pre-candidaturas-a-camara-municipal-e-propoe-nome-pre-candidato-a-vice-prefeito\/\",\"name\":\"PCdoB Feira de Santana aprova lista de pr\u00e9-candidaturas \u00e0 C\u00e2mara Municipal e prop\u00f5e nome pr\u00e9-candidato a vice-prefeito - Portal MF\",\"isPartOf\":{\"@id\":\"https:\/\/portalmf.com.br\/#website\"},\"primaryImageOfPage\":{\"@id\":\"https:\/\/portalmf.com.br\/index.php\/2024\/07\/09\/pcdob-feira-de-santana-aprova-lista-de-pre-candidaturas-a-camara-municipal-e-propoe-nome-pre-candidato-a-vice-prefeito\/#primaryimage\"},\"image\":{\"@id\":\"https:\/\/portalmf.com.br\/index.php\/2024\/07\/09\/pcdob-feira-de-santana-aprova-lista-de-pre-candidaturas-a-camara-municipal-e-propoe-nome-pre-candidato-a-vice-prefeito\/#primaryimage\"},\"thumbnailUrl\":\"https:\/\/portalmf.com.br\/wp-content\/uploads\/2024\/07\/PCdoB-Feira-de-Santana-aprova-lista-de-pre-candidaturas-a-Camara-Municipal-e-propoe-nome-pre-candidato-a-vice-prefeito.jpg\",\"datePublished\":\"2024-07-09T21:25:57+00:00\",\"dateModified\":\"2024-07-09T21:25:58+00:00\",\"author\":{\"@id\":\"https:\/\/portalmf.com.br\/#\/schema\/person\/9ec101baf56233e53520c26de5d6f6f0\"},\"breadcrumb\":{\"@id\":\"https:\/\/portalmf.com.br\/index.php\/2024\/07\/09\/pcdob-feira-de-santana-aprova-lista-de-pre-candidaturas-a-camara-municipal-e-propoe-nome-pre-candidato-a-vice-prefeito\/#breadcrumb\"},\"inLanguage\":\"pt-BR\",\"potentialAction\":[{\"@type\":\"ReadAction\",\"target\":[\"https:\/\/portalmf.com.br\/index.php\/2024\/07\/09\/pcdob-feira-de-santana-aprova-lista-de-pre-candidaturas-a-camara-municipal-e-propoe-nome-pre-candidato-a-vice-prefeito\/\"]}]},{\"@type\":\"ImageObject\",\"inLanguage\":\"pt-BR\",\"@id\":\"https:\/\/portalmf.com.br\/index.php\/2024\/07\/09\/pcdob-feira-de-santana-aprova-lista-de-pre-candidaturas-a-camara-municipal-e-propoe-nome-pre-candidato-a-vice-prefeito\/#primaryimage\",\"url\":\"https:\/\/portalmf.com.br\/wp-content\/uploads\/2024\/07\/PCdoB-Feira-de-Santana-aprova-lista-de-pre-candidaturas-a-Camara-Municipal-e-propoe-nome-pre-candidato-a-vice-prefeito.jpg\",\"contentUrl\":\"https:\/\/portalmf.com.br\/wp-content\/uploads\/2024\/07\/PCdoB-Feira-de-Santana-aprova-lista-de-pre-candidaturas-a-Camara-Municipal-e-propoe-nome-pre-candidato-a-vice-prefeito.jpg\",\"width\":940,\"height\":708},{\"@type\":\"BreadcrumbList\",\"@id\":\"https:\/\/portalmf.com.br\/index.php\/2024\/07\/09\/pcdob-feira-de-santana-aprova-lista-de-pre-candidaturas-a-camara-municipal-e-propoe-nome-pre-candidato-a-vice-prefeito\/#breadcrumb\",\"itemListElement\":[{\"@type\":\"ListItem\",\"position\":1,\"name\":\"In\u00edcio\",\"item\":\"https:\/\/portalmf.com.br\/\"},{\"@type\":\"ListItem\",\"position\":2,\"name\":\"PCdoB Feira de Santana aprova lista de pr\u00e9-candidaturas \u00e0 C\u00e2mara Municipal e prop\u00f5e nome pr\u00e9-candidato a vice-prefeito\"}]},{\"@type\":\"WebSite\",\"@id\":\"https:\/\/portalmf.com.br\/#website\",\"url\":\"https:\/\/portalmf.com.br\/\",\"name\":\"Portal MF\",\"description\":\"Voc\u00ea conectado com a informa\u00e7\u00e3o\",\"potentialAction\":[{\"@type\":\"SearchAction\",\"target\":{\"@type\":\"EntryPoint\",\"urlTemplate\":\"https:\/\/portalmf.com.br\/?s={search_term_string}\"},\"query-input\":\"required name=search_term_string\"}],\"inLanguage\":\"pt-BR\"},{\"@type\":\"Person\",\"@id\":\"https:\/\/portalmf.com.br\/#\/schema\/person\/9ec101baf56233e53520c26de5d6f6f0\",\"name\":\"Reda\u00e7\u00e3o Portal MF\",\"image\":{\"@type\":\"ImageObject\",\"inLanguage\":\"pt-BR\",\"@id\":\"https:\/\/portalmf.com.br\/#\/schema\/person\/image\/\",\"url\":\"https:\/\/secure.gravatar.com\/avatar\/41b9aaeb2100835f7c64362330f74c7f?s=96&d=mm&r=g\",\"contentUrl\":\"https:\/\/secure.gravatar.com\/avatar\/41b9aaeb2100835f7c64362330f74c7f?s=96&d=mm&r=g\",\"caption\":\"Reda\u00e7\u00e3o Portal MF\"},\"description\":\"Sejam bem-vindos o portal de informa\u00e7\u00f5es de entretenimento de Feira de Santana, desde 2006 realiza coberturas dos principais eventos com entrevistas exclusivas com as principais personalidades mundiais. Fique conectado tamb\u00e9m nas redes sociais.\",\"sameAs\":[\"http:\/\/www.portalmf.com.br\/\",\"https:\/\/www.facebook.com\/portalmfoficial\",\"https:\/\/www.instagram.com\/portalmf\/\",\"https:\/\/x.com\/https:\/\/x.com\/portalmfoficial\",\"https:\/\/www.youtube.com\/@portalmfoficial\"],\"url\":\"https:\/\/portalmf.com.br\/index.php\/author\/junior\/\"}]}<\/script>\n<!-- \/ Yoast SEO plugin. -->","yoast_head_json":{"title":"PCdoB Feira de Santana aprova lista de pr\u00e9-candidaturas \u00e0 C\u00e2mara Municipal e prop\u00f5e nome pr\u00e9-candidato a vice-prefeito - Portal MF","robots":{"index":"index","follow":"follow","max-snippet":"max-snippet:-1","max-image-preview":"max-image-preview:large","max-video-preview":"max-video-preview:-1"},"canonical":"https:\/\/portalmf.com.br\/index.php\/2024\/07\/09\/pcdob-feira-de-santana-aprova-lista-de-pre-candidaturas-a-camara-municipal-e-propoe-nome-pre-candidato-a-vice-prefeito\/","og_locale":"pt_BR","og_type":"article","og_title":"PCdoB Feira de Santana aprova lista de pr\u00e9-candidaturas \u00e0 C\u00e2mara Municipal e prop\u00f5e nome pr\u00e9-candidato a vice-prefeito - Portal MF","og_description":"Reunido ontem na Sede do Partido, o Comit\u00ea Municipal do PcdoB &#8211; Feira de Santana aprovou as pr\u00e9-candidaturas de cinco quadros militantes, para definir posteriormente os quatro nomes que disputar\u00e3o a elei\u00e7\u00e3o para a C\u00e2mara de Vereadores do munic\u00edpio. A lista \u00e9 composta por: Cazumb\u00e1 King, Lider Comunit\u00e1rio do Tomba; Dart Clair diretora do SINDSA\u00daDE; [&hellip;]","og_url":"https:\/\/portalmf.com.br\/index.php\/2024\/07\/09\/pcdob-feira-de-santana-aprova-lista-de-pre-candidaturas-a-camara-municipal-e-propoe-nome-pre-candidato-a-vice-prefeito\/","og_site_name":"Portal MF","article_author":"https:\/\/www.facebook.com\/portalmfoficial","article_published_time":"2024-07-09T21:25:57+00:00","article_modified_time":"2024-07-09T21:25:58+00:00","og_image":[{"width":940,"height":708,"url":"https:\/\/portalmf.com.br\/wp-content\/uploads\/2024\/07\/PCdoB-Feira-de-Santana-aprova-lista-de-pre-candidaturas-a-Camara-Municipal-e-propoe-nome-pre-candidato-a-vice-prefeito.jpg","type":"image\/jpeg"}],"author":"Reda\u00e7\u00e3o Portal MF","twitter_card":"summary_large_image","twitter_creator":"@https:\/\/x.com\/portalmfoficial","twitter_misc":{"Escrito por":"Reda\u00e7\u00e3o Portal MF","Est. tempo de leitura":"2 minutos"},"schema":{"@context":"https:\/\/schema.org","@graph":[{"@type":"WebPage","@id":"https:\/\/portalmf.com.br\/index.php\/2024\/07\/09\/pcdob-feira-de-santana-aprova-lista-de-pre-candidaturas-a-camara-municipal-e-propoe-nome-pre-candidato-a-vice-prefeito\/","url":"https:\/\/portalmf.com.br\/index.php\/2024\/07\/09\/pcdob-feira-de-santana-aprova-lista-de-pre-candidaturas-a-camara-municipal-e-propoe-nome-pre-candidato-a-vice-prefeito\/","name":"PCdoB Feira de Santana aprova lista de pr\u00e9-candidaturas \u00e0 C\u00e2mara Municipal e prop\u00f5e nome pr\u00e9-candidato a vice-prefeito - Portal MF","isPartOf":{"@id":"https:\/\/portalmf.com.br\/#website"},"primaryImageOfPage":{"@id":"https:\/\/portalmf.com.br\/index.php\/2024\/07\/09\/pcdob-feira-de-santana-aprova-lista-de-pre-candidaturas-a-camara-municipal-e-propoe-nome-pre-candidato-a-vice-prefeito\/#primaryimage"},"image":{"@id":"https:\/\/portalmf.com.br\/index.php\/2024\/07\/09\/pcdob-feira-de-santana-aprova-lista-de-pre-candidaturas-a-camara-municipal-e-propoe-nome-pre-candidato-a-vice-prefeito\/#primaryimage"},"thumbnailUrl":"https:\/\/portalmf.com.br\/wp-content\/uploads\/2024\/07\/PCdoB-Feira-de-Santana-aprova-lista-de-pre-candidaturas-a-Camara-Municipal-e-propoe-nome-pre-candidato-a-vice-prefeito.jpg","datePublished":"2024-07-09T21:25:57+00:00","dateModified":"2024-07-09T21:25:58+00:00","author":{"@id":"https:\/\/portalmf.com.br\/#\/schema\/person\/9ec101baf56233e53520c26de5d6f6f0"},"breadcrumb":{"@id":"https:\/\/portalmf.com.br\/index.php\/2024\/07\/09\/pcdob-feira-de-santana-aprova-lista-de-pre-candidaturas-a-camara-municipal-e-propoe-nome-pre-candidato-a-vice-prefeito\/#breadcrumb"},"inLanguage":"pt-BR","potentialAction":[{"@type":"ReadAction","target":["https:\/\/portalmf.com.br\/index.php\/2024\/07\/09\/pcdob-feira-de-santana-aprova-lista-de-pre-candidaturas-a-camara-municipal-e-propoe-nome-pre-candidato-a-vice-prefeito\/"]}]},{"@type":"ImageObject","inLanguage":"pt-BR","@id":"https:\/\/portalmf.com.br\/index.php\/2024\/07\/09\/pcdob-feira-de-santana-aprova-lista-de-pre-candidaturas-a-camara-municipal-e-propoe-nome-pre-candidato-a-vice-prefeito\/#primaryimage","url":"https:\/\/portalmf.com.br\/wp-content\/uploads\/2024\/07\/PCdoB-Feira-de-Santana-aprova-lista-de-pre-candidaturas-a-Camara-Municipal-e-propoe-nome-pre-candidato-a-vice-prefeito.jpg","contentUrl":"https:\/\/portalmf.com.br\/wp-content\/uploads\/2024\/07\/PCdoB-Feira-de-Santana-aprova-lista-de-pre-candidaturas-a-Camara-Municipal-e-propoe-nome-pre-candidato-a-vice-prefeito.jpg","width":940,"height":708},{"@type":"BreadcrumbList","@id":"https:\/\/portalmf.com.br\/index.php\/2024\/07\/09\/pcdob-feira-de-santana-aprova-lista-de-pre-candidaturas-a-camara-municipal-e-propoe-nome-pre-candidato-a-vice-prefeito\/#breadcrumb","itemListElement":[{"@type":"ListItem","position":1,"name":"In\u00edcio","item":"https:\/\/portalmf.com.br\/"},{"@type":"ListItem","position":2,"name":"PCdoB Feira de Santana aprova lista de pr\u00e9-candidaturas \u00e0 C\u00e2mara Municipal e prop\u00f5e nome pr\u00e9-candidato a vice-prefeito"}]},{"@type":"WebSite","@id":"https:\/\/portalmf.com.br\/#website","url":"https:\/\/portalmf.com.br\/","name":"Portal MF","description":"Voc\u00ea conectado com a informa\u00e7\u00e3o","potentialAction":[{"@type":"SearchAction","target":{"@type":"EntryPoint","urlTemplate":"https:\/\/portalmf.com.br\/?s={search_term_string}"},"query-input":"required name=search_term_string"}],"inLanguage":"pt-BR"},{"@type":"Person","@id":"https:\/\/portalmf.com.br\/#\/schema\/person\/9ec101baf56233e53520c26de5d6f6f0","name":"Reda\u00e7\u00e3o Portal MF","image":{"@type":"ImageObject","inLanguage":"pt-BR","@id":"https:\/\/portalmf.com.br\/#\/schema\/person\/image\/","url":"https:\/\/secure.gravatar.com\/avatar\/41b9aaeb2100835f7c64362330f74c7f?s=96&d=mm&r=g","contentUrl":"https:\/\/secure.gravatar.com\/avatar\/41b9aaeb2100835f7c64362330f74c7f?s=96&d=mm&r=g","caption":"Reda\u00e7\u00e3o Portal MF"},"description":"Sejam bem-vindos o portal de informa\u00e7\u00f5es de entretenimento de Feira de Santana, desde 2006 realiza coberturas dos principais eventos com entrevistas exclusivas com as principais personalidades mundiais. Fique conectado tamb\u00e9m nas redes sociais.","sameAs":["http:\/\/www.portalmf.com.br\/","https:\/\/www.facebook.com\/portalmfoficial","https:\/\/www.instagram.com\/portalmf\/","https:\/\/x.com\/https:\/\/x.com\/portalmfoficial","https:\/\/www.youtube.com\/@portalmfoficial"],"url":"https:\/\/portalmf.com.br\/index.php\/author\/junior\/"}]}},"_links":{"self":[{"href":"https:\/\/portalmf.com.br\/index.php\/wp-json\/wp\/v2\/posts\/27820"}],"collection":[{"href":"https:\/\/portalmf.com.br\/index.php\/wp-json\/wp\/v2\/posts"}],"about":[{"href":"https:\/\/portalmf.com.br\/index.php\/wp-json\/wp\/v2\/types\/post"}],"author":[{"embeddable":true,"href":"https:\/\/portalmf.com.br\/index.php\/wp-json\/wp\/v2\/users\/3"}],"replies":[{"embeddable":true,"href":"https:\/\/portalmf.com.br\/index.php\/wp-json\/wp\/v2\/comments?post=27820"}],"version-history":[{"count":1,"href":"https:\/\/portalmf.com.br\/index.php\/wp-json\/wp\/v2\/posts\/27820\/revisions"}],"predecessor-version":[{"id":27822,"href":"https:\/\/portalmf.com.br\/index.php\/wp-json\/wp\/v2\/posts\/27820\/revisions\/27822"}],"wp:featuredmedia":[{"embeddable":true,"href":"https:\/\/portalmf.com.br\/index.php\/wp-json\/wp\/v2\/media\/27821"}],"wp:attachment":[{"href":"https:\/\/portalmf.com.br\/index.php\/wp-json\/wp\/v2\/media?parent=27820"}],"wp:term":[{"taxonomy":"category","embeddable":true,"href":"https:\/\/portalmf.com.br\/index.php\/wp-json\/wp\/v2\/categories?post=27820"},{"taxonomy":"post_tag","embeddable":true,"href":"https:\/\/portalmf.com.br\/index.php\/wp-json\/wp\/v2\/tags?post=27820"}],"curies":[{"name":"wp","href":"https:\/\/api.w.org\/{rel}","templated":true}]}}