{"id":2746,"date":"2022-08-06T14:39:00","date_gmt":"2022-08-06T17:39:00","guid":{"rendered":"http:\/\/portalmf.com.br\/?p=2746"},"modified":"2022-08-08T14:41:37","modified_gmt":"2022-08-08T17:41:37","slug":"humberto-de-oliveira-lanca-seu-primeiro-romance-na-biblioteca-do-sesc-centro-nesta-segunda","status":"publish","type":"post","link":"https:\/\/portalmf.com.br\/index.php\/2022\/08\/06\/humberto-de-oliveira-lanca-seu-primeiro-romance-na-biblioteca-do-sesc-centro-nesta-segunda\/","title":{"rendered":"Humberto de Oliveira lan\u00e7a seu primeiro romance na Biblioteca do Sesc Centro nesta segunda"},"content":{"rendered":"\n<p>O professor e escritor Humberto Luiz Lima de Oliveira lan\u00e7a nesta segunda (08), \u00e0s 16 horas, na Biblioteca do Centro Cultural do Sesc Centro, seu primeiro romance \u201cCr\u00f4nicas de uma Inf\u00e2ncia no Sert\u00e3o: mem\u00f3rias de uma fam\u00edlia brasileira\u201d.&nbsp;<\/p>\n\n\n\n<p>Professor da Universidade Estadual de Feira de Santana (Uefs), o narrador onisciente narra as perip\u00e9cias de uma fam\u00edlia que se debate entre o amor \u00e0 terra e a press\u00e3o de grandes fazendeiros para que vendam sua propriedade.<\/p>\n\n\n\n<p>A publica\u00e7\u00e3o do livro \u201cCr\u00f4nicas de uma Inf\u00e2ncia no Sert\u00e3o: mem\u00f3rias de uma fam\u00edlia brasileira\u201d tem apoio do projeto Pr\u00f3 Cultura e Esporte, da Prefeitura de Feira de Santana e da empresa Uni\u00e3o M\u00e9dica.<\/p>\n\n\n\n<p>O lan\u00e7amento do romance de Humberto de Oliveira faz parte da ampla programa\u00e7\u00e3o liter\u00e1ria do Sesc Centro, que envolve tamb\u00e9m os projetos Literatura de A a Z e Arte da Palavra \u2013 Circuito Oralidades, neste dia 8 de agosto.<\/p>\n\n\n\n<p><strong>PARA SABER MAIS<\/strong><\/p>\n\n\n\n<p><strong>O QU\u00ca?<\/strong> &#8220;Cr\u00f4nicas de uma Inf\u00e2ncia no Sert\u00e3o: mem\u00f3rias de uma fam\u00edlia brasileira&#8221; do professor e escritor Humberto de Oliveira<\/p>\n\n\n\n<p><strong>QUANDO?<\/strong> Segunda \u2013 08 de agosto de 2022, \u00e0s 16 horas<\/p>\n\n\n\n<p><strong>ONDE?<\/strong> Biblioteca do Centro Cultural do Sesc Centro \u2013 Pra\u00e7a Carlos Bahia s\/n Centro \u2013 Feira de Santana<\/p>\n\n\n\n<p><strong>ACESSO?<\/strong> Gratuito<\/p>\n\n\n\n<p><strong>OUTRAS INFORMA\u00c7\u00d5ES:<\/strong> Humberto de Oliveira 75 99112 2582<\/p>\n","protected":false},"excerpt":{"rendered":"<p>O professor e escritor Humberto Luiz Lima de Oliveira lan\u00e7a nesta segunda (08), \u00e0s 16 horas, na Biblioteca do Centro Cultural do Sesc Centro, seu primeiro romance \u201cCr\u00f4nicas de uma Inf\u00e2ncia no Sert\u00e3o: mem\u00f3rias de uma fam\u00edlia brasileira\u201d.&nbsp; Professor da Universidade Estadual de Feira de Santana (Uefs), o narrador onisciente narra as perip\u00e9cias de uma [&hellip;]<\/p>\n","protected":false},"author":2,"featured_media":2747,"comment_status":"open","ping_status":"open","sticky":false,"template":"","format":"standard","meta":{"_monsterinsights_skip_tracking":false,"_monsterinsights_sitenote_active":false,"_monsterinsights_sitenote_note":"","_monsterinsights_sitenote_category":0,"footnotes":""},"categories":[40],"tags":[],"yoast_head":"<!-- This site is optimized with the Yoast SEO plugin v22.9 - https:\/\/yoast.com\/wordpress\/plugins\/seo\/ -->\n<title>Humberto de Oliveira lan\u00e7a seu primeiro romance na Biblioteca do Sesc Centro nesta segunda - Portal MF<\/title>\n<meta name=\"robots\" content=\"index, follow, max-snippet:-1, max-image-preview:large, max-video-preview:-1\" \/>\n<link rel=\"canonical\" href=\"https:\/\/portalmf.com.br\/index.php\/2022\/08\/06\/humberto-de-oliveira-lanca-seu-primeiro-romance-na-biblioteca-do-sesc-centro-nesta-segunda\/\" \/>\n<meta property=\"og:locale\" content=\"pt_BR\" \/>\n<meta property=\"og:type\" content=\"article\" \/>\n<meta property=\"og:title\" content=\"Humberto de Oliveira lan\u00e7a seu primeiro romance na Biblioteca do Sesc Centro nesta segunda - Portal MF\" \/>\n<meta property=\"og:description\" content=\"O professor e escritor Humberto Luiz Lima de Oliveira lan\u00e7a nesta segunda (08), \u00e0s 16 horas, na Biblioteca do Centro Cultural do Sesc Centro, seu primeiro romance \u201cCr\u00f4nicas de uma Inf\u00e2ncia no Sert\u00e3o: mem\u00f3rias de uma fam\u00edlia brasileira\u201d.&nbsp; Professor da Universidade Estadual de Feira de Santana (Uefs), o narrador onisciente narra as perip\u00e9cias de uma [&hellip;]\" \/>\n<meta property=\"og:url\" content=\"https:\/\/portalmf.com.br\/index.php\/2022\/08\/06\/humberto-de-oliveira-lanca-seu-primeiro-romance-na-biblioteca-do-sesc-centro-nesta-segunda\/\" \/>\n<meta property=\"og:site_name\" content=\"Portal MF\" \/>\n<meta property=\"article:author\" content=\"reginaldojrfsa\" \/>\n<meta property=\"article:published_time\" content=\"2022-08-06T17:39:00+00:00\" \/>\n<meta property=\"article:modified_time\" content=\"2022-08-08T17:41:37+00:00\" \/>\n<meta property=\"og:image\" content=\"https:\/\/portalmf.com.br\/wp-content\/uploads\/2022\/08\/WhatsApp-Image-2022-08-08-at-07.10.44.jpeg\" \/>\n\t<meta property=\"og:image:width\" content=\"1000\" \/>\n\t<meta property=\"og:image:height\" content=\"1000\" \/>\n\t<meta property=\"og:image:type\" content=\"image\/jpeg\" \/>\n<meta name=\"author\" content=\"Reginaldo J\u00fanior\" \/>\n<meta name=\"twitter:card\" content=\"summary_large_image\" \/>\n<meta name=\"twitter:creator\" content=\"@reginaldojrmf\" \/>\n<meta name=\"twitter:label1\" content=\"Escrito por\" \/>\n\t<meta name=\"twitter:data1\" content=\"Reginaldo J\u00fanior\" \/>\n\t<meta name=\"twitter:label2\" content=\"Est. tempo de leitura\" \/>\n\t<meta name=\"twitter:data2\" content=\"1 minuto\" \/>\n<script type=\"application\/ld+json\" class=\"yoast-schema-graph\">{\"@context\":\"https:\/\/schema.org\",\"@graph\":[{\"@type\":\"WebPage\",\"@id\":\"https:\/\/portalmf.com.br\/index.php\/2022\/08\/06\/humberto-de-oliveira-lanca-seu-primeiro-romance-na-biblioteca-do-sesc-centro-nesta-segunda\/\",\"url\":\"https:\/\/portalmf.com.br\/index.php\/2022\/08\/06\/humberto-de-oliveira-lanca-seu-primeiro-romance-na-biblioteca-do-sesc-centro-nesta-segunda\/\",\"name\":\"Humberto de Oliveira lan\u00e7a seu primeiro romance na Biblioteca do Sesc Centro nesta segunda - Portal MF\",\"isPartOf\":{\"@id\":\"https:\/\/portalmf.com.br\/#website\"},\"primaryImageOfPage\":{\"@id\":\"https:\/\/portalmf.com.br\/index.php\/2022\/08\/06\/humberto-de-oliveira-lanca-seu-primeiro-romance-na-biblioteca-do-sesc-centro-nesta-segunda\/#primaryimage\"},\"image\":{\"@id\":\"https:\/\/portalmf.com.br\/index.php\/2022\/08\/06\/humberto-de-oliveira-lanca-seu-primeiro-romance-na-biblioteca-do-sesc-centro-nesta-segunda\/#primaryimage\"},\"thumbnailUrl\":\"https:\/\/portalmf.com.br\/wp-content\/uploads\/2022\/08\/WhatsApp-Image-2022-08-08-at-07.10.44.jpeg\",\"datePublished\":\"2022-08-06T17:39:00+00:00\",\"dateModified\":\"2022-08-08T17:41:37+00:00\",\"author\":{\"@id\":\"https:\/\/portalmf.com.br\/#\/schema\/person\/11c82086fe8abc05a19147e964587285\"},\"breadcrumb\":{\"@id\":\"https:\/\/portalmf.com.br\/index.php\/2022\/08\/06\/humberto-de-oliveira-lanca-seu-primeiro-romance-na-biblioteca-do-sesc-centro-nesta-segunda\/#breadcrumb\"},\"inLanguage\":\"pt-BR\",\"potentialAction\":[{\"@type\":\"ReadAction\",\"target\":[\"https:\/\/portalmf.com.br\/index.php\/2022\/08\/06\/humberto-de-oliveira-lanca-seu-primeiro-romance-na-biblioteca-do-sesc-centro-nesta-segunda\/\"]}]},{\"@type\":\"ImageObject\",\"inLanguage\":\"pt-BR\",\"@id\":\"https:\/\/portalmf.com.br\/index.php\/2022\/08\/06\/humberto-de-oliveira-lanca-seu-primeiro-romance-na-biblioteca-do-sesc-centro-nesta-segunda\/#primaryimage\",\"url\":\"https:\/\/portalmf.com.br\/wp-content\/uploads\/2022\/08\/WhatsApp-Image-2022-08-08-at-07.10.44.jpeg\",\"contentUrl\":\"https:\/\/portalmf.com.br\/wp-content\/uploads\/2022\/08\/WhatsApp-Image-2022-08-08-at-07.10.44.jpeg\",\"width\":1000,\"height\":1000},{\"@type\":\"BreadcrumbList\",\"@id\":\"https:\/\/portalmf.com.br\/index.php\/2022\/08\/06\/humberto-de-oliveira-lanca-seu-primeiro-romance-na-biblioteca-do-sesc-centro-nesta-segunda\/#breadcrumb\",\"itemListElement\":[{\"@type\":\"ListItem\",\"position\":1,\"name\":\"In\u00edcio\",\"item\":\"https:\/\/portalmf.com.br\/\"},{\"@type\":\"ListItem\",\"position\":2,\"name\":\"Humberto de Oliveira lan\u00e7a seu primeiro romance na Biblioteca do Sesc Centro nesta segunda\"}]},{\"@type\":\"WebSite\",\"@id\":\"https:\/\/portalmf.com.br\/#website\",\"url\":\"https:\/\/portalmf.com.br\/\",\"name\":\"Portal MF\",\"description\":\"Voc\u00ea conectado com a informa\u00e7\u00e3o\",\"potentialAction\":[{\"@type\":\"SearchAction\",\"target\":{\"@type\":\"EntryPoint\",\"urlTemplate\":\"https:\/\/portalmf.com.br\/?s={search_term_string}\"},\"query-input\":\"required name=search_term_string\"}],\"inLanguage\":\"pt-BR\"},{\"@type\":\"Person\",\"@id\":\"https:\/\/portalmf.com.br\/#\/schema\/person\/11c82086fe8abc05a19147e964587285\",\"name\":\"Reginaldo J\u00fanior\",\"image\":{\"@type\":\"ImageObject\",\"inLanguage\":\"pt-BR\",\"@id\":\"https:\/\/portalmf.com.br\/#\/schema\/person\/image\/\",\"url\":\"https:\/\/secure.gravatar.com\/avatar\/32a3c797cd0ac47cc53b8644c62776f9?s=96&d=mm&r=g\",\"contentUrl\":\"https:\/\/secure.gravatar.com\/avatar\/32a3c797cd0ac47cc53b8644c62776f9?s=96&d=mm&r=g\",\"caption\":\"Reginaldo J\u00fanior\"},\"description\":\"Jornalista e idealizador Portal MF\",\"sameAs\":[\"https:\/\/portalmf.com.br\/index.php\/author\/reginaldojr\/\",\"reginaldojrfsa\",\"reginaldojuniormf\",\"https:\/\/x.com\/reginaldojrmf\"],\"url\":\"https:\/\/portalmf.com.br\/index.php\/author\/reginaldojr\/\"}]}<\/script>\n<!-- \/ Yoast SEO plugin. -->","yoast_head_json":{"title":"Humberto de Oliveira lan\u00e7a seu primeiro romance na Biblioteca do Sesc Centro nesta segunda - Portal MF","robots":{"index":"index","follow":"follow","max-snippet":"max-snippet:-1","max-image-preview":"max-image-preview:large","max-video-preview":"max-video-preview:-1"},"canonical":"https:\/\/portalmf.com.br\/index.php\/2022\/08\/06\/humberto-de-oliveira-lanca-seu-primeiro-romance-na-biblioteca-do-sesc-centro-nesta-segunda\/","og_locale":"pt_BR","og_type":"article","og_title":"Humberto de Oliveira lan\u00e7a seu primeiro romance na Biblioteca do Sesc Centro nesta segunda - Portal MF","og_description":"O professor e escritor Humberto Luiz Lima de Oliveira lan\u00e7a nesta segunda (08), \u00e0s 16 horas, na Biblioteca do Centro Cultural do Sesc Centro, seu primeiro romance \u201cCr\u00f4nicas de uma Inf\u00e2ncia no Sert\u00e3o: mem\u00f3rias de uma fam\u00edlia brasileira\u201d.&nbsp; Professor da Universidade Estadual de Feira de Santana (Uefs), o narrador onisciente narra as perip\u00e9cias de uma [&hellip;]","og_url":"https:\/\/portalmf.com.br\/index.php\/2022\/08\/06\/humberto-de-oliveira-lanca-seu-primeiro-romance-na-biblioteca-do-sesc-centro-nesta-segunda\/","og_site_name":"Portal MF","article_author":"reginaldojrfsa","article_published_time":"2022-08-06T17:39:00+00:00","article_modified_time":"2022-08-08T17:41:37+00:00","og_image":[{"width":1000,"height":1000,"url":"https:\/\/portalmf.com.br\/wp-content\/uploads\/2022\/08\/WhatsApp-Image-2022-08-08-at-07.10.44.jpeg","type":"image\/jpeg"}],"author":"Reginaldo J\u00fanior","twitter_card":"summary_large_image","twitter_creator":"@reginaldojrmf","twitter_misc":{"Escrito por":"Reginaldo J\u00fanior","Est. tempo de leitura":"1 minuto"},"schema":{"@context":"https:\/\/schema.org","@graph":[{"@type":"WebPage","@id":"https:\/\/portalmf.com.br\/index.php\/2022\/08\/06\/humberto-de-oliveira-lanca-seu-primeiro-romance-na-biblioteca-do-sesc-centro-nesta-segunda\/","url":"https:\/\/portalmf.com.br\/index.php\/2022\/08\/06\/humberto-de-oliveira-lanca-seu-primeiro-romance-na-biblioteca-do-sesc-centro-nesta-segunda\/","name":"Humberto de Oliveira lan\u00e7a seu primeiro romance na Biblioteca do Sesc Centro nesta segunda - Portal MF","isPartOf":{"@id":"https:\/\/portalmf.com.br\/#website"},"primaryImageOfPage":{"@id":"https:\/\/portalmf.com.br\/index.php\/2022\/08\/06\/humberto-de-oliveira-lanca-seu-primeiro-romance-na-biblioteca-do-sesc-centro-nesta-segunda\/#primaryimage"},"image":{"@id":"https:\/\/portalmf.com.br\/index.php\/2022\/08\/06\/humberto-de-oliveira-lanca-seu-primeiro-romance-na-biblioteca-do-sesc-centro-nesta-segunda\/#primaryimage"},"thumbnailUrl":"https:\/\/portalmf.com.br\/wp-content\/uploads\/2022\/08\/WhatsApp-Image-2022-08-08-at-07.10.44.jpeg","datePublished":"2022-08-06T17:39:00+00:00","dateModified":"2022-08-08T17:41:37+00:00","author":{"@id":"https:\/\/portalmf.com.br\/#\/schema\/person\/11c82086fe8abc05a19147e964587285"},"breadcrumb":{"@id":"https:\/\/portalmf.com.br\/index.php\/2022\/08\/06\/humberto-de-oliveira-lanca-seu-primeiro-romance-na-biblioteca-do-sesc-centro-nesta-segunda\/#breadcrumb"},"inLanguage":"pt-BR","potentialAction":[{"@type":"ReadAction","target":["https:\/\/portalmf.com.br\/index.php\/2022\/08\/06\/humberto-de-oliveira-lanca-seu-primeiro-romance-na-biblioteca-do-sesc-centro-nesta-segunda\/"]}]},{"@type":"ImageObject","inLanguage":"pt-BR","@id":"https:\/\/portalmf.com.br\/index.php\/2022\/08\/06\/humberto-de-oliveira-lanca-seu-primeiro-romance-na-biblioteca-do-sesc-centro-nesta-segunda\/#primaryimage","url":"https:\/\/portalmf.com.br\/wp-content\/uploads\/2022\/08\/WhatsApp-Image-2022-08-08-at-07.10.44.jpeg","contentUrl":"https:\/\/portalmf.com.br\/wp-content\/uploads\/2022\/08\/WhatsApp-Image-2022-08-08-at-07.10.44.jpeg","width":1000,"height":1000},{"@type":"BreadcrumbList","@id":"https:\/\/portalmf.com.br\/index.php\/2022\/08\/06\/humberto-de-oliveira-lanca-seu-primeiro-romance-na-biblioteca-do-sesc-centro-nesta-segunda\/#breadcrumb","itemListElement":[{"@type":"ListItem","position":1,"name":"In\u00edcio","item":"https:\/\/portalmf.com.br\/"},{"@type":"ListItem","position":2,"name":"Humberto de Oliveira lan\u00e7a seu primeiro romance na Biblioteca do Sesc Centro nesta segunda"}]},{"@type":"WebSite","@id":"https:\/\/portalmf.com.br\/#website","url":"https:\/\/portalmf.com.br\/","name":"Portal MF","description":"Voc\u00ea conectado com a informa\u00e7\u00e3o","potentialAction":[{"@type":"SearchAction","target":{"@type":"EntryPoint","urlTemplate":"https:\/\/portalmf.com.br\/?s={search_term_string}"},"query-input":"required name=search_term_string"}],"inLanguage":"pt-BR"},{"@type":"Person","@id":"https:\/\/portalmf.com.br\/#\/schema\/person\/11c82086fe8abc05a19147e964587285","name":"Reginaldo J\u00fanior","image":{"@type":"ImageObject","inLanguage":"pt-BR","@id":"https:\/\/portalmf.com.br\/#\/schema\/person\/image\/","url":"https:\/\/secure.gravatar.com\/avatar\/32a3c797cd0ac47cc53b8644c62776f9?s=96&d=mm&r=g","contentUrl":"https:\/\/secure.gravatar.com\/avatar\/32a3c797cd0ac47cc53b8644c62776f9?s=96&d=mm&r=g","caption":"Reginaldo J\u00fanior"},"description":"Jornalista e idealizador Portal MF","sameAs":["https:\/\/portalmf.com.br\/index.php\/author\/reginaldojr\/","reginaldojrfsa","reginaldojuniormf","https:\/\/x.com\/reginaldojrmf"],"url":"https:\/\/portalmf.com.br\/index.php\/author\/reginaldojr\/"}]}},"_links":{"self":[{"href":"https:\/\/portalmf.com.br\/index.php\/wp-json\/wp\/v2\/posts\/2746"}],"collection":[{"href":"https:\/\/portalmf.com.br\/index.php\/wp-json\/wp\/v2\/posts"}],"about":[{"href":"https:\/\/portalmf.com.br\/index.php\/wp-json\/wp\/v2\/types\/post"}],"author":[{"embeddable":true,"href":"https:\/\/portalmf.com.br\/index.php\/wp-json\/wp\/v2\/users\/2"}],"replies":[{"embeddable":true,"href":"https:\/\/portalmf.com.br\/index.php\/wp-json\/wp\/v2\/comments?post=2746"}],"version-history":[{"count":1,"href":"https:\/\/portalmf.com.br\/index.php\/wp-json\/wp\/v2\/posts\/2746\/revisions"}],"predecessor-version":[{"id":2748,"href":"https:\/\/portalmf.com.br\/index.php\/wp-json\/wp\/v2\/posts\/2746\/revisions\/2748"}],"wp:featuredmedia":[{"embeddable":true,"href":"https:\/\/portalmf.com.br\/index.php\/wp-json\/wp\/v2\/media\/2747"}],"wp:attachment":[{"href":"https:\/\/portalmf.com.br\/index.php\/wp-json\/wp\/v2\/media?parent=2746"}],"wp:term":[{"taxonomy":"category","embeddable":true,"href":"https:\/\/portalmf.com.br\/index.php\/wp-json\/wp\/v2\/categories?post=2746"},{"taxonomy":"post_tag","embeddable":true,"href":"https:\/\/portalmf.com.br\/index.php\/wp-json\/wp\/v2\/tags?post=2746"}],"curies":[{"name":"wp","href":"https:\/\/api.w.org\/{rel}","templated":true}]}}