{"id":27327,"date":"2024-06-23T18:19:11","date_gmt":"2024-06-23T21:19:11","guid":{"rendered":"https:\/\/portalmf.com.br\/?p=27327"},"modified":"2024-06-23T18:19:11","modified_gmt":"2024-06-23T21:19:11","slug":"papazoni-gravou-audiovisual-durante-show-no-sao-joao-da-bahia","status":"publish","type":"post","link":"https:\/\/portalmf.com.br\/index.php\/2024\/06\/23\/papazoni-gravou-audiovisual-durante-show-no-sao-joao-da-bahia\/","title":{"rendered":"Papazoni gravou audiovisual durante show no S\u00e3o Jo\u00e3o da Bahia"},"content":{"rendered":"\n<p>O S\u00e3o Jo\u00e3o da Bahia, no Parque de Exposi\u00e7\u00f5es, contou com um show para l\u00e1 de especial. Regado a muito pagode e toques de forr\u00f3, o show da banda Papazoni animou a festa com muito agito e grandes sucessos. Durante a apresenta\u00e7\u00e3o, na noite deste \u00faltimo s\u00e1bado (22), rolou muita m\u00fasica boa, incluindo as autorais que marcam a carreira do Papazoni.<\/p>\n\n\n\n<figure class=\"wp-block-image size-full\"><img fetchpriority=\"high\" decoding=\"async\" width=\"800\" height=\"533\" src=\"https:\/\/portalmf.com.br\/wp-content\/uploads\/2024\/06\/Papazoni-no-Sao-Joao-da-Bahia-2.jpg\" alt=\"\" class=\"wp-image-27328\" srcset=\"https:\/\/portalmf.com.br\/wp-content\/uploads\/2024\/06\/Papazoni-no-Sao-Joao-da-Bahia-2.jpg 800w, https:\/\/portalmf.com.br\/wp-content\/uploads\/2024\/06\/Papazoni-no-Sao-Joao-da-Bahia-2-300x200.jpg 300w, https:\/\/portalmf.com.br\/wp-content\/uploads\/2024\/06\/Papazoni-no-Sao-Joao-da-Bahia-2-768x512.jpg 768w, https:\/\/portalmf.com.br\/wp-content\/uploads\/2024\/06\/Papazoni-no-Sao-Joao-da-Bahia-2-696x464.jpg 696w\" sizes=\"(max-width: 800px) 100vw, 800px\" \/><figcaption class=\"wp-element-caption\">Fotos: @r5produtora<\/figcaption><\/figure>\n\n\n\n<p>Al\u00e9m disso, hits das paradas nacionais e grandes cl\u00e1ssicos do pagode baiano, que j\u00e1 conquistou os cora\u00e7\u00f5es por todo o Brasil. Teve tamb\u00e9m blocos especiais, com m\u00fasicas de forr\u00f3 e coreografias para homenagear o santo anfitri\u00e3o da festa. Na ocasi\u00e3o, a banda aproveitou para gravar um audiovisual, que ser\u00e1 lan\u00e7ado em breve, em suas plataformas digitais.<\/p>\n\n\n\n<figure class=\"wp-block-image size-full\"><img decoding=\"async\" width=\"800\" height=\"534\" src=\"https:\/\/portalmf.com.br\/wp-content\/uploads\/2024\/06\/Papazoni-no-Sao-Joao-da-Bahia-5.jpg\" alt=\"\" class=\"wp-image-27329\" srcset=\"https:\/\/portalmf.com.br\/wp-content\/uploads\/2024\/06\/Papazoni-no-Sao-Joao-da-Bahia-5.jpg 800w, https:\/\/portalmf.com.br\/wp-content\/uploads\/2024\/06\/Papazoni-no-Sao-Joao-da-Bahia-5-300x200.jpg 300w, https:\/\/portalmf.com.br\/wp-content\/uploads\/2024\/06\/Papazoni-no-Sao-Joao-da-Bahia-5-768x513.jpg 768w, https:\/\/portalmf.com.br\/wp-content\/uploads\/2024\/06\/Papazoni-no-Sao-Joao-da-Bahia-5-696x465.jpg 696w\" sizes=\"(max-width: 800px) 100vw, 800px\" \/><figcaption class=\"wp-element-caption\"><strong>Fotos: @r5produtora<\/strong><\/figcaption><\/figure>\n\n\n\n<p>O show do Papazoni no S\u00e3o Jo\u00e3o da Bahia no Parque de Exposi\u00e7\u00f5es, contou com o apoio da Superintend\u00eancia de Fomento ao Turismo (Sufotur), do Governo do Estado da Bahia.<\/p>\n","protected":false},"excerpt":{"rendered":"<p>O S\u00e3o Jo\u00e3o da Bahia, no Parque de Exposi\u00e7\u00f5es, contou com um show para l\u00e1 de especial. Regado a muito pagode e toques de forr\u00f3, o show da banda Papazoni animou a festa com muito agito e grandes sucessos. Durante a apresenta\u00e7\u00e3o, na noite deste \u00faltimo s\u00e1bado (22), rolou muita m\u00fasica boa, incluindo as autorais [&hellip;]<\/p>\n","protected":false},"author":3,"featured_media":27330,"comment_status":"open","ping_status":"open","sticky":false,"template":"","format":"standard","meta":{"_monsterinsights_skip_tracking":false,"_monsterinsights_sitenote_active":false,"_monsterinsights_sitenote_note":"","_monsterinsights_sitenote_category":0,"footnotes":""},"categories":[48,296],"tags":[],"yoast_head":"<!-- This site is optimized with the Yoast SEO plugin v22.9 - https:\/\/yoast.com\/wordpress\/plugins\/seo\/ -->\n<title>Papazoni gravou audiovisual durante show no S\u00e3o Jo\u00e3o da Bahia - Portal MF<\/title>\n<meta name=\"robots\" content=\"index, follow, max-snippet:-1, max-image-preview:large, max-video-preview:-1\" \/>\n<link rel=\"canonical\" href=\"https:\/\/portalmf.com.br\/index.php\/2024\/06\/23\/papazoni-gravou-audiovisual-durante-show-no-sao-joao-da-bahia\/\" \/>\n<meta property=\"og:locale\" content=\"pt_BR\" \/>\n<meta property=\"og:type\" content=\"article\" \/>\n<meta property=\"og:title\" content=\"Papazoni gravou audiovisual durante show no S\u00e3o Jo\u00e3o da Bahia - Portal MF\" \/>\n<meta property=\"og:description\" content=\"O S\u00e3o Jo\u00e3o da Bahia, no Parque de Exposi\u00e7\u00f5es, contou com um show para l\u00e1 de especial. Regado a muito pagode e toques de forr\u00f3, o show da banda Papazoni animou a festa com muito agito e grandes sucessos. Durante a apresenta\u00e7\u00e3o, na noite deste \u00faltimo s\u00e1bado (22), rolou muita m\u00fasica boa, incluindo as autorais [&hellip;]\" \/>\n<meta property=\"og:url\" content=\"https:\/\/portalmf.com.br\/index.php\/2024\/06\/23\/papazoni-gravou-audiovisual-durante-show-no-sao-joao-da-bahia\/\" \/>\n<meta property=\"og:site_name\" content=\"Portal MF\" \/>\n<meta property=\"article:author\" content=\"https:\/\/www.facebook.com\/portalmfoficial\" \/>\n<meta property=\"article:published_time\" content=\"2024-06-23T21:19:11+00:00\" \/>\n<meta property=\"og:image\" content=\"https:\/\/portalmf.com.br\/wp-content\/uploads\/2024\/06\/Papazoni-no-Sao-Joao-da-Bahia-4.jpg\" \/>\n\t<meta property=\"og:image:width\" content=\"800\" \/>\n\t<meta property=\"og:image:height\" content=\"533\" \/>\n\t<meta property=\"og:image:type\" content=\"image\/jpeg\" \/>\n<meta name=\"author\" content=\"Reda\u00e7\u00e3o Portal MF\" \/>\n<meta name=\"twitter:card\" content=\"summary_large_image\" \/>\n<meta name=\"twitter:creator\" content=\"@https:\/\/x.com\/portalmfoficial\" \/>\n<meta name=\"twitter:label1\" content=\"Escrito por\" \/>\n\t<meta name=\"twitter:data1\" content=\"Reda\u00e7\u00e3o Portal MF\" \/>\n\t<meta name=\"twitter:label2\" content=\"Est. tempo de leitura\" \/>\n\t<meta name=\"twitter:data2\" content=\"2 minutos\" \/>\n<script type=\"application\/ld+json\" class=\"yoast-schema-graph\">{\"@context\":\"https:\/\/schema.org\",\"@graph\":[{\"@type\":\"WebPage\",\"@id\":\"https:\/\/portalmf.com.br\/index.php\/2024\/06\/23\/papazoni-gravou-audiovisual-durante-show-no-sao-joao-da-bahia\/\",\"url\":\"https:\/\/portalmf.com.br\/index.php\/2024\/06\/23\/papazoni-gravou-audiovisual-durante-show-no-sao-joao-da-bahia\/\",\"name\":\"Papazoni gravou audiovisual durante show no S\u00e3o Jo\u00e3o da Bahia - Portal MF\",\"isPartOf\":{\"@id\":\"https:\/\/portalmf.com.br\/#website\"},\"primaryImageOfPage\":{\"@id\":\"https:\/\/portalmf.com.br\/index.php\/2024\/06\/23\/papazoni-gravou-audiovisual-durante-show-no-sao-joao-da-bahia\/#primaryimage\"},\"image\":{\"@id\":\"https:\/\/portalmf.com.br\/index.php\/2024\/06\/23\/papazoni-gravou-audiovisual-durante-show-no-sao-joao-da-bahia\/#primaryimage\"},\"thumbnailUrl\":\"https:\/\/portalmf.com.br\/wp-content\/uploads\/2024\/06\/Papazoni-no-Sao-Joao-da-Bahia-4.jpg\",\"datePublished\":\"2024-06-23T21:19:11+00:00\",\"dateModified\":\"2024-06-23T21:19:11+00:00\",\"author\":{\"@id\":\"https:\/\/portalmf.com.br\/#\/schema\/person\/9ec101baf56233e53520c26de5d6f6f0\"},\"breadcrumb\":{\"@id\":\"https:\/\/portalmf.com.br\/index.php\/2024\/06\/23\/papazoni-gravou-audiovisual-durante-show-no-sao-joao-da-bahia\/#breadcrumb\"},\"inLanguage\":\"pt-BR\",\"potentialAction\":[{\"@type\":\"ReadAction\",\"target\":[\"https:\/\/portalmf.com.br\/index.php\/2024\/06\/23\/papazoni-gravou-audiovisual-durante-show-no-sao-joao-da-bahia\/\"]}]},{\"@type\":\"ImageObject\",\"inLanguage\":\"pt-BR\",\"@id\":\"https:\/\/portalmf.com.br\/index.php\/2024\/06\/23\/papazoni-gravou-audiovisual-durante-show-no-sao-joao-da-bahia\/#primaryimage\",\"url\":\"https:\/\/portalmf.com.br\/wp-content\/uploads\/2024\/06\/Papazoni-no-Sao-Joao-da-Bahia-4.jpg\",\"contentUrl\":\"https:\/\/portalmf.com.br\/wp-content\/uploads\/2024\/06\/Papazoni-no-Sao-Joao-da-Bahia-4.jpg\",\"width\":800,\"height\":533},{\"@type\":\"BreadcrumbList\",\"@id\":\"https:\/\/portalmf.com.br\/index.php\/2024\/06\/23\/papazoni-gravou-audiovisual-durante-show-no-sao-joao-da-bahia\/#breadcrumb\",\"itemListElement\":[{\"@type\":\"ListItem\",\"position\":1,\"name\":\"In\u00edcio\",\"item\":\"https:\/\/portalmf.com.br\/\"},{\"@type\":\"ListItem\",\"position\":2,\"name\":\"Papazoni gravou audiovisual durante show no S\u00e3o Jo\u00e3o da Bahia\"}]},{\"@type\":\"WebSite\",\"@id\":\"https:\/\/portalmf.com.br\/#website\",\"url\":\"https:\/\/portalmf.com.br\/\",\"name\":\"Portal MF\",\"description\":\"Voc\u00ea conectado com a informa\u00e7\u00e3o\",\"potentialAction\":[{\"@type\":\"SearchAction\",\"target\":{\"@type\":\"EntryPoint\",\"urlTemplate\":\"https:\/\/portalmf.com.br\/?s={search_term_string}\"},\"query-input\":\"required name=search_term_string\"}],\"inLanguage\":\"pt-BR\"},{\"@type\":\"Person\",\"@id\":\"https:\/\/portalmf.com.br\/#\/schema\/person\/9ec101baf56233e53520c26de5d6f6f0\",\"name\":\"Reda\u00e7\u00e3o Portal MF\",\"image\":{\"@type\":\"ImageObject\",\"inLanguage\":\"pt-BR\",\"@id\":\"https:\/\/portalmf.com.br\/#\/schema\/person\/image\/\",\"url\":\"https:\/\/secure.gravatar.com\/avatar\/41b9aaeb2100835f7c64362330f74c7f?s=96&d=mm&r=g\",\"contentUrl\":\"https:\/\/secure.gravatar.com\/avatar\/41b9aaeb2100835f7c64362330f74c7f?s=96&d=mm&r=g\",\"caption\":\"Reda\u00e7\u00e3o Portal MF\"},\"description\":\"Sejam bem-vindos o portal de informa\u00e7\u00f5es de entretenimento de Feira de Santana, desde 2006 realiza coberturas dos principais eventos com entrevistas exclusivas com as principais personalidades mundiais. Fique conectado tamb\u00e9m nas redes sociais.\",\"sameAs\":[\"http:\/\/www.portalmf.com.br\/\",\"https:\/\/www.facebook.com\/portalmfoficial\",\"https:\/\/www.instagram.com\/portalmf\/\",\"https:\/\/x.com\/https:\/\/x.com\/portalmfoficial\",\"https:\/\/www.youtube.com\/@portalmfoficial\"],\"url\":\"https:\/\/portalmf.com.br\/index.php\/author\/junior\/\"}]}<\/script>\n<!-- \/ Yoast SEO plugin. -->","yoast_head_json":{"title":"Papazoni gravou audiovisual durante show no S\u00e3o Jo\u00e3o da Bahia - Portal MF","robots":{"index":"index","follow":"follow","max-snippet":"max-snippet:-1","max-image-preview":"max-image-preview:large","max-video-preview":"max-video-preview:-1"},"canonical":"https:\/\/portalmf.com.br\/index.php\/2024\/06\/23\/papazoni-gravou-audiovisual-durante-show-no-sao-joao-da-bahia\/","og_locale":"pt_BR","og_type":"article","og_title":"Papazoni gravou audiovisual durante show no S\u00e3o Jo\u00e3o da Bahia - Portal MF","og_description":"O S\u00e3o Jo\u00e3o da Bahia, no Parque de Exposi\u00e7\u00f5es, contou com um show para l\u00e1 de especial. Regado a muito pagode e toques de forr\u00f3, o show da banda Papazoni animou a festa com muito agito e grandes sucessos. Durante a apresenta\u00e7\u00e3o, na noite deste \u00faltimo s\u00e1bado (22), rolou muita m\u00fasica boa, incluindo as autorais [&hellip;]","og_url":"https:\/\/portalmf.com.br\/index.php\/2024\/06\/23\/papazoni-gravou-audiovisual-durante-show-no-sao-joao-da-bahia\/","og_site_name":"Portal MF","article_author":"https:\/\/www.facebook.com\/portalmfoficial","article_published_time":"2024-06-23T21:19:11+00:00","og_image":[{"width":800,"height":533,"url":"https:\/\/portalmf.com.br\/wp-content\/uploads\/2024\/06\/Papazoni-no-Sao-Joao-da-Bahia-4.jpg","type":"image\/jpeg"}],"author":"Reda\u00e7\u00e3o Portal MF","twitter_card":"summary_large_image","twitter_creator":"@https:\/\/x.com\/portalmfoficial","twitter_misc":{"Escrito por":"Reda\u00e7\u00e3o Portal MF","Est. tempo de leitura":"2 minutos"},"schema":{"@context":"https:\/\/schema.org","@graph":[{"@type":"WebPage","@id":"https:\/\/portalmf.com.br\/index.php\/2024\/06\/23\/papazoni-gravou-audiovisual-durante-show-no-sao-joao-da-bahia\/","url":"https:\/\/portalmf.com.br\/index.php\/2024\/06\/23\/papazoni-gravou-audiovisual-durante-show-no-sao-joao-da-bahia\/","name":"Papazoni gravou audiovisual durante show no S\u00e3o Jo\u00e3o da Bahia - Portal MF","isPartOf":{"@id":"https:\/\/portalmf.com.br\/#website"},"primaryImageOfPage":{"@id":"https:\/\/portalmf.com.br\/index.php\/2024\/06\/23\/papazoni-gravou-audiovisual-durante-show-no-sao-joao-da-bahia\/#primaryimage"},"image":{"@id":"https:\/\/portalmf.com.br\/index.php\/2024\/06\/23\/papazoni-gravou-audiovisual-durante-show-no-sao-joao-da-bahia\/#primaryimage"},"thumbnailUrl":"https:\/\/portalmf.com.br\/wp-content\/uploads\/2024\/06\/Papazoni-no-Sao-Joao-da-Bahia-4.jpg","datePublished":"2024-06-23T21:19:11+00:00","dateModified":"2024-06-23T21:19:11+00:00","author":{"@id":"https:\/\/portalmf.com.br\/#\/schema\/person\/9ec101baf56233e53520c26de5d6f6f0"},"breadcrumb":{"@id":"https:\/\/portalmf.com.br\/index.php\/2024\/06\/23\/papazoni-gravou-audiovisual-durante-show-no-sao-joao-da-bahia\/#breadcrumb"},"inLanguage":"pt-BR","potentialAction":[{"@type":"ReadAction","target":["https:\/\/portalmf.com.br\/index.php\/2024\/06\/23\/papazoni-gravou-audiovisual-durante-show-no-sao-joao-da-bahia\/"]}]},{"@type":"ImageObject","inLanguage":"pt-BR","@id":"https:\/\/portalmf.com.br\/index.php\/2024\/06\/23\/papazoni-gravou-audiovisual-durante-show-no-sao-joao-da-bahia\/#primaryimage","url":"https:\/\/portalmf.com.br\/wp-content\/uploads\/2024\/06\/Papazoni-no-Sao-Joao-da-Bahia-4.jpg","contentUrl":"https:\/\/portalmf.com.br\/wp-content\/uploads\/2024\/06\/Papazoni-no-Sao-Joao-da-Bahia-4.jpg","width":800,"height":533},{"@type":"BreadcrumbList","@id":"https:\/\/portalmf.com.br\/index.php\/2024\/06\/23\/papazoni-gravou-audiovisual-durante-show-no-sao-joao-da-bahia\/#breadcrumb","itemListElement":[{"@type":"ListItem","position":1,"name":"In\u00edcio","item":"https:\/\/portalmf.com.br\/"},{"@type":"ListItem","position":2,"name":"Papazoni gravou audiovisual durante show no S\u00e3o Jo\u00e3o da Bahia"}]},{"@type":"WebSite","@id":"https:\/\/portalmf.com.br\/#website","url":"https:\/\/portalmf.com.br\/","name":"Portal MF","description":"Voc\u00ea conectado com a informa\u00e7\u00e3o","potentialAction":[{"@type":"SearchAction","target":{"@type":"EntryPoint","urlTemplate":"https:\/\/portalmf.com.br\/?s={search_term_string}"},"query-input":"required name=search_term_string"}],"inLanguage":"pt-BR"},{"@type":"Person","@id":"https:\/\/portalmf.com.br\/#\/schema\/person\/9ec101baf56233e53520c26de5d6f6f0","name":"Reda\u00e7\u00e3o Portal MF","image":{"@type":"ImageObject","inLanguage":"pt-BR","@id":"https:\/\/portalmf.com.br\/#\/schema\/person\/image\/","url":"https:\/\/secure.gravatar.com\/avatar\/41b9aaeb2100835f7c64362330f74c7f?s=96&d=mm&r=g","contentUrl":"https:\/\/secure.gravatar.com\/avatar\/41b9aaeb2100835f7c64362330f74c7f?s=96&d=mm&r=g","caption":"Reda\u00e7\u00e3o Portal MF"},"description":"Sejam bem-vindos o portal de informa\u00e7\u00f5es de entretenimento de Feira de Santana, desde 2006 realiza coberturas dos principais eventos com entrevistas exclusivas com as principais personalidades mundiais. Fique conectado tamb\u00e9m nas redes sociais.","sameAs":["http:\/\/www.portalmf.com.br\/","https:\/\/www.facebook.com\/portalmfoficial","https:\/\/www.instagram.com\/portalmf\/","https:\/\/x.com\/https:\/\/x.com\/portalmfoficial","https:\/\/www.youtube.com\/@portalmfoficial"],"url":"https:\/\/portalmf.com.br\/index.php\/author\/junior\/"}]}},"_links":{"self":[{"href":"https:\/\/portalmf.com.br\/index.php\/wp-json\/wp\/v2\/posts\/27327"}],"collection":[{"href":"https:\/\/portalmf.com.br\/index.php\/wp-json\/wp\/v2\/posts"}],"about":[{"href":"https:\/\/portalmf.com.br\/index.php\/wp-json\/wp\/v2\/types\/post"}],"author":[{"embeddable":true,"href":"https:\/\/portalmf.com.br\/index.php\/wp-json\/wp\/v2\/users\/3"}],"replies":[{"embeddable":true,"href":"https:\/\/portalmf.com.br\/index.php\/wp-json\/wp\/v2\/comments?post=27327"}],"version-history":[{"count":1,"href":"https:\/\/portalmf.com.br\/index.php\/wp-json\/wp\/v2\/posts\/27327\/revisions"}],"predecessor-version":[{"id":27331,"href":"https:\/\/portalmf.com.br\/index.php\/wp-json\/wp\/v2\/posts\/27327\/revisions\/27331"}],"wp:featuredmedia":[{"embeddable":true,"href":"https:\/\/portalmf.com.br\/index.php\/wp-json\/wp\/v2\/media\/27330"}],"wp:attachment":[{"href":"https:\/\/portalmf.com.br\/index.php\/wp-json\/wp\/v2\/media?parent=27327"}],"wp:term":[{"taxonomy":"category","embeddable":true,"href":"https:\/\/portalmf.com.br\/index.php\/wp-json\/wp\/v2\/categories?post=27327"},{"taxonomy":"post_tag","embeddable":true,"href":"https:\/\/portalmf.com.br\/index.php\/wp-json\/wp\/v2\/tags?post=27327"}],"curies":[{"name":"wp","href":"https:\/\/api.w.org\/{rel}","templated":true}]}}