{"id":27279,"date":"2024-06-22T14:21:22","date_gmt":"2024-06-22T17:21:22","guid":{"rendered":"https:\/\/portalmf.com.br\/?p=27279"},"modified":"2024-06-22T14:30:24","modified_gmt":"2024-06-22T17:30:24","slug":"dupla-marcos-e-belutti-canta-de-surpresa-em-bar-de-feira-de-santana","status":"publish","type":"post","link":"https:\/\/portalmf.com.br\/index.php\/2024\/06\/22\/dupla-marcos-e-belutti-canta-de-surpresa-em-bar-de-feira-de-santana\/","title":{"rendered":"Dupla Marcos e Belutti canta de surpresa em bar de Feira de Santana"},"content":{"rendered":"\n<p>Para muitos clientes que foram ao bar e restaurante, Boteco do Camar\u00e3o, na sexta-feira (21), a noite seria s\u00f3 mais um momento tranquilo, para extravasar a semana. Entretanto, os clientes e funcion\u00e1rios do estabelecimento, que est\u00e1 localizado no Ville Gourmet na avenida Jo\u00e3o Durval Carneiro, em Feira de Santana, foram surpreendidos com um show surpresa e exclusivo da dupla Marcos e Belutti. (Veja o video abaixo)<\/p>\n\n\n\n<p>Os artistas estavam hospedados em um hotel da cidade e resolveram aproveitar a folga da sexta-feira, para conhecer um pouco da noite de Feira de Santana. Apaixonados pelo of\u00edcio, como divers\u00e3o, mesmo no dia de folga, eles cantam para se divertir.<\/p>\n\n\n\n<figure class=\"wp-block-image size-large\"><img fetchpriority=\"high\" decoding=\"async\" width=\"698\" height=\"1024\" src=\"https:\/\/portalmf.com.br\/wp-content\/uploads\/2024\/06\/Dupla-Marcos-e-Belutti-canta-de-surpresa-em-bar-de-Feira-de-Santana_site_2-698x1024.jpg\" alt=\"\" class=\"wp-image-27281\" srcset=\"https:\/\/portalmf.com.br\/wp-content\/uploads\/2024\/06\/Dupla-Marcos-e-Belutti-canta-de-surpresa-em-bar-de-Feira-de-Santana_site_2-698x1024.jpg 698w, https:\/\/portalmf.com.br\/wp-content\/uploads\/2024\/06\/Dupla-Marcos-e-Belutti-canta-de-surpresa-em-bar-de-Feira-de-Santana_site_2-204x300.jpg 204w, https:\/\/portalmf.com.br\/wp-content\/uploads\/2024\/06\/Dupla-Marcos-e-Belutti-canta-de-surpresa-em-bar-de-Feira-de-Santana_site_2-768x1127.jpg 768w, https:\/\/portalmf.com.br\/wp-content\/uploads\/2024\/06\/Dupla-Marcos-e-Belutti-canta-de-surpresa-em-bar-de-Feira-de-Santana_site_2-1046x1536.jpg 1046w, https:\/\/portalmf.com.br\/wp-content\/uploads\/2024\/06\/Dupla-Marcos-e-Belutti-canta-de-surpresa-em-bar-de-Feira-de-Santana_site_2-696x1022.jpg 696w, https:\/\/portalmf.com.br\/wp-content\/uploads\/2024\/06\/Dupla-Marcos-e-Belutti-canta-de-surpresa-em-bar-de-Feira-de-Santana_site_2-1068x1568.jpg 1068w, https:\/\/portalmf.com.br\/wp-content\/uploads\/2024\/06\/Dupla-Marcos-e-Belutti-canta-de-surpresa-em-bar-de-Feira-de-Santana_site_2.jpg 1090w\" sizes=\"(max-width: 698px) 100vw, 698px\" \/><\/figure>\n\n\n\n<p><em>\u201cO que voc\u00eas fazem no dia de folga de voc\u00eas? Por aqui a gente canta (risos)Decidimos dar uma palinha aqui em Feira de Santana, no show do parceiro Cris Azevedo\u201d,<\/em> diz a legenda da postagem deles, no perfil da dupla no Instagram.<\/p>\n\n\n\n<p>J\u00e1 o cantor, Cris Azevedo, que estava trabalhando no momento e foi surpreendido com essa participa\u00e7\u00e3o especial no seu pr\u00f3prio show, se disse muito honrado e feliz.<\/p>\n\n\n\n<p><em>\u201cComo falar dessa \u2018resenha \u2018com as pessoas que sou t\u00e3o f\u00e3? Uma honra e um prazer est\u00e1 fazendo parte desse momento de voc\u00eas. Foi uma satisfa\u00e7\u00e3o para mim. Eu sou f\u00e3 de voc\u00eas\u201d<\/em>, disse o cantor, Cris Azevedo, que foi surpreendido com essa participa\u00e7\u00e3o mais que especial.<\/p>\n\n\n\n<figure class=\"wp-block-image size-large\"><img decoding=\"async\" width=\"713\" height=\"1024\" src=\"https:\/\/portalmf.com.br\/wp-content\/uploads\/2024\/06\/Dupla-Marcos-e-Belutti-canta-de-surpresa-em-bar-de-Feira-de-Santana_2_site-713x1024.jpg\" alt=\"\" class=\"wp-image-27282\" srcset=\"https:\/\/portalmf.com.br\/wp-content\/uploads\/2024\/06\/Dupla-Marcos-e-Belutti-canta-de-surpresa-em-bar-de-Feira-de-Santana_2_site-713x1024.jpg 713w, https:\/\/portalmf.com.br\/wp-content\/uploads\/2024\/06\/Dupla-Marcos-e-Belutti-canta-de-surpresa-em-bar-de-Feira-de-Santana_2_site-209x300.jpg 209w, https:\/\/portalmf.com.br\/wp-content\/uploads\/2024\/06\/Dupla-Marcos-e-Belutti-canta-de-surpresa-em-bar-de-Feira-de-Santana_2_site-768x1103.jpg 768w, https:\/\/portalmf.com.br\/wp-content\/uploads\/2024\/06\/Dupla-Marcos-e-Belutti-canta-de-surpresa-em-bar-de-Feira-de-Santana_2_site-1069x1536.jpg 1069w, https:\/\/portalmf.com.br\/wp-content\/uploads\/2024\/06\/Dupla-Marcos-e-Belutti-canta-de-surpresa-em-bar-de-Feira-de-Santana_2_site-696x1000.jpg 696w, https:\/\/portalmf.com.br\/wp-content\/uploads\/2024\/06\/Dupla-Marcos-e-Belutti-canta-de-surpresa-em-bar-de-Feira-de-Santana_2_site-1068x1534.jpg 1068w, https:\/\/portalmf.com.br\/wp-content\/uploads\/2024\/06\/Dupla-Marcos-e-Belutti-canta-de-surpresa-em-bar-de-Feira-de-Santana_2_site.jpg 1114w\" sizes=\"(max-width: 713px) 100vw, 713px\" \/><\/figure>\n\n\n\n<p>A ger\u00eancia do estabelecimento tamb\u00e9m contou os detalhes da noite que classificou como sensacional.<\/p>\n\n\n\n<p><em>\u201cA equipe deles vieram primeiro, a\u00ed viram que o bar era tranquilo, ambiente agrad\u00e1vel.Ent\u00e3o eles sa\u00edram do hotel e ficaram no local, estavam curtindo o show do cantor, Cris Azevedo e resolveram dar uma palinha. Acabaram tocando quase 1 hora de show, usaram os instrumentos do rapaz mesmo. Uma dupla super agrad\u00e1vel. Como n\u00e3o teriam show, estavam de folga como eles mesmos contaram. Ficaram at\u00e9 2:30h da manh\u00e3, foi sensacional!\u201d<\/em>, conta Leandro Bitencourt, \u00a0gerente do local.<\/p>\n\n\n\n<blockquote class=\"instagram-media\" data-instgrm-permalink=\"https:\/\/www.instagram.com\/reel\/C8hrconuhYG\/?utm_source=ig_embed&amp;utm_campaign=loading\" data-instgrm-version=\"14\" style=\" background:#FFF; border:0; border-radius:3px; box-shadow:0 0 1px 0 rgba(0,0,0,0.5),0 1px 10px 0 rgba(0,0,0,0.15); margin: 1px; max-width:540px; min-width:326px; padding:0; width:99.375%; width:-webkit-calc(100% - 2px); width:calc(100% - 2px);\"><div style=\"padding:16px;\"> <a href=\"https:\/\/www.instagram.com\/reel\/C8hrconuhYG\/?utm_source=ig_embed&amp;utm_campaign=loading\" style=\" background:#FFFFFF; line-height:0; padding:0 0; text-align:center; text-decoration:none; width:100%;\" target=\"_blank\" rel=\"noopener\"> <div style=\" display: flex; flex-direction: row; align-items: center;\"> <div style=\"background-color: #F4F4F4; border-radius: 50%; flex-grow: 0; height: 40px; margin-right: 14px; width: 40px;\"><\/div> <div style=\"display: flex; flex-direction: column; flex-grow: 1; justify-content: center;\"> <div style=\" background-color: #F4F4F4; border-radius: 4px; flex-grow: 0; height: 14px; margin-bottom: 6px; width: 100px;\"><\/div> <div style=\" background-color: #F4F4F4; border-radius: 4px; flex-grow: 0; height: 14px; width: 60px;\"><\/div><\/div><\/div><div style=\"padding: 19% 0;\"><\/div> <div style=\"display:block; height:50px; margin:0 auto 12px; width:50px;\"><svg width=\"50px\" height=\"50px\" viewBox=\"0 0 60 60\" version=\"1.1\" xmlns=\"https:\/\/www.w3.org\/2000\/svg\" xmlns:xlink=\"https:\/\/www.w3.org\/1999\/xlink\"><g stroke=\"none\" stroke-width=\"1\" fill=\"none\" fill-rule=\"evenodd\"><g transform=\"translate(-511.000000, -20.000000)\" fill=\"#000000\"><g><path d=\"M556.869,30.41 C554.814,30.41 553.148,32.076 553.148,34.131 C553.148,36.186 554.814,37.852 556.869,37.852 C558.924,37.852 560.59,36.186 560.59,34.131 C560.59,32.076 558.924,30.41 556.869,30.41 M541,60.657 C535.114,60.657 530.342,55.887 530.342,50 C530.342,44.114 535.114,39.342 541,39.342 C546.887,39.342 551.658,44.114 551.658,50 C551.658,55.887 546.887,60.657 541,60.657 M541,33.886 C532.1,33.886 524.886,41.1 524.886,50 C524.886,58.899 532.1,66.113 541,66.113 C549.9,66.113 557.115,58.899 557.115,50 C557.115,41.1 549.9,33.886 541,33.886 M565.378,62.101 C565.244,65.022 564.756,66.606 564.346,67.663 C563.803,69.06 563.154,70.057 562.106,71.106 C561.058,72.155 560.06,72.803 558.662,73.347 C557.607,73.757 556.021,74.244 553.102,74.378 C549.944,74.521 548.997,74.552 541,74.552 C533.003,74.552 532.056,74.521 528.898,74.378 C525.979,74.244 524.393,73.757 523.338,73.347 C521.94,72.803 520.942,72.155 519.894,71.106 C518.846,70.057 518.197,69.06 517.654,67.663 C517.244,66.606 516.755,65.022 516.623,62.101 C516.479,58.943 516.448,57.996 516.448,50 C516.448,42.003 516.479,41.056 516.623,37.899 C516.755,34.978 517.244,33.391 517.654,32.338 C518.197,30.938 518.846,29.942 519.894,28.894 C520.942,27.846 521.94,27.196 523.338,26.654 C524.393,26.244 525.979,25.756 528.898,25.623 C532.057,25.479 533.004,25.448 541,25.448 C548.997,25.448 549.943,25.479 553.102,25.623 C556.021,25.756 557.607,26.244 558.662,26.654 C560.06,27.196 561.058,27.846 562.106,28.894 C563.154,29.942 563.803,30.938 564.346,32.338 C564.756,33.391 565.244,34.978 565.378,37.899 C565.522,41.056 565.552,42.003 565.552,50 C565.552,57.996 565.522,58.943 565.378,62.101 M570.82,37.631 C570.674,34.438 570.167,32.258 569.425,30.349 C568.659,28.377 567.633,26.702 565.965,25.035 C564.297,23.368 562.623,22.342 560.652,21.575 C558.743,20.834 556.562,20.326 553.369,20.18 C550.169,20.033 549.148,20 541,20 C532.853,20 531.831,20.033 528.631,20.18 C525.438,20.326 523.257,20.834 521.349,21.575 C519.376,22.342 517.703,23.368 516.035,25.035 C514.368,26.702 513.342,28.377 512.574,30.349 C511.834,32.258 511.326,34.438 511.181,37.631 C511.035,40.831 511,41.851 511,50 C511,58.147 511.035,59.17 511.181,62.369 C511.326,65.562 511.834,67.743 512.574,69.651 C513.342,71.625 514.368,73.296 516.035,74.965 C517.703,76.634 519.376,77.658 521.349,78.425 C523.257,79.167 525.438,79.673 528.631,79.82 C531.831,79.965 532.853,80.001 541,80.001 C549.148,80.001 550.169,79.965 553.369,79.82 C556.562,79.673 558.743,79.167 560.652,78.425 C562.623,77.658 564.297,76.634 565.965,74.965 C567.633,73.296 568.659,71.625 569.425,69.651 C570.167,67.743 570.674,65.562 570.82,62.369 C570.966,59.17 571,58.147 571,50 C571,41.851 570.966,40.831 570.82,37.631\"><\/path><\/g><\/g><\/g><\/svg><\/div><div style=\"padding-top: 8px;\"> <div style=\" color:#3897f0; font-family:Arial,sans-serif; font-size:14px; font-style:normal; font-weight:550; line-height:18px;\">Ver essa foto no Instagram<\/div><\/div><div style=\"padding: 12.5% 0;\"><\/div> <div style=\"display: flex; flex-direction: row; margin-bottom: 14px; align-items: center;\"><div> <div style=\"background-color: #F4F4F4; border-radius: 50%; height: 12.5px; width: 12.5px; transform: translateX(0px) translateY(7px);\"><\/div> <div style=\"background-color: #F4F4F4; height: 12.5px; transform: rotate(-45deg) translateX(3px) translateY(1px); width: 12.5px; flex-grow: 0; margin-right: 14px; margin-left: 2px;\"><\/div> <div style=\"background-color: #F4F4F4; border-radius: 50%; height: 12.5px; width: 12.5px; transform: translateX(9px) translateY(-18px);\"><\/div><\/div><div style=\"margin-left: 8px;\"> <div style=\" background-color: #F4F4F4; border-radius: 50%; flex-grow: 0; height: 20px; width: 20px;\"><\/div> <div style=\" width: 0; height: 0; border-top: 2px solid transparent; border-left: 6px solid #f4f4f4; border-bottom: 2px solid transparent; transform: translateX(16px) translateY(-4px) rotate(30deg)\"><\/div><\/div><div style=\"margin-left: auto;\"> <div style=\" width: 0px; border-top: 8px solid #F4F4F4; border-right: 8px solid transparent; transform: translateY(16px);\"><\/div> <div style=\" background-color: #F4F4F4; flex-grow: 0; height: 12px; width: 16px; transform: translateY(-4px);\"><\/div> <div style=\" width: 0; height: 0; border-top: 8px solid #F4F4F4; border-left: 8px solid transparent; transform: translateY(-4px) translateX(8px);\"><\/div><\/div><\/div> <div style=\"display: flex; flex-direction: column; flex-grow: 1; justify-content: center; margin-bottom: 24px;\"> <div style=\" background-color: #F4F4F4; border-radius: 4px; flex-grow: 0; height: 14px; margin-bottom: 6px; width: 224px;\"><\/div> <div style=\" background-color: #F4F4F4; border-radius: 4px; flex-grow: 0; height: 14px; width: 144px;\"><\/div><\/div><\/a><p style=\" color:#c9c8cd; font-family:Arial,sans-serif; font-size:14px; line-height:17px; margin-bottom:0; margin-top:8px; overflow:hidden; padding:8px 0 7px; text-align:center; text-overflow:ellipsis; white-space:nowrap;\"><a href=\"https:\/\/www.instagram.com\/reel\/C8hrconuhYG\/?utm_source=ig_embed&amp;utm_campaign=loading\" style=\" color:#c9c8cd; font-family:Arial,sans-serif; font-size:14px; font-style:normal; font-weight:normal; line-height:17px; text-decoration:none;\" target=\"_blank\" rel=\"noopener\">Uma publica\u00e7\u00e3o compartilhada por Portal MF (@portalmf)<\/a><\/p><\/div><\/blockquote> <script async src=\"\/\/www.instagram.com\/embed.js\"><\/script>\n","protected":false},"excerpt":{"rendered":"<p>Para muitos clientes que foram ao bar e restaurante, Boteco do Camar\u00e3o, na sexta-feira (21), a noite seria s\u00f3 mais um momento tranquilo, para extravasar a semana. Entretanto, os clientes e funcion\u00e1rios do estabelecimento, que est\u00e1 localizado no Ville Gourmet na avenida Jo\u00e3o Durval Carneiro, em Feira de Santana, foram surpreendidos com um show surpresa [&hellip;]<\/p>\n","protected":false},"author":5,"featured_media":27280,"comment_status":"open","ping_status":"open","sticky":false,"template":"","format":"standard","meta":{"_monsterinsights_skip_tracking":false,"_monsterinsights_sitenote_active":false,"_monsterinsights_sitenote_note":"","_monsterinsights_sitenote_category":0,"footnotes":""},"categories":[48,35,296],"tags":[],"yoast_head":"<!-- This site is optimized with the Yoast SEO plugin v22.9 - https:\/\/yoast.com\/wordpress\/plugins\/seo\/ -->\n<title>Dupla Marcos e Belutti canta de surpresa em bar de Feira de Santana - Portal MF<\/title>\n<meta name=\"robots\" content=\"index, follow, max-snippet:-1, max-image-preview:large, max-video-preview:-1\" \/>\n<link rel=\"canonical\" href=\"https:\/\/portalmf.com.br\/index.php\/2024\/06\/22\/dupla-marcos-e-belutti-canta-de-surpresa-em-bar-de-feira-de-santana\/\" \/>\n<meta property=\"og:locale\" content=\"pt_BR\" \/>\n<meta property=\"og:type\" content=\"article\" \/>\n<meta property=\"og:title\" content=\"Dupla Marcos e Belutti canta de surpresa em bar de Feira de Santana - Portal MF\" \/>\n<meta property=\"og:description\" content=\"Para muitos clientes que foram ao bar e restaurante, Boteco do Camar\u00e3o, na sexta-feira (21), a noite seria s\u00f3 mais um momento tranquilo, para extravasar a semana. Entretanto, os clientes e funcion\u00e1rios do estabelecimento, que est\u00e1 localizado no Ville Gourmet na avenida Jo\u00e3o Durval Carneiro, em Feira de Santana, foram surpreendidos com um show surpresa [&hellip;]\" \/>\n<meta property=\"og:url\" content=\"https:\/\/portalmf.com.br\/index.php\/2024\/06\/22\/dupla-marcos-e-belutti-canta-de-surpresa-em-bar-de-feira-de-santana\/\" \/>\n<meta property=\"og:site_name\" content=\"Portal MF\" \/>\n<meta property=\"article:published_time\" content=\"2024-06-22T17:21:22+00:00\" \/>\n<meta property=\"article:modified_time\" content=\"2024-06-22T17:30:24+00:00\" \/>\n<meta property=\"og:image\" content=\"https:\/\/portalmf.com.br\/wp-content\/uploads\/2024\/06\/Dupla-Marcos-e-Belutti-canta-de-surpresa-em-bar-de-Feira-de-Santana_site_2_capa.jpg\" \/>\n\t<meta property=\"og:image:width\" content=\"1090\" \/>\n\t<meta property=\"og:image:height\" content=\"793\" \/>\n\t<meta property=\"og:image:type\" content=\"image\/jpeg\" \/>\n<meta name=\"author\" content=\"Lila Oliveira\" \/>\n<meta name=\"twitter:card\" content=\"summary_large_image\" \/>\n<meta name=\"twitter:label1\" content=\"Escrito por\" \/>\n\t<meta name=\"twitter:data1\" content=\"Lila Oliveira\" \/>\n\t<meta name=\"twitter:label2\" content=\"Est. tempo de leitura\" \/>\n\t<meta name=\"twitter:data2\" content=\"3 minutos\" \/>\n<script type=\"application\/ld+json\" class=\"yoast-schema-graph\">{\"@context\":\"https:\/\/schema.org\",\"@graph\":[{\"@type\":\"WebPage\",\"@id\":\"https:\/\/portalmf.com.br\/index.php\/2024\/06\/22\/dupla-marcos-e-belutti-canta-de-surpresa-em-bar-de-feira-de-santana\/\",\"url\":\"https:\/\/portalmf.com.br\/index.php\/2024\/06\/22\/dupla-marcos-e-belutti-canta-de-surpresa-em-bar-de-feira-de-santana\/\",\"name\":\"Dupla Marcos e Belutti canta de surpresa em bar de Feira de Santana - Portal MF\",\"isPartOf\":{\"@id\":\"https:\/\/portalmf.com.br\/#website\"},\"primaryImageOfPage\":{\"@id\":\"https:\/\/portalmf.com.br\/index.php\/2024\/06\/22\/dupla-marcos-e-belutti-canta-de-surpresa-em-bar-de-feira-de-santana\/#primaryimage\"},\"image\":{\"@id\":\"https:\/\/portalmf.com.br\/index.php\/2024\/06\/22\/dupla-marcos-e-belutti-canta-de-surpresa-em-bar-de-feira-de-santana\/#primaryimage\"},\"thumbnailUrl\":\"https:\/\/portalmf.com.br\/wp-content\/uploads\/2024\/06\/Dupla-Marcos-e-Belutti-canta-de-surpresa-em-bar-de-Feira-de-Santana_site_2_capa.jpg\",\"datePublished\":\"2024-06-22T17:21:22+00:00\",\"dateModified\":\"2024-06-22T17:30:24+00:00\",\"author\":{\"@id\":\"https:\/\/portalmf.com.br\/#\/schema\/person\/19071c375ee7579b7300dd91d656ff97\"},\"breadcrumb\":{\"@id\":\"https:\/\/portalmf.com.br\/index.php\/2024\/06\/22\/dupla-marcos-e-belutti-canta-de-surpresa-em-bar-de-feira-de-santana\/#breadcrumb\"},\"inLanguage\":\"pt-BR\",\"potentialAction\":[{\"@type\":\"ReadAction\",\"target\":[\"https:\/\/portalmf.com.br\/index.php\/2024\/06\/22\/dupla-marcos-e-belutti-canta-de-surpresa-em-bar-de-feira-de-santana\/\"]}]},{\"@type\":\"ImageObject\",\"inLanguage\":\"pt-BR\",\"@id\":\"https:\/\/portalmf.com.br\/index.php\/2024\/06\/22\/dupla-marcos-e-belutti-canta-de-surpresa-em-bar-de-feira-de-santana\/#primaryimage\",\"url\":\"https:\/\/portalmf.com.br\/wp-content\/uploads\/2024\/06\/Dupla-Marcos-e-Belutti-canta-de-surpresa-em-bar-de-Feira-de-Santana_site_2_capa.jpg\",\"contentUrl\":\"https:\/\/portalmf.com.br\/wp-content\/uploads\/2024\/06\/Dupla-Marcos-e-Belutti-canta-de-surpresa-em-bar-de-Feira-de-Santana_site_2_capa.jpg\",\"width\":1090,\"height\":793},{\"@type\":\"BreadcrumbList\",\"@id\":\"https:\/\/portalmf.com.br\/index.php\/2024\/06\/22\/dupla-marcos-e-belutti-canta-de-surpresa-em-bar-de-feira-de-santana\/#breadcrumb\",\"itemListElement\":[{\"@type\":\"ListItem\",\"position\":1,\"name\":\"In\u00edcio\",\"item\":\"https:\/\/portalmf.com.br\/\"},{\"@type\":\"ListItem\",\"position\":2,\"name\":\"Dupla Marcos e Belutti canta de surpresa em bar de Feira de Santana\"}]},{\"@type\":\"WebSite\",\"@id\":\"https:\/\/portalmf.com.br\/#website\",\"url\":\"https:\/\/portalmf.com.br\/\",\"name\":\"Portal MF\",\"description\":\"Voc\u00ea conectado com a informa\u00e7\u00e3o\",\"potentialAction\":[{\"@type\":\"SearchAction\",\"target\":{\"@type\":\"EntryPoint\",\"urlTemplate\":\"https:\/\/portalmf.com.br\/?s={search_term_string}\"},\"query-input\":\"required name=search_term_string\"}],\"inLanguage\":\"pt-BR\"},{\"@type\":\"Person\",\"@id\":\"https:\/\/portalmf.com.br\/#\/schema\/person\/19071c375ee7579b7300dd91d656ff97\",\"name\":\"Lila Oliveira\",\"image\":{\"@type\":\"ImageObject\",\"inLanguage\":\"pt-BR\",\"@id\":\"https:\/\/portalmf.com.br\/#\/schema\/person\/image\/\",\"url\":\"https:\/\/secure.gravatar.com\/avatar\/344958fa973c4e824a6dde1b63c19431?s=96&d=mm&r=g\",\"contentUrl\":\"https:\/\/secure.gravatar.com\/avatar\/344958fa973c4e824a6dde1b63c19431?s=96&d=mm&r=g\",\"caption\":\"Lila Oliveira\"},\"sameAs\":[\"https:\/\/portalmf.com.br\/\"],\"url\":\"https:\/\/portalmf.com.br\/index.php\/author\/lilaoliveira\/\"}]}<\/script>\n<!-- \/ Yoast SEO plugin. -->","yoast_head_json":{"title":"Dupla Marcos e Belutti canta de surpresa em bar de Feira de Santana - Portal MF","robots":{"index":"index","follow":"follow","max-snippet":"max-snippet:-1","max-image-preview":"max-image-preview:large","max-video-preview":"max-video-preview:-1"},"canonical":"https:\/\/portalmf.com.br\/index.php\/2024\/06\/22\/dupla-marcos-e-belutti-canta-de-surpresa-em-bar-de-feira-de-santana\/","og_locale":"pt_BR","og_type":"article","og_title":"Dupla Marcos e Belutti canta de surpresa em bar de Feira de Santana - Portal MF","og_description":"Para muitos clientes que foram ao bar e restaurante, Boteco do Camar\u00e3o, na sexta-feira (21), a noite seria s\u00f3 mais um momento tranquilo, para extravasar a semana. Entretanto, os clientes e funcion\u00e1rios do estabelecimento, que est\u00e1 localizado no Ville Gourmet na avenida Jo\u00e3o Durval Carneiro, em Feira de Santana, foram surpreendidos com um show surpresa [&hellip;]","og_url":"https:\/\/portalmf.com.br\/index.php\/2024\/06\/22\/dupla-marcos-e-belutti-canta-de-surpresa-em-bar-de-feira-de-santana\/","og_site_name":"Portal MF","article_published_time":"2024-06-22T17:21:22+00:00","article_modified_time":"2024-06-22T17:30:24+00:00","og_image":[{"width":1090,"height":793,"url":"https:\/\/portalmf.com.br\/wp-content\/uploads\/2024\/06\/Dupla-Marcos-e-Belutti-canta-de-surpresa-em-bar-de-Feira-de-Santana_site_2_capa.jpg","type":"image\/jpeg"}],"author":"Lila Oliveira","twitter_card":"summary_large_image","twitter_misc":{"Escrito por":"Lila Oliveira","Est. tempo de leitura":"3 minutos"},"schema":{"@context":"https:\/\/schema.org","@graph":[{"@type":"WebPage","@id":"https:\/\/portalmf.com.br\/index.php\/2024\/06\/22\/dupla-marcos-e-belutti-canta-de-surpresa-em-bar-de-feira-de-santana\/","url":"https:\/\/portalmf.com.br\/index.php\/2024\/06\/22\/dupla-marcos-e-belutti-canta-de-surpresa-em-bar-de-feira-de-santana\/","name":"Dupla Marcos e Belutti canta de surpresa em bar de Feira de Santana - Portal MF","isPartOf":{"@id":"https:\/\/portalmf.com.br\/#website"},"primaryImageOfPage":{"@id":"https:\/\/portalmf.com.br\/index.php\/2024\/06\/22\/dupla-marcos-e-belutti-canta-de-surpresa-em-bar-de-feira-de-santana\/#primaryimage"},"image":{"@id":"https:\/\/portalmf.com.br\/index.php\/2024\/06\/22\/dupla-marcos-e-belutti-canta-de-surpresa-em-bar-de-feira-de-santana\/#primaryimage"},"thumbnailUrl":"https:\/\/portalmf.com.br\/wp-content\/uploads\/2024\/06\/Dupla-Marcos-e-Belutti-canta-de-surpresa-em-bar-de-Feira-de-Santana_site_2_capa.jpg","datePublished":"2024-06-22T17:21:22+00:00","dateModified":"2024-06-22T17:30:24+00:00","author":{"@id":"https:\/\/portalmf.com.br\/#\/schema\/person\/19071c375ee7579b7300dd91d656ff97"},"breadcrumb":{"@id":"https:\/\/portalmf.com.br\/index.php\/2024\/06\/22\/dupla-marcos-e-belutti-canta-de-surpresa-em-bar-de-feira-de-santana\/#breadcrumb"},"inLanguage":"pt-BR","potentialAction":[{"@type":"ReadAction","target":["https:\/\/portalmf.com.br\/index.php\/2024\/06\/22\/dupla-marcos-e-belutti-canta-de-surpresa-em-bar-de-feira-de-santana\/"]}]},{"@type":"ImageObject","inLanguage":"pt-BR","@id":"https:\/\/portalmf.com.br\/index.php\/2024\/06\/22\/dupla-marcos-e-belutti-canta-de-surpresa-em-bar-de-feira-de-santana\/#primaryimage","url":"https:\/\/portalmf.com.br\/wp-content\/uploads\/2024\/06\/Dupla-Marcos-e-Belutti-canta-de-surpresa-em-bar-de-Feira-de-Santana_site_2_capa.jpg","contentUrl":"https:\/\/portalmf.com.br\/wp-content\/uploads\/2024\/06\/Dupla-Marcos-e-Belutti-canta-de-surpresa-em-bar-de-Feira-de-Santana_site_2_capa.jpg","width":1090,"height":793},{"@type":"BreadcrumbList","@id":"https:\/\/portalmf.com.br\/index.php\/2024\/06\/22\/dupla-marcos-e-belutti-canta-de-surpresa-em-bar-de-feira-de-santana\/#breadcrumb","itemListElement":[{"@type":"ListItem","position":1,"name":"In\u00edcio","item":"https:\/\/portalmf.com.br\/"},{"@type":"ListItem","position":2,"name":"Dupla Marcos e Belutti canta de surpresa em bar de Feira de Santana"}]},{"@type":"WebSite","@id":"https:\/\/portalmf.com.br\/#website","url":"https:\/\/portalmf.com.br\/","name":"Portal MF","description":"Voc\u00ea conectado com a informa\u00e7\u00e3o","potentialAction":[{"@type":"SearchAction","target":{"@type":"EntryPoint","urlTemplate":"https:\/\/portalmf.com.br\/?s={search_term_string}"},"query-input":"required name=search_term_string"}],"inLanguage":"pt-BR"},{"@type":"Person","@id":"https:\/\/portalmf.com.br\/#\/schema\/person\/19071c375ee7579b7300dd91d656ff97","name":"Lila Oliveira","image":{"@type":"ImageObject","inLanguage":"pt-BR","@id":"https:\/\/portalmf.com.br\/#\/schema\/person\/image\/","url":"https:\/\/secure.gravatar.com\/avatar\/344958fa973c4e824a6dde1b63c19431?s=96&d=mm&r=g","contentUrl":"https:\/\/secure.gravatar.com\/avatar\/344958fa973c4e824a6dde1b63c19431?s=96&d=mm&r=g","caption":"Lila Oliveira"},"sameAs":["https:\/\/portalmf.com.br\/"],"url":"https:\/\/portalmf.com.br\/index.php\/author\/lilaoliveira\/"}]}},"_links":{"self":[{"href":"https:\/\/portalmf.com.br\/index.php\/wp-json\/wp\/v2\/posts\/27279"}],"collection":[{"href":"https:\/\/portalmf.com.br\/index.php\/wp-json\/wp\/v2\/posts"}],"about":[{"href":"https:\/\/portalmf.com.br\/index.php\/wp-json\/wp\/v2\/types\/post"}],"author":[{"embeddable":true,"href":"https:\/\/portalmf.com.br\/index.php\/wp-json\/wp\/v2\/users\/5"}],"replies":[{"embeddable":true,"href":"https:\/\/portalmf.com.br\/index.php\/wp-json\/wp\/v2\/comments?post=27279"}],"version-history":[{"count":2,"href":"https:\/\/portalmf.com.br\/index.php\/wp-json\/wp\/v2\/posts\/27279\/revisions"}],"predecessor-version":[{"id":27285,"href":"https:\/\/portalmf.com.br\/index.php\/wp-json\/wp\/v2\/posts\/27279\/revisions\/27285"}],"wp:featuredmedia":[{"embeddable":true,"href":"https:\/\/portalmf.com.br\/index.php\/wp-json\/wp\/v2\/media\/27280"}],"wp:attachment":[{"href":"https:\/\/portalmf.com.br\/index.php\/wp-json\/wp\/v2\/media?parent=27279"}],"wp:term":[{"taxonomy":"category","embeddable":true,"href":"https:\/\/portalmf.com.br\/index.php\/wp-json\/wp\/v2\/categories?post=27279"},{"taxonomy":"post_tag","embeddable":true,"href":"https:\/\/portalmf.com.br\/index.php\/wp-json\/wp\/v2\/tags?post=27279"}],"curies":[{"name":"wp","href":"https:\/\/api.w.org\/{rel}","templated":true}]}}