{"id":27231,"date":"2024-06-21T11:11:49","date_gmt":"2024-06-21T14:11:49","guid":{"rendered":"https:\/\/portalmf.com.br\/?p=27231"},"modified":"2024-06-21T11:11:51","modified_gmt":"2024-06-21T14:11:51","slug":"nenem-do-acordeom-conta-a-historia-e-desafios-da-sua-carreira","status":"publish","type":"post","link":"https:\/\/portalmf.com.br\/index.php\/2024\/06\/21\/nenem-do-acordeom-conta-a-historia-e-desafios-da-sua-carreira\/","title":{"rendered":"Nen\u00e9m do Acordeom conta a historia e desafios da sua carreira"},"content":{"rendered":"\n<p>O musicista Nen\u00e9m do Acordeon foi o terceiro entrevistado da s\u00e9rie especial de mat\u00e9rias com artistas forrozeiros. O Sanfoneiro Veterano nos festejos juninos, o artista falou sobre sua trajet\u00f3ria no mundo do forr\u00f3 sobre a carreira, sua agenda agitada de arrasta p\u00e9 com seu forr\u00f3 tradicional.<\/p>\n\n\n\n<p><em>&#8220;Essa \u00e9poca \u00e9 tudo pra gente! A gente se prepara o ano inteiro para esse momento e quando se p\u00f5e a sanfona no peito, fica tudo lindo e maravilhoso. &#8216;Todo o tempo quando houver pra mim \u00e9 pouco pra dan\u00e7ar com meu benzinho numa sala de reboco&#8217;, numa refer\u00eancia a Luiz Gonzaga, o grande rei. E viva o S\u00e3o Jo\u00e3o! Costumo dizer que o S\u00e3o Jo\u00e3o \u00e9 a apoteose brasileira. A Maior expressividade cultural do mundo, precisamos enfatizar isso e valorizar. O S\u00e3o Jo\u00e3o tem uma m\u00fasica, uma culin\u00e1ria \u00e9 uma bebida e uma indument\u00e1ria. Mostre outro evento que tenha tudo isso. N\u00e3o existe! Estou falando da Bahia,com 417 munic\u00edpios que comemora todos os festejos juninos, S\u00e3o Jo\u00e3o, S\u00e3o Jos\u00e9 e S\u00e3o Pedro. Isso \u00e9 nosso, do Nordeste, do Brasil e precisamos valorizar isso Eu luto pelo forr\u00f3, querem nivelar a gente a zero, mas a gente luta e resiste \u201c,<\/em> declara o m\u00fasico, que salienta que falar em forr\u00f3, obrigatoriamente \u00e9 preciso citar de Luiz Gonzaga.<\/p>\n\n\n\n<p>O m\u00fasico natural de Jaguara, Feira de Santana \u00e9 um forrozeiro tradicional que toca de ouvido (reconhecer as notas sem partitura) para ele, a sanfona \u00e9 a grande representa\u00e7\u00e3o da cultura nordestina, e n\u00e3o pode ser deixada de lado. Nen\u00e9m do Acordeon se descreve como um sujeito simples de Jaguara, filho de parteira que come\u00e7ou na m\u00fasica desde idade de 11 anos, quando tocava viol\u00e3o com o pai que tamb\u00e9m era m\u00fasico.<\/p>\n\n\n\n<p><em>&#8220;Minha trajet\u00f3ria at\u00e9 a sanfona, eu era violonista e eu tocava com ele, Z\u00e9 de Alice, no distrito de Jaguara todo, naquelas festas que come\u00e7avam 10 da noite e parava s\u00f3 com o sol l\u00e1 fora. Eu era menino e aquele monte de gente achando bonito um menino pequeno, ficavam em cima de mim e eu abaixava a cabe\u00e7a com vergonha. Quando dava 1 hora da manh\u00e3 e eu cansava, dormia por l\u00e1. Depois fui ser guitarrista de banda de baile aqui, mas naquela \u00e9poca dos anos 80\/90, tinha muita dificuldade com tecladista. Um belo dia fui tocar no Limoeiro, onde tinha gente para caramba e o tecladista disse que n\u00e3o ia e eu disse aos meninos que iria no lugar. Eu peguei aquelas etiquetas de marca pre\u00e7o e marquei as notas no teclado, toquei e dali pra c\u00e1, virei tecladista. Toquei com muitos m\u00fasicos bons, dei sorte, toquei com os melhores e absorvi. Artistas bons de Feira de Santana como Paulo Bind\u00e1 e Cesc\u00e9, M\u00e1rcia Porto, Djalma, Timba\u00faba, entre outros&#8221;,<\/em> diz.<\/p>\n\n\n\n<p><strong>Supera\u00e7\u00e3o<\/strong><\/p>\n\n\n\n<p>Para o artista a sanfona \u00e9 mais do que um instrumento musical, \u00e9 a consolida\u00e7\u00e3o de um sonho e de muita supera\u00e7\u00e3o.<\/p>\n\n\n\n<p><em>&#8220;Quando a Sanfona chegou na minha vida, eu costumo dizer que foi coisa de Deus. Em 1998 eu sofri um grave acidente de carro, com fratura exposta. Coloquei duas placas de platina e 12 pinos e eu pensei que o sonho de tocar sanfona j\u00e1 n\u00e3o aconteceria mais. Depois fui \u00e0 Expofeira e vi Fl\u00e1vio Jos\u00e9 tocando e pensei que teria que dar um jeito. Encontrei o cara que me deu a primeira sanfona, tentei e n\u00e3o incomodou o bra\u00e7o do acidente, mas eu n\u00e3o conseguia. At\u00e9 que fiquei lutando, tentando e deu certo. Estudei em casa em segredo um ano e um dia anunciei aos colegas que tocava. A sanfona foi o come\u00e7o da minha vida, na m\u00fasica a sanfona para mim \u00e9 tudo \u00e9 um instrumento muito dif\u00edcil, mas \u00e9 muito prazeroso<\/em>&#8220;, relembra.<\/p>\n\n\n\n<figure class=\"wp-block-embed is-type-video is-provider-youtube wp-block-embed-youtube wp-embed-aspect-16-9 wp-has-aspect-ratio\"><div class=\"wp-block-embed__wrapper\">\n<iframe title=\"Especial de S\u00e3o Jo\u00e3o 2024 com Nenem do Acordeon - TvGeral.com.br\" width=\"696\" height=\"392\" src=\"https:\/\/www.youtube.com\/embed\/V8y8jaxA71c?feature=oembed\" frameborder=\"0\" allow=\"accelerometer; autoplay; clipboard-write; encrypted-media; gyroscope; picture-in-picture; web-share\" referrerpolicy=\"strict-origin-when-cross-origin\" allowfullscreen><\/iframe>\n<\/div><\/figure>\n\n\n\n<p><strong>Hist\u00f3rias de festejos<\/strong><\/p>\n\n\n\n<p><em>&#8220;Uma vez fui tocar em Pintadas, estava marcado para tocar 2 horas da manh\u00e3, mas s\u00f3 comecei com o sol nascendo. Eu pensei, que n\u00e3o iria ficar ningu\u00e9m e que eu tocaria s\u00f3 para as muri\u00e7ocas. Para minha surpresa, n\u00e3o foi assim. S\u00f3 parei de tocar as 7:40h, com um sol alto rachando e o comandante da pol\u00edcia pedindo para parar. Se eu continuasse tocando, o pessoal continuaria o dia todo, ningu\u00e9m ia sair&#8221;,<\/em> conta<\/p>\n\n\n\n<p><strong>&nbsp;Forr\u00f3<\/strong><\/p>\n\n\n\n<p>Para Nen\u00e9m forr\u00f3 no Nordeste conta com a sazonalidade das festas juninas, quando deveria ter espa\u00e7o o ano inteiro, como acontece em outras partes.<\/p>\n\n\n\n<p><em>&#8220;Hoje eu vejo forr\u00f3 com seu espa\u00e7o, n\u00e3o s\u00f3 aqui no Nordeste. H\u00e1 uma invers\u00e3o de valores, pois no Sudeste tem forr\u00f3 o ano inteiro e aqui a gente toca mais na \u00e9poca junina. Nos outros dias at\u00e9 tocamos, mas n\u00e3o com o espa\u00e7o que dever\u00edamos\u201d.<\/em><\/p>\n\n\n\n<p><strong>Agenda<\/strong><\/p>\n\n\n\n<p>Apesar de ter uma agenda intensa de shows pelo estado, o m\u00fasico est\u00e1 entre as atra\u00e7\u00f5es do S\u00e3o Jo\u00e3o 2024 de Feira de Santana, realizado nos distritos de S\u00e3o e Maria Quit\u00e9ria.<\/p>\n\n\n\n<p><em>\u201cExpectativa muito grande! Vamos rodar o estado todo. Estaremos em Pintadas, Tanquinho, Irar\u00e1, Ant\u00f4nio Cardoso, Ipecaet\u00e1, Feira de Santana, l\u00f3gico, pois n\u00e3o poder\u00edamos deixar de fora. No Pelourinho em salvador entre outras localidades&#8221;,<\/em> conta.&nbsp;&nbsp;&nbsp;<\/p>\n","protected":false},"excerpt":{"rendered":"<p>O musicista Nen\u00e9m do Acordeon foi o terceiro entrevistado da s\u00e9rie especial de mat\u00e9rias com artistas forrozeiros. O Sanfoneiro Veterano nos festejos juninos, o artista falou sobre sua trajet\u00f3ria no mundo do forr\u00f3 sobre a carreira, sua agenda agitada de arrasta p\u00e9 com seu forr\u00f3 tradicional. &#8220;Essa \u00e9poca \u00e9 tudo pra gente! A gente se [&hellip;]<\/p>\n","protected":false},"author":5,"featured_media":27232,"comment_status":"open","ping_status":"open","sticky":false,"template":"","format":"standard","meta":{"_monsterinsights_skip_tracking":false,"_monsterinsights_sitenote_active":false,"_monsterinsights_sitenote_note":"","_monsterinsights_sitenote_category":0,"footnotes":""},"categories":[47,296],"tags":[],"yoast_head":"<!-- This site is optimized with the Yoast SEO plugin v22.9 - https:\/\/yoast.com\/wordpress\/plugins\/seo\/ -->\n<title>Nen\u00e9m do Acordeom conta a historia e desafios da sua carreira - Portal MF<\/title>\n<meta name=\"robots\" content=\"index, follow, max-snippet:-1, max-image-preview:large, max-video-preview:-1\" \/>\n<link rel=\"canonical\" href=\"https:\/\/portalmf.com.br\/index.php\/2024\/06\/21\/nenem-do-acordeom-conta-a-historia-e-desafios-da-sua-carreira\/\" \/>\n<meta property=\"og:locale\" content=\"pt_BR\" \/>\n<meta property=\"og:type\" content=\"article\" \/>\n<meta property=\"og:title\" content=\"Nen\u00e9m do Acordeom conta a historia e desafios da sua carreira - Portal MF\" \/>\n<meta property=\"og:description\" content=\"O musicista Nen\u00e9m do Acordeon foi o terceiro entrevistado da s\u00e9rie especial de mat\u00e9rias com artistas forrozeiros. O Sanfoneiro Veterano nos festejos juninos, o artista falou sobre sua trajet\u00f3ria no mundo do forr\u00f3 sobre a carreira, sua agenda agitada de arrasta p\u00e9 com seu forr\u00f3 tradicional. &#8220;Essa \u00e9poca \u00e9 tudo pra gente! A gente se [&hellip;]\" \/>\n<meta property=\"og:url\" content=\"https:\/\/portalmf.com.br\/index.php\/2024\/06\/21\/nenem-do-acordeom-conta-a-historia-e-desafios-da-sua-carreira\/\" \/>\n<meta property=\"og:site_name\" content=\"Portal MF\" \/>\n<meta property=\"article:published_time\" content=\"2024-06-21T14:11:49+00:00\" \/>\n<meta property=\"article:modified_time\" content=\"2024-06-21T14:11:51+00:00\" \/>\n<meta property=\"og:image\" content=\"https:\/\/portalmf.com.br\/wp-content\/uploads\/2024\/06\/NENEM-DO-ACORDEON-FOTO-REGINALDO-JUNIOR-RADIO-GERAL-7_site.jpg\" \/>\n\t<meta property=\"og:image:width\" content=\"800\" \/>\n\t<meta property=\"og:image:height\" content=\"600\" \/>\n\t<meta property=\"og:image:type\" content=\"image\/jpeg\" \/>\n<meta name=\"author\" content=\"Lila Oliveira\" \/>\n<meta name=\"twitter:card\" content=\"summary_large_image\" \/>\n<meta name=\"twitter:label1\" content=\"Escrito por\" \/>\n\t<meta name=\"twitter:data1\" content=\"Lila Oliveira\" \/>\n\t<meta name=\"twitter:label2\" content=\"Est. tempo de leitura\" \/>\n\t<meta name=\"twitter:data2\" content=\"5 minutos\" \/>\n<script type=\"application\/ld+json\" class=\"yoast-schema-graph\">{\"@context\":\"https:\/\/schema.org\",\"@graph\":[{\"@type\":\"WebPage\",\"@id\":\"https:\/\/portalmf.com.br\/index.php\/2024\/06\/21\/nenem-do-acordeom-conta-a-historia-e-desafios-da-sua-carreira\/\",\"url\":\"https:\/\/portalmf.com.br\/index.php\/2024\/06\/21\/nenem-do-acordeom-conta-a-historia-e-desafios-da-sua-carreira\/\",\"name\":\"Nen\u00e9m do Acordeom conta a historia e desafios da sua carreira - Portal MF\",\"isPartOf\":{\"@id\":\"https:\/\/portalmf.com.br\/#website\"},\"primaryImageOfPage\":{\"@id\":\"https:\/\/portalmf.com.br\/index.php\/2024\/06\/21\/nenem-do-acordeom-conta-a-historia-e-desafios-da-sua-carreira\/#primaryimage\"},\"image\":{\"@id\":\"https:\/\/portalmf.com.br\/index.php\/2024\/06\/21\/nenem-do-acordeom-conta-a-historia-e-desafios-da-sua-carreira\/#primaryimage\"},\"thumbnailUrl\":\"https:\/\/portalmf.com.br\/wp-content\/uploads\/2024\/06\/NENEM-DO-ACORDEON-FOTO-REGINALDO-JUNIOR-RADIO-GERAL-7_site.jpg\",\"datePublished\":\"2024-06-21T14:11:49+00:00\",\"dateModified\":\"2024-06-21T14:11:51+00:00\",\"author\":{\"@id\":\"https:\/\/portalmf.com.br\/#\/schema\/person\/19071c375ee7579b7300dd91d656ff97\"},\"breadcrumb\":{\"@id\":\"https:\/\/portalmf.com.br\/index.php\/2024\/06\/21\/nenem-do-acordeom-conta-a-historia-e-desafios-da-sua-carreira\/#breadcrumb\"},\"inLanguage\":\"pt-BR\",\"potentialAction\":[{\"@type\":\"ReadAction\",\"target\":[\"https:\/\/portalmf.com.br\/index.php\/2024\/06\/21\/nenem-do-acordeom-conta-a-historia-e-desafios-da-sua-carreira\/\"]}]},{\"@type\":\"ImageObject\",\"inLanguage\":\"pt-BR\",\"@id\":\"https:\/\/portalmf.com.br\/index.php\/2024\/06\/21\/nenem-do-acordeom-conta-a-historia-e-desafios-da-sua-carreira\/#primaryimage\",\"url\":\"https:\/\/portalmf.com.br\/wp-content\/uploads\/2024\/06\/NENEM-DO-ACORDEON-FOTO-REGINALDO-JUNIOR-RADIO-GERAL-7_site.jpg\",\"contentUrl\":\"https:\/\/portalmf.com.br\/wp-content\/uploads\/2024\/06\/NENEM-DO-ACORDEON-FOTO-REGINALDO-JUNIOR-RADIO-GERAL-7_site.jpg\",\"width\":800,\"height\":600},{\"@type\":\"BreadcrumbList\",\"@id\":\"https:\/\/portalmf.com.br\/index.php\/2024\/06\/21\/nenem-do-acordeom-conta-a-historia-e-desafios-da-sua-carreira\/#breadcrumb\",\"itemListElement\":[{\"@type\":\"ListItem\",\"position\":1,\"name\":\"In\u00edcio\",\"item\":\"https:\/\/portalmf.com.br\/\"},{\"@type\":\"ListItem\",\"position\":2,\"name\":\"Nen\u00e9m do Acordeom conta a historia e desafios da sua carreira\"}]},{\"@type\":\"WebSite\",\"@id\":\"https:\/\/portalmf.com.br\/#website\",\"url\":\"https:\/\/portalmf.com.br\/\",\"name\":\"Portal MF\",\"description\":\"Voc\u00ea conectado com a informa\u00e7\u00e3o\",\"potentialAction\":[{\"@type\":\"SearchAction\",\"target\":{\"@type\":\"EntryPoint\",\"urlTemplate\":\"https:\/\/portalmf.com.br\/?s={search_term_string}\"},\"query-input\":\"required name=search_term_string\"}],\"inLanguage\":\"pt-BR\"},{\"@type\":\"Person\",\"@id\":\"https:\/\/portalmf.com.br\/#\/schema\/person\/19071c375ee7579b7300dd91d656ff97\",\"name\":\"Lila Oliveira\",\"image\":{\"@type\":\"ImageObject\",\"inLanguage\":\"pt-BR\",\"@id\":\"https:\/\/portalmf.com.br\/#\/schema\/person\/image\/\",\"url\":\"https:\/\/secure.gravatar.com\/avatar\/344958fa973c4e824a6dde1b63c19431?s=96&d=mm&r=g\",\"contentUrl\":\"https:\/\/secure.gravatar.com\/avatar\/344958fa973c4e824a6dde1b63c19431?s=96&d=mm&r=g\",\"caption\":\"Lila Oliveira\"},\"sameAs\":[\"https:\/\/portalmf.com.br\/\"],\"url\":\"https:\/\/portalmf.com.br\/index.php\/author\/lilaoliveira\/\"}]}<\/script>\n<!-- \/ Yoast SEO plugin. -->","yoast_head_json":{"title":"Nen\u00e9m do Acordeom conta a historia e desafios da sua carreira - Portal MF","robots":{"index":"index","follow":"follow","max-snippet":"max-snippet:-1","max-image-preview":"max-image-preview:large","max-video-preview":"max-video-preview:-1"},"canonical":"https:\/\/portalmf.com.br\/index.php\/2024\/06\/21\/nenem-do-acordeom-conta-a-historia-e-desafios-da-sua-carreira\/","og_locale":"pt_BR","og_type":"article","og_title":"Nen\u00e9m do Acordeom conta a historia e desafios da sua carreira - Portal MF","og_description":"O musicista Nen\u00e9m do Acordeon foi o terceiro entrevistado da s\u00e9rie especial de mat\u00e9rias com artistas forrozeiros. O Sanfoneiro Veterano nos festejos juninos, o artista falou sobre sua trajet\u00f3ria no mundo do forr\u00f3 sobre a carreira, sua agenda agitada de arrasta p\u00e9 com seu forr\u00f3 tradicional. &#8220;Essa \u00e9poca \u00e9 tudo pra gente! A gente se [&hellip;]","og_url":"https:\/\/portalmf.com.br\/index.php\/2024\/06\/21\/nenem-do-acordeom-conta-a-historia-e-desafios-da-sua-carreira\/","og_site_name":"Portal MF","article_published_time":"2024-06-21T14:11:49+00:00","article_modified_time":"2024-06-21T14:11:51+00:00","og_image":[{"width":800,"height":600,"url":"https:\/\/portalmf.com.br\/wp-content\/uploads\/2024\/06\/NENEM-DO-ACORDEON-FOTO-REGINALDO-JUNIOR-RADIO-GERAL-7_site.jpg","type":"image\/jpeg"}],"author":"Lila Oliveira","twitter_card":"summary_large_image","twitter_misc":{"Escrito por":"Lila Oliveira","Est. tempo de leitura":"5 minutos"},"schema":{"@context":"https:\/\/schema.org","@graph":[{"@type":"WebPage","@id":"https:\/\/portalmf.com.br\/index.php\/2024\/06\/21\/nenem-do-acordeom-conta-a-historia-e-desafios-da-sua-carreira\/","url":"https:\/\/portalmf.com.br\/index.php\/2024\/06\/21\/nenem-do-acordeom-conta-a-historia-e-desafios-da-sua-carreira\/","name":"Nen\u00e9m do Acordeom conta a historia e desafios da sua carreira - Portal MF","isPartOf":{"@id":"https:\/\/portalmf.com.br\/#website"},"primaryImageOfPage":{"@id":"https:\/\/portalmf.com.br\/index.php\/2024\/06\/21\/nenem-do-acordeom-conta-a-historia-e-desafios-da-sua-carreira\/#primaryimage"},"image":{"@id":"https:\/\/portalmf.com.br\/index.php\/2024\/06\/21\/nenem-do-acordeom-conta-a-historia-e-desafios-da-sua-carreira\/#primaryimage"},"thumbnailUrl":"https:\/\/portalmf.com.br\/wp-content\/uploads\/2024\/06\/NENEM-DO-ACORDEON-FOTO-REGINALDO-JUNIOR-RADIO-GERAL-7_site.jpg","datePublished":"2024-06-21T14:11:49+00:00","dateModified":"2024-06-21T14:11:51+00:00","author":{"@id":"https:\/\/portalmf.com.br\/#\/schema\/person\/19071c375ee7579b7300dd91d656ff97"},"breadcrumb":{"@id":"https:\/\/portalmf.com.br\/index.php\/2024\/06\/21\/nenem-do-acordeom-conta-a-historia-e-desafios-da-sua-carreira\/#breadcrumb"},"inLanguage":"pt-BR","potentialAction":[{"@type":"ReadAction","target":["https:\/\/portalmf.com.br\/index.php\/2024\/06\/21\/nenem-do-acordeom-conta-a-historia-e-desafios-da-sua-carreira\/"]}]},{"@type":"ImageObject","inLanguage":"pt-BR","@id":"https:\/\/portalmf.com.br\/index.php\/2024\/06\/21\/nenem-do-acordeom-conta-a-historia-e-desafios-da-sua-carreira\/#primaryimage","url":"https:\/\/portalmf.com.br\/wp-content\/uploads\/2024\/06\/NENEM-DO-ACORDEON-FOTO-REGINALDO-JUNIOR-RADIO-GERAL-7_site.jpg","contentUrl":"https:\/\/portalmf.com.br\/wp-content\/uploads\/2024\/06\/NENEM-DO-ACORDEON-FOTO-REGINALDO-JUNIOR-RADIO-GERAL-7_site.jpg","width":800,"height":600},{"@type":"BreadcrumbList","@id":"https:\/\/portalmf.com.br\/index.php\/2024\/06\/21\/nenem-do-acordeom-conta-a-historia-e-desafios-da-sua-carreira\/#breadcrumb","itemListElement":[{"@type":"ListItem","position":1,"name":"In\u00edcio","item":"https:\/\/portalmf.com.br\/"},{"@type":"ListItem","position":2,"name":"Nen\u00e9m do Acordeom conta a historia e desafios da sua carreira"}]},{"@type":"WebSite","@id":"https:\/\/portalmf.com.br\/#website","url":"https:\/\/portalmf.com.br\/","name":"Portal MF","description":"Voc\u00ea conectado com a informa\u00e7\u00e3o","potentialAction":[{"@type":"SearchAction","target":{"@type":"EntryPoint","urlTemplate":"https:\/\/portalmf.com.br\/?s={search_term_string}"},"query-input":"required name=search_term_string"}],"inLanguage":"pt-BR"},{"@type":"Person","@id":"https:\/\/portalmf.com.br\/#\/schema\/person\/19071c375ee7579b7300dd91d656ff97","name":"Lila Oliveira","image":{"@type":"ImageObject","inLanguage":"pt-BR","@id":"https:\/\/portalmf.com.br\/#\/schema\/person\/image\/","url":"https:\/\/secure.gravatar.com\/avatar\/344958fa973c4e824a6dde1b63c19431?s=96&d=mm&r=g","contentUrl":"https:\/\/secure.gravatar.com\/avatar\/344958fa973c4e824a6dde1b63c19431?s=96&d=mm&r=g","caption":"Lila Oliveira"},"sameAs":["https:\/\/portalmf.com.br\/"],"url":"https:\/\/portalmf.com.br\/index.php\/author\/lilaoliveira\/"}]}},"_links":{"self":[{"href":"https:\/\/portalmf.com.br\/index.php\/wp-json\/wp\/v2\/posts\/27231"}],"collection":[{"href":"https:\/\/portalmf.com.br\/index.php\/wp-json\/wp\/v2\/posts"}],"about":[{"href":"https:\/\/portalmf.com.br\/index.php\/wp-json\/wp\/v2\/types\/post"}],"author":[{"embeddable":true,"href":"https:\/\/portalmf.com.br\/index.php\/wp-json\/wp\/v2\/users\/5"}],"replies":[{"embeddable":true,"href":"https:\/\/portalmf.com.br\/index.php\/wp-json\/wp\/v2\/comments?post=27231"}],"version-history":[{"count":1,"href":"https:\/\/portalmf.com.br\/index.php\/wp-json\/wp\/v2\/posts\/27231\/revisions"}],"predecessor-version":[{"id":27233,"href":"https:\/\/portalmf.com.br\/index.php\/wp-json\/wp\/v2\/posts\/27231\/revisions\/27233"}],"wp:featuredmedia":[{"embeddable":true,"href":"https:\/\/portalmf.com.br\/index.php\/wp-json\/wp\/v2\/media\/27232"}],"wp:attachment":[{"href":"https:\/\/portalmf.com.br\/index.php\/wp-json\/wp\/v2\/media?parent=27231"}],"wp:term":[{"taxonomy":"category","embeddable":true,"href":"https:\/\/portalmf.com.br\/index.php\/wp-json\/wp\/v2\/categories?post=27231"},{"taxonomy":"post_tag","embeddable":true,"href":"https:\/\/portalmf.com.br\/index.php\/wp-json\/wp\/v2\/tags?post=27231"}],"curies":[{"name":"wp","href":"https:\/\/api.w.org\/{rel}","templated":true}]}}