{"id":27202,"date":"2024-06-19T17:40:50","date_gmt":"2024-06-19T20:40:50","guid":{"rendered":"https:\/\/portalmf.com.br\/?p=27202"},"modified":"2024-06-19T17:40:51","modified_gmt":"2024-06-19T20:40:51","slug":"janderson-do-acordeon-conta-sobre-paixao-pelo-acordeom","status":"publish","type":"post","link":"https:\/\/portalmf.com.br\/index.php\/2024\/06\/19\/janderson-do-acordeon-conta-sobre-paixao-pelo-acordeom\/","title":{"rendered":"Janderson do Acordeon conta sobre paix\u00e3o pelo acordeom"},"content":{"rendered":"\n<p>&#8220;Ele espera o ano inteiro para chegar ao S\u00e3o Jo\u00e3o&#8221;, esse \u00e9 o caso do m\u00fasico, Janderson do Acordeon, que compartilhou com o jornal Folha do Estado e com a TV Geral, suas expectativas para a festa mais esperada do ano e tamb\u00e9m o que \u00e9 necess\u00e1rio para ter um S\u00e3o Jo\u00e3o perfeito.<\/p>\n\n\n\n<p><em>&#8220;As expectativas est\u00e3o as melhores poss\u00edveis. S\u00e3o Jo\u00e3o 2024, gra\u00e7as a Deus, tudo maravilhoso e a gente tentando ao m\u00e1ximo atender as pessoas porque a agenda est\u00e1 intensa e a gente vai tentando se espremer e se esticar para aproveitar. Nordestino escuta forr\u00f3 o ano todo e no m\u00eas do S\u00e3o Jo\u00e3o e overdose de forr\u00f3. Voc\u00eas da Tv geral e grupo Folha do Estado\u00a0sabem bem o que \u00e9 o S\u00e3o Jo\u00e3o do Nordeste. A nossa maior alegria&#8221;<\/em>, decreta o artista.<\/p>\n\n\n\n<p>Com uma agenda apertada, o sanfoneiro n\u00e3o abre m\u00e3o de manter uma certa tradi\u00e7\u00e3o junina. Al\u00e9m da tradicional canjica e do bolo de aipim, o compositor acrescenta dois ingredientes secretos \u00e0 receita do S\u00e3o Jo\u00e3o perfeito.<\/p>\n\n\n\n<p><em>&#8220;O que n\u00e3o pode faltar no S\u00e3o Jo\u00e3o \u00e9 bolo de aipim, minha sanfoninha e estar entre amigos, nem que seja por mensagem, que a gente passa muito tempo na estrada e eles mandam mensagens, que aquece o cora\u00e7\u00e3o. Tamb\u00e9m tem que ter\u00a0 minha canjica, mas o indispens\u00e1vel \u00e9 alegria e paz. A festa \u00e9 cultura, tradi\u00e7\u00e3o, transforma\u00e7\u00e3o, a express\u00e3o do nosso jeitinho nordestino, o combo do S\u00e3o Jo\u00e3o\u00a0 perfeito&#8221;<\/em>, diz.<\/p>\n\n\n\n<p>Sanfonista&nbsp;profissional, Sua paix\u00e3o pelo acordeom come\u00e7ou desde muito cedo, quando viu o instrumento pela primeira vez na casa de seu av\u00f4, que era tamb\u00e9m sanfoneiro e violinista.&nbsp; Para carregar o acorde\u00e3o, um instrumento de quase 13 quilos durante tantas horas, Janderson diz que \u00e9 preciso ter preparo.<\/p>\n\n\n\n<figure class=\"wp-block-embed is-type-video is-provider-youtube wp-block-embed-youtube wp-embed-aspect-16-9 wp-has-aspect-ratio\"><div class=\"wp-block-embed__wrapper\">\n<iframe title=\"Especial de S\u00e3o Jo\u00e3o 2024 com Janderson do Acordeon - TvGeral.com.br- TvGeral.com.br\" width=\"696\" height=\"392\" src=\"https:\/\/www.youtube.com\/embed\/Dg3UMjwf6NI?feature=oembed\" frameborder=\"0\" allow=\"accelerometer; autoplay; clipboard-write; encrypted-media; gyroscope; picture-in-picture; web-share\" referrerpolicy=\"strict-origin-when-cross-origin\" allowfullscreen><\/iframe>\n<\/div><\/figure>\n\n\n\n<p><em>\u201cTem que se preparar antes, n\u00e3o tem jeito. J\u00e1 ao acordar j\u00e1 come\u00e7o a alongar os bra\u00e7os para dar conta. Al\u00e9m disso, tem flex\u00f5es, apoio, pra\u00e7a, tudo para fortalecer porque o instrumento \u00e9 pesado, ent\u00e3o a gente, al\u00e9m de se profissionalizar na m\u00fasica, precisa condicionar o f\u00edsico e, \u00e9 claro, ter amor pelo que faz. Eu mesmo, se eu pudesse permanecer para sempre tocando sanfona e permanecer com esse pesinho, eu ficaria\u201d.<\/em><\/p>\n\n\n\n<h2 class=\"wp-block-heading\">Biografia<\/h2>\n\n\n\n<p>Poeta, m\u00fasico e compositor renomado, tamb\u00e9m \u00e9 professor de acordeom, al\u00e9m de prestar assist\u00eancia t\u00e9cnica para instrumentos.&nbsp; Vanderson ministra aula de m\u00fasica de sanfona, viol\u00e3o e piano. Ao longo da sua carreira, acumula importantes feitos como: grava\u00e7\u00e3o do DVD \u201cDo Sisal a capital\u201d de Quirinho de Valente. Em 2020 participou do F\u00f3rum Estadual Forr\u00f3 de Raiz, dissertando sobre eletrifica\u00e7\u00e3o e afina\u00e7\u00e3o de acordeon em 2022 participou do VII Festival Internacional da Sanfona.&nbsp;<\/p>\n","protected":false},"excerpt":{"rendered":"<p>&#8220;Ele espera o ano inteiro para chegar ao S\u00e3o Jo\u00e3o&#8221;, esse \u00e9 o caso do m\u00fasico, Janderson do Acordeon, que compartilhou com o jornal Folha do Estado e com a TV Geral, suas expectativas para a festa mais esperada do ano e tamb\u00e9m o que \u00e9 necess\u00e1rio para ter um S\u00e3o Jo\u00e3o perfeito. &#8220;As expectativas [&hellip;]<\/p>\n","protected":false},"author":5,"featured_media":27203,"comment_status":"open","ping_status":"open","sticky":false,"template":"","format":"standard","meta":{"_monsterinsights_skip_tracking":false,"_monsterinsights_sitenote_active":false,"_monsterinsights_sitenote_note":"","_monsterinsights_sitenote_category":0,"footnotes":""},"categories":[48,296],"tags":[],"yoast_head":"<!-- This site is optimized with the Yoast SEO plugin v22.9 - https:\/\/yoast.com\/wordpress\/plugins\/seo\/ -->\n<title>Janderson do Acordeon conta sobre paix\u00e3o pelo acordeom - Portal MF<\/title>\n<meta name=\"robots\" content=\"index, follow, max-snippet:-1, max-image-preview:large, max-video-preview:-1\" \/>\n<link rel=\"canonical\" href=\"https:\/\/portalmf.com.br\/index.php\/2024\/06\/19\/janderson-do-acordeon-conta-sobre-paixao-pelo-acordeom\/\" \/>\n<meta property=\"og:locale\" content=\"pt_BR\" \/>\n<meta property=\"og:type\" content=\"article\" \/>\n<meta property=\"og:title\" content=\"Janderson do Acordeon conta sobre paix\u00e3o pelo acordeom - Portal MF\" \/>\n<meta property=\"og:description\" content=\"&#8220;Ele espera o ano inteiro para chegar ao S\u00e3o Jo\u00e3o&#8221;, esse \u00e9 o caso do m\u00fasico, Janderson do Acordeon, que compartilhou com o jornal Folha do Estado e com a TV Geral, suas expectativas para a festa mais esperada do ano e tamb\u00e9m o que \u00e9 necess\u00e1rio para ter um S\u00e3o Jo\u00e3o perfeito. &#8220;As expectativas [&hellip;]\" \/>\n<meta property=\"og:url\" content=\"https:\/\/portalmf.com.br\/index.php\/2024\/06\/19\/janderson-do-acordeon-conta-sobre-paixao-pelo-acordeom\/\" \/>\n<meta property=\"og:site_name\" content=\"Portal MF\" \/>\n<meta property=\"article:published_time\" content=\"2024-06-19T20:40:50+00:00\" \/>\n<meta property=\"article:modified_time\" content=\"2024-06-19T20:40:51+00:00\" \/>\n<meta property=\"og:image\" content=\"https:\/\/portalmf.com.br\/wp-content\/uploads\/2024\/06\/JANDERSON-ACORDEON-FOTO-REGINALDO-JUNIOR-RADIO-GERAL-1_site.jpg\" \/>\n\t<meta property=\"og:image:width\" content=\"800\" \/>\n\t<meta property=\"og:image:height\" content=\"592\" \/>\n\t<meta property=\"og:image:type\" content=\"image\/jpeg\" \/>\n<meta name=\"author\" content=\"Lila Oliveira\" \/>\n<meta name=\"twitter:card\" content=\"summary_large_image\" \/>\n<meta name=\"twitter:label1\" content=\"Escrito por\" \/>\n\t<meta name=\"twitter:data1\" content=\"Lila Oliveira\" \/>\n\t<meta name=\"twitter:label2\" content=\"Est. tempo de leitura\" \/>\n\t<meta name=\"twitter:data2\" content=\"3 minutos\" \/>\n<script type=\"application\/ld+json\" class=\"yoast-schema-graph\">{\"@context\":\"https:\/\/schema.org\",\"@graph\":[{\"@type\":\"WebPage\",\"@id\":\"https:\/\/portalmf.com.br\/index.php\/2024\/06\/19\/janderson-do-acordeon-conta-sobre-paixao-pelo-acordeom\/\",\"url\":\"https:\/\/portalmf.com.br\/index.php\/2024\/06\/19\/janderson-do-acordeon-conta-sobre-paixao-pelo-acordeom\/\",\"name\":\"Janderson do Acordeon conta sobre paix\u00e3o pelo acordeom - Portal MF\",\"isPartOf\":{\"@id\":\"https:\/\/portalmf.com.br\/#website\"},\"primaryImageOfPage\":{\"@id\":\"https:\/\/portalmf.com.br\/index.php\/2024\/06\/19\/janderson-do-acordeon-conta-sobre-paixao-pelo-acordeom\/#primaryimage\"},\"image\":{\"@id\":\"https:\/\/portalmf.com.br\/index.php\/2024\/06\/19\/janderson-do-acordeon-conta-sobre-paixao-pelo-acordeom\/#primaryimage\"},\"thumbnailUrl\":\"https:\/\/portalmf.com.br\/wp-content\/uploads\/2024\/06\/JANDERSON-ACORDEON-FOTO-REGINALDO-JUNIOR-RADIO-GERAL-1_site.jpg\",\"datePublished\":\"2024-06-19T20:40:50+00:00\",\"dateModified\":\"2024-06-19T20:40:51+00:00\",\"author\":{\"@id\":\"https:\/\/portalmf.com.br\/#\/schema\/person\/19071c375ee7579b7300dd91d656ff97\"},\"breadcrumb\":{\"@id\":\"https:\/\/portalmf.com.br\/index.php\/2024\/06\/19\/janderson-do-acordeon-conta-sobre-paixao-pelo-acordeom\/#breadcrumb\"},\"inLanguage\":\"pt-BR\",\"potentialAction\":[{\"@type\":\"ReadAction\",\"target\":[\"https:\/\/portalmf.com.br\/index.php\/2024\/06\/19\/janderson-do-acordeon-conta-sobre-paixao-pelo-acordeom\/\"]}]},{\"@type\":\"ImageObject\",\"inLanguage\":\"pt-BR\",\"@id\":\"https:\/\/portalmf.com.br\/index.php\/2024\/06\/19\/janderson-do-acordeon-conta-sobre-paixao-pelo-acordeom\/#primaryimage\",\"url\":\"https:\/\/portalmf.com.br\/wp-content\/uploads\/2024\/06\/JANDERSON-ACORDEON-FOTO-REGINALDO-JUNIOR-RADIO-GERAL-1_site.jpg\",\"contentUrl\":\"https:\/\/portalmf.com.br\/wp-content\/uploads\/2024\/06\/JANDERSON-ACORDEON-FOTO-REGINALDO-JUNIOR-RADIO-GERAL-1_site.jpg\",\"width\":800,\"height\":592},{\"@type\":\"BreadcrumbList\",\"@id\":\"https:\/\/portalmf.com.br\/index.php\/2024\/06\/19\/janderson-do-acordeon-conta-sobre-paixao-pelo-acordeom\/#breadcrumb\",\"itemListElement\":[{\"@type\":\"ListItem\",\"position\":1,\"name\":\"In\u00edcio\",\"item\":\"https:\/\/portalmf.com.br\/\"},{\"@type\":\"ListItem\",\"position\":2,\"name\":\"Janderson do Acordeon conta sobre paix\u00e3o pelo acordeom\"}]},{\"@type\":\"WebSite\",\"@id\":\"https:\/\/portalmf.com.br\/#website\",\"url\":\"https:\/\/portalmf.com.br\/\",\"name\":\"Portal MF\",\"description\":\"Voc\u00ea conectado com a informa\u00e7\u00e3o\",\"potentialAction\":[{\"@type\":\"SearchAction\",\"target\":{\"@type\":\"EntryPoint\",\"urlTemplate\":\"https:\/\/portalmf.com.br\/?s={search_term_string}\"},\"query-input\":\"required name=search_term_string\"}],\"inLanguage\":\"pt-BR\"},{\"@type\":\"Person\",\"@id\":\"https:\/\/portalmf.com.br\/#\/schema\/person\/19071c375ee7579b7300dd91d656ff97\",\"name\":\"Lila Oliveira\",\"image\":{\"@type\":\"ImageObject\",\"inLanguage\":\"pt-BR\",\"@id\":\"https:\/\/portalmf.com.br\/#\/schema\/person\/image\/\",\"url\":\"https:\/\/secure.gravatar.com\/avatar\/344958fa973c4e824a6dde1b63c19431?s=96&d=mm&r=g\",\"contentUrl\":\"https:\/\/secure.gravatar.com\/avatar\/344958fa973c4e824a6dde1b63c19431?s=96&d=mm&r=g\",\"caption\":\"Lila Oliveira\"},\"sameAs\":[\"https:\/\/portalmf.com.br\/\"],\"url\":\"https:\/\/portalmf.com.br\/index.php\/author\/lilaoliveira\/\"}]}<\/script>\n<!-- \/ Yoast SEO plugin. -->","yoast_head_json":{"title":"Janderson do Acordeon conta sobre paix\u00e3o pelo acordeom - Portal MF","robots":{"index":"index","follow":"follow","max-snippet":"max-snippet:-1","max-image-preview":"max-image-preview:large","max-video-preview":"max-video-preview:-1"},"canonical":"https:\/\/portalmf.com.br\/index.php\/2024\/06\/19\/janderson-do-acordeon-conta-sobre-paixao-pelo-acordeom\/","og_locale":"pt_BR","og_type":"article","og_title":"Janderson do Acordeon conta sobre paix\u00e3o pelo acordeom - Portal MF","og_description":"&#8220;Ele espera o ano inteiro para chegar ao S\u00e3o Jo\u00e3o&#8221;, esse \u00e9 o caso do m\u00fasico, Janderson do Acordeon, que compartilhou com o jornal Folha do Estado e com a TV Geral, suas expectativas para a festa mais esperada do ano e tamb\u00e9m o que \u00e9 necess\u00e1rio para ter um S\u00e3o Jo\u00e3o perfeito. &#8220;As expectativas [&hellip;]","og_url":"https:\/\/portalmf.com.br\/index.php\/2024\/06\/19\/janderson-do-acordeon-conta-sobre-paixao-pelo-acordeom\/","og_site_name":"Portal MF","article_published_time":"2024-06-19T20:40:50+00:00","article_modified_time":"2024-06-19T20:40:51+00:00","og_image":[{"width":800,"height":592,"url":"https:\/\/portalmf.com.br\/wp-content\/uploads\/2024\/06\/JANDERSON-ACORDEON-FOTO-REGINALDO-JUNIOR-RADIO-GERAL-1_site.jpg","type":"image\/jpeg"}],"author":"Lila Oliveira","twitter_card":"summary_large_image","twitter_misc":{"Escrito por":"Lila Oliveira","Est. tempo de leitura":"3 minutos"},"schema":{"@context":"https:\/\/schema.org","@graph":[{"@type":"WebPage","@id":"https:\/\/portalmf.com.br\/index.php\/2024\/06\/19\/janderson-do-acordeon-conta-sobre-paixao-pelo-acordeom\/","url":"https:\/\/portalmf.com.br\/index.php\/2024\/06\/19\/janderson-do-acordeon-conta-sobre-paixao-pelo-acordeom\/","name":"Janderson do Acordeon conta sobre paix\u00e3o pelo acordeom - Portal MF","isPartOf":{"@id":"https:\/\/portalmf.com.br\/#website"},"primaryImageOfPage":{"@id":"https:\/\/portalmf.com.br\/index.php\/2024\/06\/19\/janderson-do-acordeon-conta-sobre-paixao-pelo-acordeom\/#primaryimage"},"image":{"@id":"https:\/\/portalmf.com.br\/index.php\/2024\/06\/19\/janderson-do-acordeon-conta-sobre-paixao-pelo-acordeom\/#primaryimage"},"thumbnailUrl":"https:\/\/portalmf.com.br\/wp-content\/uploads\/2024\/06\/JANDERSON-ACORDEON-FOTO-REGINALDO-JUNIOR-RADIO-GERAL-1_site.jpg","datePublished":"2024-06-19T20:40:50+00:00","dateModified":"2024-06-19T20:40:51+00:00","author":{"@id":"https:\/\/portalmf.com.br\/#\/schema\/person\/19071c375ee7579b7300dd91d656ff97"},"breadcrumb":{"@id":"https:\/\/portalmf.com.br\/index.php\/2024\/06\/19\/janderson-do-acordeon-conta-sobre-paixao-pelo-acordeom\/#breadcrumb"},"inLanguage":"pt-BR","potentialAction":[{"@type":"ReadAction","target":["https:\/\/portalmf.com.br\/index.php\/2024\/06\/19\/janderson-do-acordeon-conta-sobre-paixao-pelo-acordeom\/"]}]},{"@type":"ImageObject","inLanguage":"pt-BR","@id":"https:\/\/portalmf.com.br\/index.php\/2024\/06\/19\/janderson-do-acordeon-conta-sobre-paixao-pelo-acordeom\/#primaryimage","url":"https:\/\/portalmf.com.br\/wp-content\/uploads\/2024\/06\/JANDERSON-ACORDEON-FOTO-REGINALDO-JUNIOR-RADIO-GERAL-1_site.jpg","contentUrl":"https:\/\/portalmf.com.br\/wp-content\/uploads\/2024\/06\/JANDERSON-ACORDEON-FOTO-REGINALDO-JUNIOR-RADIO-GERAL-1_site.jpg","width":800,"height":592},{"@type":"BreadcrumbList","@id":"https:\/\/portalmf.com.br\/index.php\/2024\/06\/19\/janderson-do-acordeon-conta-sobre-paixao-pelo-acordeom\/#breadcrumb","itemListElement":[{"@type":"ListItem","position":1,"name":"In\u00edcio","item":"https:\/\/portalmf.com.br\/"},{"@type":"ListItem","position":2,"name":"Janderson do Acordeon conta sobre paix\u00e3o pelo acordeom"}]},{"@type":"WebSite","@id":"https:\/\/portalmf.com.br\/#website","url":"https:\/\/portalmf.com.br\/","name":"Portal MF","description":"Voc\u00ea conectado com a informa\u00e7\u00e3o","potentialAction":[{"@type":"SearchAction","target":{"@type":"EntryPoint","urlTemplate":"https:\/\/portalmf.com.br\/?s={search_term_string}"},"query-input":"required name=search_term_string"}],"inLanguage":"pt-BR"},{"@type":"Person","@id":"https:\/\/portalmf.com.br\/#\/schema\/person\/19071c375ee7579b7300dd91d656ff97","name":"Lila Oliveira","image":{"@type":"ImageObject","inLanguage":"pt-BR","@id":"https:\/\/portalmf.com.br\/#\/schema\/person\/image\/","url":"https:\/\/secure.gravatar.com\/avatar\/344958fa973c4e824a6dde1b63c19431?s=96&d=mm&r=g","contentUrl":"https:\/\/secure.gravatar.com\/avatar\/344958fa973c4e824a6dde1b63c19431?s=96&d=mm&r=g","caption":"Lila Oliveira"},"sameAs":["https:\/\/portalmf.com.br\/"],"url":"https:\/\/portalmf.com.br\/index.php\/author\/lilaoliveira\/"}]}},"_links":{"self":[{"href":"https:\/\/portalmf.com.br\/index.php\/wp-json\/wp\/v2\/posts\/27202"}],"collection":[{"href":"https:\/\/portalmf.com.br\/index.php\/wp-json\/wp\/v2\/posts"}],"about":[{"href":"https:\/\/portalmf.com.br\/index.php\/wp-json\/wp\/v2\/types\/post"}],"author":[{"embeddable":true,"href":"https:\/\/portalmf.com.br\/index.php\/wp-json\/wp\/v2\/users\/5"}],"replies":[{"embeddable":true,"href":"https:\/\/portalmf.com.br\/index.php\/wp-json\/wp\/v2\/comments?post=27202"}],"version-history":[{"count":1,"href":"https:\/\/portalmf.com.br\/index.php\/wp-json\/wp\/v2\/posts\/27202\/revisions"}],"predecessor-version":[{"id":27204,"href":"https:\/\/portalmf.com.br\/index.php\/wp-json\/wp\/v2\/posts\/27202\/revisions\/27204"}],"wp:featuredmedia":[{"embeddable":true,"href":"https:\/\/portalmf.com.br\/index.php\/wp-json\/wp\/v2\/media\/27203"}],"wp:attachment":[{"href":"https:\/\/portalmf.com.br\/index.php\/wp-json\/wp\/v2\/media?parent=27202"}],"wp:term":[{"taxonomy":"category","embeddable":true,"href":"https:\/\/portalmf.com.br\/index.php\/wp-json\/wp\/v2\/categories?post=27202"},{"taxonomy":"post_tag","embeddable":true,"href":"https:\/\/portalmf.com.br\/index.php\/wp-json\/wp\/v2\/tags?post=27202"}],"curies":[{"name":"wp","href":"https:\/\/api.w.org\/{rel}","templated":true}]}}