{"id":27199,"date":"2024-06-19T17:32:18","date_gmt":"2024-06-19T20:32:18","guid":{"rendered":"https:\/\/portalmf.com.br\/?p=27199"},"modified":"2024-06-19T17:32:20","modified_gmt":"2024-06-19T20:32:20","slug":"dr-ed-forrozeiro-fala-sobre-expectativa-para-o-sao-joao-2024","status":"publish","type":"post","link":"https:\/\/portalmf.com.br\/index.php\/2024\/06\/19\/dr-ed-forrozeiro-fala-sobre-expectativa-para-o-sao-joao-2024\/","title":{"rendered":"Dr ED Forrozeiro fala sobre expectativa para o S\u00e3o Jo\u00e3o 2024"},"content":{"rendered":"\n<p>Ao perguntar quem \u00e9 Dr Ed a resposta veio de imediato: <em>\u201cSou Edinaldo Jos\u00e9 da Silva, mais conhecido como Dr ED forrozeiro. Costumo dizer que sou papa fina, mingau sem caro\u00e7o e goiaba sem bicho. Uma pessoa boa, do bem e, ao mesmo tempo, n\u00e3o t\u00e3o do bem assim, dependendo de como me tratem. Mas eu procuro tratar todos muito bem e \u00e9 um prazer ser seu\u201d<\/em>.<\/p>\n\n\n\n<p>O compositor, cantor e sanfoneiro, conta como iniciou a carreira e quando, mesmo como iniciante tocando o instrumento que tem n\u00edvel de complexidade alto, subiu aos palcos para se apresentar. <\/p>\n\n\n\n<p><em>\u201cMinha carreira de sanfoneiro come\u00e7ou por necessidade, eu iniciei um grupo de forr\u00f3, mas n\u00e3o tinha um sanfoneiro. Era muito caro e dif\u00edcil achar, ent\u00e3o eu tive que aprender. Em tr\u00eas meses ap\u00f3s ter come\u00e7ado a aprender, eu j\u00e1 me apresentei nos palcos e nunca mais larguei\u201d<\/em>, conta.<\/p>\n\n\n\n<p>Dr ED salienta que o instrumento \u00e9 s\u00edmbolo de afeto e alegria. <em>\u201cA sanfona chegou como presente da minha esposa, primeiro eu comprei uma sanfona que n\u00e3o deu muito certo e essa aqui, a profissional, ganhei de Carolina que est\u00e1 comigo at\u00e9 hoje. S\u00e3o Jo\u00e3o representa sabor, gosto alegria, vis\u00e3o, representa mem\u00f3ria, contexto e conceito que \u00e0s vezes \u00e9 gen\u00e9tico, j\u00e1 nasce com a gente, na batida do zabumba no \u2018trilingar\u2019 do tri\u00e2ngulo e no som da sanfona. Um instrumento que\u00a0\u00a0 representa carinho, afeto, alegria, porque voc\u00ea abra\u00e7a e voc\u00ea for\u00e7a um pouco, ela \u00e9 um instrumento de sopro atrav\u00e9s do f\u00f3rum. E sai um ar. \u00c9 um ato de carinho. Ent\u00e3o, voc\u00ea expressa o seu sentimento. Voc\u00ea est\u00e1 sentindo e ela responde naturalmente a voc\u00ea. A sanfona representa afeto\u201d<\/em>, diz o cantor.<\/p>\n\n\n\n<figure class=\"wp-block-embed is-type-video is-provider-youtube wp-block-embed-youtube wp-embed-aspect-16-9 wp-has-aspect-ratio\"><div class=\"wp-block-embed__wrapper\">\n<iframe title=\"Especial de S\u00e3o Jo\u00e3o 2024 com forrozeiro DR ED - TvGeral.com.br\" width=\"696\" height=\"392\" src=\"https:\/\/www.youtube.com\/embed\/0YyfCttYwYs?feature=oembed\" frameborder=\"0\" allow=\"accelerometer; autoplay; clipboard-write; encrypted-media; gyroscope; picture-in-picture; web-share\" referrerpolicy=\"strict-origin-when-cross-origin\" allowfullscreen><\/iframe>\n<\/div><\/figure>\n\n\n\n<h2 class=\"wp-block-heading\">Perrengues juninos<\/h2>\n\n\n\n<p>Entre tantas hist\u00f3rias vividas nos palcos no S\u00e3o Jo\u00e3o, o compositor relembrou perrengue com sumi\u00e7o dos m\u00fasicos em pleno show que acabou se tornando memor\u00e1vel.<\/p>\n\n\n\n<p><em>\u201cLembro de uma vez que eu tive que subir ao palco com falta dos M\u00fasicos. Eu marquei com todos os m\u00fasicos, eram ainda \u00e9poca de covid e a\u00ed dois m\u00fasicos, (acho que pegou covid e at\u00e9 hoje n\u00e3o disseram que tiveram n\u00e3o), sumiram e a\u00ed, o contrato \u00e9 pra uma banda, como \u00e9 que eu fa\u00e7o? E eu fiquei pensando e pedindo a Deus: \u2018Deus me ilumine para que as pessoas n\u00e3o sintam falta\u2018 e assim foi! A gente que se apega com Deus e tem Deus na frente, sempre tem a resposta, foi um dos maiores shows da minha vida\u201d,<\/em> rememora.<\/p>\n\n\n\n<h2 class=\"wp-block-heading\">Patrim\u00f4nio Cultural<\/h2>\n\n\n\n<p>Dr Ed defende a manuten\u00e7\u00e3o do forr\u00f3 tradicional e ressalta a import\u00e2ncia do ritmo que \u00e9 patrim\u00f4nio cultural. <em>\u201cO forr\u00f3 n\u00e3o \u00e9 s\u00f3 uma proposta r\u00edtmica que possa ser alterada. Eu vejo que h\u00e1 algumas transforma\u00e7\u00f5es, mas n\u00e3o deve ter tantas, porque o forr\u00f3, se n\u00e3o tem tri\u00e2ngulo e a zabumba, ele perde a sua refer\u00eancia, \u00e9 patrim\u00f4nio imaterial nacional e, portanto, deve ser preservado. Espero que daqui a um tempo permane\u00e7a da mesma forma, n\u00e3o por modismo ou tradicionalismo, mas por disposi\u00e7\u00e3o r\u00edtmica, cultural, que mexe n\u00e3o s\u00f3 do ponto de vista \u00e9 social, mas biol\u00f3gico, social, psicol\u00f3gico e at\u00e9 espiritual est\u00e1 dentro da gente\u201d<\/em>.<\/p>\n\n\n\n<h2 class=\"wp-block-heading\">T\u00edtulo de doutor<\/h2>\n\n\n\n<p>Ed \u00e9 realmente doutor, tem forma\u00e7\u00e3o em psicologia e, atrav\u00e9s do trabalho de aconselhamento realizado junto ao projeto \u201cOficina da Alma\u201d, recebeu o t\u00edtulo de doutor honoris causa na \u00e1rea. Ele tamb\u00e9m ensinou na Ufes e na Eneb<\/p>\n","protected":false},"excerpt":{"rendered":"<p>Ao perguntar quem \u00e9 Dr Ed a resposta veio de imediato: \u201cSou Edinaldo Jos\u00e9 da Silva, mais conhecido como Dr ED forrozeiro. Costumo dizer que sou papa fina, mingau sem caro\u00e7o e goiaba sem bicho. Uma pessoa boa, do bem e, ao mesmo tempo, n\u00e3o t\u00e3o do bem assim, dependendo de como me tratem. Mas [&hellip;]<\/p>\n","protected":false},"author":5,"featured_media":27200,"comment_status":"open","ping_status":"open","sticky":false,"template":"","format":"standard","meta":{"_monsterinsights_skip_tracking":false,"_monsterinsights_sitenote_active":false,"_monsterinsights_sitenote_note":"","_monsterinsights_sitenote_category":0,"footnotes":""},"categories":[48,296],"tags":[],"yoast_head":"<!-- This site is optimized with the Yoast SEO plugin v22.9 - https:\/\/yoast.com\/wordpress\/plugins\/seo\/ -->\n<title>Dr ED Forrozeiro fala sobre expectativa para o S\u00e3o Jo\u00e3o 2024 - Portal MF<\/title>\n<meta name=\"robots\" content=\"index, follow, max-snippet:-1, max-image-preview:large, max-video-preview:-1\" \/>\n<link rel=\"canonical\" href=\"https:\/\/portalmf.com.br\/index.php\/2024\/06\/19\/dr-ed-forrozeiro-fala-sobre-expectativa-para-o-sao-joao-2024\/\" \/>\n<meta property=\"og:locale\" content=\"pt_BR\" \/>\n<meta property=\"og:type\" content=\"article\" \/>\n<meta property=\"og:title\" content=\"Dr ED Forrozeiro fala sobre expectativa para o S\u00e3o Jo\u00e3o 2024 - Portal MF\" \/>\n<meta property=\"og:description\" content=\"Ao perguntar quem \u00e9 Dr Ed a resposta veio de imediato: \u201cSou Edinaldo Jos\u00e9 da Silva, mais conhecido como Dr ED forrozeiro. Costumo dizer que sou papa fina, mingau sem caro\u00e7o e goiaba sem bicho. Uma pessoa boa, do bem e, ao mesmo tempo, n\u00e3o t\u00e3o do bem assim, dependendo de como me tratem. Mas [&hellip;]\" \/>\n<meta property=\"og:url\" content=\"https:\/\/portalmf.com.br\/index.php\/2024\/06\/19\/dr-ed-forrozeiro-fala-sobre-expectativa-para-o-sao-joao-2024\/\" \/>\n<meta property=\"og:site_name\" content=\"Portal MF\" \/>\n<meta property=\"article:published_time\" content=\"2024-06-19T20:32:18+00:00\" \/>\n<meta property=\"article:modified_time\" content=\"2024-06-19T20:32:20+00:00\" \/>\n<meta property=\"og:image\" content=\"https:\/\/portalmf.com.br\/wp-content\/uploads\/2024\/06\/DR-ED-FOTO-REGINALDO-JUNIOR-RADIO-GERAL-2_site.jpg\" \/>\n\t<meta property=\"og:image:width\" content=\"800\" \/>\n\t<meta property=\"og:image:height\" content=\"600\" \/>\n\t<meta property=\"og:image:type\" content=\"image\/jpeg\" \/>\n<meta name=\"author\" content=\"Lila Oliveira\" \/>\n<meta name=\"twitter:card\" content=\"summary_large_image\" \/>\n<meta name=\"twitter:label1\" content=\"Escrito por\" \/>\n\t<meta name=\"twitter:data1\" content=\"Lila Oliveira\" \/>\n\t<meta name=\"twitter:label2\" content=\"Est. tempo de leitura\" \/>\n\t<meta name=\"twitter:data2\" content=\"4 minutos\" \/>\n<script type=\"application\/ld+json\" class=\"yoast-schema-graph\">{\"@context\":\"https:\/\/schema.org\",\"@graph\":[{\"@type\":\"WebPage\",\"@id\":\"https:\/\/portalmf.com.br\/index.php\/2024\/06\/19\/dr-ed-forrozeiro-fala-sobre-expectativa-para-o-sao-joao-2024\/\",\"url\":\"https:\/\/portalmf.com.br\/index.php\/2024\/06\/19\/dr-ed-forrozeiro-fala-sobre-expectativa-para-o-sao-joao-2024\/\",\"name\":\"Dr ED Forrozeiro fala sobre expectativa para o S\u00e3o Jo\u00e3o 2024 - Portal MF\",\"isPartOf\":{\"@id\":\"https:\/\/portalmf.com.br\/#website\"},\"primaryImageOfPage\":{\"@id\":\"https:\/\/portalmf.com.br\/index.php\/2024\/06\/19\/dr-ed-forrozeiro-fala-sobre-expectativa-para-o-sao-joao-2024\/#primaryimage\"},\"image\":{\"@id\":\"https:\/\/portalmf.com.br\/index.php\/2024\/06\/19\/dr-ed-forrozeiro-fala-sobre-expectativa-para-o-sao-joao-2024\/#primaryimage\"},\"thumbnailUrl\":\"https:\/\/portalmf.com.br\/wp-content\/uploads\/2024\/06\/DR-ED-FOTO-REGINALDO-JUNIOR-RADIO-GERAL-2_site.jpg\",\"datePublished\":\"2024-06-19T20:32:18+00:00\",\"dateModified\":\"2024-06-19T20:32:20+00:00\",\"author\":{\"@id\":\"https:\/\/portalmf.com.br\/#\/schema\/person\/19071c375ee7579b7300dd91d656ff97\"},\"breadcrumb\":{\"@id\":\"https:\/\/portalmf.com.br\/index.php\/2024\/06\/19\/dr-ed-forrozeiro-fala-sobre-expectativa-para-o-sao-joao-2024\/#breadcrumb\"},\"inLanguage\":\"pt-BR\",\"potentialAction\":[{\"@type\":\"ReadAction\",\"target\":[\"https:\/\/portalmf.com.br\/index.php\/2024\/06\/19\/dr-ed-forrozeiro-fala-sobre-expectativa-para-o-sao-joao-2024\/\"]}]},{\"@type\":\"ImageObject\",\"inLanguage\":\"pt-BR\",\"@id\":\"https:\/\/portalmf.com.br\/index.php\/2024\/06\/19\/dr-ed-forrozeiro-fala-sobre-expectativa-para-o-sao-joao-2024\/#primaryimage\",\"url\":\"https:\/\/portalmf.com.br\/wp-content\/uploads\/2024\/06\/DR-ED-FOTO-REGINALDO-JUNIOR-RADIO-GERAL-2_site.jpg\",\"contentUrl\":\"https:\/\/portalmf.com.br\/wp-content\/uploads\/2024\/06\/DR-ED-FOTO-REGINALDO-JUNIOR-RADIO-GERAL-2_site.jpg\",\"width\":800,\"height\":600},{\"@type\":\"BreadcrumbList\",\"@id\":\"https:\/\/portalmf.com.br\/index.php\/2024\/06\/19\/dr-ed-forrozeiro-fala-sobre-expectativa-para-o-sao-joao-2024\/#breadcrumb\",\"itemListElement\":[{\"@type\":\"ListItem\",\"position\":1,\"name\":\"In\u00edcio\",\"item\":\"https:\/\/portalmf.com.br\/\"},{\"@type\":\"ListItem\",\"position\":2,\"name\":\"Dr ED Forrozeiro fala sobre expectativa para o S\u00e3o Jo\u00e3o 2024\"}]},{\"@type\":\"WebSite\",\"@id\":\"https:\/\/portalmf.com.br\/#website\",\"url\":\"https:\/\/portalmf.com.br\/\",\"name\":\"Portal MF\",\"description\":\"Voc\u00ea conectado com a informa\u00e7\u00e3o\",\"potentialAction\":[{\"@type\":\"SearchAction\",\"target\":{\"@type\":\"EntryPoint\",\"urlTemplate\":\"https:\/\/portalmf.com.br\/?s={search_term_string}\"},\"query-input\":\"required name=search_term_string\"}],\"inLanguage\":\"pt-BR\"},{\"@type\":\"Person\",\"@id\":\"https:\/\/portalmf.com.br\/#\/schema\/person\/19071c375ee7579b7300dd91d656ff97\",\"name\":\"Lila Oliveira\",\"image\":{\"@type\":\"ImageObject\",\"inLanguage\":\"pt-BR\",\"@id\":\"https:\/\/portalmf.com.br\/#\/schema\/person\/image\/\",\"url\":\"https:\/\/secure.gravatar.com\/avatar\/344958fa973c4e824a6dde1b63c19431?s=96&d=mm&r=g\",\"contentUrl\":\"https:\/\/secure.gravatar.com\/avatar\/344958fa973c4e824a6dde1b63c19431?s=96&d=mm&r=g\",\"caption\":\"Lila Oliveira\"},\"sameAs\":[\"https:\/\/portalmf.com.br\/\"],\"url\":\"https:\/\/portalmf.com.br\/index.php\/author\/lilaoliveira\/\"}]}<\/script>\n<!-- \/ Yoast SEO plugin. -->","yoast_head_json":{"title":"Dr ED Forrozeiro fala sobre expectativa para o S\u00e3o Jo\u00e3o 2024 - Portal MF","robots":{"index":"index","follow":"follow","max-snippet":"max-snippet:-1","max-image-preview":"max-image-preview:large","max-video-preview":"max-video-preview:-1"},"canonical":"https:\/\/portalmf.com.br\/index.php\/2024\/06\/19\/dr-ed-forrozeiro-fala-sobre-expectativa-para-o-sao-joao-2024\/","og_locale":"pt_BR","og_type":"article","og_title":"Dr ED Forrozeiro fala sobre expectativa para o S\u00e3o Jo\u00e3o 2024 - Portal MF","og_description":"Ao perguntar quem \u00e9 Dr Ed a resposta veio de imediato: \u201cSou Edinaldo Jos\u00e9 da Silva, mais conhecido como Dr ED forrozeiro. Costumo dizer que sou papa fina, mingau sem caro\u00e7o e goiaba sem bicho. Uma pessoa boa, do bem e, ao mesmo tempo, n\u00e3o t\u00e3o do bem assim, dependendo de como me tratem. Mas [&hellip;]","og_url":"https:\/\/portalmf.com.br\/index.php\/2024\/06\/19\/dr-ed-forrozeiro-fala-sobre-expectativa-para-o-sao-joao-2024\/","og_site_name":"Portal MF","article_published_time":"2024-06-19T20:32:18+00:00","article_modified_time":"2024-06-19T20:32:20+00:00","og_image":[{"width":800,"height":600,"url":"https:\/\/portalmf.com.br\/wp-content\/uploads\/2024\/06\/DR-ED-FOTO-REGINALDO-JUNIOR-RADIO-GERAL-2_site.jpg","type":"image\/jpeg"}],"author":"Lila Oliveira","twitter_card":"summary_large_image","twitter_misc":{"Escrito por":"Lila Oliveira","Est. tempo de leitura":"4 minutos"},"schema":{"@context":"https:\/\/schema.org","@graph":[{"@type":"WebPage","@id":"https:\/\/portalmf.com.br\/index.php\/2024\/06\/19\/dr-ed-forrozeiro-fala-sobre-expectativa-para-o-sao-joao-2024\/","url":"https:\/\/portalmf.com.br\/index.php\/2024\/06\/19\/dr-ed-forrozeiro-fala-sobre-expectativa-para-o-sao-joao-2024\/","name":"Dr ED Forrozeiro fala sobre expectativa para o S\u00e3o Jo\u00e3o 2024 - Portal MF","isPartOf":{"@id":"https:\/\/portalmf.com.br\/#website"},"primaryImageOfPage":{"@id":"https:\/\/portalmf.com.br\/index.php\/2024\/06\/19\/dr-ed-forrozeiro-fala-sobre-expectativa-para-o-sao-joao-2024\/#primaryimage"},"image":{"@id":"https:\/\/portalmf.com.br\/index.php\/2024\/06\/19\/dr-ed-forrozeiro-fala-sobre-expectativa-para-o-sao-joao-2024\/#primaryimage"},"thumbnailUrl":"https:\/\/portalmf.com.br\/wp-content\/uploads\/2024\/06\/DR-ED-FOTO-REGINALDO-JUNIOR-RADIO-GERAL-2_site.jpg","datePublished":"2024-06-19T20:32:18+00:00","dateModified":"2024-06-19T20:32:20+00:00","author":{"@id":"https:\/\/portalmf.com.br\/#\/schema\/person\/19071c375ee7579b7300dd91d656ff97"},"breadcrumb":{"@id":"https:\/\/portalmf.com.br\/index.php\/2024\/06\/19\/dr-ed-forrozeiro-fala-sobre-expectativa-para-o-sao-joao-2024\/#breadcrumb"},"inLanguage":"pt-BR","potentialAction":[{"@type":"ReadAction","target":["https:\/\/portalmf.com.br\/index.php\/2024\/06\/19\/dr-ed-forrozeiro-fala-sobre-expectativa-para-o-sao-joao-2024\/"]}]},{"@type":"ImageObject","inLanguage":"pt-BR","@id":"https:\/\/portalmf.com.br\/index.php\/2024\/06\/19\/dr-ed-forrozeiro-fala-sobre-expectativa-para-o-sao-joao-2024\/#primaryimage","url":"https:\/\/portalmf.com.br\/wp-content\/uploads\/2024\/06\/DR-ED-FOTO-REGINALDO-JUNIOR-RADIO-GERAL-2_site.jpg","contentUrl":"https:\/\/portalmf.com.br\/wp-content\/uploads\/2024\/06\/DR-ED-FOTO-REGINALDO-JUNIOR-RADIO-GERAL-2_site.jpg","width":800,"height":600},{"@type":"BreadcrumbList","@id":"https:\/\/portalmf.com.br\/index.php\/2024\/06\/19\/dr-ed-forrozeiro-fala-sobre-expectativa-para-o-sao-joao-2024\/#breadcrumb","itemListElement":[{"@type":"ListItem","position":1,"name":"In\u00edcio","item":"https:\/\/portalmf.com.br\/"},{"@type":"ListItem","position":2,"name":"Dr ED Forrozeiro fala sobre expectativa para o S\u00e3o Jo\u00e3o 2024"}]},{"@type":"WebSite","@id":"https:\/\/portalmf.com.br\/#website","url":"https:\/\/portalmf.com.br\/","name":"Portal MF","description":"Voc\u00ea conectado com a informa\u00e7\u00e3o","potentialAction":[{"@type":"SearchAction","target":{"@type":"EntryPoint","urlTemplate":"https:\/\/portalmf.com.br\/?s={search_term_string}"},"query-input":"required name=search_term_string"}],"inLanguage":"pt-BR"},{"@type":"Person","@id":"https:\/\/portalmf.com.br\/#\/schema\/person\/19071c375ee7579b7300dd91d656ff97","name":"Lila Oliveira","image":{"@type":"ImageObject","inLanguage":"pt-BR","@id":"https:\/\/portalmf.com.br\/#\/schema\/person\/image\/","url":"https:\/\/secure.gravatar.com\/avatar\/344958fa973c4e824a6dde1b63c19431?s=96&d=mm&r=g","contentUrl":"https:\/\/secure.gravatar.com\/avatar\/344958fa973c4e824a6dde1b63c19431?s=96&d=mm&r=g","caption":"Lila Oliveira"},"sameAs":["https:\/\/portalmf.com.br\/"],"url":"https:\/\/portalmf.com.br\/index.php\/author\/lilaoliveira\/"}]}},"_links":{"self":[{"href":"https:\/\/portalmf.com.br\/index.php\/wp-json\/wp\/v2\/posts\/27199"}],"collection":[{"href":"https:\/\/portalmf.com.br\/index.php\/wp-json\/wp\/v2\/posts"}],"about":[{"href":"https:\/\/portalmf.com.br\/index.php\/wp-json\/wp\/v2\/types\/post"}],"author":[{"embeddable":true,"href":"https:\/\/portalmf.com.br\/index.php\/wp-json\/wp\/v2\/users\/5"}],"replies":[{"embeddable":true,"href":"https:\/\/portalmf.com.br\/index.php\/wp-json\/wp\/v2\/comments?post=27199"}],"version-history":[{"count":1,"href":"https:\/\/portalmf.com.br\/index.php\/wp-json\/wp\/v2\/posts\/27199\/revisions"}],"predecessor-version":[{"id":27201,"href":"https:\/\/portalmf.com.br\/index.php\/wp-json\/wp\/v2\/posts\/27199\/revisions\/27201"}],"wp:featuredmedia":[{"embeddable":true,"href":"https:\/\/portalmf.com.br\/index.php\/wp-json\/wp\/v2\/media\/27200"}],"wp:attachment":[{"href":"https:\/\/portalmf.com.br\/index.php\/wp-json\/wp\/v2\/media?parent=27199"}],"wp:term":[{"taxonomy":"category","embeddable":true,"href":"https:\/\/portalmf.com.br\/index.php\/wp-json\/wp\/v2\/categories?post=27199"},{"taxonomy":"post_tag","embeddable":true,"href":"https:\/\/portalmf.com.br\/index.php\/wp-json\/wp\/v2\/tags?post=27199"}],"curies":[{"name":"wp","href":"https:\/\/api.w.org\/{rel}","templated":true}]}}