{"id":2719,"date":"2022-08-06T11:46:00","date_gmt":"2022-08-06T14:46:00","guid":{"rendered":"http:\/\/portalmf.com.br\/?p=2719"},"modified":"2022-08-08T11:49:11","modified_gmt":"2022-08-08T14:49:11","slug":"galeguinho-spa-homologa-candidatura-como-deputado-federal-pelo-psb","status":"publish","type":"post","link":"https:\/\/portalmf.com.br\/index.php\/2022\/08\/06\/galeguinho-spa-homologa-candidatura-como-deputado-federal-pelo-psb\/","title":{"rendered":"Galeguinho SPA homologa candidatura como deputado federal pelo PSB"},"content":{"rendered":"\n<p>Foi oficializada na \u00faltima ter\u00e7a-feira (2), a candidatura de Galeguinho SPA, como postulante ao cargo de deputado federal, pelo Partido Socialista Brasileiro (PSB). O jovem empres\u00e1rio e cantor, realiza trabalhos sociais h\u00e1 mais de 10 anos e est\u00e1 exercendo o primeiro mandato como vereador do munic\u00edpio de Feira de Santana. Ele \u00e9 considerado o pol\u00edtico feirense que mais se identifica com a popula\u00e7\u00e3o, j\u00e1 que tem como foco principal, auxiliar e cuidar de cidad\u00e3os carentes. Diante disso, o cantor tem ganhado espa\u00e7o, principalmente entre a juventude, adultos e os mais experientes, algo que se nota nas in\u00fameras visitas em favelas e periferias.<\/p>\n\n\n\n<p>A verean\u00e7a s\u00f3 fortaleceu a vontade que Galeguinho sente em ajudar as comunidades, prova disso \u00e9 o desapego com os seus pr\u00f3prios vencimentos parlamentares, que desde janeiro de 2021 s\u00e3o doados para institui\u00e7\u00f5es benemerentes.<\/p>\n\n\n\n<p>Galeguinho foi eleito duas vezes pela imprensa local, o melhor vereador da cidade, o que n\u00e3o o deixa envaidecido, por\u00e9m, aumenta a sua responsabilidade. Ele o possui ideias e propostas novas, que fogem da maneira arcaica que alguns pol\u00edticos utilizam, e elas est\u00e3o prontas para serem apresentadas, discutidas e constru\u00eddas com toda a sociedade.&nbsp;<\/p>\n\n\n\n<p><em>\u201cMais um momento de intensificar as a\u00e7\u00f5es em prol das melhorias da nossa sociedade, por isso, conto com todos voc\u00eas para alcan\u00e7armos esse pleito nas elei\u00e7\u00f5es de 2022\u201d,<\/em> declarou.<\/p>\n\n\n\n<p>Com informa\u00e7\u00f5es da Assessoria do vereador<\/p>\n","protected":false},"excerpt":{"rendered":"<p>Foi oficializada na \u00faltima ter\u00e7a-feira (2), a candidatura de Galeguinho SPA, como postulante ao cargo de deputado federal, pelo Partido Socialista Brasileiro (PSB). O jovem empres\u00e1rio e cantor, realiza trabalhos sociais h\u00e1 mais de 10 anos e est\u00e1 exercendo o primeiro mandato como vereador do munic\u00edpio de Feira de Santana. Ele \u00e9 considerado o pol\u00edtico [&hellip;]<\/p>\n","protected":false},"author":2,"featured_media":2720,"comment_status":"open","ping_status":"open","sticky":false,"template":"","format":"standard","meta":{"_monsterinsights_skip_tracking":false,"_monsterinsights_sitenote_active":false,"_monsterinsights_sitenote_note":"","_monsterinsights_sitenote_category":0,"footnotes":""},"categories":[34],"tags":[],"yoast_head":"<!-- This site is optimized with the Yoast SEO plugin v22.9 - https:\/\/yoast.com\/wordpress\/plugins\/seo\/ -->\n<title>Galeguinho SPA homologa candidatura como deputado federal pelo PSB - Portal MF<\/title>\n<meta name=\"robots\" content=\"index, follow, max-snippet:-1, max-image-preview:large, max-video-preview:-1\" \/>\n<link rel=\"canonical\" href=\"https:\/\/portalmf.com.br\/index.php\/2022\/08\/06\/galeguinho-spa-homologa-candidatura-como-deputado-federal-pelo-psb\/\" \/>\n<meta property=\"og:locale\" content=\"pt_BR\" \/>\n<meta property=\"og:type\" content=\"article\" \/>\n<meta property=\"og:title\" content=\"Galeguinho SPA homologa candidatura como deputado federal pelo PSB - Portal MF\" \/>\n<meta property=\"og:description\" content=\"Foi oficializada na \u00faltima ter\u00e7a-feira (2), a candidatura de Galeguinho SPA, como postulante ao cargo de deputado federal, pelo Partido Socialista Brasileiro (PSB). O jovem empres\u00e1rio e cantor, realiza trabalhos sociais h\u00e1 mais de 10 anos e est\u00e1 exercendo o primeiro mandato como vereador do munic\u00edpio de Feira de Santana. Ele \u00e9 considerado o pol\u00edtico [&hellip;]\" \/>\n<meta property=\"og:url\" content=\"https:\/\/portalmf.com.br\/index.php\/2022\/08\/06\/galeguinho-spa-homologa-candidatura-como-deputado-federal-pelo-psb\/\" \/>\n<meta property=\"og:site_name\" content=\"Portal MF\" \/>\n<meta property=\"article:author\" content=\"reginaldojrfsa\" \/>\n<meta property=\"article:published_time\" content=\"2022-08-06T14:46:00+00:00\" \/>\n<meta property=\"article:modified_time\" content=\"2022-08-08T14:49:11+00:00\" \/>\n<meta property=\"og:image\" content=\"https:\/\/portalmf.com.br\/wp-content\/uploads\/2022\/08\/VEREADOR-GALEGUINHO-PSB.jpeg\" \/>\n\t<meta property=\"og:image:width\" content=\"750\" \/>\n\t<meta property=\"og:image:height\" content=\"705\" \/>\n\t<meta property=\"og:image:type\" content=\"image\/jpeg\" \/>\n<meta name=\"author\" content=\"Reginaldo J\u00fanior\" \/>\n<meta name=\"twitter:card\" content=\"summary_large_image\" \/>\n<meta name=\"twitter:creator\" content=\"@reginaldojrmf\" \/>\n<meta name=\"twitter:label1\" content=\"Escrito por\" \/>\n\t<meta name=\"twitter:data1\" content=\"Reginaldo J\u00fanior\" \/>\n\t<meta name=\"twitter:label2\" content=\"Est. tempo de leitura\" \/>\n\t<meta name=\"twitter:data2\" content=\"1 minuto\" \/>\n<script type=\"application\/ld+json\" class=\"yoast-schema-graph\">{\"@context\":\"https:\/\/schema.org\",\"@graph\":[{\"@type\":\"WebPage\",\"@id\":\"https:\/\/portalmf.com.br\/index.php\/2022\/08\/06\/galeguinho-spa-homologa-candidatura-como-deputado-federal-pelo-psb\/\",\"url\":\"https:\/\/portalmf.com.br\/index.php\/2022\/08\/06\/galeguinho-spa-homologa-candidatura-como-deputado-federal-pelo-psb\/\",\"name\":\"Galeguinho SPA homologa candidatura como deputado federal pelo PSB - Portal MF\",\"isPartOf\":{\"@id\":\"https:\/\/portalmf.com.br\/#website\"},\"primaryImageOfPage\":{\"@id\":\"https:\/\/portalmf.com.br\/index.php\/2022\/08\/06\/galeguinho-spa-homologa-candidatura-como-deputado-federal-pelo-psb\/#primaryimage\"},\"image\":{\"@id\":\"https:\/\/portalmf.com.br\/index.php\/2022\/08\/06\/galeguinho-spa-homologa-candidatura-como-deputado-federal-pelo-psb\/#primaryimage\"},\"thumbnailUrl\":\"https:\/\/portalmf.com.br\/wp-content\/uploads\/2022\/08\/VEREADOR-GALEGUINHO-PSB.jpeg\",\"datePublished\":\"2022-08-06T14:46:00+00:00\",\"dateModified\":\"2022-08-08T14:49:11+00:00\",\"author\":{\"@id\":\"https:\/\/portalmf.com.br\/#\/schema\/person\/11c82086fe8abc05a19147e964587285\"},\"breadcrumb\":{\"@id\":\"https:\/\/portalmf.com.br\/index.php\/2022\/08\/06\/galeguinho-spa-homologa-candidatura-como-deputado-federal-pelo-psb\/#breadcrumb\"},\"inLanguage\":\"pt-BR\",\"potentialAction\":[{\"@type\":\"ReadAction\",\"target\":[\"https:\/\/portalmf.com.br\/index.php\/2022\/08\/06\/galeguinho-spa-homologa-candidatura-como-deputado-federal-pelo-psb\/\"]}]},{\"@type\":\"ImageObject\",\"inLanguage\":\"pt-BR\",\"@id\":\"https:\/\/portalmf.com.br\/index.php\/2022\/08\/06\/galeguinho-spa-homologa-candidatura-como-deputado-federal-pelo-psb\/#primaryimage\",\"url\":\"https:\/\/portalmf.com.br\/wp-content\/uploads\/2022\/08\/VEREADOR-GALEGUINHO-PSB.jpeg\",\"contentUrl\":\"https:\/\/portalmf.com.br\/wp-content\/uploads\/2022\/08\/VEREADOR-GALEGUINHO-PSB.jpeg\",\"width\":750,\"height\":705},{\"@type\":\"BreadcrumbList\",\"@id\":\"https:\/\/portalmf.com.br\/index.php\/2022\/08\/06\/galeguinho-spa-homologa-candidatura-como-deputado-federal-pelo-psb\/#breadcrumb\",\"itemListElement\":[{\"@type\":\"ListItem\",\"position\":1,\"name\":\"In\u00edcio\",\"item\":\"https:\/\/portalmf.com.br\/\"},{\"@type\":\"ListItem\",\"position\":2,\"name\":\"Galeguinho SPA homologa candidatura como deputado federal pelo PSB\"}]},{\"@type\":\"WebSite\",\"@id\":\"https:\/\/portalmf.com.br\/#website\",\"url\":\"https:\/\/portalmf.com.br\/\",\"name\":\"Portal MF\",\"description\":\"Voc\u00ea conectado com a informa\u00e7\u00e3o\",\"potentialAction\":[{\"@type\":\"SearchAction\",\"target\":{\"@type\":\"EntryPoint\",\"urlTemplate\":\"https:\/\/portalmf.com.br\/?s={search_term_string}\"},\"query-input\":\"required name=search_term_string\"}],\"inLanguage\":\"pt-BR\"},{\"@type\":\"Person\",\"@id\":\"https:\/\/portalmf.com.br\/#\/schema\/person\/11c82086fe8abc05a19147e964587285\",\"name\":\"Reginaldo J\u00fanior\",\"image\":{\"@type\":\"ImageObject\",\"inLanguage\":\"pt-BR\",\"@id\":\"https:\/\/portalmf.com.br\/#\/schema\/person\/image\/\",\"url\":\"https:\/\/secure.gravatar.com\/avatar\/32a3c797cd0ac47cc53b8644c62776f9?s=96&d=mm&r=g\",\"contentUrl\":\"https:\/\/secure.gravatar.com\/avatar\/32a3c797cd0ac47cc53b8644c62776f9?s=96&d=mm&r=g\",\"caption\":\"Reginaldo J\u00fanior\"},\"description\":\"Jornalista e idealizador Portal MF\",\"sameAs\":[\"https:\/\/portalmf.com.br\/index.php\/author\/reginaldojr\/\",\"reginaldojrfsa\",\"reginaldojuniormf\",\"https:\/\/x.com\/reginaldojrmf\"],\"url\":\"https:\/\/portalmf.com.br\/index.php\/author\/reginaldojr\/\"}]}<\/script>\n<!-- \/ Yoast SEO plugin. -->","yoast_head_json":{"title":"Galeguinho SPA homologa candidatura como deputado federal pelo PSB - Portal MF","robots":{"index":"index","follow":"follow","max-snippet":"max-snippet:-1","max-image-preview":"max-image-preview:large","max-video-preview":"max-video-preview:-1"},"canonical":"https:\/\/portalmf.com.br\/index.php\/2022\/08\/06\/galeguinho-spa-homologa-candidatura-como-deputado-federal-pelo-psb\/","og_locale":"pt_BR","og_type":"article","og_title":"Galeguinho SPA homologa candidatura como deputado federal pelo PSB - Portal MF","og_description":"Foi oficializada na \u00faltima ter\u00e7a-feira (2), a candidatura de Galeguinho SPA, como postulante ao cargo de deputado federal, pelo Partido Socialista Brasileiro (PSB). O jovem empres\u00e1rio e cantor, realiza trabalhos sociais h\u00e1 mais de 10 anos e est\u00e1 exercendo o primeiro mandato como vereador do munic\u00edpio de Feira de Santana. Ele \u00e9 considerado o pol\u00edtico [&hellip;]","og_url":"https:\/\/portalmf.com.br\/index.php\/2022\/08\/06\/galeguinho-spa-homologa-candidatura-como-deputado-federal-pelo-psb\/","og_site_name":"Portal MF","article_author":"reginaldojrfsa","article_published_time":"2022-08-06T14:46:00+00:00","article_modified_time":"2022-08-08T14:49:11+00:00","og_image":[{"width":750,"height":705,"url":"https:\/\/portalmf.com.br\/wp-content\/uploads\/2022\/08\/VEREADOR-GALEGUINHO-PSB.jpeg","type":"image\/jpeg"}],"author":"Reginaldo J\u00fanior","twitter_card":"summary_large_image","twitter_creator":"@reginaldojrmf","twitter_misc":{"Escrito por":"Reginaldo J\u00fanior","Est. tempo de leitura":"1 minuto"},"schema":{"@context":"https:\/\/schema.org","@graph":[{"@type":"WebPage","@id":"https:\/\/portalmf.com.br\/index.php\/2022\/08\/06\/galeguinho-spa-homologa-candidatura-como-deputado-federal-pelo-psb\/","url":"https:\/\/portalmf.com.br\/index.php\/2022\/08\/06\/galeguinho-spa-homologa-candidatura-como-deputado-federal-pelo-psb\/","name":"Galeguinho SPA homologa candidatura como deputado federal pelo PSB - Portal MF","isPartOf":{"@id":"https:\/\/portalmf.com.br\/#website"},"primaryImageOfPage":{"@id":"https:\/\/portalmf.com.br\/index.php\/2022\/08\/06\/galeguinho-spa-homologa-candidatura-como-deputado-federal-pelo-psb\/#primaryimage"},"image":{"@id":"https:\/\/portalmf.com.br\/index.php\/2022\/08\/06\/galeguinho-spa-homologa-candidatura-como-deputado-federal-pelo-psb\/#primaryimage"},"thumbnailUrl":"https:\/\/portalmf.com.br\/wp-content\/uploads\/2022\/08\/VEREADOR-GALEGUINHO-PSB.jpeg","datePublished":"2022-08-06T14:46:00+00:00","dateModified":"2022-08-08T14:49:11+00:00","author":{"@id":"https:\/\/portalmf.com.br\/#\/schema\/person\/11c82086fe8abc05a19147e964587285"},"breadcrumb":{"@id":"https:\/\/portalmf.com.br\/index.php\/2022\/08\/06\/galeguinho-spa-homologa-candidatura-como-deputado-federal-pelo-psb\/#breadcrumb"},"inLanguage":"pt-BR","potentialAction":[{"@type":"ReadAction","target":["https:\/\/portalmf.com.br\/index.php\/2022\/08\/06\/galeguinho-spa-homologa-candidatura-como-deputado-federal-pelo-psb\/"]}]},{"@type":"ImageObject","inLanguage":"pt-BR","@id":"https:\/\/portalmf.com.br\/index.php\/2022\/08\/06\/galeguinho-spa-homologa-candidatura-como-deputado-federal-pelo-psb\/#primaryimage","url":"https:\/\/portalmf.com.br\/wp-content\/uploads\/2022\/08\/VEREADOR-GALEGUINHO-PSB.jpeg","contentUrl":"https:\/\/portalmf.com.br\/wp-content\/uploads\/2022\/08\/VEREADOR-GALEGUINHO-PSB.jpeg","width":750,"height":705},{"@type":"BreadcrumbList","@id":"https:\/\/portalmf.com.br\/index.php\/2022\/08\/06\/galeguinho-spa-homologa-candidatura-como-deputado-federal-pelo-psb\/#breadcrumb","itemListElement":[{"@type":"ListItem","position":1,"name":"In\u00edcio","item":"https:\/\/portalmf.com.br\/"},{"@type":"ListItem","position":2,"name":"Galeguinho SPA homologa candidatura como deputado federal pelo PSB"}]},{"@type":"WebSite","@id":"https:\/\/portalmf.com.br\/#website","url":"https:\/\/portalmf.com.br\/","name":"Portal MF","description":"Voc\u00ea conectado com a informa\u00e7\u00e3o","potentialAction":[{"@type":"SearchAction","target":{"@type":"EntryPoint","urlTemplate":"https:\/\/portalmf.com.br\/?s={search_term_string}"},"query-input":"required name=search_term_string"}],"inLanguage":"pt-BR"},{"@type":"Person","@id":"https:\/\/portalmf.com.br\/#\/schema\/person\/11c82086fe8abc05a19147e964587285","name":"Reginaldo J\u00fanior","image":{"@type":"ImageObject","inLanguage":"pt-BR","@id":"https:\/\/portalmf.com.br\/#\/schema\/person\/image\/","url":"https:\/\/secure.gravatar.com\/avatar\/32a3c797cd0ac47cc53b8644c62776f9?s=96&d=mm&r=g","contentUrl":"https:\/\/secure.gravatar.com\/avatar\/32a3c797cd0ac47cc53b8644c62776f9?s=96&d=mm&r=g","caption":"Reginaldo J\u00fanior"},"description":"Jornalista e idealizador Portal MF","sameAs":["https:\/\/portalmf.com.br\/index.php\/author\/reginaldojr\/","reginaldojrfsa","reginaldojuniormf","https:\/\/x.com\/reginaldojrmf"],"url":"https:\/\/portalmf.com.br\/index.php\/author\/reginaldojr\/"}]}},"_links":{"self":[{"href":"https:\/\/portalmf.com.br\/index.php\/wp-json\/wp\/v2\/posts\/2719"}],"collection":[{"href":"https:\/\/portalmf.com.br\/index.php\/wp-json\/wp\/v2\/posts"}],"about":[{"href":"https:\/\/portalmf.com.br\/index.php\/wp-json\/wp\/v2\/types\/post"}],"author":[{"embeddable":true,"href":"https:\/\/portalmf.com.br\/index.php\/wp-json\/wp\/v2\/users\/2"}],"replies":[{"embeddable":true,"href":"https:\/\/portalmf.com.br\/index.php\/wp-json\/wp\/v2\/comments?post=2719"}],"version-history":[{"count":1,"href":"https:\/\/portalmf.com.br\/index.php\/wp-json\/wp\/v2\/posts\/2719\/revisions"}],"predecessor-version":[{"id":2721,"href":"https:\/\/portalmf.com.br\/index.php\/wp-json\/wp\/v2\/posts\/2719\/revisions\/2721"}],"wp:featuredmedia":[{"embeddable":true,"href":"https:\/\/portalmf.com.br\/index.php\/wp-json\/wp\/v2\/media\/2720"}],"wp:attachment":[{"href":"https:\/\/portalmf.com.br\/index.php\/wp-json\/wp\/v2\/media?parent=2719"}],"wp:term":[{"taxonomy":"category","embeddable":true,"href":"https:\/\/portalmf.com.br\/index.php\/wp-json\/wp\/v2\/categories?post=2719"},{"taxonomy":"post_tag","embeddable":true,"href":"https:\/\/portalmf.com.br\/index.php\/wp-json\/wp\/v2\/tags?post=2719"}],"curies":[{"name":"wp","href":"https:\/\/api.w.org\/{rel}","templated":true}]}}