{"id":27161,"date":"2024-06-19T10:36:43","date_gmt":"2024-06-19T13:36:43","guid":{"rendered":"https:\/\/portalmf.com.br\/?p=27161"},"modified":"2024-06-19T10:36:45","modified_gmt":"2024-06-19T13:36:45","slug":"bonfim-de-feira-reivindica-atencao-basica-a-saude-transporte-publico-e-politicas-publicas-de-fortalecimento-para-educacao-em-uniao-por-feira","status":"publish","type":"post","link":"https:\/\/portalmf.com.br\/index.php\/2024\/06\/19\/bonfim-de-feira-reivindica-atencao-basica-a-saude-transporte-publico-e-politicas-publicas-de-fortalecimento-para-educacao-em-uniao-por-feira\/","title":{"rendered":"Bonfim de Feira reivindica aten\u00e7\u00e3o b\u00e1sica \u00e0 sa\u00fade, transporte p\u00fablico e pol\u00edticas p\u00fablicas de fortalecimento para educa\u00e7\u00e3o em Uni\u00e3o por Feira"},"content":{"rendered":"\n<p>No primeiro distrito a receber o movimento Uni\u00e3o por Feira, formado por partidos da base aliada (PT, PCdoB, PV, PP, PSOL, Rede, Avante, Podemos, PSB, PSD e MDB) ao pr\u00e9-candidato a prefeito Z\u00e9 Neto, os moradores de Bonfim de Feira reivindicaram aten\u00e7\u00e3o b\u00e1sica \u00e0 sa\u00fade, transporte p\u00fablico de qualidade e pol\u00edticas p\u00fablicas de fortalecimento para educa\u00e7\u00e3o, durante plen\u00e1ria no Clube F\u00eanix, na manh\u00e3 de domingo (16\/06).<\/p>\n\n\n\n<p>Essas reivindica\u00e7\u00f5es constatam, segundo Z\u00e9 Neto, algo que j\u00e1 vinha sendo ouvido desde o in\u00edcio do Uni\u00e3o por Feira: \u201ca situa\u00e7\u00e3o de fragilidade que vivem os distritos, sem o devido cuidado por parte do munic\u00edpio\u201d.<\/p>\n\n\n\n<p><em>\u201cCada distrito tem que ter uma subprefeitura para que essas demandas, como foram colocadas aqui hoje pela comunidade de Bonfim de Feira, sejam vistas de perto. \u00c9 necess\u00e1rio que cada distrito tenha uma unidade b\u00e1sica de sa\u00fade funcionando de verdade, realizando exames preventivos, diagn\u00f3stico, com medica\u00e7\u00e3o e profissionais capacitados atendendo a popula\u00e7\u00e3o; transporte coletivo de qualidade circulando como deve ser. Essa \u00e9 a nossa miss\u00e3o: construir um plano de governo que olhe para o futuro e para o potencial que os distritos de Feira t\u00eam\u201d<\/em>, defendeu.<\/p>\n\n\n\n<p>O encontro contou com a presen\u00e7a de vereadores e pr\u00e9-candidatos(as) a vereador(a), presidentes de partidos aliados e de associa\u00e7\u00f5es, lideran\u00e7as comunit\u00e1rias, estudantes, a popula\u00e7\u00e3o local e de adjac\u00eancias.<\/p>\n","protected":false},"excerpt":{"rendered":"<p>No primeiro distrito a receber o movimento Uni\u00e3o por Feira, formado por partidos da base aliada (PT, PCdoB, PV, PP, PSOL, Rede, Avante, Podemos, PSB, PSD e MDB) ao pr\u00e9-candidato a prefeito Z\u00e9 Neto, os moradores de Bonfim de Feira reivindicaram aten\u00e7\u00e3o b\u00e1sica \u00e0 sa\u00fade, transporte p\u00fablico de qualidade e pol\u00edticas p\u00fablicas de fortalecimento para [&hellip;]<\/p>\n","protected":false},"author":3,"featured_media":27162,"comment_status":"open","ping_status":"open","sticky":false,"template":"","format":"standard","meta":{"_monsterinsights_skip_tracking":false,"_monsterinsights_sitenote_active":false,"_monsterinsights_sitenote_note":"","_monsterinsights_sitenote_category":0,"footnotes":""},"categories":[301],"tags":[],"yoast_head":"<!-- This site is optimized with the Yoast SEO plugin v22.9 - https:\/\/yoast.com\/wordpress\/plugins\/seo\/ -->\n<title>Bonfim de Feira reivindica aten\u00e7\u00e3o b\u00e1sica \u00e0 sa\u00fade, transporte p\u00fablico e pol\u00edticas p\u00fablicas de fortalecimento para educa\u00e7\u00e3o em Uni\u00e3o por Feira - Portal MF<\/title>\n<meta name=\"robots\" content=\"index, follow, max-snippet:-1, max-image-preview:large, max-video-preview:-1\" \/>\n<link rel=\"canonical\" href=\"https:\/\/portalmf.com.br\/index.php\/2024\/06\/19\/bonfim-de-feira-reivindica-atencao-basica-a-saude-transporte-publico-e-politicas-publicas-de-fortalecimento-para-educacao-em-uniao-por-feira\/\" \/>\n<meta property=\"og:locale\" content=\"pt_BR\" \/>\n<meta property=\"og:type\" content=\"article\" \/>\n<meta property=\"og:title\" content=\"Bonfim de Feira reivindica aten\u00e7\u00e3o b\u00e1sica \u00e0 sa\u00fade, transporte p\u00fablico e pol\u00edticas p\u00fablicas de fortalecimento para educa\u00e7\u00e3o em Uni\u00e3o por Feira - Portal MF\" \/>\n<meta property=\"og:description\" content=\"No primeiro distrito a receber o movimento Uni\u00e3o por Feira, formado por partidos da base aliada (PT, PCdoB, PV, PP, PSOL, Rede, Avante, Podemos, PSB, PSD e MDB) ao pr\u00e9-candidato a prefeito Z\u00e9 Neto, os moradores de Bonfim de Feira reivindicaram aten\u00e7\u00e3o b\u00e1sica \u00e0 sa\u00fade, transporte p\u00fablico de qualidade e pol\u00edticas p\u00fablicas de fortalecimento para [&hellip;]\" \/>\n<meta property=\"og:url\" content=\"https:\/\/portalmf.com.br\/index.php\/2024\/06\/19\/bonfim-de-feira-reivindica-atencao-basica-a-saude-transporte-publico-e-politicas-publicas-de-fortalecimento-para-educacao-em-uniao-por-feira\/\" \/>\n<meta property=\"og:site_name\" content=\"Portal MF\" \/>\n<meta property=\"article:author\" content=\"https:\/\/www.facebook.com\/portalmfoficial\" \/>\n<meta property=\"article:published_time\" content=\"2024-06-19T13:36:43+00:00\" \/>\n<meta property=\"article:modified_time\" content=\"2024-06-19T13:36:45+00:00\" \/>\n<meta property=\"og:image\" content=\"https:\/\/portalmf.com.br\/wp-content\/uploads\/2024\/06\/Bonfim-de-Feira-reivindica-atencao-basica-a-saude-transporte-publico-e-politicas-publicas-de-fortalecimento-para-educacao-em-Uniao-por-Feira.jpg\" \/>\n\t<meta property=\"og:image:width\" content=\"1280\" \/>\n\t<meta property=\"og:image:height\" content=\"853\" \/>\n\t<meta property=\"og:image:type\" content=\"image\/jpeg\" \/>\n<meta name=\"author\" content=\"Reda\u00e7\u00e3o Portal MF\" \/>\n<meta name=\"twitter:card\" content=\"summary_large_image\" \/>\n<meta name=\"twitter:creator\" content=\"@https:\/\/x.com\/portalmfoficial\" \/>\n<meta name=\"twitter:label1\" content=\"Escrito por\" \/>\n\t<meta name=\"twitter:data1\" content=\"Reda\u00e7\u00e3o Portal MF\" \/>\n\t<meta name=\"twitter:label2\" content=\"Est. tempo de leitura\" \/>\n\t<meta name=\"twitter:data2\" content=\"2 minutos\" \/>\n<script type=\"application\/ld+json\" class=\"yoast-schema-graph\">{\"@context\":\"https:\/\/schema.org\",\"@graph\":[{\"@type\":\"WebPage\",\"@id\":\"https:\/\/portalmf.com.br\/index.php\/2024\/06\/19\/bonfim-de-feira-reivindica-atencao-basica-a-saude-transporte-publico-e-politicas-publicas-de-fortalecimento-para-educacao-em-uniao-por-feira\/\",\"url\":\"https:\/\/portalmf.com.br\/index.php\/2024\/06\/19\/bonfim-de-feira-reivindica-atencao-basica-a-saude-transporte-publico-e-politicas-publicas-de-fortalecimento-para-educacao-em-uniao-por-feira\/\",\"name\":\"Bonfim de Feira reivindica aten\u00e7\u00e3o b\u00e1sica \u00e0 sa\u00fade, transporte p\u00fablico e pol\u00edticas p\u00fablicas de fortalecimento para educa\u00e7\u00e3o em Uni\u00e3o por Feira - Portal MF\",\"isPartOf\":{\"@id\":\"https:\/\/portalmf.com.br\/#website\"},\"primaryImageOfPage\":{\"@id\":\"https:\/\/portalmf.com.br\/index.php\/2024\/06\/19\/bonfim-de-feira-reivindica-atencao-basica-a-saude-transporte-publico-e-politicas-publicas-de-fortalecimento-para-educacao-em-uniao-por-feira\/#primaryimage\"},\"image\":{\"@id\":\"https:\/\/portalmf.com.br\/index.php\/2024\/06\/19\/bonfim-de-feira-reivindica-atencao-basica-a-saude-transporte-publico-e-politicas-publicas-de-fortalecimento-para-educacao-em-uniao-por-feira\/#primaryimage\"},\"thumbnailUrl\":\"https:\/\/portalmf.com.br\/wp-content\/uploads\/2024\/06\/Bonfim-de-Feira-reivindica-atencao-basica-a-saude-transporte-publico-e-politicas-publicas-de-fortalecimento-para-educacao-em-Uniao-por-Feira.jpg\",\"datePublished\":\"2024-06-19T13:36:43+00:00\",\"dateModified\":\"2024-06-19T13:36:45+00:00\",\"author\":{\"@id\":\"https:\/\/portalmf.com.br\/#\/schema\/person\/9ec101baf56233e53520c26de5d6f6f0\"},\"breadcrumb\":{\"@id\":\"https:\/\/portalmf.com.br\/index.php\/2024\/06\/19\/bonfim-de-feira-reivindica-atencao-basica-a-saude-transporte-publico-e-politicas-publicas-de-fortalecimento-para-educacao-em-uniao-por-feira\/#breadcrumb\"},\"inLanguage\":\"pt-BR\",\"potentialAction\":[{\"@type\":\"ReadAction\",\"target\":[\"https:\/\/portalmf.com.br\/index.php\/2024\/06\/19\/bonfim-de-feira-reivindica-atencao-basica-a-saude-transporte-publico-e-politicas-publicas-de-fortalecimento-para-educacao-em-uniao-por-feira\/\"]}]},{\"@type\":\"ImageObject\",\"inLanguage\":\"pt-BR\",\"@id\":\"https:\/\/portalmf.com.br\/index.php\/2024\/06\/19\/bonfim-de-feira-reivindica-atencao-basica-a-saude-transporte-publico-e-politicas-publicas-de-fortalecimento-para-educacao-em-uniao-por-feira\/#primaryimage\",\"url\":\"https:\/\/portalmf.com.br\/wp-content\/uploads\/2024\/06\/Bonfim-de-Feira-reivindica-atencao-basica-a-saude-transporte-publico-e-politicas-publicas-de-fortalecimento-para-educacao-em-Uniao-por-Feira.jpg\",\"contentUrl\":\"https:\/\/portalmf.com.br\/wp-content\/uploads\/2024\/06\/Bonfim-de-Feira-reivindica-atencao-basica-a-saude-transporte-publico-e-politicas-publicas-de-fortalecimento-para-educacao-em-Uniao-por-Feira.jpg\",\"width\":1280,\"height\":853},{\"@type\":\"BreadcrumbList\",\"@id\":\"https:\/\/portalmf.com.br\/index.php\/2024\/06\/19\/bonfim-de-feira-reivindica-atencao-basica-a-saude-transporte-publico-e-politicas-publicas-de-fortalecimento-para-educacao-em-uniao-por-feira\/#breadcrumb\",\"itemListElement\":[{\"@type\":\"ListItem\",\"position\":1,\"name\":\"In\u00edcio\",\"item\":\"https:\/\/portalmf.com.br\/\"},{\"@type\":\"ListItem\",\"position\":2,\"name\":\"Bonfim de Feira reivindica aten\u00e7\u00e3o b\u00e1sica \u00e0 sa\u00fade, transporte p\u00fablico e pol\u00edticas p\u00fablicas de fortalecimento para educa\u00e7\u00e3o em Uni\u00e3o por Feira\"}]},{\"@type\":\"WebSite\",\"@id\":\"https:\/\/portalmf.com.br\/#website\",\"url\":\"https:\/\/portalmf.com.br\/\",\"name\":\"Portal MF\",\"description\":\"Voc\u00ea conectado com a informa\u00e7\u00e3o\",\"potentialAction\":[{\"@type\":\"SearchAction\",\"target\":{\"@type\":\"EntryPoint\",\"urlTemplate\":\"https:\/\/portalmf.com.br\/?s={search_term_string}\"},\"query-input\":\"required name=search_term_string\"}],\"inLanguage\":\"pt-BR\"},{\"@type\":\"Person\",\"@id\":\"https:\/\/portalmf.com.br\/#\/schema\/person\/9ec101baf56233e53520c26de5d6f6f0\",\"name\":\"Reda\u00e7\u00e3o Portal MF\",\"image\":{\"@type\":\"ImageObject\",\"inLanguage\":\"pt-BR\",\"@id\":\"https:\/\/portalmf.com.br\/#\/schema\/person\/image\/\",\"url\":\"https:\/\/secure.gravatar.com\/avatar\/41b9aaeb2100835f7c64362330f74c7f?s=96&d=mm&r=g\",\"contentUrl\":\"https:\/\/secure.gravatar.com\/avatar\/41b9aaeb2100835f7c64362330f74c7f?s=96&d=mm&r=g\",\"caption\":\"Reda\u00e7\u00e3o Portal MF\"},\"description\":\"Sejam bem-vindos o portal de informa\u00e7\u00f5es de entretenimento de Feira de Santana, desde 2006 realiza coberturas dos principais eventos com entrevistas exclusivas com as principais personalidades mundiais. Fique conectado tamb\u00e9m nas redes sociais.\",\"sameAs\":[\"http:\/\/www.portalmf.com.br\/\",\"https:\/\/www.facebook.com\/portalmfoficial\",\"https:\/\/www.instagram.com\/portalmf\/\",\"https:\/\/x.com\/https:\/\/x.com\/portalmfoficial\",\"https:\/\/www.youtube.com\/@portalmfoficial\"],\"url\":\"https:\/\/portalmf.com.br\/index.php\/author\/junior\/\"}]}<\/script>\n<!-- \/ Yoast SEO plugin. -->","yoast_head_json":{"title":"Bonfim de Feira reivindica aten\u00e7\u00e3o b\u00e1sica \u00e0 sa\u00fade, transporte p\u00fablico e pol\u00edticas p\u00fablicas de fortalecimento para educa\u00e7\u00e3o em Uni\u00e3o por Feira - Portal MF","robots":{"index":"index","follow":"follow","max-snippet":"max-snippet:-1","max-image-preview":"max-image-preview:large","max-video-preview":"max-video-preview:-1"},"canonical":"https:\/\/portalmf.com.br\/index.php\/2024\/06\/19\/bonfim-de-feira-reivindica-atencao-basica-a-saude-transporte-publico-e-politicas-publicas-de-fortalecimento-para-educacao-em-uniao-por-feira\/","og_locale":"pt_BR","og_type":"article","og_title":"Bonfim de Feira reivindica aten\u00e7\u00e3o b\u00e1sica \u00e0 sa\u00fade, transporte p\u00fablico e pol\u00edticas p\u00fablicas de fortalecimento para educa\u00e7\u00e3o em Uni\u00e3o por Feira - Portal MF","og_description":"No primeiro distrito a receber o movimento Uni\u00e3o por Feira, formado por partidos da base aliada (PT, PCdoB, PV, PP, PSOL, Rede, Avante, Podemos, PSB, PSD e MDB) ao pr\u00e9-candidato a prefeito Z\u00e9 Neto, os moradores de Bonfim de Feira reivindicaram aten\u00e7\u00e3o b\u00e1sica \u00e0 sa\u00fade, transporte p\u00fablico de qualidade e pol\u00edticas p\u00fablicas de fortalecimento para [&hellip;]","og_url":"https:\/\/portalmf.com.br\/index.php\/2024\/06\/19\/bonfim-de-feira-reivindica-atencao-basica-a-saude-transporte-publico-e-politicas-publicas-de-fortalecimento-para-educacao-em-uniao-por-feira\/","og_site_name":"Portal MF","article_author":"https:\/\/www.facebook.com\/portalmfoficial","article_published_time":"2024-06-19T13:36:43+00:00","article_modified_time":"2024-06-19T13:36:45+00:00","og_image":[{"width":1280,"height":853,"url":"https:\/\/portalmf.com.br\/wp-content\/uploads\/2024\/06\/Bonfim-de-Feira-reivindica-atencao-basica-a-saude-transporte-publico-e-politicas-publicas-de-fortalecimento-para-educacao-em-Uniao-por-Feira.jpg","type":"image\/jpeg"}],"author":"Reda\u00e7\u00e3o Portal MF","twitter_card":"summary_large_image","twitter_creator":"@https:\/\/x.com\/portalmfoficial","twitter_misc":{"Escrito por":"Reda\u00e7\u00e3o Portal MF","Est. tempo de leitura":"2 minutos"},"schema":{"@context":"https:\/\/schema.org","@graph":[{"@type":"WebPage","@id":"https:\/\/portalmf.com.br\/index.php\/2024\/06\/19\/bonfim-de-feira-reivindica-atencao-basica-a-saude-transporte-publico-e-politicas-publicas-de-fortalecimento-para-educacao-em-uniao-por-feira\/","url":"https:\/\/portalmf.com.br\/index.php\/2024\/06\/19\/bonfim-de-feira-reivindica-atencao-basica-a-saude-transporte-publico-e-politicas-publicas-de-fortalecimento-para-educacao-em-uniao-por-feira\/","name":"Bonfim de Feira reivindica aten\u00e7\u00e3o b\u00e1sica \u00e0 sa\u00fade, transporte p\u00fablico e pol\u00edticas p\u00fablicas de fortalecimento para educa\u00e7\u00e3o em Uni\u00e3o por Feira - Portal MF","isPartOf":{"@id":"https:\/\/portalmf.com.br\/#website"},"primaryImageOfPage":{"@id":"https:\/\/portalmf.com.br\/index.php\/2024\/06\/19\/bonfim-de-feira-reivindica-atencao-basica-a-saude-transporte-publico-e-politicas-publicas-de-fortalecimento-para-educacao-em-uniao-por-feira\/#primaryimage"},"image":{"@id":"https:\/\/portalmf.com.br\/index.php\/2024\/06\/19\/bonfim-de-feira-reivindica-atencao-basica-a-saude-transporte-publico-e-politicas-publicas-de-fortalecimento-para-educacao-em-uniao-por-feira\/#primaryimage"},"thumbnailUrl":"https:\/\/portalmf.com.br\/wp-content\/uploads\/2024\/06\/Bonfim-de-Feira-reivindica-atencao-basica-a-saude-transporte-publico-e-politicas-publicas-de-fortalecimento-para-educacao-em-Uniao-por-Feira.jpg","datePublished":"2024-06-19T13:36:43+00:00","dateModified":"2024-06-19T13:36:45+00:00","author":{"@id":"https:\/\/portalmf.com.br\/#\/schema\/person\/9ec101baf56233e53520c26de5d6f6f0"},"breadcrumb":{"@id":"https:\/\/portalmf.com.br\/index.php\/2024\/06\/19\/bonfim-de-feira-reivindica-atencao-basica-a-saude-transporte-publico-e-politicas-publicas-de-fortalecimento-para-educacao-em-uniao-por-feira\/#breadcrumb"},"inLanguage":"pt-BR","potentialAction":[{"@type":"ReadAction","target":["https:\/\/portalmf.com.br\/index.php\/2024\/06\/19\/bonfim-de-feira-reivindica-atencao-basica-a-saude-transporte-publico-e-politicas-publicas-de-fortalecimento-para-educacao-em-uniao-por-feira\/"]}]},{"@type":"ImageObject","inLanguage":"pt-BR","@id":"https:\/\/portalmf.com.br\/index.php\/2024\/06\/19\/bonfim-de-feira-reivindica-atencao-basica-a-saude-transporte-publico-e-politicas-publicas-de-fortalecimento-para-educacao-em-uniao-por-feira\/#primaryimage","url":"https:\/\/portalmf.com.br\/wp-content\/uploads\/2024\/06\/Bonfim-de-Feira-reivindica-atencao-basica-a-saude-transporte-publico-e-politicas-publicas-de-fortalecimento-para-educacao-em-Uniao-por-Feira.jpg","contentUrl":"https:\/\/portalmf.com.br\/wp-content\/uploads\/2024\/06\/Bonfim-de-Feira-reivindica-atencao-basica-a-saude-transporte-publico-e-politicas-publicas-de-fortalecimento-para-educacao-em-Uniao-por-Feira.jpg","width":1280,"height":853},{"@type":"BreadcrumbList","@id":"https:\/\/portalmf.com.br\/index.php\/2024\/06\/19\/bonfim-de-feira-reivindica-atencao-basica-a-saude-transporte-publico-e-politicas-publicas-de-fortalecimento-para-educacao-em-uniao-por-feira\/#breadcrumb","itemListElement":[{"@type":"ListItem","position":1,"name":"In\u00edcio","item":"https:\/\/portalmf.com.br\/"},{"@type":"ListItem","position":2,"name":"Bonfim de Feira reivindica aten\u00e7\u00e3o b\u00e1sica \u00e0 sa\u00fade, transporte p\u00fablico e pol\u00edticas p\u00fablicas de fortalecimento para educa\u00e7\u00e3o em Uni\u00e3o por Feira"}]},{"@type":"WebSite","@id":"https:\/\/portalmf.com.br\/#website","url":"https:\/\/portalmf.com.br\/","name":"Portal MF","description":"Voc\u00ea conectado com a informa\u00e7\u00e3o","potentialAction":[{"@type":"SearchAction","target":{"@type":"EntryPoint","urlTemplate":"https:\/\/portalmf.com.br\/?s={search_term_string}"},"query-input":"required name=search_term_string"}],"inLanguage":"pt-BR"},{"@type":"Person","@id":"https:\/\/portalmf.com.br\/#\/schema\/person\/9ec101baf56233e53520c26de5d6f6f0","name":"Reda\u00e7\u00e3o Portal MF","image":{"@type":"ImageObject","inLanguage":"pt-BR","@id":"https:\/\/portalmf.com.br\/#\/schema\/person\/image\/","url":"https:\/\/secure.gravatar.com\/avatar\/41b9aaeb2100835f7c64362330f74c7f?s=96&d=mm&r=g","contentUrl":"https:\/\/secure.gravatar.com\/avatar\/41b9aaeb2100835f7c64362330f74c7f?s=96&d=mm&r=g","caption":"Reda\u00e7\u00e3o Portal MF"},"description":"Sejam bem-vindos o portal de informa\u00e7\u00f5es de entretenimento de Feira de Santana, desde 2006 realiza coberturas dos principais eventos com entrevistas exclusivas com as principais personalidades mundiais. Fique conectado tamb\u00e9m nas redes sociais.","sameAs":["http:\/\/www.portalmf.com.br\/","https:\/\/www.facebook.com\/portalmfoficial","https:\/\/www.instagram.com\/portalmf\/","https:\/\/x.com\/https:\/\/x.com\/portalmfoficial","https:\/\/www.youtube.com\/@portalmfoficial"],"url":"https:\/\/portalmf.com.br\/index.php\/author\/junior\/"}]}},"_links":{"self":[{"href":"https:\/\/portalmf.com.br\/index.php\/wp-json\/wp\/v2\/posts\/27161"}],"collection":[{"href":"https:\/\/portalmf.com.br\/index.php\/wp-json\/wp\/v2\/posts"}],"about":[{"href":"https:\/\/portalmf.com.br\/index.php\/wp-json\/wp\/v2\/types\/post"}],"author":[{"embeddable":true,"href":"https:\/\/portalmf.com.br\/index.php\/wp-json\/wp\/v2\/users\/3"}],"replies":[{"embeddable":true,"href":"https:\/\/portalmf.com.br\/index.php\/wp-json\/wp\/v2\/comments?post=27161"}],"version-history":[{"count":1,"href":"https:\/\/portalmf.com.br\/index.php\/wp-json\/wp\/v2\/posts\/27161\/revisions"}],"predecessor-version":[{"id":27163,"href":"https:\/\/portalmf.com.br\/index.php\/wp-json\/wp\/v2\/posts\/27161\/revisions\/27163"}],"wp:featuredmedia":[{"embeddable":true,"href":"https:\/\/portalmf.com.br\/index.php\/wp-json\/wp\/v2\/media\/27162"}],"wp:attachment":[{"href":"https:\/\/portalmf.com.br\/index.php\/wp-json\/wp\/v2\/media?parent=27161"}],"wp:term":[{"taxonomy":"category","embeddable":true,"href":"https:\/\/portalmf.com.br\/index.php\/wp-json\/wp\/v2\/categories?post=27161"},{"taxonomy":"post_tag","embeddable":true,"href":"https:\/\/portalmf.com.br\/index.php\/wp-json\/wp\/v2\/tags?post=27161"}],"curies":[{"name":"wp","href":"https:\/\/api.w.org\/{rel}","templated":true}]}}