{"id":2708,"date":"2022-08-05T17:56:27","date_gmt":"2022-08-05T20:56:27","guid":{"rendered":"http:\/\/portalmf.com.br\/?p=2708"},"modified":"2022-08-05T17:56:28","modified_gmt":"2022-08-05T20:56:28","slug":"marcio-victor-e-a-banda-psirico-lancam-a-tropa-avanca","status":"publish","type":"post","link":"https:\/\/portalmf.com.br\/index.php\/2022\/08\/05\/marcio-victor-e-a-banda-psirico-lancam-a-tropa-avanca\/","title":{"rendered":"M\u00e1rcio Victor e a Banda Psirico lan\u00e7am \u201cA Tropa Avan\u00e7a\u201d"},"content":{"rendered":"\n<p>M\u00e1rcio Victor e a Banda Psirico lan\u00e7ou nesta sexta-feira (05) mais uma faixa do projeto Psi Universal. A m\u00fasica \u201cA Tropa Avan\u00e7a\u201d \u00e9 um destaque do registro audiovisual, por ser uma can\u00e7\u00e3o que tem forte caracter\u00edstica percussiva e letra que melhor traduz a trajet\u00f3ria do MV, l\u00edder da banda Psirico.<\/p>\n\n\n\n<p>\u201cA Tropa Avan\u00e7a fala da minha hist\u00f3ria, do meu bairro, da resist\u00eancia do meu povo que \u00e9 invenc\u00edvel, e \u00e9 pra quem ama m\u00fasica boa. Nos empenhamos muito na constru\u00e7\u00e3o, no arranjo e em cada detalhe desta can\u00e7\u00e3o. A gente adora esse desafio, isso que nos motiva, entrar no est\u00fadio sem saber exatamente o que vai acontecer e nascer uma m\u00fasica que arrepia a alma de quem ama e acompanha a minha hist\u00f3ria e a do Psirico desde o come\u00e7o. N\u00e3o \u00e9 a toa que \u00e9 a m\u00fasica de abertura do Psi Universal\u201d, conta M\u00e1rcio Victor.<\/p>\n\n\n\n<p>O single \u00e9 uma composi\u00e7\u00e3o de Guga Meyra, Ti\u00ea e Trimox, e o vocalista do Psi afirma: \u201cEles me entenderam e acertaram em cheio na letra tudo o que eu queria expressar dentro desse projeto, que mistura o universo musical de forma honesta. Hoje todos os movimentos musicais \u2013 funk, pop, sertanejo, trap \u2013 misturam nas bases a c\u00e9lula do pagod\u00e3o, que o Psi foi pioneiro. \u201d finalizou o artista.<\/p>\n\n\n\n<p><strong>PSI UNIVERSAL &#8211;<\/strong> O registro audiovisual tem 14 faixas in\u00e9ditas, e ser\u00e1 lan\u00e7ado em cinco etapas. O projeto conta com as participa\u00e7\u00f5es de amigos como a dupla Israel e Rodolfo, Rogerinho, Thiago Aquino, Escandurras, O Kanalha , Nego Jh\u00e1, Tony Salles (Parangol\u00e9), O Poeta e Lincoln. A produ\u00e7\u00e3o e dire\u00e7\u00e3o musical \u00e9 do pr\u00f3prio M\u00e1rcio Victor, a dire\u00e7\u00e3o art\u00edstica e roteiro tem assinatura do produtor Gil Alves e a capta\u00e7\u00e3o foi feita pela Usina Films sob dire\u00e7\u00e3o de Rafael Souza. O ballet do Psirico \u00e9 liderado por Lua Vilas. O figurino do artista teve a assinatura de L\u00e9o Bronks e Emerson Timba, e Cid Carlos no look dos bailarinos. A realiza\u00e7\u00e3o do projeto \u00e9 da Penta Entretenimento, empresa respons\u00e1vel pela carreira do Psirico. O clipe de A TROPA AVAN\u00c7A ser\u00e1 exibido no canal do Psirico no Youtube e o \u00e1udio est\u00e1 dispon\u00edvel em todas as plataformas digitais.<\/p>\n\n\n\n<figure class=\"wp-block-embed is-type-video is-provider-youtube wp-block-embed-youtube wp-embed-aspect-16-9 wp-has-aspect-ratio\"><div class=\"wp-block-embed__wrapper\">\n<iframe title=\"Psirico - A Tropa Avan\u00e7a [Clipe Oficial] Psi Universal\" width=\"696\" height=\"392\" src=\"https:\/\/www.youtube.com\/embed\/FVFGoMYB1D4?feature=oembed\" frameborder=\"0\" allow=\"accelerometer; autoplay; clipboard-write; encrypted-media; gyroscope; picture-in-picture; web-share\" allowfullscreen><\/iframe>\n<\/div><\/figure>\n","protected":false},"excerpt":{"rendered":"<p>M\u00e1rcio Victor e a Banda Psirico lan\u00e7ou nesta sexta-feira (05) mais uma faixa do projeto Psi Universal. A m\u00fasica \u201cA Tropa Avan\u00e7a\u201d \u00e9 um destaque do registro audiovisual, por ser uma can\u00e7\u00e3o que tem forte caracter\u00edstica percussiva e letra que melhor traduz a trajet\u00f3ria do MV, l\u00edder da banda Psirico. \u201cA Tropa Avan\u00e7a fala da [&hellip;]<\/p>\n","protected":false},"author":2,"featured_media":2709,"comment_status":"open","ping_status":"open","sticky":false,"template":"","format":"standard","meta":{"_monsterinsights_skip_tracking":false,"_monsterinsights_sitenote_active":false,"_monsterinsights_sitenote_note":"","_monsterinsights_sitenote_category":0,"footnotes":""},"categories":[47,36],"tags":[],"yoast_head":"<!-- This site is optimized with the Yoast SEO plugin v22.9 - https:\/\/yoast.com\/wordpress\/plugins\/seo\/ -->\n<title>M\u00e1rcio Victor e a Banda Psirico lan\u00e7am \u201cA Tropa Avan\u00e7a\u201d - Portal MF<\/title>\n<meta name=\"robots\" content=\"index, follow, max-snippet:-1, max-image-preview:large, max-video-preview:-1\" \/>\n<link rel=\"canonical\" href=\"https:\/\/portalmf.com.br\/index.php\/2022\/08\/05\/marcio-victor-e-a-banda-psirico-lancam-a-tropa-avanca\/\" \/>\n<meta property=\"og:locale\" content=\"pt_BR\" \/>\n<meta property=\"og:type\" content=\"article\" \/>\n<meta property=\"og:title\" content=\"M\u00e1rcio Victor e a Banda Psirico lan\u00e7am \u201cA Tropa Avan\u00e7a\u201d - Portal MF\" \/>\n<meta property=\"og:description\" content=\"M\u00e1rcio Victor e a Banda Psirico lan\u00e7ou nesta sexta-feira (05) mais uma faixa do projeto Psi Universal. A m\u00fasica \u201cA Tropa Avan\u00e7a\u201d \u00e9 um destaque do registro audiovisual, por ser uma can\u00e7\u00e3o que tem forte caracter\u00edstica percussiva e letra que melhor traduz a trajet\u00f3ria do MV, l\u00edder da banda Psirico. \u201cA Tropa Avan\u00e7a fala da [&hellip;]\" \/>\n<meta property=\"og:url\" content=\"https:\/\/portalmf.com.br\/index.php\/2022\/08\/05\/marcio-victor-e-a-banda-psirico-lancam-a-tropa-avanca\/\" \/>\n<meta property=\"og:site_name\" content=\"Portal MF\" \/>\n<meta property=\"article:author\" content=\"reginaldojrfsa\" \/>\n<meta property=\"article:published_time\" content=\"2022-08-05T20:56:27+00:00\" \/>\n<meta property=\"article:modified_time\" content=\"2022-08-05T20:56:28+00:00\" \/>\n<meta property=\"og:image\" content=\"https:\/\/portalmf.com.br\/wp-content\/uploads\/2022\/08\/psirico.jpeg\" \/>\n\t<meta property=\"og:image:width\" content=\"853\" \/>\n\t<meta property=\"og:image:height\" content=\"585\" \/>\n\t<meta property=\"og:image:type\" content=\"image\/jpeg\" \/>\n<meta name=\"author\" content=\"Reginaldo J\u00fanior\" \/>\n<meta name=\"twitter:card\" content=\"summary_large_image\" \/>\n<meta name=\"twitter:creator\" content=\"@reginaldojrmf\" \/>\n<meta name=\"twitter:label1\" content=\"Escrito por\" \/>\n\t<meta name=\"twitter:data1\" content=\"Reginaldo J\u00fanior\" \/>\n\t<meta name=\"twitter:label2\" content=\"Est. tempo de leitura\" \/>\n\t<meta name=\"twitter:data2\" content=\"2 minutos\" \/>\n<script type=\"application\/ld+json\" class=\"yoast-schema-graph\">{\"@context\":\"https:\/\/schema.org\",\"@graph\":[{\"@type\":\"WebPage\",\"@id\":\"https:\/\/portalmf.com.br\/index.php\/2022\/08\/05\/marcio-victor-e-a-banda-psirico-lancam-a-tropa-avanca\/\",\"url\":\"https:\/\/portalmf.com.br\/index.php\/2022\/08\/05\/marcio-victor-e-a-banda-psirico-lancam-a-tropa-avanca\/\",\"name\":\"M\u00e1rcio Victor e a Banda Psirico lan\u00e7am \u201cA Tropa Avan\u00e7a\u201d - Portal MF\",\"isPartOf\":{\"@id\":\"https:\/\/portalmf.com.br\/#website\"},\"primaryImageOfPage\":{\"@id\":\"https:\/\/portalmf.com.br\/index.php\/2022\/08\/05\/marcio-victor-e-a-banda-psirico-lancam-a-tropa-avanca\/#primaryimage\"},\"image\":{\"@id\":\"https:\/\/portalmf.com.br\/index.php\/2022\/08\/05\/marcio-victor-e-a-banda-psirico-lancam-a-tropa-avanca\/#primaryimage\"},\"thumbnailUrl\":\"https:\/\/portalmf.com.br\/wp-content\/uploads\/2022\/08\/psirico.jpeg\",\"datePublished\":\"2022-08-05T20:56:27+00:00\",\"dateModified\":\"2022-08-05T20:56:28+00:00\",\"author\":{\"@id\":\"https:\/\/portalmf.com.br\/#\/schema\/person\/11c82086fe8abc05a19147e964587285\"},\"breadcrumb\":{\"@id\":\"https:\/\/portalmf.com.br\/index.php\/2022\/08\/05\/marcio-victor-e-a-banda-psirico-lancam-a-tropa-avanca\/#breadcrumb\"},\"inLanguage\":\"pt-BR\",\"potentialAction\":[{\"@type\":\"ReadAction\",\"target\":[\"https:\/\/portalmf.com.br\/index.php\/2022\/08\/05\/marcio-victor-e-a-banda-psirico-lancam-a-tropa-avanca\/\"]}]},{\"@type\":\"ImageObject\",\"inLanguage\":\"pt-BR\",\"@id\":\"https:\/\/portalmf.com.br\/index.php\/2022\/08\/05\/marcio-victor-e-a-banda-psirico-lancam-a-tropa-avanca\/#primaryimage\",\"url\":\"https:\/\/portalmf.com.br\/wp-content\/uploads\/2022\/08\/psirico.jpeg\",\"contentUrl\":\"https:\/\/portalmf.com.br\/wp-content\/uploads\/2022\/08\/psirico.jpeg\",\"width\":853,\"height\":585},{\"@type\":\"BreadcrumbList\",\"@id\":\"https:\/\/portalmf.com.br\/index.php\/2022\/08\/05\/marcio-victor-e-a-banda-psirico-lancam-a-tropa-avanca\/#breadcrumb\",\"itemListElement\":[{\"@type\":\"ListItem\",\"position\":1,\"name\":\"In\u00edcio\",\"item\":\"https:\/\/portalmf.com.br\/\"},{\"@type\":\"ListItem\",\"position\":2,\"name\":\"M\u00e1rcio Victor e a Banda Psirico lan\u00e7am \u201cA Tropa Avan\u00e7a\u201d\"}]},{\"@type\":\"WebSite\",\"@id\":\"https:\/\/portalmf.com.br\/#website\",\"url\":\"https:\/\/portalmf.com.br\/\",\"name\":\"Portal MF\",\"description\":\"Voc\u00ea conectado com a informa\u00e7\u00e3o\",\"potentialAction\":[{\"@type\":\"SearchAction\",\"target\":{\"@type\":\"EntryPoint\",\"urlTemplate\":\"https:\/\/portalmf.com.br\/?s={search_term_string}\"},\"query-input\":\"required name=search_term_string\"}],\"inLanguage\":\"pt-BR\"},{\"@type\":\"Person\",\"@id\":\"https:\/\/portalmf.com.br\/#\/schema\/person\/11c82086fe8abc05a19147e964587285\",\"name\":\"Reginaldo J\u00fanior\",\"image\":{\"@type\":\"ImageObject\",\"inLanguage\":\"pt-BR\",\"@id\":\"https:\/\/portalmf.com.br\/#\/schema\/person\/image\/\",\"url\":\"https:\/\/secure.gravatar.com\/avatar\/32a3c797cd0ac47cc53b8644c62776f9?s=96&d=mm&r=g\",\"contentUrl\":\"https:\/\/secure.gravatar.com\/avatar\/32a3c797cd0ac47cc53b8644c62776f9?s=96&d=mm&r=g\",\"caption\":\"Reginaldo J\u00fanior\"},\"description\":\"Jornalista e idealizador Portal MF\",\"sameAs\":[\"https:\/\/portalmf.com.br\/index.php\/author\/reginaldojr\/\",\"reginaldojrfsa\",\"reginaldojuniormf\",\"https:\/\/x.com\/reginaldojrmf\"],\"url\":\"https:\/\/portalmf.com.br\/index.php\/author\/reginaldojr\/\"}]}<\/script>\n<!-- \/ Yoast SEO plugin. -->","yoast_head_json":{"title":"M\u00e1rcio Victor e a Banda Psirico lan\u00e7am \u201cA Tropa Avan\u00e7a\u201d - Portal MF","robots":{"index":"index","follow":"follow","max-snippet":"max-snippet:-1","max-image-preview":"max-image-preview:large","max-video-preview":"max-video-preview:-1"},"canonical":"https:\/\/portalmf.com.br\/index.php\/2022\/08\/05\/marcio-victor-e-a-banda-psirico-lancam-a-tropa-avanca\/","og_locale":"pt_BR","og_type":"article","og_title":"M\u00e1rcio Victor e a Banda Psirico lan\u00e7am \u201cA Tropa Avan\u00e7a\u201d - Portal MF","og_description":"M\u00e1rcio Victor e a Banda Psirico lan\u00e7ou nesta sexta-feira (05) mais uma faixa do projeto Psi Universal. A m\u00fasica \u201cA Tropa Avan\u00e7a\u201d \u00e9 um destaque do registro audiovisual, por ser uma can\u00e7\u00e3o que tem forte caracter\u00edstica percussiva e letra que melhor traduz a trajet\u00f3ria do MV, l\u00edder da banda Psirico. \u201cA Tropa Avan\u00e7a fala da [&hellip;]","og_url":"https:\/\/portalmf.com.br\/index.php\/2022\/08\/05\/marcio-victor-e-a-banda-psirico-lancam-a-tropa-avanca\/","og_site_name":"Portal MF","article_author":"reginaldojrfsa","article_published_time":"2022-08-05T20:56:27+00:00","article_modified_time":"2022-08-05T20:56:28+00:00","og_image":[{"width":853,"height":585,"url":"https:\/\/portalmf.com.br\/wp-content\/uploads\/2022\/08\/psirico.jpeg","type":"image\/jpeg"}],"author":"Reginaldo J\u00fanior","twitter_card":"summary_large_image","twitter_creator":"@reginaldojrmf","twitter_misc":{"Escrito por":"Reginaldo J\u00fanior","Est. tempo de leitura":"2 minutos"},"schema":{"@context":"https:\/\/schema.org","@graph":[{"@type":"WebPage","@id":"https:\/\/portalmf.com.br\/index.php\/2022\/08\/05\/marcio-victor-e-a-banda-psirico-lancam-a-tropa-avanca\/","url":"https:\/\/portalmf.com.br\/index.php\/2022\/08\/05\/marcio-victor-e-a-banda-psirico-lancam-a-tropa-avanca\/","name":"M\u00e1rcio Victor e a Banda Psirico lan\u00e7am \u201cA Tropa Avan\u00e7a\u201d - Portal MF","isPartOf":{"@id":"https:\/\/portalmf.com.br\/#website"},"primaryImageOfPage":{"@id":"https:\/\/portalmf.com.br\/index.php\/2022\/08\/05\/marcio-victor-e-a-banda-psirico-lancam-a-tropa-avanca\/#primaryimage"},"image":{"@id":"https:\/\/portalmf.com.br\/index.php\/2022\/08\/05\/marcio-victor-e-a-banda-psirico-lancam-a-tropa-avanca\/#primaryimage"},"thumbnailUrl":"https:\/\/portalmf.com.br\/wp-content\/uploads\/2022\/08\/psirico.jpeg","datePublished":"2022-08-05T20:56:27+00:00","dateModified":"2022-08-05T20:56:28+00:00","author":{"@id":"https:\/\/portalmf.com.br\/#\/schema\/person\/11c82086fe8abc05a19147e964587285"},"breadcrumb":{"@id":"https:\/\/portalmf.com.br\/index.php\/2022\/08\/05\/marcio-victor-e-a-banda-psirico-lancam-a-tropa-avanca\/#breadcrumb"},"inLanguage":"pt-BR","potentialAction":[{"@type":"ReadAction","target":["https:\/\/portalmf.com.br\/index.php\/2022\/08\/05\/marcio-victor-e-a-banda-psirico-lancam-a-tropa-avanca\/"]}]},{"@type":"ImageObject","inLanguage":"pt-BR","@id":"https:\/\/portalmf.com.br\/index.php\/2022\/08\/05\/marcio-victor-e-a-banda-psirico-lancam-a-tropa-avanca\/#primaryimage","url":"https:\/\/portalmf.com.br\/wp-content\/uploads\/2022\/08\/psirico.jpeg","contentUrl":"https:\/\/portalmf.com.br\/wp-content\/uploads\/2022\/08\/psirico.jpeg","width":853,"height":585},{"@type":"BreadcrumbList","@id":"https:\/\/portalmf.com.br\/index.php\/2022\/08\/05\/marcio-victor-e-a-banda-psirico-lancam-a-tropa-avanca\/#breadcrumb","itemListElement":[{"@type":"ListItem","position":1,"name":"In\u00edcio","item":"https:\/\/portalmf.com.br\/"},{"@type":"ListItem","position":2,"name":"M\u00e1rcio Victor e a Banda Psirico lan\u00e7am \u201cA Tropa Avan\u00e7a\u201d"}]},{"@type":"WebSite","@id":"https:\/\/portalmf.com.br\/#website","url":"https:\/\/portalmf.com.br\/","name":"Portal MF","description":"Voc\u00ea conectado com a informa\u00e7\u00e3o","potentialAction":[{"@type":"SearchAction","target":{"@type":"EntryPoint","urlTemplate":"https:\/\/portalmf.com.br\/?s={search_term_string}"},"query-input":"required name=search_term_string"}],"inLanguage":"pt-BR"},{"@type":"Person","@id":"https:\/\/portalmf.com.br\/#\/schema\/person\/11c82086fe8abc05a19147e964587285","name":"Reginaldo J\u00fanior","image":{"@type":"ImageObject","inLanguage":"pt-BR","@id":"https:\/\/portalmf.com.br\/#\/schema\/person\/image\/","url":"https:\/\/secure.gravatar.com\/avatar\/32a3c797cd0ac47cc53b8644c62776f9?s=96&d=mm&r=g","contentUrl":"https:\/\/secure.gravatar.com\/avatar\/32a3c797cd0ac47cc53b8644c62776f9?s=96&d=mm&r=g","caption":"Reginaldo J\u00fanior"},"description":"Jornalista e idealizador Portal MF","sameAs":["https:\/\/portalmf.com.br\/index.php\/author\/reginaldojr\/","reginaldojrfsa","reginaldojuniormf","https:\/\/x.com\/reginaldojrmf"],"url":"https:\/\/portalmf.com.br\/index.php\/author\/reginaldojr\/"}]}},"_links":{"self":[{"href":"https:\/\/portalmf.com.br\/index.php\/wp-json\/wp\/v2\/posts\/2708"}],"collection":[{"href":"https:\/\/portalmf.com.br\/index.php\/wp-json\/wp\/v2\/posts"}],"about":[{"href":"https:\/\/portalmf.com.br\/index.php\/wp-json\/wp\/v2\/types\/post"}],"author":[{"embeddable":true,"href":"https:\/\/portalmf.com.br\/index.php\/wp-json\/wp\/v2\/users\/2"}],"replies":[{"embeddable":true,"href":"https:\/\/portalmf.com.br\/index.php\/wp-json\/wp\/v2\/comments?post=2708"}],"version-history":[{"count":1,"href":"https:\/\/portalmf.com.br\/index.php\/wp-json\/wp\/v2\/posts\/2708\/revisions"}],"predecessor-version":[{"id":2710,"href":"https:\/\/portalmf.com.br\/index.php\/wp-json\/wp\/v2\/posts\/2708\/revisions\/2710"}],"wp:featuredmedia":[{"embeddable":true,"href":"https:\/\/portalmf.com.br\/index.php\/wp-json\/wp\/v2\/media\/2709"}],"wp:attachment":[{"href":"https:\/\/portalmf.com.br\/index.php\/wp-json\/wp\/v2\/media?parent=2708"}],"wp:term":[{"taxonomy":"category","embeddable":true,"href":"https:\/\/portalmf.com.br\/index.php\/wp-json\/wp\/v2\/categories?post=2708"},{"taxonomy":"post_tag","embeddable":true,"href":"https:\/\/portalmf.com.br\/index.php\/wp-json\/wp\/v2\/tags?post=2708"}],"curies":[{"name":"wp","href":"https:\/\/api.w.org\/{rel}","templated":true}]}}