{"id":27011,"date":"2024-06-14T12:14:52","date_gmt":"2024-06-14T15:14:52","guid":{"rendered":"https:\/\/portalmf.com.br\/?p=27011"},"modified":"2024-06-14T12:14:54","modified_gmt":"2024-06-14T15:14:54","slug":"tito-e-o-pre-candidato-de-jeronimo-lula-wagner-e-rui-em-barreiras-destaca-ede","status":"publish","type":"post","link":"https:\/\/portalmf.com.br\/index.php\/2024\/06\/14\/tito-e-o-pre-candidato-de-jeronimo-lula-wagner-e-rui-em-barreiras-destaca-ede\/","title":{"rendered":"&#8220;Tito \u00e9 o pr\u00e9-candidato de Jer\u00f4nimo, Lula, Wagner e Rui em Barreiras&#8221;, destaca \u00c9de"},"content":{"rendered":"\n<p>Presente no lan\u00e7amento da pr\u00e9-candidatura de Tito, do PT, \u00e0 Prefeitura Municipal de Barreiras nas elei\u00e7\u00f5es deste ano, na noite desta quinta-feira (13), o presidente do Partido dos Trabalhadores da Bahia, \u00c9den Valadares, afirmou que o petista \u00e9 o melhor e mais qualificado nome para transformar a realidade da cidade e dos seus moradores.<\/p>\n\n\n\n<p>Na ocasi\u00e3o, ao lado do governador do Estado, Jer\u00f4nimo Rodrigues, de Tito e de lideran\u00e7as pol\u00edticas da regi\u00e3o, o presidente estadual do PT demonstrou confian\u00e7a na vit\u00f3ria do ex-deputado federal, o mais votado da hist\u00f3ria de Barreiras, que tamb\u00e9m j\u00e1 foi vereador por quatro mandatos e presidente da C\u00e2mara Municipal por dois mandatos consecutivos.<\/p>\n\n\n\n<p><em>&#8220;Tito \u00e9 o pr\u00e9-candidato de Jer\u00f4nimo, Lula, Wagner e Rui em Barreiras&#8221;<\/em>, destacou \u00c9den, ao afirmar o compromisso do ex-parlamentar com o projeto de desenvolvimento e inclus\u00e3o social do PT. <\/p>\n\n\n\n<p><em>&#8220;Vamos fazer uma pr\u00e9-campanha e uma campanha em um processo de escuta com a popula\u00e7\u00e3o para entendermos melhor quais s\u00e3o as principais necessidades do povo de Barreiras e, assim, discutirmos solu\u00e7\u00f5es que constar\u00e3o no Programa de Governo Participativo de Tito. Vamos seguir unidos, fortes e, ao lado do povo, vencer as elei\u00e7\u00f5es deste munic\u00edpio t\u00e3o importante para o nosso estado&#8221;,<\/em> concluiu \u00c9den.<\/p>\n","protected":false},"excerpt":{"rendered":"<p>Presente no lan\u00e7amento da pr\u00e9-candidatura de Tito, do PT, \u00e0 Prefeitura Municipal de Barreiras nas elei\u00e7\u00f5es deste ano, na noite desta quinta-feira (13), o presidente do Partido dos Trabalhadores da Bahia, \u00c9den Valadares, afirmou que o petista \u00e9 o melhor e mais qualificado nome para transformar a realidade da cidade e dos seus moradores. Na [&hellip;]<\/p>\n","protected":false},"author":3,"featured_media":27012,"comment_status":"open","ping_status":"open","sticky":false,"template":"","format":"standard","meta":{"_monsterinsights_skip_tracking":false,"_monsterinsights_sitenote_active":false,"_monsterinsights_sitenote_note":"","_monsterinsights_sitenote_category":0,"footnotes":""},"categories":[301],"tags":[],"yoast_head":"<!-- This site is optimized with the Yoast SEO plugin v22.9 - https:\/\/yoast.com\/wordpress\/plugins\/seo\/ -->\n<title>&quot;Tito \u00e9 o pr\u00e9-candidato de Jer\u00f4nimo, Lula, Wagner e Rui em Barreiras&quot;, destaca \u00c9de - Portal MF<\/title>\n<meta name=\"robots\" content=\"index, follow, max-snippet:-1, max-image-preview:large, max-video-preview:-1\" \/>\n<link rel=\"canonical\" href=\"https:\/\/portalmf.com.br\/index.php\/2024\/06\/14\/tito-e-o-pre-candidato-de-jeronimo-lula-wagner-e-rui-em-barreiras-destaca-ede\/\" \/>\n<meta property=\"og:locale\" content=\"pt_BR\" \/>\n<meta property=\"og:type\" content=\"article\" \/>\n<meta property=\"og:title\" content=\"&quot;Tito \u00e9 o pr\u00e9-candidato de Jer\u00f4nimo, Lula, Wagner e Rui em Barreiras&quot;, destaca \u00c9de - Portal MF\" \/>\n<meta property=\"og:description\" content=\"Presente no lan\u00e7amento da pr\u00e9-candidatura de Tito, do PT, \u00e0 Prefeitura Municipal de Barreiras nas elei\u00e7\u00f5es deste ano, na noite desta quinta-feira (13), o presidente do Partido dos Trabalhadores da Bahia, \u00c9den Valadares, afirmou que o petista \u00e9 o melhor e mais qualificado nome para transformar a realidade da cidade e dos seus moradores. Na [&hellip;]\" \/>\n<meta property=\"og:url\" content=\"https:\/\/portalmf.com.br\/index.php\/2024\/06\/14\/tito-e-o-pre-candidato-de-jeronimo-lula-wagner-e-rui-em-barreiras-destaca-ede\/\" \/>\n<meta property=\"og:site_name\" content=\"Portal MF\" \/>\n<meta property=\"article:author\" content=\"https:\/\/www.facebook.com\/portalmfoficial\" \/>\n<meta property=\"article:published_time\" content=\"2024-06-14T15:14:52+00:00\" \/>\n<meta property=\"article:modified_time\" content=\"2024-06-14T15:14:54+00:00\" \/>\n<meta property=\"og:image\" content=\"https:\/\/portalmf.com.br\/wp-content\/uploads\/2024\/06\/Eden-Valadares-e-Tito.jpg\" \/>\n\t<meta property=\"og:image:width\" content=\"1280\" \/>\n\t<meta property=\"og:image:height\" content=\"853\" \/>\n\t<meta property=\"og:image:type\" content=\"image\/jpeg\" \/>\n<meta name=\"author\" content=\"Reda\u00e7\u00e3o Portal MF\" \/>\n<meta name=\"twitter:card\" content=\"summary_large_image\" \/>\n<meta name=\"twitter:creator\" content=\"@https:\/\/x.com\/portalmfoficial\" \/>\n<meta name=\"twitter:label1\" content=\"Escrito por\" \/>\n\t<meta name=\"twitter:data1\" content=\"Reda\u00e7\u00e3o Portal MF\" \/>\n\t<meta name=\"twitter:label2\" content=\"Est. tempo de leitura\" \/>\n\t<meta name=\"twitter:data2\" content=\"2 minutos\" \/>\n<script type=\"application\/ld+json\" class=\"yoast-schema-graph\">{\"@context\":\"https:\/\/schema.org\",\"@graph\":[{\"@type\":\"WebPage\",\"@id\":\"https:\/\/portalmf.com.br\/index.php\/2024\/06\/14\/tito-e-o-pre-candidato-de-jeronimo-lula-wagner-e-rui-em-barreiras-destaca-ede\/\",\"url\":\"https:\/\/portalmf.com.br\/index.php\/2024\/06\/14\/tito-e-o-pre-candidato-de-jeronimo-lula-wagner-e-rui-em-barreiras-destaca-ede\/\",\"name\":\"\\\"Tito \u00e9 o pr\u00e9-candidato de Jer\u00f4nimo, Lula, Wagner e Rui em Barreiras\\\", destaca \u00c9de - Portal MF\",\"isPartOf\":{\"@id\":\"https:\/\/portalmf.com.br\/#website\"},\"primaryImageOfPage\":{\"@id\":\"https:\/\/portalmf.com.br\/index.php\/2024\/06\/14\/tito-e-o-pre-candidato-de-jeronimo-lula-wagner-e-rui-em-barreiras-destaca-ede\/#primaryimage\"},\"image\":{\"@id\":\"https:\/\/portalmf.com.br\/index.php\/2024\/06\/14\/tito-e-o-pre-candidato-de-jeronimo-lula-wagner-e-rui-em-barreiras-destaca-ede\/#primaryimage\"},\"thumbnailUrl\":\"https:\/\/portalmf.com.br\/wp-content\/uploads\/2024\/06\/Eden-Valadares-e-Tito.jpg\",\"datePublished\":\"2024-06-14T15:14:52+00:00\",\"dateModified\":\"2024-06-14T15:14:54+00:00\",\"author\":{\"@id\":\"https:\/\/portalmf.com.br\/#\/schema\/person\/9ec101baf56233e53520c26de5d6f6f0\"},\"breadcrumb\":{\"@id\":\"https:\/\/portalmf.com.br\/index.php\/2024\/06\/14\/tito-e-o-pre-candidato-de-jeronimo-lula-wagner-e-rui-em-barreiras-destaca-ede\/#breadcrumb\"},\"inLanguage\":\"pt-BR\",\"potentialAction\":[{\"@type\":\"ReadAction\",\"target\":[\"https:\/\/portalmf.com.br\/index.php\/2024\/06\/14\/tito-e-o-pre-candidato-de-jeronimo-lula-wagner-e-rui-em-barreiras-destaca-ede\/\"]}]},{\"@type\":\"ImageObject\",\"inLanguage\":\"pt-BR\",\"@id\":\"https:\/\/portalmf.com.br\/index.php\/2024\/06\/14\/tito-e-o-pre-candidato-de-jeronimo-lula-wagner-e-rui-em-barreiras-destaca-ede\/#primaryimage\",\"url\":\"https:\/\/portalmf.com.br\/wp-content\/uploads\/2024\/06\/Eden-Valadares-e-Tito.jpg\",\"contentUrl\":\"https:\/\/portalmf.com.br\/wp-content\/uploads\/2024\/06\/Eden-Valadares-e-Tito.jpg\",\"width\":1280,\"height\":853},{\"@type\":\"BreadcrumbList\",\"@id\":\"https:\/\/portalmf.com.br\/index.php\/2024\/06\/14\/tito-e-o-pre-candidato-de-jeronimo-lula-wagner-e-rui-em-barreiras-destaca-ede\/#breadcrumb\",\"itemListElement\":[{\"@type\":\"ListItem\",\"position\":1,\"name\":\"In\u00edcio\",\"item\":\"https:\/\/portalmf.com.br\/\"},{\"@type\":\"ListItem\",\"position\":2,\"name\":\"&#8220;Tito \u00e9 o pr\u00e9-candidato de Jer\u00f4nimo, Lula, Wagner e Rui em Barreiras&#8221;, destaca \u00c9de\"}]},{\"@type\":\"WebSite\",\"@id\":\"https:\/\/portalmf.com.br\/#website\",\"url\":\"https:\/\/portalmf.com.br\/\",\"name\":\"Portal MF\",\"description\":\"Voc\u00ea conectado com a informa\u00e7\u00e3o\",\"potentialAction\":[{\"@type\":\"SearchAction\",\"target\":{\"@type\":\"EntryPoint\",\"urlTemplate\":\"https:\/\/portalmf.com.br\/?s={search_term_string}\"},\"query-input\":\"required name=search_term_string\"}],\"inLanguage\":\"pt-BR\"},{\"@type\":\"Person\",\"@id\":\"https:\/\/portalmf.com.br\/#\/schema\/person\/9ec101baf56233e53520c26de5d6f6f0\",\"name\":\"Reda\u00e7\u00e3o Portal MF\",\"image\":{\"@type\":\"ImageObject\",\"inLanguage\":\"pt-BR\",\"@id\":\"https:\/\/portalmf.com.br\/#\/schema\/person\/image\/\",\"url\":\"https:\/\/secure.gravatar.com\/avatar\/41b9aaeb2100835f7c64362330f74c7f?s=96&d=mm&r=g\",\"contentUrl\":\"https:\/\/secure.gravatar.com\/avatar\/41b9aaeb2100835f7c64362330f74c7f?s=96&d=mm&r=g\",\"caption\":\"Reda\u00e7\u00e3o Portal MF\"},\"description\":\"Sejam bem-vindos o portal de informa\u00e7\u00f5es de entretenimento de Feira de Santana, desde 2006 realiza coberturas dos principais eventos com entrevistas exclusivas com as principais personalidades mundiais. Fique conectado tamb\u00e9m nas redes sociais.\",\"sameAs\":[\"http:\/\/www.portalmf.com.br\/\",\"https:\/\/www.facebook.com\/portalmfoficial\",\"https:\/\/www.instagram.com\/portalmf\/\",\"https:\/\/x.com\/https:\/\/x.com\/portalmfoficial\",\"https:\/\/www.youtube.com\/@portalmfoficial\"],\"url\":\"https:\/\/portalmf.com.br\/index.php\/author\/junior\/\"}]}<\/script>\n<!-- \/ Yoast SEO plugin. -->","yoast_head_json":{"title":"\"Tito \u00e9 o pr\u00e9-candidato de Jer\u00f4nimo, Lula, Wagner e Rui em Barreiras\", destaca \u00c9de - Portal MF","robots":{"index":"index","follow":"follow","max-snippet":"max-snippet:-1","max-image-preview":"max-image-preview:large","max-video-preview":"max-video-preview:-1"},"canonical":"https:\/\/portalmf.com.br\/index.php\/2024\/06\/14\/tito-e-o-pre-candidato-de-jeronimo-lula-wagner-e-rui-em-barreiras-destaca-ede\/","og_locale":"pt_BR","og_type":"article","og_title":"\"Tito \u00e9 o pr\u00e9-candidato de Jer\u00f4nimo, Lula, Wagner e Rui em Barreiras\", destaca \u00c9de - Portal MF","og_description":"Presente no lan\u00e7amento da pr\u00e9-candidatura de Tito, do PT, \u00e0 Prefeitura Municipal de Barreiras nas elei\u00e7\u00f5es deste ano, na noite desta quinta-feira (13), o presidente do Partido dos Trabalhadores da Bahia, \u00c9den Valadares, afirmou que o petista \u00e9 o melhor e mais qualificado nome para transformar a realidade da cidade e dos seus moradores. Na [&hellip;]","og_url":"https:\/\/portalmf.com.br\/index.php\/2024\/06\/14\/tito-e-o-pre-candidato-de-jeronimo-lula-wagner-e-rui-em-barreiras-destaca-ede\/","og_site_name":"Portal MF","article_author":"https:\/\/www.facebook.com\/portalmfoficial","article_published_time":"2024-06-14T15:14:52+00:00","article_modified_time":"2024-06-14T15:14:54+00:00","og_image":[{"width":1280,"height":853,"url":"https:\/\/portalmf.com.br\/wp-content\/uploads\/2024\/06\/Eden-Valadares-e-Tito.jpg","type":"image\/jpeg"}],"author":"Reda\u00e7\u00e3o Portal MF","twitter_card":"summary_large_image","twitter_creator":"@https:\/\/x.com\/portalmfoficial","twitter_misc":{"Escrito por":"Reda\u00e7\u00e3o Portal MF","Est. tempo de leitura":"2 minutos"},"schema":{"@context":"https:\/\/schema.org","@graph":[{"@type":"WebPage","@id":"https:\/\/portalmf.com.br\/index.php\/2024\/06\/14\/tito-e-o-pre-candidato-de-jeronimo-lula-wagner-e-rui-em-barreiras-destaca-ede\/","url":"https:\/\/portalmf.com.br\/index.php\/2024\/06\/14\/tito-e-o-pre-candidato-de-jeronimo-lula-wagner-e-rui-em-barreiras-destaca-ede\/","name":"\"Tito \u00e9 o pr\u00e9-candidato de Jer\u00f4nimo, Lula, Wagner e Rui em Barreiras\", destaca \u00c9de - Portal MF","isPartOf":{"@id":"https:\/\/portalmf.com.br\/#website"},"primaryImageOfPage":{"@id":"https:\/\/portalmf.com.br\/index.php\/2024\/06\/14\/tito-e-o-pre-candidato-de-jeronimo-lula-wagner-e-rui-em-barreiras-destaca-ede\/#primaryimage"},"image":{"@id":"https:\/\/portalmf.com.br\/index.php\/2024\/06\/14\/tito-e-o-pre-candidato-de-jeronimo-lula-wagner-e-rui-em-barreiras-destaca-ede\/#primaryimage"},"thumbnailUrl":"https:\/\/portalmf.com.br\/wp-content\/uploads\/2024\/06\/Eden-Valadares-e-Tito.jpg","datePublished":"2024-06-14T15:14:52+00:00","dateModified":"2024-06-14T15:14:54+00:00","author":{"@id":"https:\/\/portalmf.com.br\/#\/schema\/person\/9ec101baf56233e53520c26de5d6f6f0"},"breadcrumb":{"@id":"https:\/\/portalmf.com.br\/index.php\/2024\/06\/14\/tito-e-o-pre-candidato-de-jeronimo-lula-wagner-e-rui-em-barreiras-destaca-ede\/#breadcrumb"},"inLanguage":"pt-BR","potentialAction":[{"@type":"ReadAction","target":["https:\/\/portalmf.com.br\/index.php\/2024\/06\/14\/tito-e-o-pre-candidato-de-jeronimo-lula-wagner-e-rui-em-barreiras-destaca-ede\/"]}]},{"@type":"ImageObject","inLanguage":"pt-BR","@id":"https:\/\/portalmf.com.br\/index.php\/2024\/06\/14\/tito-e-o-pre-candidato-de-jeronimo-lula-wagner-e-rui-em-barreiras-destaca-ede\/#primaryimage","url":"https:\/\/portalmf.com.br\/wp-content\/uploads\/2024\/06\/Eden-Valadares-e-Tito.jpg","contentUrl":"https:\/\/portalmf.com.br\/wp-content\/uploads\/2024\/06\/Eden-Valadares-e-Tito.jpg","width":1280,"height":853},{"@type":"BreadcrumbList","@id":"https:\/\/portalmf.com.br\/index.php\/2024\/06\/14\/tito-e-o-pre-candidato-de-jeronimo-lula-wagner-e-rui-em-barreiras-destaca-ede\/#breadcrumb","itemListElement":[{"@type":"ListItem","position":1,"name":"In\u00edcio","item":"https:\/\/portalmf.com.br\/"},{"@type":"ListItem","position":2,"name":"&#8220;Tito \u00e9 o pr\u00e9-candidato de Jer\u00f4nimo, Lula, Wagner e Rui em Barreiras&#8221;, destaca \u00c9de"}]},{"@type":"WebSite","@id":"https:\/\/portalmf.com.br\/#website","url":"https:\/\/portalmf.com.br\/","name":"Portal MF","description":"Voc\u00ea conectado com a informa\u00e7\u00e3o","potentialAction":[{"@type":"SearchAction","target":{"@type":"EntryPoint","urlTemplate":"https:\/\/portalmf.com.br\/?s={search_term_string}"},"query-input":"required name=search_term_string"}],"inLanguage":"pt-BR"},{"@type":"Person","@id":"https:\/\/portalmf.com.br\/#\/schema\/person\/9ec101baf56233e53520c26de5d6f6f0","name":"Reda\u00e7\u00e3o Portal MF","image":{"@type":"ImageObject","inLanguage":"pt-BR","@id":"https:\/\/portalmf.com.br\/#\/schema\/person\/image\/","url":"https:\/\/secure.gravatar.com\/avatar\/41b9aaeb2100835f7c64362330f74c7f?s=96&d=mm&r=g","contentUrl":"https:\/\/secure.gravatar.com\/avatar\/41b9aaeb2100835f7c64362330f74c7f?s=96&d=mm&r=g","caption":"Reda\u00e7\u00e3o Portal MF"},"description":"Sejam bem-vindos o portal de informa\u00e7\u00f5es de entretenimento de Feira de Santana, desde 2006 realiza coberturas dos principais eventos com entrevistas exclusivas com as principais personalidades mundiais. Fique conectado tamb\u00e9m nas redes sociais.","sameAs":["http:\/\/www.portalmf.com.br\/","https:\/\/www.facebook.com\/portalmfoficial","https:\/\/www.instagram.com\/portalmf\/","https:\/\/x.com\/https:\/\/x.com\/portalmfoficial","https:\/\/www.youtube.com\/@portalmfoficial"],"url":"https:\/\/portalmf.com.br\/index.php\/author\/junior\/"}]}},"_links":{"self":[{"href":"https:\/\/portalmf.com.br\/index.php\/wp-json\/wp\/v2\/posts\/27011"}],"collection":[{"href":"https:\/\/portalmf.com.br\/index.php\/wp-json\/wp\/v2\/posts"}],"about":[{"href":"https:\/\/portalmf.com.br\/index.php\/wp-json\/wp\/v2\/types\/post"}],"author":[{"embeddable":true,"href":"https:\/\/portalmf.com.br\/index.php\/wp-json\/wp\/v2\/users\/3"}],"replies":[{"embeddable":true,"href":"https:\/\/portalmf.com.br\/index.php\/wp-json\/wp\/v2\/comments?post=27011"}],"version-history":[{"count":1,"href":"https:\/\/portalmf.com.br\/index.php\/wp-json\/wp\/v2\/posts\/27011\/revisions"}],"predecessor-version":[{"id":27013,"href":"https:\/\/portalmf.com.br\/index.php\/wp-json\/wp\/v2\/posts\/27011\/revisions\/27013"}],"wp:featuredmedia":[{"embeddable":true,"href":"https:\/\/portalmf.com.br\/index.php\/wp-json\/wp\/v2\/media\/27012"}],"wp:attachment":[{"href":"https:\/\/portalmf.com.br\/index.php\/wp-json\/wp\/v2\/media?parent=27011"}],"wp:term":[{"taxonomy":"category","embeddable":true,"href":"https:\/\/portalmf.com.br\/index.php\/wp-json\/wp\/v2\/categories?post=27011"},{"taxonomy":"post_tag","embeddable":true,"href":"https:\/\/portalmf.com.br\/index.php\/wp-json\/wp\/v2\/tags?post=27011"}],"curies":[{"name":"wp","href":"https:\/\/api.w.org\/{rel}","templated":true}]}}