{"id":2695,"date":"2022-08-05T17:06:43","date_gmt":"2022-08-05T20:06:43","guid":{"rendered":"http:\/\/portalmf.com.br\/?p=2695"},"modified":"2022-08-05T17:08:57","modified_gmt":"2022-08-05T20:08:57","slug":"nivaldo-marques-do-tem-cabare-essa-noite-lanca-cd-reacendendo-a-lambada","status":"publish","type":"post","link":"https:\/\/portalmf.com.br\/index.php\/2022\/08\/05\/nivaldo-marques-do-tem-cabare-essa-noite-lanca-cd-reacendendo-a-lambada\/","title":{"rendered":"Nivaldo Marques, do &#8216;Tem Cabar\u00e9 Essa Noite&#8217;, lan\u00e7a CD reacendendo a lambada"},"content":{"rendered":"\n<p>O cantor Nivaldo Marques voltou agitar a lambada com o divulga\u00e7\u00e3o do seu CD, intitulado &#8216;Pra Bailar 1.0&#8217;, lan\u00e7ado na \u00faltima quarta-feira (3), nas plataformas digitais. O novo trabalho do &#8220;rei do lambad\u00e3o&#8221; promete reacender a for\u00e7a do g\u00eanero no Brasil, dando sequ\u00eancia ao hit &#8216;Tem Cabar\u00e9 Essa Noite&#8217; &#8211; gravado em parceria com Nattan.<\/p>\n\n\n\n<p>O \u00e1lbum conta com 17 faixas, incluindo os sucessos &#8216;N\u00e3o Pega Ningu\u00e9m Ainda&#8217;, &#8216;Balan\u00e7o da Rede&#8217;, &#8216;Revoada&#8217;, &#8216;Acorda Pedrinho&#8217;, entre outros, al\u00e9m da in\u00e9dita &#8216;Tomar Uma na Zona&#8217; &#8211; aposta do artista neste projeto.<\/p>\n\n\n\n<p>Considerado a nova revela\u00e7\u00e3o da lambada e com 8 anos dedicados ao g\u00eanero, Nivaldo Marques tem conseguindo alcan\u00e7ar seu espa\u00e7o no entretenimento gravando seu nome no estilo musical.<\/p>\n\n\n\n<p>No entanto, at\u00e9 experimentar o melhor momento da sua carreira com uma crescente na procura pelo seus shows, a sua vida n\u00e3o foi f\u00e1cil. Natural de Nazar\u00e9 das Farinhas, no rec\u00f4ncavo baiano, ele j\u00e1 foi lavrador, ajudante de gar\u00e7om, repositor de supermercados, auxiliar de servi\u00e7os gerais e motoboy.<\/p>\n\n\n\n<p>Em 2022, o cantor emplacou o hit &#8216;Tem Cabar\u00e9 Essa Noite&#8217; nas paradas de sucesso. A m\u00fasica est\u00e1 bombando desde o per\u00edodo junino, quando baiano acrescentou um \u201cui ai\u201d no refr\u00e3o da can\u00e7\u00e3o. O trecho ganhou as redes sociais e \u201cestourou\u201d conquistado posi\u00e7\u00f5es de destaque no servi\u00e7o de streaming.<\/p>\n\n\n\n<p>No Sua M\u00fasica, o cantor aparece em 1\u00ba lugar no ranking de execu\u00e7\u00f5es entre os mais variados estilos com milh\u00f5es de streams. Na Deezer, a m\u00fasica ocupa o 1\u00ba lugar na playlist Trending Brasil, e 6\u00ba lugar no Spotify Brasil. No YouTube, o hit do &#8220;rei do lambad\u00e3o&#8221; se mant\u00e9m entre os v\u00eddeos em alta.<\/p>\n\n\n\n<p>Com a dissemina\u00e7\u00e3o espont\u00e2nea do seu trabalho, potencializada pelo ritmo popular da lambada e aprova\u00e7\u00e3o do p\u00fablico, Nivaldo Marques vai tra\u00e7ando um caminho promissor defendendo o g\u00eanero e levando o nome do rec\u00f4ncavo para o Brasil.<\/p>\n","protected":false},"excerpt":{"rendered":"<p>O cantor Nivaldo Marques voltou agitar a lambada com o divulga\u00e7\u00e3o do seu CD, intitulado &#8216;Pra Bailar 1.0&#8217;, lan\u00e7ado na \u00faltima quarta-feira (3), nas plataformas digitais. O novo trabalho do &#8220;rei do lambad\u00e3o&#8221; promete reacender a for\u00e7a do g\u00eanero no Brasil, dando sequ\u00eancia ao hit &#8216;Tem Cabar\u00e9 Essa Noite&#8217; &#8211; gravado em parceria com Nattan. [&hellip;]<\/p>\n","protected":false},"author":2,"featured_media":2696,"comment_status":"open","ping_status":"open","sticky":false,"template":"","format":"standard","meta":{"_monsterinsights_skip_tracking":false,"_monsterinsights_sitenote_active":false,"_monsterinsights_sitenote_note":"","_monsterinsights_sitenote_category":0,"footnotes":""},"categories":[47,36],"tags":[],"yoast_head":"<!-- This site is optimized with the Yoast SEO plugin v22.9 - https:\/\/yoast.com\/wordpress\/plugins\/seo\/ -->\n<title>Nivaldo Marques, do &#039;Tem Cabar\u00e9 Essa Noite&#039;, lan\u00e7a CD reacendendo a lambada - Portal MF<\/title>\n<meta name=\"robots\" content=\"index, follow, max-snippet:-1, max-image-preview:large, max-video-preview:-1\" \/>\n<link rel=\"canonical\" href=\"https:\/\/portalmf.com.br\/index.php\/2022\/08\/05\/nivaldo-marques-do-tem-cabare-essa-noite-lanca-cd-reacendendo-a-lambada\/\" \/>\n<meta property=\"og:locale\" content=\"pt_BR\" \/>\n<meta property=\"og:type\" content=\"article\" \/>\n<meta property=\"og:title\" content=\"Nivaldo Marques, do &#039;Tem Cabar\u00e9 Essa Noite&#039;, lan\u00e7a CD reacendendo a lambada - Portal MF\" \/>\n<meta property=\"og:description\" content=\"O cantor Nivaldo Marques voltou agitar a lambada com o divulga\u00e7\u00e3o do seu CD, intitulado &#8216;Pra Bailar 1.0&#8217;, lan\u00e7ado na \u00faltima quarta-feira (3), nas plataformas digitais. O novo trabalho do &#8220;rei do lambad\u00e3o&#8221; promete reacender a for\u00e7a do g\u00eanero no Brasil, dando sequ\u00eancia ao hit &#8216;Tem Cabar\u00e9 Essa Noite&#8217; &#8211; gravado em parceria com Nattan. [&hellip;]\" \/>\n<meta property=\"og:url\" content=\"https:\/\/portalmf.com.br\/index.php\/2022\/08\/05\/nivaldo-marques-do-tem-cabare-essa-noite-lanca-cd-reacendendo-a-lambada\/\" \/>\n<meta property=\"og:site_name\" content=\"Portal MF\" \/>\n<meta property=\"article:author\" content=\"reginaldojrfsa\" \/>\n<meta property=\"article:published_time\" content=\"2022-08-05T20:06:43+00:00\" \/>\n<meta property=\"article:modified_time\" content=\"2022-08-05T20:08:57+00:00\" \/>\n<meta property=\"og:image\" content=\"https:\/\/portalmf.com.br\/wp-content\/uploads\/2022\/08\/294272739_1082500275724093_6858576758265224497_n.jpg\" \/>\n\t<meta property=\"og:image:width\" content=\"853\" \/>\n\t<meta property=\"og:image:height\" content=\"568\" \/>\n\t<meta property=\"og:image:type\" content=\"image\/jpeg\" \/>\n<meta name=\"author\" content=\"Reginaldo J\u00fanior\" \/>\n<meta name=\"twitter:card\" content=\"summary_large_image\" \/>\n<meta name=\"twitter:creator\" content=\"@reginaldojrmf\" \/>\n<meta name=\"twitter:label1\" content=\"Escrito por\" \/>\n\t<meta name=\"twitter:data1\" content=\"Reginaldo J\u00fanior\" \/>\n\t<meta name=\"twitter:label2\" content=\"Est. tempo de leitura\" \/>\n\t<meta name=\"twitter:data2\" content=\"2 minutos\" \/>\n<script type=\"application\/ld+json\" class=\"yoast-schema-graph\">{\"@context\":\"https:\/\/schema.org\",\"@graph\":[{\"@type\":\"WebPage\",\"@id\":\"https:\/\/portalmf.com.br\/index.php\/2022\/08\/05\/nivaldo-marques-do-tem-cabare-essa-noite-lanca-cd-reacendendo-a-lambada\/\",\"url\":\"https:\/\/portalmf.com.br\/index.php\/2022\/08\/05\/nivaldo-marques-do-tem-cabare-essa-noite-lanca-cd-reacendendo-a-lambada\/\",\"name\":\"Nivaldo Marques, do 'Tem Cabar\u00e9 Essa Noite', lan\u00e7a CD reacendendo a lambada - Portal MF\",\"isPartOf\":{\"@id\":\"https:\/\/portalmf.com.br\/#website\"},\"primaryImageOfPage\":{\"@id\":\"https:\/\/portalmf.com.br\/index.php\/2022\/08\/05\/nivaldo-marques-do-tem-cabare-essa-noite-lanca-cd-reacendendo-a-lambada\/#primaryimage\"},\"image\":{\"@id\":\"https:\/\/portalmf.com.br\/index.php\/2022\/08\/05\/nivaldo-marques-do-tem-cabare-essa-noite-lanca-cd-reacendendo-a-lambada\/#primaryimage\"},\"thumbnailUrl\":\"https:\/\/portalmf.com.br\/wp-content\/uploads\/2022\/08\/294272739_1082500275724093_6858576758265224497_n.jpg\",\"datePublished\":\"2022-08-05T20:06:43+00:00\",\"dateModified\":\"2022-08-05T20:08:57+00:00\",\"author\":{\"@id\":\"https:\/\/portalmf.com.br\/#\/schema\/person\/11c82086fe8abc05a19147e964587285\"},\"breadcrumb\":{\"@id\":\"https:\/\/portalmf.com.br\/index.php\/2022\/08\/05\/nivaldo-marques-do-tem-cabare-essa-noite-lanca-cd-reacendendo-a-lambada\/#breadcrumb\"},\"inLanguage\":\"pt-BR\",\"potentialAction\":[{\"@type\":\"ReadAction\",\"target\":[\"https:\/\/portalmf.com.br\/index.php\/2022\/08\/05\/nivaldo-marques-do-tem-cabare-essa-noite-lanca-cd-reacendendo-a-lambada\/\"]}]},{\"@type\":\"ImageObject\",\"inLanguage\":\"pt-BR\",\"@id\":\"https:\/\/portalmf.com.br\/index.php\/2022\/08\/05\/nivaldo-marques-do-tem-cabare-essa-noite-lanca-cd-reacendendo-a-lambada\/#primaryimage\",\"url\":\"https:\/\/portalmf.com.br\/wp-content\/uploads\/2022\/08\/294272739_1082500275724093_6858576758265224497_n.jpg\",\"contentUrl\":\"https:\/\/portalmf.com.br\/wp-content\/uploads\/2022\/08\/294272739_1082500275724093_6858576758265224497_n.jpg\",\"width\":853,\"height\":568,\"caption\":\"O \u00e1lbum conta com 17 faixas, incluindo os sucessos\"},{\"@type\":\"BreadcrumbList\",\"@id\":\"https:\/\/portalmf.com.br\/index.php\/2022\/08\/05\/nivaldo-marques-do-tem-cabare-essa-noite-lanca-cd-reacendendo-a-lambada\/#breadcrumb\",\"itemListElement\":[{\"@type\":\"ListItem\",\"position\":1,\"name\":\"In\u00edcio\",\"item\":\"https:\/\/portalmf.com.br\/\"},{\"@type\":\"ListItem\",\"position\":2,\"name\":\"Nivaldo Marques, do &#8216;Tem Cabar\u00e9 Essa Noite&#8217;, lan\u00e7a CD reacendendo a lambada\"}]},{\"@type\":\"WebSite\",\"@id\":\"https:\/\/portalmf.com.br\/#website\",\"url\":\"https:\/\/portalmf.com.br\/\",\"name\":\"Portal MF\",\"description\":\"Voc\u00ea conectado com a informa\u00e7\u00e3o\",\"potentialAction\":[{\"@type\":\"SearchAction\",\"target\":{\"@type\":\"EntryPoint\",\"urlTemplate\":\"https:\/\/portalmf.com.br\/?s={search_term_string}\"},\"query-input\":\"required name=search_term_string\"}],\"inLanguage\":\"pt-BR\"},{\"@type\":\"Person\",\"@id\":\"https:\/\/portalmf.com.br\/#\/schema\/person\/11c82086fe8abc05a19147e964587285\",\"name\":\"Reginaldo J\u00fanior\",\"image\":{\"@type\":\"ImageObject\",\"inLanguage\":\"pt-BR\",\"@id\":\"https:\/\/portalmf.com.br\/#\/schema\/person\/image\/\",\"url\":\"https:\/\/secure.gravatar.com\/avatar\/32a3c797cd0ac47cc53b8644c62776f9?s=96&d=mm&r=g\",\"contentUrl\":\"https:\/\/secure.gravatar.com\/avatar\/32a3c797cd0ac47cc53b8644c62776f9?s=96&d=mm&r=g\",\"caption\":\"Reginaldo J\u00fanior\"},\"description\":\"Jornalista e idealizador Portal MF\",\"sameAs\":[\"https:\/\/portalmf.com.br\/index.php\/author\/reginaldojr\/\",\"reginaldojrfsa\",\"reginaldojuniormf\",\"https:\/\/x.com\/reginaldojrmf\"],\"url\":\"https:\/\/portalmf.com.br\/index.php\/author\/reginaldojr\/\"}]}<\/script>\n<!-- \/ Yoast SEO plugin. -->","yoast_head_json":{"title":"Nivaldo Marques, do 'Tem Cabar\u00e9 Essa Noite', lan\u00e7a CD reacendendo a lambada - Portal MF","robots":{"index":"index","follow":"follow","max-snippet":"max-snippet:-1","max-image-preview":"max-image-preview:large","max-video-preview":"max-video-preview:-1"},"canonical":"https:\/\/portalmf.com.br\/index.php\/2022\/08\/05\/nivaldo-marques-do-tem-cabare-essa-noite-lanca-cd-reacendendo-a-lambada\/","og_locale":"pt_BR","og_type":"article","og_title":"Nivaldo Marques, do 'Tem Cabar\u00e9 Essa Noite', lan\u00e7a CD reacendendo a lambada - Portal MF","og_description":"O cantor Nivaldo Marques voltou agitar a lambada com o divulga\u00e7\u00e3o do seu CD, intitulado &#8216;Pra Bailar 1.0&#8217;, lan\u00e7ado na \u00faltima quarta-feira (3), nas plataformas digitais. O novo trabalho do &#8220;rei do lambad\u00e3o&#8221; promete reacender a for\u00e7a do g\u00eanero no Brasil, dando sequ\u00eancia ao hit &#8216;Tem Cabar\u00e9 Essa Noite&#8217; &#8211; gravado em parceria com Nattan. [&hellip;]","og_url":"https:\/\/portalmf.com.br\/index.php\/2022\/08\/05\/nivaldo-marques-do-tem-cabare-essa-noite-lanca-cd-reacendendo-a-lambada\/","og_site_name":"Portal MF","article_author":"reginaldojrfsa","article_published_time":"2022-08-05T20:06:43+00:00","article_modified_time":"2022-08-05T20:08:57+00:00","og_image":[{"width":853,"height":568,"url":"https:\/\/portalmf.com.br\/wp-content\/uploads\/2022\/08\/294272739_1082500275724093_6858576758265224497_n.jpg","type":"image\/jpeg"}],"author":"Reginaldo J\u00fanior","twitter_card":"summary_large_image","twitter_creator":"@reginaldojrmf","twitter_misc":{"Escrito por":"Reginaldo J\u00fanior","Est. tempo de leitura":"2 minutos"},"schema":{"@context":"https:\/\/schema.org","@graph":[{"@type":"WebPage","@id":"https:\/\/portalmf.com.br\/index.php\/2022\/08\/05\/nivaldo-marques-do-tem-cabare-essa-noite-lanca-cd-reacendendo-a-lambada\/","url":"https:\/\/portalmf.com.br\/index.php\/2022\/08\/05\/nivaldo-marques-do-tem-cabare-essa-noite-lanca-cd-reacendendo-a-lambada\/","name":"Nivaldo Marques, do 'Tem Cabar\u00e9 Essa Noite', lan\u00e7a CD reacendendo a lambada - Portal MF","isPartOf":{"@id":"https:\/\/portalmf.com.br\/#website"},"primaryImageOfPage":{"@id":"https:\/\/portalmf.com.br\/index.php\/2022\/08\/05\/nivaldo-marques-do-tem-cabare-essa-noite-lanca-cd-reacendendo-a-lambada\/#primaryimage"},"image":{"@id":"https:\/\/portalmf.com.br\/index.php\/2022\/08\/05\/nivaldo-marques-do-tem-cabare-essa-noite-lanca-cd-reacendendo-a-lambada\/#primaryimage"},"thumbnailUrl":"https:\/\/portalmf.com.br\/wp-content\/uploads\/2022\/08\/294272739_1082500275724093_6858576758265224497_n.jpg","datePublished":"2022-08-05T20:06:43+00:00","dateModified":"2022-08-05T20:08:57+00:00","author":{"@id":"https:\/\/portalmf.com.br\/#\/schema\/person\/11c82086fe8abc05a19147e964587285"},"breadcrumb":{"@id":"https:\/\/portalmf.com.br\/index.php\/2022\/08\/05\/nivaldo-marques-do-tem-cabare-essa-noite-lanca-cd-reacendendo-a-lambada\/#breadcrumb"},"inLanguage":"pt-BR","potentialAction":[{"@type":"ReadAction","target":["https:\/\/portalmf.com.br\/index.php\/2022\/08\/05\/nivaldo-marques-do-tem-cabare-essa-noite-lanca-cd-reacendendo-a-lambada\/"]}]},{"@type":"ImageObject","inLanguage":"pt-BR","@id":"https:\/\/portalmf.com.br\/index.php\/2022\/08\/05\/nivaldo-marques-do-tem-cabare-essa-noite-lanca-cd-reacendendo-a-lambada\/#primaryimage","url":"https:\/\/portalmf.com.br\/wp-content\/uploads\/2022\/08\/294272739_1082500275724093_6858576758265224497_n.jpg","contentUrl":"https:\/\/portalmf.com.br\/wp-content\/uploads\/2022\/08\/294272739_1082500275724093_6858576758265224497_n.jpg","width":853,"height":568,"caption":"O \u00e1lbum conta com 17 faixas, incluindo os sucessos"},{"@type":"BreadcrumbList","@id":"https:\/\/portalmf.com.br\/index.php\/2022\/08\/05\/nivaldo-marques-do-tem-cabare-essa-noite-lanca-cd-reacendendo-a-lambada\/#breadcrumb","itemListElement":[{"@type":"ListItem","position":1,"name":"In\u00edcio","item":"https:\/\/portalmf.com.br\/"},{"@type":"ListItem","position":2,"name":"Nivaldo Marques, do &#8216;Tem Cabar\u00e9 Essa Noite&#8217;, lan\u00e7a CD reacendendo a lambada"}]},{"@type":"WebSite","@id":"https:\/\/portalmf.com.br\/#website","url":"https:\/\/portalmf.com.br\/","name":"Portal MF","description":"Voc\u00ea conectado com a informa\u00e7\u00e3o","potentialAction":[{"@type":"SearchAction","target":{"@type":"EntryPoint","urlTemplate":"https:\/\/portalmf.com.br\/?s={search_term_string}"},"query-input":"required name=search_term_string"}],"inLanguage":"pt-BR"},{"@type":"Person","@id":"https:\/\/portalmf.com.br\/#\/schema\/person\/11c82086fe8abc05a19147e964587285","name":"Reginaldo J\u00fanior","image":{"@type":"ImageObject","inLanguage":"pt-BR","@id":"https:\/\/portalmf.com.br\/#\/schema\/person\/image\/","url":"https:\/\/secure.gravatar.com\/avatar\/32a3c797cd0ac47cc53b8644c62776f9?s=96&d=mm&r=g","contentUrl":"https:\/\/secure.gravatar.com\/avatar\/32a3c797cd0ac47cc53b8644c62776f9?s=96&d=mm&r=g","caption":"Reginaldo J\u00fanior"},"description":"Jornalista e idealizador Portal MF","sameAs":["https:\/\/portalmf.com.br\/index.php\/author\/reginaldojr\/","reginaldojrfsa","reginaldojuniormf","https:\/\/x.com\/reginaldojrmf"],"url":"https:\/\/portalmf.com.br\/index.php\/author\/reginaldojr\/"}]}},"_links":{"self":[{"href":"https:\/\/portalmf.com.br\/index.php\/wp-json\/wp\/v2\/posts\/2695"}],"collection":[{"href":"https:\/\/portalmf.com.br\/index.php\/wp-json\/wp\/v2\/posts"}],"about":[{"href":"https:\/\/portalmf.com.br\/index.php\/wp-json\/wp\/v2\/types\/post"}],"author":[{"embeddable":true,"href":"https:\/\/portalmf.com.br\/index.php\/wp-json\/wp\/v2\/users\/2"}],"replies":[{"embeddable":true,"href":"https:\/\/portalmf.com.br\/index.php\/wp-json\/wp\/v2\/comments?post=2695"}],"version-history":[{"count":1,"href":"https:\/\/portalmf.com.br\/index.php\/wp-json\/wp\/v2\/posts\/2695\/revisions"}],"predecessor-version":[{"id":2697,"href":"https:\/\/portalmf.com.br\/index.php\/wp-json\/wp\/v2\/posts\/2695\/revisions\/2697"}],"wp:featuredmedia":[{"embeddable":true,"href":"https:\/\/portalmf.com.br\/index.php\/wp-json\/wp\/v2\/media\/2696"}],"wp:attachment":[{"href":"https:\/\/portalmf.com.br\/index.php\/wp-json\/wp\/v2\/media?parent=2695"}],"wp:term":[{"taxonomy":"category","embeddable":true,"href":"https:\/\/portalmf.com.br\/index.php\/wp-json\/wp\/v2\/categories?post=2695"},{"taxonomy":"post_tag","embeddable":true,"href":"https:\/\/portalmf.com.br\/index.php\/wp-json\/wp\/v2\/tags?post=2695"}],"curies":[{"name":"wp","href":"https:\/\/api.w.org\/{rel}","templated":true}]}}