{"id":26907,"date":"2024-06-11T13:38:50","date_gmt":"2024-06-11T16:38:50","guid":{"rendered":"https:\/\/portalmf.com.br\/?p=26907"},"modified":"2024-06-11T13:38:50","modified_gmt":"2024-06-11T16:38:50","slug":"carlos-medeiros-defende-gestao-moderna-e-eficiente-em-lancamento-de-pre-candidatura","status":"publish","type":"post","link":"https:\/\/portalmf.com.br\/index.php\/2024\/06\/11\/carlos-medeiros-defende-gestao-moderna-e-eficiente-em-lancamento-de-pre-candidatura\/","title":{"rendered":"Carlos Medeiros defende gest\u00e3o moderna e eficiente em lan\u00e7amento de pr\u00e9-candidatura"},"content":{"rendered":"\n<p>O empres\u00e1rio Carlos Medeiros lan\u00e7ou sua pr\u00e9-candidatura a prefeito de Feira de Santana pelo partido Novo durante evento no Hotel Ibis, na noite de sexta-feira (7). Durante o evento, ele destacou por que quer ser prefeito da cidade e defendeu um novo modelo de gest\u00e3o para Feira de Santana.<\/p>\n\n\n\n<p><em>\u201cQuando a gente discorda de alguma coisa, a gente precisa sugerir alguma solu\u00e7\u00e3o. A gente v\u00ea ano ap\u00f3s ano o mesmo cen\u00e1rio e nunca muda, e se n\u00e3o vejo ningu\u00e9m que possa propor essa mudan\u00e7a, algu\u00e9m que me represente, preciso propor uma solu\u00e7\u00e3o tamb\u00e9m. Por isso coloco meu nome \u00e0 disposi\u00e7\u00e3o. \u00c9 dif\u00edcil participar da pol\u00edtica, mas sinto que a popula\u00e7\u00e3o tem esperan\u00e7a em uma pol\u00edtica diferente e por isso estou na pol\u00edtica, pois acredito em uma mudan\u00e7a de verdade\u201d,<\/em> destacou.<\/p>\n\n\n\n<p>Carlos Medeiros defendeu pilares essenciais para a gest\u00e3o p\u00fablica, como educa\u00e7\u00e3o, sa\u00fade, seguran\u00e7a e liberdade econ\u00f4mica. Ele convidou a popula\u00e7\u00e3o a conhecer mais sobre sua hist\u00f3ria e suas propostas para a cidade.<\/p>\n\n\n\n<p>O evento contou com a participa\u00e7\u00e3o de pr\u00e9-candidatos a vereador pelo partido, al\u00e9m de lideran\u00e7as partid\u00e1rias e apoiadores. Esta \u00e9 a segunda vez que o empres\u00e1rio tenta se eleger prefeito de Feira. Em 2020, o candidato obteve 7.259 votos.<\/p>\n","protected":false},"excerpt":{"rendered":"<p>O empres\u00e1rio Carlos Medeiros lan\u00e7ou sua pr\u00e9-candidatura a prefeito de Feira de Santana pelo partido Novo durante evento no Hotel Ibis, na noite de sexta-feira (7). Durante o evento, ele destacou por que quer ser prefeito da cidade e defendeu um novo modelo de gest\u00e3o para Feira de Santana. \u201cQuando a gente discorda de alguma [&hellip;]<\/p>\n","protected":false},"author":3,"featured_media":26908,"comment_status":"open","ping_status":"open","sticky":false,"template":"","format":"standard","meta":{"_monsterinsights_skip_tracking":false,"_monsterinsights_sitenote_active":false,"_monsterinsights_sitenote_note":"","_monsterinsights_sitenote_category":0,"footnotes":""},"categories":[301,34],"tags":[],"yoast_head":"<!-- This site is optimized with the Yoast SEO plugin v22.9 - https:\/\/yoast.com\/wordpress\/plugins\/seo\/ -->\n<title>Carlos Medeiros defende gest\u00e3o moderna e eficiente em lan\u00e7amento de pr\u00e9-candidatura - Portal MF<\/title>\n<meta name=\"robots\" content=\"index, follow, max-snippet:-1, max-image-preview:large, max-video-preview:-1\" \/>\n<link rel=\"canonical\" href=\"https:\/\/portalmf.com.br\/index.php\/2024\/06\/11\/carlos-medeiros-defende-gestao-moderna-e-eficiente-em-lancamento-de-pre-candidatura\/\" \/>\n<meta property=\"og:locale\" content=\"pt_BR\" \/>\n<meta property=\"og:type\" content=\"article\" \/>\n<meta property=\"og:title\" content=\"Carlos Medeiros defende gest\u00e3o moderna e eficiente em lan\u00e7amento de pr\u00e9-candidatura - Portal MF\" \/>\n<meta property=\"og:description\" content=\"O empres\u00e1rio Carlos Medeiros lan\u00e7ou sua pr\u00e9-candidatura a prefeito de Feira de Santana pelo partido Novo durante evento no Hotel Ibis, na noite de sexta-feira (7). Durante o evento, ele destacou por que quer ser prefeito da cidade e defendeu um novo modelo de gest\u00e3o para Feira de Santana. \u201cQuando a gente discorda de alguma [&hellip;]\" \/>\n<meta property=\"og:url\" content=\"https:\/\/portalmf.com.br\/index.php\/2024\/06\/11\/carlos-medeiros-defende-gestao-moderna-e-eficiente-em-lancamento-de-pre-candidatura\/\" \/>\n<meta property=\"og:site_name\" content=\"Portal MF\" \/>\n<meta property=\"article:author\" content=\"https:\/\/www.facebook.com\/portalmfoficial\" \/>\n<meta property=\"article:published_time\" content=\"2024-06-11T16:38:50+00:00\" \/>\n<meta property=\"og:image\" content=\"https:\/\/portalmf.com.br\/wp-content\/uploads\/2024\/06\/Carlos-Medeiros-defende-gestao-moderna-e-eficiente-em-lancamento-de-pre-candidatura.jpeg\" \/>\n\t<meta property=\"og:image:width\" content=\"853\" \/>\n\t<meta property=\"og:image:height\" content=\"675\" \/>\n\t<meta property=\"og:image:type\" content=\"image\/jpeg\" \/>\n<meta name=\"author\" content=\"Reda\u00e7\u00e3o Portal MF\" \/>\n<meta name=\"twitter:card\" content=\"summary_large_image\" \/>\n<meta name=\"twitter:creator\" content=\"@https:\/\/x.com\/portalmfoficial\" \/>\n<meta name=\"twitter:label1\" content=\"Escrito por\" \/>\n\t<meta name=\"twitter:data1\" content=\"Reda\u00e7\u00e3o Portal MF\" \/>\n\t<meta name=\"twitter:label2\" content=\"Est. tempo de leitura\" \/>\n\t<meta name=\"twitter:data2\" content=\"2 minutos\" \/>\n<script type=\"application\/ld+json\" class=\"yoast-schema-graph\">{\"@context\":\"https:\/\/schema.org\",\"@graph\":[{\"@type\":\"WebPage\",\"@id\":\"https:\/\/portalmf.com.br\/index.php\/2024\/06\/11\/carlos-medeiros-defende-gestao-moderna-e-eficiente-em-lancamento-de-pre-candidatura\/\",\"url\":\"https:\/\/portalmf.com.br\/index.php\/2024\/06\/11\/carlos-medeiros-defende-gestao-moderna-e-eficiente-em-lancamento-de-pre-candidatura\/\",\"name\":\"Carlos Medeiros defende gest\u00e3o moderna e eficiente em lan\u00e7amento de pr\u00e9-candidatura - Portal MF\",\"isPartOf\":{\"@id\":\"https:\/\/portalmf.com.br\/#website\"},\"primaryImageOfPage\":{\"@id\":\"https:\/\/portalmf.com.br\/index.php\/2024\/06\/11\/carlos-medeiros-defende-gestao-moderna-e-eficiente-em-lancamento-de-pre-candidatura\/#primaryimage\"},\"image\":{\"@id\":\"https:\/\/portalmf.com.br\/index.php\/2024\/06\/11\/carlos-medeiros-defende-gestao-moderna-e-eficiente-em-lancamento-de-pre-candidatura\/#primaryimage\"},\"thumbnailUrl\":\"https:\/\/portalmf.com.br\/wp-content\/uploads\/2024\/06\/Carlos-Medeiros-defende-gestao-moderna-e-eficiente-em-lancamento-de-pre-candidatura.jpeg\",\"datePublished\":\"2024-06-11T16:38:50+00:00\",\"dateModified\":\"2024-06-11T16:38:50+00:00\",\"author\":{\"@id\":\"https:\/\/portalmf.com.br\/#\/schema\/person\/9ec101baf56233e53520c26de5d6f6f0\"},\"breadcrumb\":{\"@id\":\"https:\/\/portalmf.com.br\/index.php\/2024\/06\/11\/carlos-medeiros-defende-gestao-moderna-e-eficiente-em-lancamento-de-pre-candidatura\/#breadcrumb\"},\"inLanguage\":\"pt-BR\",\"potentialAction\":[{\"@type\":\"ReadAction\",\"target\":[\"https:\/\/portalmf.com.br\/index.php\/2024\/06\/11\/carlos-medeiros-defende-gestao-moderna-e-eficiente-em-lancamento-de-pre-candidatura\/\"]}]},{\"@type\":\"ImageObject\",\"inLanguage\":\"pt-BR\",\"@id\":\"https:\/\/portalmf.com.br\/index.php\/2024\/06\/11\/carlos-medeiros-defende-gestao-moderna-e-eficiente-em-lancamento-de-pre-candidatura\/#primaryimage\",\"url\":\"https:\/\/portalmf.com.br\/wp-content\/uploads\/2024\/06\/Carlos-Medeiros-defende-gestao-moderna-e-eficiente-em-lancamento-de-pre-candidatura.jpeg\",\"contentUrl\":\"https:\/\/portalmf.com.br\/wp-content\/uploads\/2024\/06\/Carlos-Medeiros-defende-gestao-moderna-e-eficiente-em-lancamento-de-pre-candidatura.jpeg\",\"width\":853,\"height\":675},{\"@type\":\"BreadcrumbList\",\"@id\":\"https:\/\/portalmf.com.br\/index.php\/2024\/06\/11\/carlos-medeiros-defende-gestao-moderna-e-eficiente-em-lancamento-de-pre-candidatura\/#breadcrumb\",\"itemListElement\":[{\"@type\":\"ListItem\",\"position\":1,\"name\":\"In\u00edcio\",\"item\":\"https:\/\/portalmf.com.br\/\"},{\"@type\":\"ListItem\",\"position\":2,\"name\":\"Carlos Medeiros defende gest\u00e3o moderna e eficiente em lan\u00e7amento de pr\u00e9-candidatura\"}]},{\"@type\":\"WebSite\",\"@id\":\"https:\/\/portalmf.com.br\/#website\",\"url\":\"https:\/\/portalmf.com.br\/\",\"name\":\"Portal MF\",\"description\":\"Voc\u00ea conectado com a informa\u00e7\u00e3o\",\"potentialAction\":[{\"@type\":\"SearchAction\",\"target\":{\"@type\":\"EntryPoint\",\"urlTemplate\":\"https:\/\/portalmf.com.br\/?s={search_term_string}\"},\"query-input\":\"required name=search_term_string\"}],\"inLanguage\":\"pt-BR\"},{\"@type\":\"Person\",\"@id\":\"https:\/\/portalmf.com.br\/#\/schema\/person\/9ec101baf56233e53520c26de5d6f6f0\",\"name\":\"Reda\u00e7\u00e3o Portal MF\",\"image\":{\"@type\":\"ImageObject\",\"inLanguage\":\"pt-BR\",\"@id\":\"https:\/\/portalmf.com.br\/#\/schema\/person\/image\/\",\"url\":\"https:\/\/secure.gravatar.com\/avatar\/41b9aaeb2100835f7c64362330f74c7f?s=96&d=mm&r=g\",\"contentUrl\":\"https:\/\/secure.gravatar.com\/avatar\/41b9aaeb2100835f7c64362330f74c7f?s=96&d=mm&r=g\",\"caption\":\"Reda\u00e7\u00e3o Portal MF\"},\"description\":\"Sejam bem-vindos o portal de informa\u00e7\u00f5es de entretenimento de Feira de Santana, desde 2006 realiza coberturas dos principais eventos com entrevistas exclusivas com as principais personalidades mundiais. Fique conectado tamb\u00e9m nas redes sociais.\",\"sameAs\":[\"http:\/\/www.portalmf.com.br\/\",\"https:\/\/www.facebook.com\/portalmfoficial\",\"https:\/\/www.instagram.com\/portalmf\/\",\"https:\/\/x.com\/https:\/\/x.com\/portalmfoficial\",\"https:\/\/www.youtube.com\/@portalmfoficial\"],\"url\":\"https:\/\/portalmf.com.br\/index.php\/author\/junior\/\"}]}<\/script>\n<!-- \/ Yoast SEO plugin. -->","yoast_head_json":{"title":"Carlos Medeiros defende gest\u00e3o moderna e eficiente em lan\u00e7amento de pr\u00e9-candidatura - Portal MF","robots":{"index":"index","follow":"follow","max-snippet":"max-snippet:-1","max-image-preview":"max-image-preview:large","max-video-preview":"max-video-preview:-1"},"canonical":"https:\/\/portalmf.com.br\/index.php\/2024\/06\/11\/carlos-medeiros-defende-gestao-moderna-e-eficiente-em-lancamento-de-pre-candidatura\/","og_locale":"pt_BR","og_type":"article","og_title":"Carlos Medeiros defende gest\u00e3o moderna e eficiente em lan\u00e7amento de pr\u00e9-candidatura - Portal MF","og_description":"O empres\u00e1rio Carlos Medeiros lan\u00e7ou sua pr\u00e9-candidatura a prefeito de Feira de Santana pelo partido Novo durante evento no Hotel Ibis, na noite de sexta-feira (7). Durante o evento, ele destacou por que quer ser prefeito da cidade e defendeu um novo modelo de gest\u00e3o para Feira de Santana. \u201cQuando a gente discorda de alguma [&hellip;]","og_url":"https:\/\/portalmf.com.br\/index.php\/2024\/06\/11\/carlos-medeiros-defende-gestao-moderna-e-eficiente-em-lancamento-de-pre-candidatura\/","og_site_name":"Portal MF","article_author":"https:\/\/www.facebook.com\/portalmfoficial","article_published_time":"2024-06-11T16:38:50+00:00","og_image":[{"width":853,"height":675,"url":"https:\/\/portalmf.com.br\/wp-content\/uploads\/2024\/06\/Carlos-Medeiros-defende-gestao-moderna-e-eficiente-em-lancamento-de-pre-candidatura.jpeg","type":"image\/jpeg"}],"author":"Reda\u00e7\u00e3o Portal MF","twitter_card":"summary_large_image","twitter_creator":"@https:\/\/x.com\/portalmfoficial","twitter_misc":{"Escrito por":"Reda\u00e7\u00e3o Portal MF","Est. tempo de leitura":"2 minutos"},"schema":{"@context":"https:\/\/schema.org","@graph":[{"@type":"WebPage","@id":"https:\/\/portalmf.com.br\/index.php\/2024\/06\/11\/carlos-medeiros-defende-gestao-moderna-e-eficiente-em-lancamento-de-pre-candidatura\/","url":"https:\/\/portalmf.com.br\/index.php\/2024\/06\/11\/carlos-medeiros-defende-gestao-moderna-e-eficiente-em-lancamento-de-pre-candidatura\/","name":"Carlos Medeiros defende gest\u00e3o moderna e eficiente em lan\u00e7amento de pr\u00e9-candidatura - Portal MF","isPartOf":{"@id":"https:\/\/portalmf.com.br\/#website"},"primaryImageOfPage":{"@id":"https:\/\/portalmf.com.br\/index.php\/2024\/06\/11\/carlos-medeiros-defende-gestao-moderna-e-eficiente-em-lancamento-de-pre-candidatura\/#primaryimage"},"image":{"@id":"https:\/\/portalmf.com.br\/index.php\/2024\/06\/11\/carlos-medeiros-defende-gestao-moderna-e-eficiente-em-lancamento-de-pre-candidatura\/#primaryimage"},"thumbnailUrl":"https:\/\/portalmf.com.br\/wp-content\/uploads\/2024\/06\/Carlos-Medeiros-defende-gestao-moderna-e-eficiente-em-lancamento-de-pre-candidatura.jpeg","datePublished":"2024-06-11T16:38:50+00:00","dateModified":"2024-06-11T16:38:50+00:00","author":{"@id":"https:\/\/portalmf.com.br\/#\/schema\/person\/9ec101baf56233e53520c26de5d6f6f0"},"breadcrumb":{"@id":"https:\/\/portalmf.com.br\/index.php\/2024\/06\/11\/carlos-medeiros-defende-gestao-moderna-e-eficiente-em-lancamento-de-pre-candidatura\/#breadcrumb"},"inLanguage":"pt-BR","potentialAction":[{"@type":"ReadAction","target":["https:\/\/portalmf.com.br\/index.php\/2024\/06\/11\/carlos-medeiros-defende-gestao-moderna-e-eficiente-em-lancamento-de-pre-candidatura\/"]}]},{"@type":"ImageObject","inLanguage":"pt-BR","@id":"https:\/\/portalmf.com.br\/index.php\/2024\/06\/11\/carlos-medeiros-defende-gestao-moderna-e-eficiente-em-lancamento-de-pre-candidatura\/#primaryimage","url":"https:\/\/portalmf.com.br\/wp-content\/uploads\/2024\/06\/Carlos-Medeiros-defende-gestao-moderna-e-eficiente-em-lancamento-de-pre-candidatura.jpeg","contentUrl":"https:\/\/portalmf.com.br\/wp-content\/uploads\/2024\/06\/Carlos-Medeiros-defende-gestao-moderna-e-eficiente-em-lancamento-de-pre-candidatura.jpeg","width":853,"height":675},{"@type":"BreadcrumbList","@id":"https:\/\/portalmf.com.br\/index.php\/2024\/06\/11\/carlos-medeiros-defende-gestao-moderna-e-eficiente-em-lancamento-de-pre-candidatura\/#breadcrumb","itemListElement":[{"@type":"ListItem","position":1,"name":"In\u00edcio","item":"https:\/\/portalmf.com.br\/"},{"@type":"ListItem","position":2,"name":"Carlos Medeiros defende gest\u00e3o moderna e eficiente em lan\u00e7amento de pr\u00e9-candidatura"}]},{"@type":"WebSite","@id":"https:\/\/portalmf.com.br\/#website","url":"https:\/\/portalmf.com.br\/","name":"Portal MF","description":"Voc\u00ea conectado com a informa\u00e7\u00e3o","potentialAction":[{"@type":"SearchAction","target":{"@type":"EntryPoint","urlTemplate":"https:\/\/portalmf.com.br\/?s={search_term_string}"},"query-input":"required name=search_term_string"}],"inLanguage":"pt-BR"},{"@type":"Person","@id":"https:\/\/portalmf.com.br\/#\/schema\/person\/9ec101baf56233e53520c26de5d6f6f0","name":"Reda\u00e7\u00e3o Portal MF","image":{"@type":"ImageObject","inLanguage":"pt-BR","@id":"https:\/\/portalmf.com.br\/#\/schema\/person\/image\/","url":"https:\/\/secure.gravatar.com\/avatar\/41b9aaeb2100835f7c64362330f74c7f?s=96&d=mm&r=g","contentUrl":"https:\/\/secure.gravatar.com\/avatar\/41b9aaeb2100835f7c64362330f74c7f?s=96&d=mm&r=g","caption":"Reda\u00e7\u00e3o Portal MF"},"description":"Sejam bem-vindos o portal de informa\u00e7\u00f5es de entretenimento de Feira de Santana, desde 2006 realiza coberturas dos principais eventos com entrevistas exclusivas com as principais personalidades mundiais. Fique conectado tamb\u00e9m nas redes sociais.","sameAs":["http:\/\/www.portalmf.com.br\/","https:\/\/www.facebook.com\/portalmfoficial","https:\/\/www.instagram.com\/portalmf\/","https:\/\/x.com\/https:\/\/x.com\/portalmfoficial","https:\/\/www.youtube.com\/@portalmfoficial"],"url":"https:\/\/portalmf.com.br\/index.php\/author\/junior\/"}]}},"_links":{"self":[{"href":"https:\/\/portalmf.com.br\/index.php\/wp-json\/wp\/v2\/posts\/26907"}],"collection":[{"href":"https:\/\/portalmf.com.br\/index.php\/wp-json\/wp\/v2\/posts"}],"about":[{"href":"https:\/\/portalmf.com.br\/index.php\/wp-json\/wp\/v2\/types\/post"}],"author":[{"embeddable":true,"href":"https:\/\/portalmf.com.br\/index.php\/wp-json\/wp\/v2\/users\/3"}],"replies":[{"embeddable":true,"href":"https:\/\/portalmf.com.br\/index.php\/wp-json\/wp\/v2\/comments?post=26907"}],"version-history":[{"count":1,"href":"https:\/\/portalmf.com.br\/index.php\/wp-json\/wp\/v2\/posts\/26907\/revisions"}],"predecessor-version":[{"id":26909,"href":"https:\/\/portalmf.com.br\/index.php\/wp-json\/wp\/v2\/posts\/26907\/revisions\/26909"}],"wp:featuredmedia":[{"embeddable":true,"href":"https:\/\/portalmf.com.br\/index.php\/wp-json\/wp\/v2\/media\/26908"}],"wp:attachment":[{"href":"https:\/\/portalmf.com.br\/index.php\/wp-json\/wp\/v2\/media?parent=26907"}],"wp:term":[{"taxonomy":"category","embeddable":true,"href":"https:\/\/portalmf.com.br\/index.php\/wp-json\/wp\/v2\/categories?post=26907"},{"taxonomy":"post_tag","embeddable":true,"href":"https:\/\/portalmf.com.br\/index.php\/wp-json\/wp\/v2\/tags?post=26907"}],"curies":[{"name":"wp","href":"https:\/\/api.w.org\/{rel}","templated":true}]}}