{"id":2684,"date":"2022-08-05T16:50:36","date_gmt":"2022-08-05T19:50:36","guid":{"rendered":"http:\/\/portalmf.com.br\/?p=2684"},"modified":"2022-08-05T16:53:29","modified_gmt":"2022-08-05T19:53:29","slug":"samba-trator-continua-com-maratona-de-shows-em-agosto","status":"publish","type":"post","link":"https:\/\/portalmf.com.br\/index.php\/2022\/08\/05\/samba-trator-continua-com-maratona-de-shows-em-agosto\/","title":{"rendered":"Samba Trator continua com maratona de shows em agosto"},"content":{"rendered":"\n<p>Conhecido como o Avassalador, o Samba Trator, continua com a maratona de shows no m\u00eas de agosto a partir desta sexta-feira (5). Abrindo o ciclo, a Banda realiza a primeira Sexta Avassaladora de agosto a partir das sete horas da noite na Pra\u00e7a Pedro Archanjo.<\/p>\n\n\n\n<p>No s\u00e1bado, dia 6, o Avassalador promove o s\u00e1bado do Mousa 360\u00ba a partir de oito horas da noite na Liberdade e, encerrando a programa\u00e7\u00e3o do primeiro final de semana do m\u00eas, o grupo se apresenta em dose dupla come\u00e7ando pela Feijoada do Soweto na casa de show o Celeiro na Massaranduba a partir de meio dia e em seguida participa da segunda edi\u00e7\u00e3o da Vila do Samba que come\u00e7a duas horas da tarde no Casar\u00e3o Bar, localizado na Caixa D\u2019\u00e1gua.<\/p>\n\n\n\n<p><em>&nbsp;\u201cEste final de semana mais uma vez vai ter cerveja, divers\u00e3o e Samba Trator para fazer o Ber\u00ea Ber\u00ea com muita energia para quem segue a m\u00e1quina de fazer Samba de Roda e, para quem ainda n\u00e3o conhece nosso trabalho\u201d,<\/em> afirma o empres\u00e1rio e percussionista do Samba Trator, Ronaldo Silva.<\/p>\n\n\n\n<p>Dando continuidade \u00e0 maratona, no dia 12 de agosto, o Trator retorna \u00e0 Pra\u00e7a Pedro Archanjo, a partir das sete horas da noite, em mais uma edi\u00e7\u00e3o da Sexta Avassaladora. No s\u00e1bado, dia 13, os m\u00fasicos retornam a Liberdade para mais uma edi\u00e7\u00e3o do Mousa 360\u00ba a partir de nove horas da noite e no domingo, 14, ser\u00e1 a vez de comemorar o dia dos pais e fazer a festa na Barra do Gil na Ilha de Itaparica.<\/p>\n\n\n\n<p><em>\u201c\u00c9 sempre uma honra levar divers\u00e3o e nossa cultura para diversos espa\u00e7os e, comemorar o dia dos pais com muito samba na Ilha, \u00e9 uma excelente oportunidade para divulga\u00e7\u00e3o e valoriza\u00e7\u00e3o de nosso trabalho\u201d,<\/em> declara o vocalista do grupo Juraci Santos.<\/p>\n\n\n\n<p>Mas a temporada de apresenta\u00e7\u00f5es do Avassalador n\u00e3o para por a\u00ed. Nas duas sextas-feiras seguintes (19 e 26) a Banda retorna \u00e0 Pra\u00e7a Pedro Archanjo a partir das sete horas da noite para as duas \u00faltimas Sextas Avassaladoras de agosto e nos dois s\u00e1bados seguintes, O Avassalador retorna ao Mousa na Liberdade para as duas \u00faltimas edi\u00e7\u00f5es do Mousa 360\u00ba a partir de nove horas da noite.<\/p>\n\n\n\n<p>J\u00e1 no domingo dia 21 de agosto, o grupo ter\u00e1 jornada tripla. Al\u00e9m de fazer a festa no Samba da Feira em S\u00e3o Joaquim, o Trator vai levar muito samba para o espa\u00e7o Cidade da Bola localizado na Cidade Nova e se apresentam em Piraj\u00e1.<\/p>\n\n\n\n<p>Com inspira\u00e7\u00e3o do Samba de Roda e com a cultura do Samba Junino, durante os shows do Trator, a m\u00fasica Ber\u00ea Ber\u00ea de autoria do grupo nunca fica de fora do repert\u00f3rio e j\u00e1 \u00e9 marca registrada da fam\u00edlia avassaladora.<\/p>\n\n\n\n<p><strong>Sobre o Samba Trator<\/strong><\/p>\n\n\n\n<p>Criado em 2013, o Samba Trator surgiu ap\u00f3s a uni\u00e3o de amigos do Engenho Velho de Brotas que j\u00e1 tocavam em grupos de Samba Junino do bairro e se apresentavam em festivais. Ap\u00f3s uma reuni\u00e3o, estes amigos decidiram fazer um arrast\u00e3o de Samba Junino no dia 24 de junho e adotaram o apelido de O Avassalador, fazendo refer\u00eancia a uma m\u00e1quina de fazer Samba de Roda.<\/p>\n\n\n\n<p>Com dois CD &#8216;s gravados, a Banda j\u00e1 se apresentou no carnaval de Salvador e em diversos festivais de Samba de Roda e de Samba Junino. Todos os anos, a Banda participa do S\u00e3o Jo\u00e3o no Engenho Velho de Brotas com o arrast\u00e3o de Samba Junino, valorizando esta movimenta\u00e7\u00e3o cultural.<\/p>\n","protected":false},"excerpt":{"rendered":"<p>Conhecido como o Avassalador, o Samba Trator, continua com a maratona de shows no m\u00eas de agosto a partir desta sexta-feira (5). Abrindo o ciclo, a Banda realiza a primeira Sexta Avassaladora de agosto a partir das sete horas da noite na Pra\u00e7a Pedro Archanjo. No s\u00e1bado, dia 6, o Avassalador promove o s\u00e1bado do [&hellip;]<\/p>\n","protected":false},"author":2,"featured_media":2688,"comment_status":"open","ping_status":"open","sticky":false,"template":"","format":"standard","meta":{"_monsterinsights_skip_tracking":false,"_monsterinsights_sitenote_active":false,"_monsterinsights_sitenote_note":"","_monsterinsights_sitenote_category":0,"footnotes":""},"categories":[45,36],"tags":[],"yoast_head":"<!-- This site is optimized with the Yoast SEO plugin v22.9 - https:\/\/yoast.com\/wordpress\/plugins\/seo\/ -->\n<title>Samba Trator continua com maratona de shows em agosto - Portal MF<\/title>\n<meta name=\"robots\" content=\"index, follow, max-snippet:-1, max-image-preview:large, max-video-preview:-1\" \/>\n<link rel=\"canonical\" href=\"https:\/\/portalmf.com.br\/index.php\/2022\/08\/05\/samba-trator-continua-com-maratona-de-shows-em-agosto\/\" \/>\n<meta property=\"og:locale\" content=\"pt_BR\" \/>\n<meta property=\"og:type\" content=\"article\" \/>\n<meta property=\"og:title\" content=\"Samba Trator continua com maratona de shows em agosto - Portal MF\" \/>\n<meta property=\"og:description\" content=\"Conhecido como o Avassalador, o Samba Trator, continua com a maratona de shows no m\u00eas de agosto a partir desta sexta-feira (5). Abrindo o ciclo, a Banda realiza a primeira Sexta Avassaladora de agosto a partir das sete horas da noite na Pra\u00e7a Pedro Archanjo. No s\u00e1bado, dia 6, o Avassalador promove o s\u00e1bado do [&hellip;]\" \/>\n<meta property=\"og:url\" content=\"https:\/\/portalmf.com.br\/index.php\/2022\/08\/05\/samba-trator-continua-com-maratona-de-shows-em-agosto\/\" \/>\n<meta property=\"og:site_name\" content=\"Portal MF\" \/>\n<meta property=\"article:author\" content=\"reginaldojrfsa\" \/>\n<meta property=\"article:published_time\" content=\"2022-08-05T19:50:36+00:00\" \/>\n<meta property=\"article:modified_time\" content=\"2022-08-05T19:53:29+00:00\" \/>\n<meta property=\"og:image\" content=\"https:\/\/portalmf.com.br\/wp-content\/uploads\/2022\/08\/WhatsApp-Image-2022-08-05-at-16.27.10.jpeg\" \/>\n\t<meta property=\"og:image:width\" content=\"950\" \/>\n\t<meta property=\"og:image:height\" content=\"577\" \/>\n\t<meta property=\"og:image:type\" content=\"image\/jpeg\" \/>\n<meta name=\"author\" content=\"Reginaldo J\u00fanior\" \/>\n<meta name=\"twitter:card\" content=\"summary_large_image\" \/>\n<meta name=\"twitter:creator\" content=\"@reginaldojrmf\" \/>\n<meta name=\"twitter:label1\" content=\"Escrito por\" \/>\n\t<meta name=\"twitter:data1\" content=\"Reginaldo J\u00fanior\" \/>\n\t<meta name=\"twitter:label2\" content=\"Est. tempo de leitura\" \/>\n\t<meta name=\"twitter:data2\" content=\"3 minutos\" \/>\n<script type=\"application\/ld+json\" class=\"yoast-schema-graph\">{\"@context\":\"https:\/\/schema.org\",\"@graph\":[{\"@type\":\"WebPage\",\"@id\":\"https:\/\/portalmf.com.br\/index.php\/2022\/08\/05\/samba-trator-continua-com-maratona-de-shows-em-agosto\/\",\"url\":\"https:\/\/portalmf.com.br\/index.php\/2022\/08\/05\/samba-trator-continua-com-maratona-de-shows-em-agosto\/\",\"name\":\"Samba Trator continua com maratona de shows em agosto - Portal MF\",\"isPartOf\":{\"@id\":\"https:\/\/portalmf.com.br\/#website\"},\"primaryImageOfPage\":{\"@id\":\"https:\/\/portalmf.com.br\/index.php\/2022\/08\/05\/samba-trator-continua-com-maratona-de-shows-em-agosto\/#primaryimage\"},\"image\":{\"@id\":\"https:\/\/portalmf.com.br\/index.php\/2022\/08\/05\/samba-trator-continua-com-maratona-de-shows-em-agosto\/#primaryimage\"},\"thumbnailUrl\":\"https:\/\/portalmf.com.br\/wp-content\/uploads\/2022\/08\/WhatsApp-Image-2022-08-05-at-16.27.10.jpeg\",\"datePublished\":\"2022-08-05T19:50:36+00:00\",\"dateModified\":\"2022-08-05T19:53:29+00:00\",\"author\":{\"@id\":\"https:\/\/portalmf.com.br\/#\/schema\/person\/11c82086fe8abc05a19147e964587285\"},\"breadcrumb\":{\"@id\":\"https:\/\/portalmf.com.br\/index.php\/2022\/08\/05\/samba-trator-continua-com-maratona-de-shows-em-agosto\/#breadcrumb\"},\"inLanguage\":\"pt-BR\",\"potentialAction\":[{\"@type\":\"ReadAction\",\"target\":[\"https:\/\/portalmf.com.br\/index.php\/2022\/08\/05\/samba-trator-continua-com-maratona-de-shows-em-agosto\/\"]}]},{\"@type\":\"ImageObject\",\"inLanguage\":\"pt-BR\",\"@id\":\"https:\/\/portalmf.com.br\/index.php\/2022\/08\/05\/samba-trator-continua-com-maratona-de-shows-em-agosto\/#primaryimage\",\"url\":\"https:\/\/portalmf.com.br\/wp-content\/uploads\/2022\/08\/WhatsApp-Image-2022-08-05-at-16.27.10.jpeg\",\"contentUrl\":\"https:\/\/portalmf.com.br\/wp-content\/uploads\/2022\/08\/WhatsApp-Image-2022-08-05-at-16.27.10.jpeg\",\"width\":950,\"height\":577},{\"@type\":\"BreadcrumbList\",\"@id\":\"https:\/\/portalmf.com.br\/index.php\/2022\/08\/05\/samba-trator-continua-com-maratona-de-shows-em-agosto\/#breadcrumb\",\"itemListElement\":[{\"@type\":\"ListItem\",\"position\":1,\"name\":\"In\u00edcio\",\"item\":\"https:\/\/portalmf.com.br\/\"},{\"@type\":\"ListItem\",\"position\":2,\"name\":\"Samba Trator continua com maratona de shows em agosto\"}]},{\"@type\":\"WebSite\",\"@id\":\"https:\/\/portalmf.com.br\/#website\",\"url\":\"https:\/\/portalmf.com.br\/\",\"name\":\"Portal MF\",\"description\":\"Voc\u00ea conectado com a informa\u00e7\u00e3o\",\"potentialAction\":[{\"@type\":\"SearchAction\",\"target\":{\"@type\":\"EntryPoint\",\"urlTemplate\":\"https:\/\/portalmf.com.br\/?s={search_term_string}\"},\"query-input\":\"required name=search_term_string\"}],\"inLanguage\":\"pt-BR\"},{\"@type\":\"Person\",\"@id\":\"https:\/\/portalmf.com.br\/#\/schema\/person\/11c82086fe8abc05a19147e964587285\",\"name\":\"Reginaldo J\u00fanior\",\"image\":{\"@type\":\"ImageObject\",\"inLanguage\":\"pt-BR\",\"@id\":\"https:\/\/portalmf.com.br\/#\/schema\/person\/image\/\",\"url\":\"https:\/\/secure.gravatar.com\/avatar\/32a3c797cd0ac47cc53b8644c62776f9?s=96&d=mm&r=g\",\"contentUrl\":\"https:\/\/secure.gravatar.com\/avatar\/32a3c797cd0ac47cc53b8644c62776f9?s=96&d=mm&r=g\",\"caption\":\"Reginaldo J\u00fanior\"},\"description\":\"Jornalista e idealizador Portal MF\",\"sameAs\":[\"https:\/\/portalmf.com.br\/index.php\/author\/reginaldojr\/\",\"reginaldojrfsa\",\"reginaldojuniormf\",\"https:\/\/x.com\/reginaldojrmf\"],\"url\":\"https:\/\/portalmf.com.br\/index.php\/author\/reginaldojr\/\"}]}<\/script>\n<!-- \/ Yoast SEO plugin. -->","yoast_head_json":{"title":"Samba Trator continua com maratona de shows em agosto - Portal MF","robots":{"index":"index","follow":"follow","max-snippet":"max-snippet:-1","max-image-preview":"max-image-preview:large","max-video-preview":"max-video-preview:-1"},"canonical":"https:\/\/portalmf.com.br\/index.php\/2022\/08\/05\/samba-trator-continua-com-maratona-de-shows-em-agosto\/","og_locale":"pt_BR","og_type":"article","og_title":"Samba Trator continua com maratona de shows em agosto - Portal MF","og_description":"Conhecido como o Avassalador, o Samba Trator, continua com a maratona de shows no m\u00eas de agosto a partir desta sexta-feira (5). Abrindo o ciclo, a Banda realiza a primeira Sexta Avassaladora de agosto a partir das sete horas da noite na Pra\u00e7a Pedro Archanjo. No s\u00e1bado, dia 6, o Avassalador promove o s\u00e1bado do [&hellip;]","og_url":"https:\/\/portalmf.com.br\/index.php\/2022\/08\/05\/samba-trator-continua-com-maratona-de-shows-em-agosto\/","og_site_name":"Portal MF","article_author":"reginaldojrfsa","article_published_time":"2022-08-05T19:50:36+00:00","article_modified_time":"2022-08-05T19:53:29+00:00","og_image":[{"width":950,"height":577,"url":"https:\/\/portalmf.com.br\/wp-content\/uploads\/2022\/08\/WhatsApp-Image-2022-08-05-at-16.27.10.jpeg","type":"image\/jpeg"}],"author":"Reginaldo J\u00fanior","twitter_card":"summary_large_image","twitter_creator":"@reginaldojrmf","twitter_misc":{"Escrito por":"Reginaldo J\u00fanior","Est. tempo de leitura":"3 minutos"},"schema":{"@context":"https:\/\/schema.org","@graph":[{"@type":"WebPage","@id":"https:\/\/portalmf.com.br\/index.php\/2022\/08\/05\/samba-trator-continua-com-maratona-de-shows-em-agosto\/","url":"https:\/\/portalmf.com.br\/index.php\/2022\/08\/05\/samba-trator-continua-com-maratona-de-shows-em-agosto\/","name":"Samba Trator continua com maratona de shows em agosto - Portal MF","isPartOf":{"@id":"https:\/\/portalmf.com.br\/#website"},"primaryImageOfPage":{"@id":"https:\/\/portalmf.com.br\/index.php\/2022\/08\/05\/samba-trator-continua-com-maratona-de-shows-em-agosto\/#primaryimage"},"image":{"@id":"https:\/\/portalmf.com.br\/index.php\/2022\/08\/05\/samba-trator-continua-com-maratona-de-shows-em-agosto\/#primaryimage"},"thumbnailUrl":"https:\/\/portalmf.com.br\/wp-content\/uploads\/2022\/08\/WhatsApp-Image-2022-08-05-at-16.27.10.jpeg","datePublished":"2022-08-05T19:50:36+00:00","dateModified":"2022-08-05T19:53:29+00:00","author":{"@id":"https:\/\/portalmf.com.br\/#\/schema\/person\/11c82086fe8abc05a19147e964587285"},"breadcrumb":{"@id":"https:\/\/portalmf.com.br\/index.php\/2022\/08\/05\/samba-trator-continua-com-maratona-de-shows-em-agosto\/#breadcrumb"},"inLanguage":"pt-BR","potentialAction":[{"@type":"ReadAction","target":["https:\/\/portalmf.com.br\/index.php\/2022\/08\/05\/samba-trator-continua-com-maratona-de-shows-em-agosto\/"]}]},{"@type":"ImageObject","inLanguage":"pt-BR","@id":"https:\/\/portalmf.com.br\/index.php\/2022\/08\/05\/samba-trator-continua-com-maratona-de-shows-em-agosto\/#primaryimage","url":"https:\/\/portalmf.com.br\/wp-content\/uploads\/2022\/08\/WhatsApp-Image-2022-08-05-at-16.27.10.jpeg","contentUrl":"https:\/\/portalmf.com.br\/wp-content\/uploads\/2022\/08\/WhatsApp-Image-2022-08-05-at-16.27.10.jpeg","width":950,"height":577},{"@type":"BreadcrumbList","@id":"https:\/\/portalmf.com.br\/index.php\/2022\/08\/05\/samba-trator-continua-com-maratona-de-shows-em-agosto\/#breadcrumb","itemListElement":[{"@type":"ListItem","position":1,"name":"In\u00edcio","item":"https:\/\/portalmf.com.br\/"},{"@type":"ListItem","position":2,"name":"Samba Trator continua com maratona de shows em agosto"}]},{"@type":"WebSite","@id":"https:\/\/portalmf.com.br\/#website","url":"https:\/\/portalmf.com.br\/","name":"Portal MF","description":"Voc\u00ea conectado com a informa\u00e7\u00e3o","potentialAction":[{"@type":"SearchAction","target":{"@type":"EntryPoint","urlTemplate":"https:\/\/portalmf.com.br\/?s={search_term_string}"},"query-input":"required name=search_term_string"}],"inLanguage":"pt-BR"},{"@type":"Person","@id":"https:\/\/portalmf.com.br\/#\/schema\/person\/11c82086fe8abc05a19147e964587285","name":"Reginaldo J\u00fanior","image":{"@type":"ImageObject","inLanguage":"pt-BR","@id":"https:\/\/portalmf.com.br\/#\/schema\/person\/image\/","url":"https:\/\/secure.gravatar.com\/avatar\/32a3c797cd0ac47cc53b8644c62776f9?s=96&d=mm&r=g","contentUrl":"https:\/\/secure.gravatar.com\/avatar\/32a3c797cd0ac47cc53b8644c62776f9?s=96&d=mm&r=g","caption":"Reginaldo J\u00fanior"},"description":"Jornalista e idealizador Portal MF","sameAs":["https:\/\/portalmf.com.br\/index.php\/author\/reginaldojr\/","reginaldojrfsa","reginaldojuniormf","https:\/\/x.com\/reginaldojrmf"],"url":"https:\/\/portalmf.com.br\/index.php\/author\/reginaldojr\/"}]}},"_links":{"self":[{"href":"https:\/\/portalmf.com.br\/index.php\/wp-json\/wp\/v2\/posts\/2684"}],"collection":[{"href":"https:\/\/portalmf.com.br\/index.php\/wp-json\/wp\/v2\/posts"}],"about":[{"href":"https:\/\/portalmf.com.br\/index.php\/wp-json\/wp\/v2\/types\/post"}],"author":[{"embeddable":true,"href":"https:\/\/portalmf.com.br\/index.php\/wp-json\/wp\/v2\/users\/2"}],"replies":[{"embeddable":true,"href":"https:\/\/portalmf.com.br\/index.php\/wp-json\/wp\/v2\/comments?post=2684"}],"version-history":[{"count":1,"href":"https:\/\/portalmf.com.br\/index.php\/wp-json\/wp\/v2\/posts\/2684\/revisions"}],"predecessor-version":[{"id":2686,"href":"https:\/\/portalmf.com.br\/index.php\/wp-json\/wp\/v2\/posts\/2684\/revisions\/2686"}],"wp:featuredmedia":[{"embeddable":true,"href":"https:\/\/portalmf.com.br\/index.php\/wp-json\/wp\/v2\/media\/2688"}],"wp:attachment":[{"href":"https:\/\/portalmf.com.br\/index.php\/wp-json\/wp\/v2\/media?parent=2684"}],"wp:term":[{"taxonomy":"category","embeddable":true,"href":"https:\/\/portalmf.com.br\/index.php\/wp-json\/wp\/v2\/categories?post=2684"},{"taxonomy":"post_tag","embeddable":true,"href":"https:\/\/portalmf.com.br\/index.php\/wp-json\/wp\/v2\/tags?post=2684"}],"curies":[{"name":"wp","href":"https:\/\/api.w.org\/{rel}","templated":true}]}}