{"id":2681,"date":"2022-08-05T16:46:02","date_gmt":"2022-08-05T19:46:02","guid":{"rendered":"http:\/\/portalmf.com.br\/?p=2681"},"modified":"2022-08-05T16:46:03","modified_gmt":"2022-08-05T19:46:03","slug":"uniao-brasil-oficializa-acm-neto-como-candidato-ao-governo-da-bahia","status":"publish","type":"post","link":"https:\/\/portalmf.com.br\/index.php\/2022\/08\/05\/uniao-brasil-oficializa-acm-neto-como-candidato-ao-governo-da-bahia\/","title":{"rendered":"Uni\u00e3o Brasil oficializa ACM Neto como candidato ao Governo da Bahia"},"content":{"rendered":"\n<p>O Uni\u00e3o Brasil oficializou em conven\u00e7\u00e3o na manh\u00e3 desta sexta-feira (5) o nome de ACM Neto para disputar o Governo da Bahia nas elei\u00e7\u00f5es de outubro deste ano. O ex-prefeito de Salvador por oito anos ter\u00e1 ao seu lado como candidata a vice-governadora Ana Coelho, empres\u00e1ria filiada ao Republicanos. O deputado federal Cac\u00e1 Le\u00e3o, do Progressistas (PP), tamb\u00e9m foi oficializado como candidato ao Senado pela chapa.<\/p>\n\n\n\n<p>A conven\u00e7\u00e3o realizada no Centro de Conven\u00e7\u00f5es de Salvador, no bairro da Boca do Rio, contou com outros 12 partidos que se juntaram \u00e0 candidatura de ACM Neto, formando uma das maiores coliga\u00e7\u00f5es de oposi\u00e7\u00e3o da hist\u00f3ria das elei\u00e7\u00f5es baianas. Al\u00e9m do Uni\u00e3o Brasil, comp\u00f5em a chapa as legendas PP, Republicanos, PSDB, PDT, PSC, Solidariedade, Cidadania, Podemos, PRTB, PTB, DC e PMN.<\/p>\n\n\n\n<p>Em seu discurso, Neto destacou que a palavra que resume a sua campanha \u00e9 mudan\u00e7a: &#8220;Com cada vez mais intensidade eu ou\u00e7o as pessoas dos quatro cantos do estado as pessoas, com coragem, levantarem a sua voz e dizerem: &#8216;Neto, n\u00f3s queremos mudan\u00e7a&#8217;. Toda mudan\u00e7a vem do cora\u00e7\u00e3o. A mudan\u00e7a nasce da esperan\u00e7a. E as baianas e baianos nunca, em momento algum, perderam a esperan\u00e7a. Mesmo quando as situa\u00e7\u00f5es s\u00e3o t\u00e3o dif\u00edceis, a gente n\u00e3o perde a esperan\u00e7a&#8221;, disse.<\/p>\n\n\n\n<p>&#8220;Por\u00e9m, tamb\u00e9m, toda mudan\u00e7a vem da busca incessante pela realiza\u00e7\u00e3o dos nossos sonhos. Em dezembro, quando apresentei a minha pr\u00e9-candidatura ao governo do estado, nesse mesmo Centro de Conven\u00e7\u00f5es, a minha primeira pergunta ao p\u00fablico foi: qual \u00e9 o tamanho do seu sonho? Muitos meses se passaram desde ent\u00e3o, n\u00f3s percorremos quase 200 munic\u00edpios. Eu ouvi muita gente, conversei com os baianos que vivem em cada cantinho desse enorme estado. E posso dizer hoje que os baianos j\u00e1 decidiram que querem essa mudan\u00e7a, porque os baianos sabem bem qual \u00e9 o tamanho dos seus sonhos&#8221;, completou.<\/p>\n\n\n\n<p>O agora candidato est\u00e1 percorrendo a Bahia desde janeiro de 2021, quando transmitiu a prefeitura para Bruno Reis, tamb\u00e9m do Uni\u00e3o Brasil, eleito em 2020 no primeiro turno com 64,20% dos votos, maior percentual entre todas as capitais brasileiras. Desde ent\u00e3o, Neto j\u00e1 visitou 197 cidades diferentes do interior do estado. Seu objetivo \u00e9 passar das 300 at\u00e9 as elei\u00e7\u00f5es de outubro.<\/p>\n\n\n\n<p>ACM Neto foi eleito deputado federal pela primeira vez em 2002, aos 23 anos, sendo o mais votado da Bahia. Exerceu tr\u00eas mandatos na C\u00e2mara, reconhecido sempre como um dos parlamentares mais atuantes no Congresso. Em 2012, foi eleito prefeito de Salvador aos 33 anos. Foi reeleito em 2016 com 74% dos votos, um dos percentuais mais altos entre as capitais do Brasil. Foi considerado o melhor prefeito do pa\u00eds em todos os seus oito anos \u00e0 frente da capital baiana.<\/p>\n\n\n\n<p>&#8220;N\u00f3s vivemos h\u00e1 16 anos sob o comando do mesmo grupo pol\u00edtico. H\u00e1 16 anos, s\u00e3o as mesmas pessoas que nos governam e eles tiveram muitas chances de mostrar trabalho. No fundo, o que os baianos precisam avaliar \u00e9 se n\u00e3o est\u00e1 na hora de acreditar em algo novo, em algo diferente. E o que eu tenho de diferente deles? O que tenho de diferente \u00e9 que eu nunca em minha vida me contentei em ser o segundo lugar em nada, eu sempre trabalhei para ser o primeiro colocado em tudo. E infelizmente, hoje, a Bahia \u00e9 o primeiro lugar por exemplo na viol\u00eancia, onde deveria ser o \u00faltimo, e o \u00faltimo lugar na educa\u00e7\u00e3o, onde deveria ser o primeiro&#8221;, discursou.<\/p>\n\n\n\n<p>Ao seu lado, ACM Neto ter\u00e1 a empres\u00e1ria Ana Coelho, do Republicanos. Primeira mulher a assumir a presid\u00eancia da Associa\u00e7\u00e3o Baiana do Mercado Publicit\u00e1rio (ABMP), \u00e9 tamb\u00e9m vice-presidente da Associa\u00e7\u00e3o Comercial da Bahia (ACB) e fundadora da Associa\u00e7\u00e3o de Jovens Empreendedores da Bahia (AJE). M\u00e3e de tr\u00eas filhos, \u00e9 CEO do Grupo Aratu de Comunica\u00e7\u00e3o, afiliada ao SBT na Bahia que completou 50 anos em 2019. Publicit\u00e1ria, tem MBA em Gest\u00e3o Empresarial pela FGV e \u00e9 especialista em lideran\u00e7a pela Stanford Business School.<\/p>\n\n\n\n<p>Em discurso, Ana Coelho explicou porque aceitou o convite. &#8220;Sou empres\u00e1ria e liderei diversas a\u00e7\u00f5es de empreendedorismo. N\u00e3o paro de estudar e trabalhar nunca e eu sei o que \u00e9 ter que se desdobrar para mostrar mais compet\u00eancia do que os homens ao meu redor. Sou movida por desafios e fa\u00e7o parte de uma fam\u00edlia em que sempre fui incentivada para ocupar os espa\u00e7os que eu quisesse. E foi isso que eu sempre fiz. Em todas as a\u00e7\u00f5es que liderei, deixei um legado e essa vontade de fazer diferen\u00e7a \u00e9 o que me motiva a vir aqui como candidata&#8221;, disse.<\/p>\n\n\n\n<p>&#8220;N\u00e3o tenho d\u00favidas de que, se as baianas e os baianos acreditarem, ACM Neto ser\u00e1 o melhor governador da Bahia de todos os tempos. Estar aqui \u00e9 um desafio que me enche de entusiasmo. O convite foi uma convoca\u00e7\u00e3o e estou aqui para representar todas as mulheres. Quando voc\u00ea, Neto, for eleito governador, eu serei a primeira vice-governadora da hist\u00f3ria do nosso estado&#8221;, completou.<\/p>\n\n\n\n<p>O candidato ao Senado da chapa \u00e9 o deputado federal Cac\u00e1 Le\u00e3o, do Progressistas. Ele j\u00e1 foi escolhido por oito vezes como um dos 100 parlamentares mais influentes do pa\u00eds e trouxe para a Bahia quase R$ 1 bilh\u00e3o em investimentos para \u00e1reas diversas. Cac\u00e1, que \u00e9 filho do vice-governador da Bahia Jo\u00e3o Le\u00e3o (PP), foi eleito deputado estadual em 2010. Em 2014, foi eleito deputado federal e tornou-se o \u00fanico parlamentar de primeiro mandato que conseguiu ser relator do Or\u00e7amento da Uni\u00e3o, principal relatoria do Congresso. Em 2018, foi reeleito e ainda ocupou a relatoria da Lei de Diretrizes Or\u00e7ament\u00e1rias (LDO) e a lideran\u00e7a da bancada do seu partido na C\u00e2mara dos Deputados.<\/p>\n\n\n\n<p>Em seu discurso, Cac\u00e1 Le\u00e3o destacou a juventude da chapa. Neto tem 43 anos, Cac\u00e1 tem 42 e Ana, 40. &#8220;Temos praticamente a mesma idade, somos da mesma gera\u00e7\u00e3o e nascemos na democracia. N\u00f3s acreditamos e defendemos essa democracia com unhas e dentes. E \u00e9 por meio da democracia que vamos ganhar essa elei\u00e7\u00e3o e vamos mudar a hist\u00f3ria da Bahia, \u00e9 pelos baianos e pelas baianas que estamos aqui&#8221;, disse.<\/p>\n\n\n\n<p>&#8220;Cheguei na pol\u00edtica ainda muito cedo, me elegi deputado estadual e quatro anos depois me levaram para Bras\u00edlia numa elei\u00e7\u00e3o onde fui um dos deputados mais votados de todo o estado. Cheguei a Bras\u00edlia e procurei fazer o meu papel de deputado federal da melhor forma. Sempre procurei ser um dos deputados mais presentes nas discuss\u00f5es t\u00e3o importantes para o futuro do nosso pa\u00eds. Hoje, tenho orgulho de dizer que conhe\u00e7o todos os caminhos do Congresso e estou pronto para ser o pr\u00f3ximo senador das baianas e dos baianos&#8221;, completou Cac\u00e1.<\/p>\n","protected":false},"excerpt":{"rendered":"<p>O Uni\u00e3o Brasil oficializou em conven\u00e7\u00e3o na manh\u00e3 desta sexta-feira (5) o nome de ACM Neto para disputar o Governo da Bahia nas elei\u00e7\u00f5es de outubro deste ano. O ex-prefeito de Salvador por oito anos ter\u00e1 ao seu lado como candidata a vice-governadora Ana Coelho, empres\u00e1ria filiada ao Republicanos. O deputado federal Cac\u00e1 Le\u00e3o, do [&hellip;]<\/p>\n","protected":false},"author":2,"featured_media":2682,"comment_status":"open","ping_status":"open","sticky":false,"template":"","format":"standard","meta":{"_monsterinsights_skip_tracking":false,"_monsterinsights_sitenote_active":false,"_monsterinsights_sitenote_note":"","_monsterinsights_sitenote_category":0,"footnotes":""},"categories":[34],"tags":[],"yoast_head":"<!-- This site is optimized with the Yoast SEO plugin v22.9 - https:\/\/yoast.com\/wordpress\/plugins\/seo\/ -->\n<title>Uni\u00e3o Brasil oficializa ACM Neto como candidato ao Governo da Bahia - Portal MF<\/title>\n<meta name=\"robots\" content=\"index, follow, max-snippet:-1, max-image-preview:large, max-video-preview:-1\" \/>\n<link rel=\"canonical\" href=\"https:\/\/portalmf.com.br\/index.php\/2022\/08\/05\/uniao-brasil-oficializa-acm-neto-como-candidato-ao-governo-da-bahia\/\" \/>\n<meta property=\"og:locale\" content=\"pt_BR\" \/>\n<meta property=\"og:type\" content=\"article\" \/>\n<meta property=\"og:title\" content=\"Uni\u00e3o Brasil oficializa ACM Neto como candidato ao Governo da Bahia - Portal MF\" \/>\n<meta property=\"og:description\" content=\"O Uni\u00e3o Brasil oficializou em conven\u00e7\u00e3o na manh\u00e3 desta sexta-feira (5) o nome de ACM Neto para disputar o Governo da Bahia nas elei\u00e7\u00f5es de outubro deste ano. O ex-prefeito de Salvador por oito anos ter\u00e1 ao seu lado como candidata a vice-governadora Ana Coelho, empres\u00e1ria filiada ao Republicanos. O deputado federal Cac\u00e1 Le\u00e3o, do [&hellip;]\" \/>\n<meta property=\"og:url\" content=\"https:\/\/portalmf.com.br\/index.php\/2022\/08\/05\/uniao-brasil-oficializa-acm-neto-como-candidato-ao-governo-da-bahia\/\" \/>\n<meta property=\"og:site_name\" content=\"Portal MF\" \/>\n<meta property=\"article:author\" content=\"reginaldojrfsa\" \/>\n<meta property=\"article:published_time\" content=\"2022-08-05T19:46:02+00:00\" \/>\n<meta property=\"article:modified_time\" content=\"2022-08-05T19:46:03+00:00\" \/>\n<meta property=\"og:image\" content=\"https:\/\/portalmf.com.br\/wp-content\/uploads\/2022\/08\/WhatsApp-Image-2022-08-05-at-14.01.24.jpeg\" \/>\n\t<meta property=\"og:image:width\" content=\"1280\" \/>\n\t<meta property=\"og:image:height\" content=\"854\" \/>\n\t<meta property=\"og:image:type\" content=\"image\/jpeg\" \/>\n<meta name=\"author\" content=\"Reginaldo J\u00fanior\" \/>\n<meta name=\"twitter:card\" content=\"summary_large_image\" \/>\n<meta name=\"twitter:creator\" content=\"@reginaldojrmf\" \/>\n<meta name=\"twitter:label1\" content=\"Escrito por\" \/>\n\t<meta name=\"twitter:data1\" content=\"Reginaldo J\u00fanior\" \/>\n\t<meta name=\"twitter:label2\" content=\"Est. tempo de leitura\" \/>\n\t<meta name=\"twitter:data2\" content=\"6 minutos\" \/>\n<script type=\"application\/ld+json\" class=\"yoast-schema-graph\">{\"@context\":\"https:\/\/schema.org\",\"@graph\":[{\"@type\":\"WebPage\",\"@id\":\"https:\/\/portalmf.com.br\/index.php\/2022\/08\/05\/uniao-brasil-oficializa-acm-neto-como-candidato-ao-governo-da-bahia\/\",\"url\":\"https:\/\/portalmf.com.br\/index.php\/2022\/08\/05\/uniao-brasil-oficializa-acm-neto-como-candidato-ao-governo-da-bahia\/\",\"name\":\"Uni\u00e3o Brasil oficializa ACM Neto como candidato ao Governo da Bahia - Portal MF\",\"isPartOf\":{\"@id\":\"https:\/\/portalmf.com.br\/#website\"},\"primaryImageOfPage\":{\"@id\":\"https:\/\/portalmf.com.br\/index.php\/2022\/08\/05\/uniao-brasil-oficializa-acm-neto-como-candidato-ao-governo-da-bahia\/#primaryimage\"},\"image\":{\"@id\":\"https:\/\/portalmf.com.br\/index.php\/2022\/08\/05\/uniao-brasil-oficializa-acm-neto-como-candidato-ao-governo-da-bahia\/#primaryimage\"},\"thumbnailUrl\":\"https:\/\/portalmf.com.br\/wp-content\/uploads\/2022\/08\/WhatsApp-Image-2022-08-05-at-14.01.24.jpeg\",\"datePublished\":\"2022-08-05T19:46:02+00:00\",\"dateModified\":\"2022-08-05T19:46:03+00:00\",\"author\":{\"@id\":\"https:\/\/portalmf.com.br\/#\/schema\/person\/11c82086fe8abc05a19147e964587285\"},\"breadcrumb\":{\"@id\":\"https:\/\/portalmf.com.br\/index.php\/2022\/08\/05\/uniao-brasil-oficializa-acm-neto-como-candidato-ao-governo-da-bahia\/#breadcrumb\"},\"inLanguage\":\"pt-BR\",\"potentialAction\":[{\"@type\":\"ReadAction\",\"target\":[\"https:\/\/portalmf.com.br\/index.php\/2022\/08\/05\/uniao-brasil-oficializa-acm-neto-como-candidato-ao-governo-da-bahia\/\"]}]},{\"@type\":\"ImageObject\",\"inLanguage\":\"pt-BR\",\"@id\":\"https:\/\/portalmf.com.br\/index.php\/2022\/08\/05\/uniao-brasil-oficializa-acm-neto-como-candidato-ao-governo-da-bahia\/#primaryimage\",\"url\":\"https:\/\/portalmf.com.br\/wp-content\/uploads\/2022\/08\/WhatsApp-Image-2022-08-05-at-14.01.24.jpeg\",\"contentUrl\":\"https:\/\/portalmf.com.br\/wp-content\/uploads\/2022\/08\/WhatsApp-Image-2022-08-05-at-14.01.24.jpeg\",\"width\":1280,\"height\":854},{\"@type\":\"BreadcrumbList\",\"@id\":\"https:\/\/portalmf.com.br\/index.php\/2022\/08\/05\/uniao-brasil-oficializa-acm-neto-como-candidato-ao-governo-da-bahia\/#breadcrumb\",\"itemListElement\":[{\"@type\":\"ListItem\",\"position\":1,\"name\":\"In\u00edcio\",\"item\":\"https:\/\/portalmf.com.br\/\"},{\"@type\":\"ListItem\",\"position\":2,\"name\":\"Uni\u00e3o Brasil oficializa ACM Neto como candidato ao Governo da Bahia\"}]},{\"@type\":\"WebSite\",\"@id\":\"https:\/\/portalmf.com.br\/#website\",\"url\":\"https:\/\/portalmf.com.br\/\",\"name\":\"Portal MF\",\"description\":\"Voc\u00ea conectado com a informa\u00e7\u00e3o\",\"potentialAction\":[{\"@type\":\"SearchAction\",\"target\":{\"@type\":\"EntryPoint\",\"urlTemplate\":\"https:\/\/portalmf.com.br\/?s={search_term_string}\"},\"query-input\":\"required name=search_term_string\"}],\"inLanguage\":\"pt-BR\"},{\"@type\":\"Person\",\"@id\":\"https:\/\/portalmf.com.br\/#\/schema\/person\/11c82086fe8abc05a19147e964587285\",\"name\":\"Reginaldo J\u00fanior\",\"image\":{\"@type\":\"ImageObject\",\"inLanguage\":\"pt-BR\",\"@id\":\"https:\/\/portalmf.com.br\/#\/schema\/person\/image\/\",\"url\":\"https:\/\/secure.gravatar.com\/avatar\/32a3c797cd0ac47cc53b8644c62776f9?s=96&d=mm&r=g\",\"contentUrl\":\"https:\/\/secure.gravatar.com\/avatar\/32a3c797cd0ac47cc53b8644c62776f9?s=96&d=mm&r=g\",\"caption\":\"Reginaldo J\u00fanior\"},\"description\":\"Jornalista e idealizador Portal MF\",\"sameAs\":[\"https:\/\/portalmf.com.br\/index.php\/author\/reginaldojr\/\",\"reginaldojrfsa\",\"reginaldojuniormf\",\"https:\/\/x.com\/reginaldojrmf\"],\"url\":\"https:\/\/portalmf.com.br\/index.php\/author\/reginaldojr\/\"}]}<\/script>\n<!-- \/ Yoast SEO plugin. -->","yoast_head_json":{"title":"Uni\u00e3o Brasil oficializa ACM Neto como candidato ao Governo da Bahia - Portal MF","robots":{"index":"index","follow":"follow","max-snippet":"max-snippet:-1","max-image-preview":"max-image-preview:large","max-video-preview":"max-video-preview:-1"},"canonical":"https:\/\/portalmf.com.br\/index.php\/2022\/08\/05\/uniao-brasil-oficializa-acm-neto-como-candidato-ao-governo-da-bahia\/","og_locale":"pt_BR","og_type":"article","og_title":"Uni\u00e3o Brasil oficializa ACM Neto como candidato ao Governo da Bahia - Portal MF","og_description":"O Uni\u00e3o Brasil oficializou em conven\u00e7\u00e3o na manh\u00e3 desta sexta-feira (5) o nome de ACM Neto para disputar o Governo da Bahia nas elei\u00e7\u00f5es de outubro deste ano. O ex-prefeito de Salvador por oito anos ter\u00e1 ao seu lado como candidata a vice-governadora Ana Coelho, empres\u00e1ria filiada ao Republicanos. O deputado federal Cac\u00e1 Le\u00e3o, do [&hellip;]","og_url":"https:\/\/portalmf.com.br\/index.php\/2022\/08\/05\/uniao-brasil-oficializa-acm-neto-como-candidato-ao-governo-da-bahia\/","og_site_name":"Portal MF","article_author":"reginaldojrfsa","article_published_time":"2022-08-05T19:46:02+00:00","article_modified_time":"2022-08-05T19:46:03+00:00","og_image":[{"width":1280,"height":854,"url":"https:\/\/portalmf.com.br\/wp-content\/uploads\/2022\/08\/WhatsApp-Image-2022-08-05-at-14.01.24.jpeg","type":"image\/jpeg"}],"author":"Reginaldo J\u00fanior","twitter_card":"summary_large_image","twitter_creator":"@reginaldojrmf","twitter_misc":{"Escrito por":"Reginaldo J\u00fanior","Est. tempo de leitura":"6 minutos"},"schema":{"@context":"https:\/\/schema.org","@graph":[{"@type":"WebPage","@id":"https:\/\/portalmf.com.br\/index.php\/2022\/08\/05\/uniao-brasil-oficializa-acm-neto-como-candidato-ao-governo-da-bahia\/","url":"https:\/\/portalmf.com.br\/index.php\/2022\/08\/05\/uniao-brasil-oficializa-acm-neto-como-candidato-ao-governo-da-bahia\/","name":"Uni\u00e3o Brasil oficializa ACM Neto como candidato ao Governo da Bahia - Portal MF","isPartOf":{"@id":"https:\/\/portalmf.com.br\/#website"},"primaryImageOfPage":{"@id":"https:\/\/portalmf.com.br\/index.php\/2022\/08\/05\/uniao-brasil-oficializa-acm-neto-como-candidato-ao-governo-da-bahia\/#primaryimage"},"image":{"@id":"https:\/\/portalmf.com.br\/index.php\/2022\/08\/05\/uniao-brasil-oficializa-acm-neto-como-candidato-ao-governo-da-bahia\/#primaryimage"},"thumbnailUrl":"https:\/\/portalmf.com.br\/wp-content\/uploads\/2022\/08\/WhatsApp-Image-2022-08-05-at-14.01.24.jpeg","datePublished":"2022-08-05T19:46:02+00:00","dateModified":"2022-08-05T19:46:03+00:00","author":{"@id":"https:\/\/portalmf.com.br\/#\/schema\/person\/11c82086fe8abc05a19147e964587285"},"breadcrumb":{"@id":"https:\/\/portalmf.com.br\/index.php\/2022\/08\/05\/uniao-brasil-oficializa-acm-neto-como-candidato-ao-governo-da-bahia\/#breadcrumb"},"inLanguage":"pt-BR","potentialAction":[{"@type":"ReadAction","target":["https:\/\/portalmf.com.br\/index.php\/2022\/08\/05\/uniao-brasil-oficializa-acm-neto-como-candidato-ao-governo-da-bahia\/"]}]},{"@type":"ImageObject","inLanguage":"pt-BR","@id":"https:\/\/portalmf.com.br\/index.php\/2022\/08\/05\/uniao-brasil-oficializa-acm-neto-como-candidato-ao-governo-da-bahia\/#primaryimage","url":"https:\/\/portalmf.com.br\/wp-content\/uploads\/2022\/08\/WhatsApp-Image-2022-08-05-at-14.01.24.jpeg","contentUrl":"https:\/\/portalmf.com.br\/wp-content\/uploads\/2022\/08\/WhatsApp-Image-2022-08-05-at-14.01.24.jpeg","width":1280,"height":854},{"@type":"BreadcrumbList","@id":"https:\/\/portalmf.com.br\/index.php\/2022\/08\/05\/uniao-brasil-oficializa-acm-neto-como-candidato-ao-governo-da-bahia\/#breadcrumb","itemListElement":[{"@type":"ListItem","position":1,"name":"In\u00edcio","item":"https:\/\/portalmf.com.br\/"},{"@type":"ListItem","position":2,"name":"Uni\u00e3o Brasil oficializa ACM Neto como candidato ao Governo da Bahia"}]},{"@type":"WebSite","@id":"https:\/\/portalmf.com.br\/#website","url":"https:\/\/portalmf.com.br\/","name":"Portal MF","description":"Voc\u00ea conectado com a informa\u00e7\u00e3o","potentialAction":[{"@type":"SearchAction","target":{"@type":"EntryPoint","urlTemplate":"https:\/\/portalmf.com.br\/?s={search_term_string}"},"query-input":"required name=search_term_string"}],"inLanguage":"pt-BR"},{"@type":"Person","@id":"https:\/\/portalmf.com.br\/#\/schema\/person\/11c82086fe8abc05a19147e964587285","name":"Reginaldo J\u00fanior","image":{"@type":"ImageObject","inLanguage":"pt-BR","@id":"https:\/\/portalmf.com.br\/#\/schema\/person\/image\/","url":"https:\/\/secure.gravatar.com\/avatar\/32a3c797cd0ac47cc53b8644c62776f9?s=96&d=mm&r=g","contentUrl":"https:\/\/secure.gravatar.com\/avatar\/32a3c797cd0ac47cc53b8644c62776f9?s=96&d=mm&r=g","caption":"Reginaldo J\u00fanior"},"description":"Jornalista e idealizador Portal MF","sameAs":["https:\/\/portalmf.com.br\/index.php\/author\/reginaldojr\/","reginaldojrfsa","reginaldojuniormf","https:\/\/x.com\/reginaldojrmf"],"url":"https:\/\/portalmf.com.br\/index.php\/author\/reginaldojr\/"}]}},"_links":{"self":[{"href":"https:\/\/portalmf.com.br\/index.php\/wp-json\/wp\/v2\/posts\/2681"}],"collection":[{"href":"https:\/\/portalmf.com.br\/index.php\/wp-json\/wp\/v2\/posts"}],"about":[{"href":"https:\/\/portalmf.com.br\/index.php\/wp-json\/wp\/v2\/types\/post"}],"author":[{"embeddable":true,"href":"https:\/\/portalmf.com.br\/index.php\/wp-json\/wp\/v2\/users\/2"}],"replies":[{"embeddable":true,"href":"https:\/\/portalmf.com.br\/index.php\/wp-json\/wp\/v2\/comments?post=2681"}],"version-history":[{"count":1,"href":"https:\/\/portalmf.com.br\/index.php\/wp-json\/wp\/v2\/posts\/2681\/revisions"}],"predecessor-version":[{"id":2683,"href":"https:\/\/portalmf.com.br\/index.php\/wp-json\/wp\/v2\/posts\/2681\/revisions\/2683"}],"wp:featuredmedia":[{"embeddable":true,"href":"https:\/\/portalmf.com.br\/index.php\/wp-json\/wp\/v2\/media\/2682"}],"wp:attachment":[{"href":"https:\/\/portalmf.com.br\/index.php\/wp-json\/wp\/v2\/media?parent=2681"}],"wp:term":[{"taxonomy":"category","embeddable":true,"href":"https:\/\/portalmf.com.br\/index.php\/wp-json\/wp\/v2\/categories?post=2681"},{"taxonomy":"post_tag","embeddable":true,"href":"https:\/\/portalmf.com.br\/index.php\/wp-json\/wp\/v2\/tags?post=2681"}],"curies":[{"name":"wp","href":"https:\/\/api.w.org\/{rel}","templated":true}]}}