{"id":2676,"date":"2022-08-05T16:18:15","date_gmt":"2022-08-05T19:18:15","guid":{"rendered":"http:\/\/portalmf.com.br\/?p=2676"},"modified":"2022-08-05T16:18:47","modified_gmt":"2022-08-05T19:18:47","slug":"pesquisa-do-jornal-a-tarde-indica-empate-tecnico-entre-acm-neto-e-jeronimo-rodrigues","status":"publish","type":"post","link":"https:\/\/portalmf.com.br\/index.php\/2022\/08\/05\/pesquisa-do-jornal-a-tarde-indica-empate-tecnico-entre-acm-neto-e-jeronimo-rodrigues\/","title":{"rendered":"\u00a0Pesquisa do Jornal A Tarde indica empate t\u00e9cnico entre ACM Neto e Jer\u00f4nimo Rodrigues"},"content":{"rendered":"\n<p>A disputa eleitoral para o Governo da Bahia ficou mais acirrada. Se o pleito fosse hoje, o novo governador seria escolhido em um segundo turno. \u00c9 o que mostram os resultados da nova rodada da pesquisa&nbsp;<strong>A TARDE\/AtlasIntel<\/strong>. Os candidatos ACM Neto (Uni\u00e3o Brasil) e Jer\u00f4nimo Rodrigues (PT) est\u00e3o tecnicamente empatados, o primeiro com 38,8% das inten\u00e7\u00f5es de voto, e o segundo com 37,8%. Em seguida aparecem o candidato do PL, Jo\u00e3o Roma, que soma 13,2%, Kl\u00e9ber Rosa (PSOL), com 1,4%, e Giovani Damico com 0,1% dos votos. Somados, votos brancos e nulos e a categoria dos que n\u00e3o souberam em quem votar atingem 8,6% dos entrevistados.<\/p>\n\n\n\n<p>Na compara\u00e7\u00e3o com o levantamento anterior do instituto, publicado no dia 17 de julho, o candidato petista foi o que mais cresceu dentre os que aparecem na prefer\u00eancia dos eleitores. Jer\u00f4nimo subiu 5,2 pontos percentuais, enquanto o ex-prefeito de Salvador recuou 0,9 ponto. Jo\u00e3o Roma subiu 2,7 pontos.<\/p>\n\n\n\n<p>A margem de erro da pesquisa \u00e9 de 2 pontos percentuais para mais ou para menos. Foram ouvidas 1.600 pessoas, no per\u00edodo de 30\/07\/2022 a 04\/08\/2022), contemplando 329 munic\u00edpios baianos. Est\u00e1 registrada junto ao Tribunal Superior Eleitoral (TSE) com o n\u00famero 04586\/2022<\/p>\n\n\n\n<p><strong>Segundo turno<\/strong><\/p>\n\n\n\n<p>A pesquisa ainda ouviu os eleitores sobre um eventual segundo turno, apresentando tr\u00eas cen\u00e1rios. No confronto entre Neto e Jer\u00f4nimo, novamente h\u00e1 empate t\u00e9cnico:&nbsp; 42,7% contra 39,9%. Na disputa entre ACM Neto e Jo\u00e3o Roma, o primeiro sairia vencedor, com 49,7%, contra 25,3% do segundo.<\/p>\n\n\n\n<p>O ex-ministro da Cidadania tamb\u00e9m sairia derrotado se enfrentasse o candidato petista. Nessa hip\u00f3tese, Roma teria apenas 23,8% dos votos, enquanto Jer\u00f4nimo seria eleito com 48,2%.<\/p>\n\n\n\n<p><strong>Elei\u00e7\u00e3o nacionalizada<\/strong><\/p>\n\n\n\n<p>Como historicamente acontece na Bahia, a elei\u00e7\u00e3o para presidente da Rep\u00fablica incide sobre a escolha dos candidatos dos baianos no n\u00edvel local. A pesquisa apresentou aos respondentes o nome do pleiteante \u00e0 Presid\u00eancia ao lado do candidato ao governo baiano.<\/p>\n\n\n\n<p>Para quem vota em Luiz In\u00e1cio Lula da Silva para o Planalto, 57,9% optam por Jer\u00f4nimo Rodrigues, enquanto 29% escolhem ACM Neto. Para quem diz votar em Jair Bolsonaro, 51,2% escolhem Jo\u00e3o Roma e 38,7% Neto.&nbsp; \u201cOs mais pobres e com menor instru\u00e7\u00e3o tendem a cruzar o voto entre Lula e ACM, s\u00e3o eleitores que n\u00e3o acompanham o notici\u00e1rio e n\u00e3o olham as elei\u00e7\u00f5es de maneira ideol\u00f3gica. A campanha de Jer\u00f4nimo vai focar nesses eleitores, a associa\u00e7\u00e3o com Lula pode reverter o quadro. Quanto mais pobre o eleitor, mais prov\u00e1vel a associa\u00e7\u00e3o com Lula\u201d, analisa o doutor em ci\u00eancia pol\u00edtica&nbsp;Andrei Roman, CEO do Instituto AtlasIntel.<\/p>\n\n\n\n<p>De acordo com a pesquisa, \u00e9 expressivo o n\u00famero de eleitores que j\u00e1 escolheram o candidato \u00e0 Presid\u00eancia, mas que ainda n\u00e3o se decidiram sobre o Governo da Bahia. 55% dos entrevistados disseram que ainda n\u00e3o sabem em quem ir\u00e3o votar\u00a0para o Pal\u00e1cio de Ondina. A quantidade de votos brancos e nulos tamb\u00e9m \u00e9 grande, com 34,9%.<\/p>\n\n\n\n<figure class=\"wp-block-image size-large\"><img fetchpriority=\"high\" decoding=\"async\" width=\"1024\" height=\"520\" src=\"http:\/\/portalmf.com.br\/wp-content\/uploads\/2022\/08\/image-1024x520.png\" alt=\"\" class=\"wp-image-2677\" srcset=\"https:\/\/portalmf.com.br\/wp-content\/uploads\/2022\/08\/image-1024x520.png 1024w, https:\/\/portalmf.com.br\/wp-content\/uploads\/2022\/08\/image-300x152.png 300w, https:\/\/portalmf.com.br\/wp-content\/uploads\/2022\/08\/image-768x390.png 768w, https:\/\/portalmf.com.br\/wp-content\/uploads\/2022\/08\/image-1536x780.png 1536w, https:\/\/portalmf.com.br\/wp-content\/uploads\/2022\/08\/image-2048x1040.png 2048w, https:\/\/portalmf.com.br\/wp-content\/uploads\/2022\/08\/image-1920x975.png 1920w, https:\/\/portalmf.com.br\/wp-content\/uploads\/2022\/08\/image-1170x594.png 1170w, https:\/\/portalmf.com.br\/wp-content\/uploads\/2022\/08\/image-585x297.png 585w\" sizes=\"(max-width: 1024px) 100vw, 1024px\" \/><figcaption>Foto: Reprodu\u00e7\u00e3o Jornal A Tarde<\/figcaption><\/figure>\n\n\n\n<p><strong>Segmenta\u00e7\u00e3o<\/strong><\/p>\n\n\n\n<p>O levantamento tamb\u00e9m cruzou os dados dos respondentes e verificou que entre os homens, Jer\u00f4nimo Rodrigues \u00e9 o preferido (43,1%), enquanto ACM Neto lidera entre as mulheres (44,6%). No quesito n\u00edvel educacional, Jer\u00f4nimo \u00e9 o escolhido pela maioria dos&nbsp;que t\u00eam Ensino Superior e&nbsp;M\u00e9dio, com 45,4% e 44,5%. J\u00e1 Neto \u00e9 o preferido dos que t\u00eam at\u00e9 o Ensino Fundamental, com 47%.<\/p>\n\n\n\n<p>Quanto \u00e0 faixa-et\u00e1ria, ACM Neto est\u00e1 na prefer\u00eancia de quem tem de 16-24 anos (60,1%) e 35-44 (37,6%). J\u00e1 Jer\u00f4nimo \u00e9 mais citado entre quem tem 25-34 (44,1%), 45-59 (46,3%) e os idosos, entre 60-100 (39,4%). \u201cEleitores jovens t\u00eam n\u00edtida prefer\u00eancia por ACM Neto. Quanto mais velho, mais forte a prefer\u00eancia por Jer\u00f4nimo, seja pela mem\u00f3ria enraizada do PT ou por conhecer o legado do carlismo\u201d, diz Roman.&nbsp;<\/p>\n\n\n\n<p><strong>Senado<\/strong><\/p>\n\n\n\n<p>Ao que parece, a maioria dos baianos j\u00e1 se decidiu sobre a vaga do Senado pela Bahia. No levantamento A TARDE\/AtlasIntel, o senador Otto Alencar\u00a0tem 39,2% dos votos. Ele \u00e9 seguido de longe pela candidata do PL, Ra\u00edssa Soares (16,2%), Cac\u00e1 Le\u00e3o (PP), com 12,9%, T\u00e2mara Azevedo (PSOL), com 5%, e votos brancos, nulos ou que n\u00e3o souberam somam 26,7%. Alencar domina a prefer\u00eancia dos eleitores em todos os segmentos.<\/p>\n\n\n\n<p>Fonte: Jorna A Tarde<\/p>\n","protected":false},"excerpt":{"rendered":"<p>A disputa eleitoral para o Governo da Bahia ficou mais acirrada. Se o pleito fosse hoje, o novo governador seria escolhido em um segundo turno. \u00c9 o que mostram os resultados da nova rodada da pesquisa&nbsp;A TARDE\/AtlasIntel. Os candidatos ACM Neto (Uni\u00e3o Brasil) e Jer\u00f4nimo Rodrigues (PT) est\u00e3o tecnicamente empatados, o primeiro com 38,8% das [&hellip;]<\/p>\n","protected":false},"author":2,"featured_media":2679,"comment_status":"open","ping_status":"open","sticky":false,"template":"","format":"standard","meta":{"_monsterinsights_skip_tracking":false,"_monsterinsights_sitenote_active":false,"_monsterinsights_sitenote_note":"","_monsterinsights_sitenote_category":0,"footnotes":""},"categories":[34],"tags":[],"yoast_head":"<!-- This site is optimized with the Yoast SEO plugin v22.9 - https:\/\/yoast.com\/wordpress\/plugins\/seo\/ -->\n<title>\u00a0Pesquisa do Jornal A Tarde indica empate t\u00e9cnico entre ACM Neto e Jer\u00f4nimo Rodrigues - Portal MF<\/title>\n<meta name=\"robots\" content=\"index, follow, max-snippet:-1, max-image-preview:large, max-video-preview:-1\" \/>\n<link rel=\"canonical\" href=\"https:\/\/portalmf.com.br\/index.php\/2022\/08\/05\/pesquisa-do-jornal-a-tarde-indica-empate-tecnico-entre-acm-neto-e-jeronimo-rodrigues\/\" \/>\n<meta property=\"og:locale\" content=\"pt_BR\" \/>\n<meta property=\"og:type\" content=\"article\" \/>\n<meta property=\"og:title\" content=\"\u00a0Pesquisa do Jornal A Tarde indica empate t\u00e9cnico entre ACM Neto e Jer\u00f4nimo Rodrigues - Portal MF\" \/>\n<meta property=\"og:description\" content=\"A disputa eleitoral para o Governo da Bahia ficou mais acirrada. Se o pleito fosse hoje, o novo governador seria escolhido em um segundo turno. \u00c9 o que mostram os resultados da nova rodada da pesquisa&nbsp;A TARDE\/AtlasIntel. Os candidatos ACM Neto (Uni\u00e3o Brasil) e Jer\u00f4nimo Rodrigues (PT) est\u00e3o tecnicamente empatados, o primeiro com 38,8% das [&hellip;]\" \/>\n<meta property=\"og:url\" content=\"https:\/\/portalmf.com.br\/index.php\/2022\/08\/05\/pesquisa-do-jornal-a-tarde-indica-empate-tecnico-entre-acm-neto-e-jeronimo-rodrigues\/\" \/>\n<meta property=\"og:site_name\" content=\"Portal MF\" \/>\n<meta property=\"article:author\" content=\"reginaldojrfsa\" \/>\n<meta property=\"article:published_time\" content=\"2022-08-05T19:18:15+00:00\" \/>\n<meta property=\"article:modified_time\" content=\"2022-08-05T19:18:47+00:00\" \/>\n<meta property=\"og:image\" content=\"https:\/\/portalmf.com.br\/wp-content\/uploads\/2022\/08\/acmneto_jeromino.jpg\" \/>\n\t<meta property=\"og:image:width\" content=\"600\" \/>\n\t<meta property=\"og:image:height\" content=\"400\" \/>\n\t<meta property=\"og:image:type\" content=\"image\/jpeg\" \/>\n<meta name=\"author\" content=\"Reginaldo J\u00fanior\" \/>\n<meta name=\"twitter:card\" content=\"summary_large_image\" \/>\n<meta name=\"twitter:creator\" content=\"@reginaldojrmf\" \/>\n<meta name=\"twitter:label1\" content=\"Escrito por\" \/>\n\t<meta name=\"twitter:data1\" content=\"Reginaldo J\u00fanior\" \/>\n\t<meta name=\"twitter:label2\" content=\"Est. tempo de leitura\" \/>\n\t<meta name=\"twitter:data2\" content=\"4 minutos\" \/>\n<script type=\"application\/ld+json\" class=\"yoast-schema-graph\">{\"@context\":\"https:\/\/schema.org\",\"@graph\":[{\"@type\":\"WebPage\",\"@id\":\"https:\/\/portalmf.com.br\/index.php\/2022\/08\/05\/pesquisa-do-jornal-a-tarde-indica-empate-tecnico-entre-acm-neto-e-jeronimo-rodrigues\/\",\"url\":\"https:\/\/portalmf.com.br\/index.php\/2022\/08\/05\/pesquisa-do-jornal-a-tarde-indica-empate-tecnico-entre-acm-neto-e-jeronimo-rodrigues\/\",\"name\":\"\u00a0Pesquisa do Jornal A Tarde indica empate t\u00e9cnico entre ACM Neto e Jer\u00f4nimo Rodrigues - Portal MF\",\"isPartOf\":{\"@id\":\"https:\/\/portalmf.com.br\/#website\"},\"primaryImageOfPage\":{\"@id\":\"https:\/\/portalmf.com.br\/index.php\/2022\/08\/05\/pesquisa-do-jornal-a-tarde-indica-empate-tecnico-entre-acm-neto-e-jeronimo-rodrigues\/#primaryimage\"},\"image\":{\"@id\":\"https:\/\/portalmf.com.br\/index.php\/2022\/08\/05\/pesquisa-do-jornal-a-tarde-indica-empate-tecnico-entre-acm-neto-e-jeronimo-rodrigues\/#primaryimage\"},\"thumbnailUrl\":\"https:\/\/portalmf.com.br\/wp-content\/uploads\/2022\/08\/acmneto_jeromino.jpg\",\"datePublished\":\"2022-08-05T19:18:15+00:00\",\"dateModified\":\"2022-08-05T19:18:47+00:00\",\"author\":{\"@id\":\"https:\/\/portalmf.com.br\/#\/schema\/person\/11c82086fe8abc05a19147e964587285\"},\"breadcrumb\":{\"@id\":\"https:\/\/portalmf.com.br\/index.php\/2022\/08\/05\/pesquisa-do-jornal-a-tarde-indica-empate-tecnico-entre-acm-neto-e-jeronimo-rodrigues\/#breadcrumb\"},\"inLanguage\":\"pt-BR\",\"potentialAction\":[{\"@type\":\"ReadAction\",\"target\":[\"https:\/\/portalmf.com.br\/index.php\/2022\/08\/05\/pesquisa-do-jornal-a-tarde-indica-empate-tecnico-entre-acm-neto-e-jeronimo-rodrigues\/\"]}]},{\"@type\":\"ImageObject\",\"inLanguage\":\"pt-BR\",\"@id\":\"https:\/\/portalmf.com.br\/index.php\/2022\/08\/05\/pesquisa-do-jornal-a-tarde-indica-empate-tecnico-entre-acm-neto-e-jeronimo-rodrigues\/#primaryimage\",\"url\":\"https:\/\/portalmf.com.br\/wp-content\/uploads\/2022\/08\/acmneto_jeromino.jpg\",\"contentUrl\":\"https:\/\/portalmf.com.br\/wp-content\/uploads\/2022\/08\/acmneto_jeromino.jpg\",\"width\":600,\"height\":400},{\"@type\":\"BreadcrumbList\",\"@id\":\"https:\/\/portalmf.com.br\/index.php\/2022\/08\/05\/pesquisa-do-jornal-a-tarde-indica-empate-tecnico-entre-acm-neto-e-jeronimo-rodrigues\/#breadcrumb\",\"itemListElement\":[{\"@type\":\"ListItem\",\"position\":1,\"name\":\"In\u00edcio\",\"item\":\"https:\/\/portalmf.com.br\/\"},{\"@type\":\"ListItem\",\"position\":2,\"name\":\"\u00a0Pesquisa do Jornal A Tarde indica empate t\u00e9cnico entre ACM Neto e Jer\u00f4nimo Rodrigues\"}]},{\"@type\":\"WebSite\",\"@id\":\"https:\/\/portalmf.com.br\/#website\",\"url\":\"https:\/\/portalmf.com.br\/\",\"name\":\"Portal MF\",\"description\":\"Voc\u00ea conectado com a informa\u00e7\u00e3o\",\"potentialAction\":[{\"@type\":\"SearchAction\",\"target\":{\"@type\":\"EntryPoint\",\"urlTemplate\":\"https:\/\/portalmf.com.br\/?s={search_term_string}\"},\"query-input\":\"required name=search_term_string\"}],\"inLanguage\":\"pt-BR\"},{\"@type\":\"Person\",\"@id\":\"https:\/\/portalmf.com.br\/#\/schema\/person\/11c82086fe8abc05a19147e964587285\",\"name\":\"Reginaldo J\u00fanior\",\"image\":{\"@type\":\"ImageObject\",\"inLanguage\":\"pt-BR\",\"@id\":\"https:\/\/portalmf.com.br\/#\/schema\/person\/image\/\",\"url\":\"https:\/\/secure.gravatar.com\/avatar\/32a3c797cd0ac47cc53b8644c62776f9?s=96&d=mm&r=g\",\"contentUrl\":\"https:\/\/secure.gravatar.com\/avatar\/32a3c797cd0ac47cc53b8644c62776f9?s=96&d=mm&r=g\",\"caption\":\"Reginaldo J\u00fanior\"},\"description\":\"Jornalista e idealizador Portal MF\",\"sameAs\":[\"https:\/\/portalmf.com.br\/index.php\/author\/reginaldojr\/\",\"reginaldojrfsa\",\"reginaldojuniormf\",\"https:\/\/x.com\/reginaldojrmf\"],\"url\":\"https:\/\/portalmf.com.br\/index.php\/author\/reginaldojr\/\"}]}<\/script>\n<!-- \/ Yoast SEO plugin. -->","yoast_head_json":{"title":"\u00a0Pesquisa do Jornal A Tarde indica empate t\u00e9cnico entre ACM Neto e Jer\u00f4nimo Rodrigues - Portal MF","robots":{"index":"index","follow":"follow","max-snippet":"max-snippet:-1","max-image-preview":"max-image-preview:large","max-video-preview":"max-video-preview:-1"},"canonical":"https:\/\/portalmf.com.br\/index.php\/2022\/08\/05\/pesquisa-do-jornal-a-tarde-indica-empate-tecnico-entre-acm-neto-e-jeronimo-rodrigues\/","og_locale":"pt_BR","og_type":"article","og_title":"\u00a0Pesquisa do Jornal A Tarde indica empate t\u00e9cnico entre ACM Neto e Jer\u00f4nimo Rodrigues - Portal MF","og_description":"A disputa eleitoral para o Governo da Bahia ficou mais acirrada. Se o pleito fosse hoje, o novo governador seria escolhido em um segundo turno. \u00c9 o que mostram os resultados da nova rodada da pesquisa&nbsp;A TARDE\/AtlasIntel. Os candidatos ACM Neto (Uni\u00e3o Brasil) e Jer\u00f4nimo Rodrigues (PT) est\u00e3o tecnicamente empatados, o primeiro com 38,8% das [&hellip;]","og_url":"https:\/\/portalmf.com.br\/index.php\/2022\/08\/05\/pesquisa-do-jornal-a-tarde-indica-empate-tecnico-entre-acm-neto-e-jeronimo-rodrigues\/","og_site_name":"Portal MF","article_author":"reginaldojrfsa","article_published_time":"2022-08-05T19:18:15+00:00","article_modified_time":"2022-08-05T19:18:47+00:00","og_image":[{"width":600,"height":400,"url":"https:\/\/portalmf.com.br\/wp-content\/uploads\/2022\/08\/acmneto_jeromino.jpg","type":"image\/jpeg"}],"author":"Reginaldo J\u00fanior","twitter_card":"summary_large_image","twitter_creator":"@reginaldojrmf","twitter_misc":{"Escrito por":"Reginaldo J\u00fanior","Est. tempo de leitura":"4 minutos"},"schema":{"@context":"https:\/\/schema.org","@graph":[{"@type":"WebPage","@id":"https:\/\/portalmf.com.br\/index.php\/2022\/08\/05\/pesquisa-do-jornal-a-tarde-indica-empate-tecnico-entre-acm-neto-e-jeronimo-rodrigues\/","url":"https:\/\/portalmf.com.br\/index.php\/2022\/08\/05\/pesquisa-do-jornal-a-tarde-indica-empate-tecnico-entre-acm-neto-e-jeronimo-rodrigues\/","name":"\u00a0Pesquisa do Jornal A Tarde indica empate t\u00e9cnico entre ACM Neto e Jer\u00f4nimo Rodrigues - Portal MF","isPartOf":{"@id":"https:\/\/portalmf.com.br\/#website"},"primaryImageOfPage":{"@id":"https:\/\/portalmf.com.br\/index.php\/2022\/08\/05\/pesquisa-do-jornal-a-tarde-indica-empate-tecnico-entre-acm-neto-e-jeronimo-rodrigues\/#primaryimage"},"image":{"@id":"https:\/\/portalmf.com.br\/index.php\/2022\/08\/05\/pesquisa-do-jornal-a-tarde-indica-empate-tecnico-entre-acm-neto-e-jeronimo-rodrigues\/#primaryimage"},"thumbnailUrl":"https:\/\/portalmf.com.br\/wp-content\/uploads\/2022\/08\/acmneto_jeromino.jpg","datePublished":"2022-08-05T19:18:15+00:00","dateModified":"2022-08-05T19:18:47+00:00","author":{"@id":"https:\/\/portalmf.com.br\/#\/schema\/person\/11c82086fe8abc05a19147e964587285"},"breadcrumb":{"@id":"https:\/\/portalmf.com.br\/index.php\/2022\/08\/05\/pesquisa-do-jornal-a-tarde-indica-empate-tecnico-entre-acm-neto-e-jeronimo-rodrigues\/#breadcrumb"},"inLanguage":"pt-BR","potentialAction":[{"@type":"ReadAction","target":["https:\/\/portalmf.com.br\/index.php\/2022\/08\/05\/pesquisa-do-jornal-a-tarde-indica-empate-tecnico-entre-acm-neto-e-jeronimo-rodrigues\/"]}]},{"@type":"ImageObject","inLanguage":"pt-BR","@id":"https:\/\/portalmf.com.br\/index.php\/2022\/08\/05\/pesquisa-do-jornal-a-tarde-indica-empate-tecnico-entre-acm-neto-e-jeronimo-rodrigues\/#primaryimage","url":"https:\/\/portalmf.com.br\/wp-content\/uploads\/2022\/08\/acmneto_jeromino.jpg","contentUrl":"https:\/\/portalmf.com.br\/wp-content\/uploads\/2022\/08\/acmneto_jeromino.jpg","width":600,"height":400},{"@type":"BreadcrumbList","@id":"https:\/\/portalmf.com.br\/index.php\/2022\/08\/05\/pesquisa-do-jornal-a-tarde-indica-empate-tecnico-entre-acm-neto-e-jeronimo-rodrigues\/#breadcrumb","itemListElement":[{"@type":"ListItem","position":1,"name":"In\u00edcio","item":"https:\/\/portalmf.com.br\/"},{"@type":"ListItem","position":2,"name":"\u00a0Pesquisa do Jornal A Tarde indica empate t\u00e9cnico entre ACM Neto e Jer\u00f4nimo Rodrigues"}]},{"@type":"WebSite","@id":"https:\/\/portalmf.com.br\/#website","url":"https:\/\/portalmf.com.br\/","name":"Portal MF","description":"Voc\u00ea conectado com a informa\u00e7\u00e3o","potentialAction":[{"@type":"SearchAction","target":{"@type":"EntryPoint","urlTemplate":"https:\/\/portalmf.com.br\/?s={search_term_string}"},"query-input":"required name=search_term_string"}],"inLanguage":"pt-BR"},{"@type":"Person","@id":"https:\/\/portalmf.com.br\/#\/schema\/person\/11c82086fe8abc05a19147e964587285","name":"Reginaldo J\u00fanior","image":{"@type":"ImageObject","inLanguage":"pt-BR","@id":"https:\/\/portalmf.com.br\/#\/schema\/person\/image\/","url":"https:\/\/secure.gravatar.com\/avatar\/32a3c797cd0ac47cc53b8644c62776f9?s=96&d=mm&r=g","contentUrl":"https:\/\/secure.gravatar.com\/avatar\/32a3c797cd0ac47cc53b8644c62776f9?s=96&d=mm&r=g","caption":"Reginaldo J\u00fanior"},"description":"Jornalista e idealizador Portal MF","sameAs":["https:\/\/portalmf.com.br\/index.php\/author\/reginaldojr\/","reginaldojrfsa","reginaldojuniormf","https:\/\/x.com\/reginaldojrmf"],"url":"https:\/\/portalmf.com.br\/index.php\/author\/reginaldojr\/"}]}},"_links":{"self":[{"href":"https:\/\/portalmf.com.br\/index.php\/wp-json\/wp\/v2\/posts\/2676"}],"collection":[{"href":"https:\/\/portalmf.com.br\/index.php\/wp-json\/wp\/v2\/posts"}],"about":[{"href":"https:\/\/portalmf.com.br\/index.php\/wp-json\/wp\/v2\/types\/post"}],"author":[{"embeddable":true,"href":"https:\/\/portalmf.com.br\/index.php\/wp-json\/wp\/v2\/users\/2"}],"replies":[{"embeddable":true,"href":"https:\/\/portalmf.com.br\/index.php\/wp-json\/wp\/v2\/comments?post=2676"}],"version-history":[{"count":1,"href":"https:\/\/portalmf.com.br\/index.php\/wp-json\/wp\/v2\/posts\/2676\/revisions"}],"predecessor-version":[{"id":2680,"href":"https:\/\/portalmf.com.br\/index.php\/wp-json\/wp\/v2\/posts\/2676\/revisions\/2680"}],"wp:featuredmedia":[{"embeddable":true,"href":"https:\/\/portalmf.com.br\/index.php\/wp-json\/wp\/v2\/media\/2679"}],"wp:attachment":[{"href":"https:\/\/portalmf.com.br\/index.php\/wp-json\/wp\/v2\/media?parent=2676"}],"wp:term":[{"taxonomy":"category","embeddable":true,"href":"https:\/\/portalmf.com.br\/index.php\/wp-json\/wp\/v2\/categories?post=2676"},{"taxonomy":"post_tag","embeddable":true,"href":"https:\/\/portalmf.com.br\/index.php\/wp-json\/wp\/v2\/tags?post=2676"}],"curies":[{"name":"wp","href":"https:\/\/api.w.org\/{rel}","templated":true}]}}