{"id":26749,"date":"2024-06-04T00:20:00","date_gmt":"2024-06-04T03:20:00","guid":{"rendered":"https:\/\/portalmf.com.br\/?p=26749"},"modified":"2024-06-04T12:01:22","modified_gmt":"2024-06-04T15:01:22","slug":"josivaldo-santana-reune-liderancas-feirenses-em-encontro","status":"publish","type":"post","link":"https:\/\/portalmf.com.br\/index.php\/2024\/06\/04\/josivaldo-santana-reune-liderancas-feirenses-em-encontro\/","title":{"rendered":"Josivaldo Santana re\u00fane lideran\u00e7as feirenses em encontro"},"content":{"rendered":"\n<p>Na manh\u00e3 do \u00faltimo domingo (02), o pr\u00e9-candidato a vereador Josivaldo Santana (UB), reuniu lideran\u00e7as de diversos bairros e distritos da cidade para alinhamento e planejamento. O encontro aconteceu no audit\u00f3rio da ACEFS (Associa\u00e7\u00e3o Comercial e Empresarial de Feira de Santana).<\/p>\n\n\n\n<p>Em entrevista ao Portal MF, Josivaldo falou sobre o objetivo dessa reuni\u00e3o com as diversas lideran\u00e7as.<\/p>\n\n\n\n<p><em>\u201cEsse encontro foi muito importante para entrosar as lideran\u00e7as que est\u00e3o conosco nesta caminhada, aqui planejamos os pr\u00f3ximos passos da nossa pr\u00e9-campanha e futuramente da nossa campanha, aonde cada opini\u00e3o \u00e9 ouvida e acolhida de forma grata\u201d, <\/em>disse Josivaldo.<\/p>\n\n\n\n<p>A reuni\u00e3o ainda contou com a presen\u00e7a do ex-prefeito e Pr\u00e9-candidato do Uni\u00e3o Brasil a sucess\u00e3o municipal Jos\u00e9 Ronaldo e empres\u00e1rio Marcio Fontes da HM Moveis, que declarou apoio a pr\u00e9-candidatura de Josivaldo Santana.<\/p>\n\n\n\n<p><em>\u201cSaio desse encontro ainda mais agraciado e confiante dos passos que estamos seguindo, pois temos de ouvir, debater para construir uma cidade ainda melhor para todos e esse momento logo no in\u00edcio da manh\u00e3 de domingo cumprimos esse objetivo\u201d,<\/em> disse o pr\u00e9-candidato.<\/p>\n\n\n\n<p>Logo depois da reuni\u00e3o nas ACEFS, Josivaldo segui para a comunidade do Santo Ant\u00f4nio, onde participou da festa da Igreja na comunidade.<\/p>\n","protected":false},"excerpt":{"rendered":"<p>Na manh\u00e3 do \u00faltimo domingo (02), o pr\u00e9-candidato a vereador Josivaldo Santana (UB), reuniu lideran\u00e7as de diversos bairros e distritos da cidade para alinhamento e planejamento. O encontro aconteceu no audit\u00f3rio da ACEFS (Associa\u00e7\u00e3o Comercial e Empresarial de Feira de Santana). Em entrevista ao Portal MF, Josivaldo falou sobre o objetivo dessa reuni\u00e3o com as [&hellip;]<\/p>\n","protected":false},"author":3,"featured_media":26750,"comment_status":"open","ping_status":"open","sticky":false,"template":"","format":"standard","meta":{"_monsterinsights_skip_tracking":false,"_monsterinsights_sitenote_active":false,"_monsterinsights_sitenote_note":"","_monsterinsights_sitenote_category":0,"footnotes":""},"categories":[301,34],"tags":[],"yoast_head":"<!-- This site is optimized with the Yoast SEO plugin v22.9 - https:\/\/yoast.com\/wordpress\/plugins\/seo\/ -->\n<title>Josivaldo Santana re\u00fane lideran\u00e7as feirenses em encontro - Portal MF<\/title>\n<meta name=\"robots\" content=\"index, follow, max-snippet:-1, max-image-preview:large, max-video-preview:-1\" \/>\n<link rel=\"canonical\" href=\"https:\/\/portalmf.com.br\/index.php\/2024\/06\/04\/josivaldo-santana-reune-liderancas-feirenses-em-encontro\/\" \/>\n<meta property=\"og:locale\" content=\"pt_BR\" \/>\n<meta property=\"og:type\" content=\"article\" \/>\n<meta property=\"og:title\" content=\"Josivaldo Santana re\u00fane lideran\u00e7as feirenses em encontro - Portal MF\" \/>\n<meta property=\"og:description\" content=\"Na manh\u00e3 do \u00faltimo domingo (02), o pr\u00e9-candidato a vereador Josivaldo Santana (UB), reuniu lideran\u00e7as de diversos bairros e distritos da cidade para alinhamento e planejamento. O encontro aconteceu no audit\u00f3rio da ACEFS (Associa\u00e7\u00e3o Comercial e Empresarial de Feira de Santana). Em entrevista ao Portal MF, Josivaldo falou sobre o objetivo dessa reuni\u00e3o com as [&hellip;]\" \/>\n<meta property=\"og:url\" content=\"https:\/\/portalmf.com.br\/index.php\/2024\/06\/04\/josivaldo-santana-reune-liderancas-feirenses-em-encontro\/\" \/>\n<meta property=\"og:site_name\" content=\"Portal MF\" \/>\n<meta property=\"article:author\" content=\"https:\/\/www.facebook.com\/portalmfoficial\" \/>\n<meta property=\"article:published_time\" content=\"2024-06-04T03:20:00+00:00\" \/>\n<meta property=\"article:modified_time\" content=\"2024-06-04T15:01:22+00:00\" \/>\n<meta property=\"og:image\" content=\"https:\/\/portalmf.com.br\/wp-content\/uploads\/2024\/06\/Josivaldo-Santana-reune-lideranca-feirenses-em-encontro.jpeg\" \/>\n\t<meta property=\"og:image:width\" content=\"1280\" \/>\n\t<meta property=\"og:image:height\" content=\"960\" \/>\n\t<meta property=\"og:image:type\" content=\"image\/jpeg\" \/>\n<meta name=\"author\" content=\"Reda\u00e7\u00e3o Portal MF\" \/>\n<meta name=\"twitter:card\" content=\"summary_large_image\" \/>\n<meta name=\"twitter:creator\" content=\"@https:\/\/x.com\/portalmfoficial\" \/>\n<meta name=\"twitter:label1\" content=\"Escrito por\" \/>\n\t<meta name=\"twitter:data1\" content=\"Reda\u00e7\u00e3o Portal MF\" \/>\n\t<meta name=\"twitter:label2\" content=\"Est. tempo de leitura\" \/>\n\t<meta name=\"twitter:data2\" content=\"2 minutos\" \/>\n<script type=\"application\/ld+json\" class=\"yoast-schema-graph\">{\"@context\":\"https:\/\/schema.org\",\"@graph\":[{\"@type\":\"WebPage\",\"@id\":\"https:\/\/portalmf.com.br\/index.php\/2024\/06\/04\/josivaldo-santana-reune-liderancas-feirenses-em-encontro\/\",\"url\":\"https:\/\/portalmf.com.br\/index.php\/2024\/06\/04\/josivaldo-santana-reune-liderancas-feirenses-em-encontro\/\",\"name\":\"Josivaldo Santana re\u00fane lideran\u00e7as feirenses em encontro - Portal MF\",\"isPartOf\":{\"@id\":\"https:\/\/portalmf.com.br\/#website\"},\"primaryImageOfPage\":{\"@id\":\"https:\/\/portalmf.com.br\/index.php\/2024\/06\/04\/josivaldo-santana-reune-liderancas-feirenses-em-encontro\/#primaryimage\"},\"image\":{\"@id\":\"https:\/\/portalmf.com.br\/index.php\/2024\/06\/04\/josivaldo-santana-reune-liderancas-feirenses-em-encontro\/#primaryimage\"},\"thumbnailUrl\":\"https:\/\/portalmf.com.br\/wp-content\/uploads\/2024\/06\/Josivaldo-Santana-reune-lideranca-feirenses-em-encontro.jpeg\",\"datePublished\":\"2024-06-04T03:20:00+00:00\",\"dateModified\":\"2024-06-04T15:01:22+00:00\",\"author\":{\"@id\":\"https:\/\/portalmf.com.br\/#\/schema\/person\/9ec101baf56233e53520c26de5d6f6f0\"},\"breadcrumb\":{\"@id\":\"https:\/\/portalmf.com.br\/index.php\/2024\/06\/04\/josivaldo-santana-reune-liderancas-feirenses-em-encontro\/#breadcrumb\"},\"inLanguage\":\"pt-BR\",\"potentialAction\":[{\"@type\":\"ReadAction\",\"target\":[\"https:\/\/portalmf.com.br\/index.php\/2024\/06\/04\/josivaldo-santana-reune-liderancas-feirenses-em-encontro\/\"]}]},{\"@type\":\"ImageObject\",\"inLanguage\":\"pt-BR\",\"@id\":\"https:\/\/portalmf.com.br\/index.php\/2024\/06\/04\/josivaldo-santana-reune-liderancas-feirenses-em-encontro\/#primaryimage\",\"url\":\"https:\/\/portalmf.com.br\/wp-content\/uploads\/2024\/06\/Josivaldo-Santana-reune-lideranca-feirenses-em-encontro.jpeg\",\"contentUrl\":\"https:\/\/portalmf.com.br\/wp-content\/uploads\/2024\/06\/Josivaldo-Santana-reune-lideranca-feirenses-em-encontro.jpeg\",\"width\":1280,\"height\":960},{\"@type\":\"BreadcrumbList\",\"@id\":\"https:\/\/portalmf.com.br\/index.php\/2024\/06\/04\/josivaldo-santana-reune-liderancas-feirenses-em-encontro\/#breadcrumb\",\"itemListElement\":[{\"@type\":\"ListItem\",\"position\":1,\"name\":\"In\u00edcio\",\"item\":\"https:\/\/portalmf.com.br\/\"},{\"@type\":\"ListItem\",\"position\":2,\"name\":\"Josivaldo Santana re\u00fane lideran\u00e7as feirenses em encontro\"}]},{\"@type\":\"WebSite\",\"@id\":\"https:\/\/portalmf.com.br\/#website\",\"url\":\"https:\/\/portalmf.com.br\/\",\"name\":\"Portal MF\",\"description\":\"Voc\u00ea conectado com a informa\u00e7\u00e3o\",\"potentialAction\":[{\"@type\":\"SearchAction\",\"target\":{\"@type\":\"EntryPoint\",\"urlTemplate\":\"https:\/\/portalmf.com.br\/?s={search_term_string}\"},\"query-input\":\"required name=search_term_string\"}],\"inLanguage\":\"pt-BR\"},{\"@type\":\"Person\",\"@id\":\"https:\/\/portalmf.com.br\/#\/schema\/person\/9ec101baf56233e53520c26de5d6f6f0\",\"name\":\"Reda\u00e7\u00e3o Portal MF\",\"image\":{\"@type\":\"ImageObject\",\"inLanguage\":\"pt-BR\",\"@id\":\"https:\/\/portalmf.com.br\/#\/schema\/person\/image\/\",\"url\":\"https:\/\/secure.gravatar.com\/avatar\/41b9aaeb2100835f7c64362330f74c7f?s=96&d=mm&r=g\",\"contentUrl\":\"https:\/\/secure.gravatar.com\/avatar\/41b9aaeb2100835f7c64362330f74c7f?s=96&d=mm&r=g\",\"caption\":\"Reda\u00e7\u00e3o Portal MF\"},\"description\":\"Sejam bem-vindos o portal de informa\u00e7\u00f5es de entretenimento de Feira de Santana, desde 2006 realiza coberturas dos principais eventos com entrevistas exclusivas com as principais personalidades mundiais. Fique conectado tamb\u00e9m nas redes sociais.\",\"sameAs\":[\"http:\/\/www.portalmf.com.br\/\",\"https:\/\/www.facebook.com\/portalmfoficial\",\"https:\/\/www.instagram.com\/portalmf\/\",\"https:\/\/x.com\/https:\/\/x.com\/portalmfoficial\",\"https:\/\/www.youtube.com\/@portalmfoficial\"],\"url\":\"https:\/\/portalmf.com.br\/index.php\/author\/junior\/\"}]}<\/script>\n<!-- \/ Yoast SEO plugin. -->","yoast_head_json":{"title":"Josivaldo Santana re\u00fane lideran\u00e7as feirenses em encontro - Portal MF","robots":{"index":"index","follow":"follow","max-snippet":"max-snippet:-1","max-image-preview":"max-image-preview:large","max-video-preview":"max-video-preview:-1"},"canonical":"https:\/\/portalmf.com.br\/index.php\/2024\/06\/04\/josivaldo-santana-reune-liderancas-feirenses-em-encontro\/","og_locale":"pt_BR","og_type":"article","og_title":"Josivaldo Santana re\u00fane lideran\u00e7as feirenses em encontro - Portal MF","og_description":"Na manh\u00e3 do \u00faltimo domingo (02), o pr\u00e9-candidato a vereador Josivaldo Santana (UB), reuniu lideran\u00e7as de diversos bairros e distritos da cidade para alinhamento e planejamento. O encontro aconteceu no audit\u00f3rio da ACEFS (Associa\u00e7\u00e3o Comercial e Empresarial de Feira de Santana). Em entrevista ao Portal MF, Josivaldo falou sobre o objetivo dessa reuni\u00e3o com as [&hellip;]","og_url":"https:\/\/portalmf.com.br\/index.php\/2024\/06\/04\/josivaldo-santana-reune-liderancas-feirenses-em-encontro\/","og_site_name":"Portal MF","article_author":"https:\/\/www.facebook.com\/portalmfoficial","article_published_time":"2024-06-04T03:20:00+00:00","article_modified_time":"2024-06-04T15:01:22+00:00","og_image":[{"width":1280,"height":960,"url":"https:\/\/portalmf.com.br\/wp-content\/uploads\/2024\/06\/Josivaldo-Santana-reune-lideranca-feirenses-em-encontro.jpeg","type":"image\/jpeg"}],"author":"Reda\u00e7\u00e3o Portal MF","twitter_card":"summary_large_image","twitter_creator":"@https:\/\/x.com\/portalmfoficial","twitter_misc":{"Escrito por":"Reda\u00e7\u00e3o Portal MF","Est. tempo de leitura":"2 minutos"},"schema":{"@context":"https:\/\/schema.org","@graph":[{"@type":"WebPage","@id":"https:\/\/portalmf.com.br\/index.php\/2024\/06\/04\/josivaldo-santana-reune-liderancas-feirenses-em-encontro\/","url":"https:\/\/portalmf.com.br\/index.php\/2024\/06\/04\/josivaldo-santana-reune-liderancas-feirenses-em-encontro\/","name":"Josivaldo Santana re\u00fane lideran\u00e7as feirenses em encontro - Portal MF","isPartOf":{"@id":"https:\/\/portalmf.com.br\/#website"},"primaryImageOfPage":{"@id":"https:\/\/portalmf.com.br\/index.php\/2024\/06\/04\/josivaldo-santana-reune-liderancas-feirenses-em-encontro\/#primaryimage"},"image":{"@id":"https:\/\/portalmf.com.br\/index.php\/2024\/06\/04\/josivaldo-santana-reune-liderancas-feirenses-em-encontro\/#primaryimage"},"thumbnailUrl":"https:\/\/portalmf.com.br\/wp-content\/uploads\/2024\/06\/Josivaldo-Santana-reune-lideranca-feirenses-em-encontro.jpeg","datePublished":"2024-06-04T03:20:00+00:00","dateModified":"2024-06-04T15:01:22+00:00","author":{"@id":"https:\/\/portalmf.com.br\/#\/schema\/person\/9ec101baf56233e53520c26de5d6f6f0"},"breadcrumb":{"@id":"https:\/\/portalmf.com.br\/index.php\/2024\/06\/04\/josivaldo-santana-reune-liderancas-feirenses-em-encontro\/#breadcrumb"},"inLanguage":"pt-BR","potentialAction":[{"@type":"ReadAction","target":["https:\/\/portalmf.com.br\/index.php\/2024\/06\/04\/josivaldo-santana-reune-liderancas-feirenses-em-encontro\/"]}]},{"@type":"ImageObject","inLanguage":"pt-BR","@id":"https:\/\/portalmf.com.br\/index.php\/2024\/06\/04\/josivaldo-santana-reune-liderancas-feirenses-em-encontro\/#primaryimage","url":"https:\/\/portalmf.com.br\/wp-content\/uploads\/2024\/06\/Josivaldo-Santana-reune-lideranca-feirenses-em-encontro.jpeg","contentUrl":"https:\/\/portalmf.com.br\/wp-content\/uploads\/2024\/06\/Josivaldo-Santana-reune-lideranca-feirenses-em-encontro.jpeg","width":1280,"height":960},{"@type":"BreadcrumbList","@id":"https:\/\/portalmf.com.br\/index.php\/2024\/06\/04\/josivaldo-santana-reune-liderancas-feirenses-em-encontro\/#breadcrumb","itemListElement":[{"@type":"ListItem","position":1,"name":"In\u00edcio","item":"https:\/\/portalmf.com.br\/"},{"@type":"ListItem","position":2,"name":"Josivaldo Santana re\u00fane lideran\u00e7as feirenses em encontro"}]},{"@type":"WebSite","@id":"https:\/\/portalmf.com.br\/#website","url":"https:\/\/portalmf.com.br\/","name":"Portal MF","description":"Voc\u00ea conectado com a informa\u00e7\u00e3o","potentialAction":[{"@type":"SearchAction","target":{"@type":"EntryPoint","urlTemplate":"https:\/\/portalmf.com.br\/?s={search_term_string}"},"query-input":"required name=search_term_string"}],"inLanguage":"pt-BR"},{"@type":"Person","@id":"https:\/\/portalmf.com.br\/#\/schema\/person\/9ec101baf56233e53520c26de5d6f6f0","name":"Reda\u00e7\u00e3o Portal MF","image":{"@type":"ImageObject","inLanguage":"pt-BR","@id":"https:\/\/portalmf.com.br\/#\/schema\/person\/image\/","url":"https:\/\/secure.gravatar.com\/avatar\/41b9aaeb2100835f7c64362330f74c7f?s=96&d=mm&r=g","contentUrl":"https:\/\/secure.gravatar.com\/avatar\/41b9aaeb2100835f7c64362330f74c7f?s=96&d=mm&r=g","caption":"Reda\u00e7\u00e3o Portal MF"},"description":"Sejam bem-vindos o portal de informa\u00e7\u00f5es de entretenimento de Feira de Santana, desde 2006 realiza coberturas dos principais eventos com entrevistas exclusivas com as principais personalidades mundiais. Fique conectado tamb\u00e9m nas redes sociais.","sameAs":["http:\/\/www.portalmf.com.br\/","https:\/\/www.facebook.com\/portalmfoficial","https:\/\/www.instagram.com\/portalmf\/","https:\/\/x.com\/https:\/\/x.com\/portalmfoficial","https:\/\/www.youtube.com\/@portalmfoficial"],"url":"https:\/\/portalmf.com.br\/index.php\/author\/junior\/"}]}},"_links":{"self":[{"href":"https:\/\/portalmf.com.br\/index.php\/wp-json\/wp\/v2\/posts\/26749"}],"collection":[{"href":"https:\/\/portalmf.com.br\/index.php\/wp-json\/wp\/v2\/posts"}],"about":[{"href":"https:\/\/portalmf.com.br\/index.php\/wp-json\/wp\/v2\/types\/post"}],"author":[{"embeddable":true,"href":"https:\/\/portalmf.com.br\/index.php\/wp-json\/wp\/v2\/users\/3"}],"replies":[{"embeddable":true,"href":"https:\/\/portalmf.com.br\/index.php\/wp-json\/wp\/v2\/comments?post=26749"}],"version-history":[{"count":1,"href":"https:\/\/portalmf.com.br\/index.php\/wp-json\/wp\/v2\/posts\/26749\/revisions"}],"predecessor-version":[{"id":26751,"href":"https:\/\/portalmf.com.br\/index.php\/wp-json\/wp\/v2\/posts\/26749\/revisions\/26751"}],"wp:featuredmedia":[{"embeddable":true,"href":"https:\/\/portalmf.com.br\/index.php\/wp-json\/wp\/v2\/media\/26750"}],"wp:attachment":[{"href":"https:\/\/portalmf.com.br\/index.php\/wp-json\/wp\/v2\/media?parent=26749"}],"wp:term":[{"taxonomy":"category","embeddable":true,"href":"https:\/\/portalmf.com.br\/index.php\/wp-json\/wp\/v2\/categories?post=26749"},{"taxonomy":"post_tag","embeddable":true,"href":"https:\/\/portalmf.com.br\/index.php\/wp-json\/wp\/v2\/tags?post=26749"}],"curies":[{"name":"wp","href":"https:\/\/api.w.org\/{rel}","templated":true}]}}