{"id":2673,"date":"2022-08-05T16:06:15","date_gmt":"2022-08-05T19:06:15","guid":{"rendered":"http:\/\/portalmf.com.br\/?p=2673"},"modified":"2022-08-05T16:06:16","modified_gmt":"2022-08-05T19:06:16","slug":"jeronimo-manifesta-solidariedade-a-ze-ronaldo-e-critica-ingratidao-de-acm-neto-mais-uma-vez","status":"publish","type":"post","link":"https:\/\/portalmf.com.br\/index.php\/2022\/08\/05\/jeronimo-manifesta-solidariedade-a-ze-ronaldo-e-critica-ingratidao-de-acm-neto-mais-uma-vez\/","title":{"rendered":"Jer\u00f4nimo manifesta solidariedade a Z\u00e9 Ronaldo e critica ingratid\u00e3o de Acm Neto mais uma vez"},"content":{"rendered":"\n<p>O candidato a governador do Estado pelo PT, Jer\u00f4nimo Rodrigues, manifestou solidariedade ao ex-prefeito de Feira de Santana, Jos\u00e9 Ronaldo, ap\u00f3s o pol\u00edtico ser exclu\u00eddo da chapa do ex-prefeito de Salvador, que anunciou como sua vice, a empres\u00e1ria e dona da TV Aratu, Ana Coelho (Republicanos), sobrinha do ex-governador e prefeito bolsonarista de Guanambi, Nilo Coelho.<br>\u00a0<br><em>\u201cMe solidarizo com Z\u00e9 Ronaldo pela hist\u00f3ria que ele tem na pol\u00edtica baiana, com o respaldo que ele tem junto aos prefeitos do Portal do Sert\u00e3o\u201d,<\/em> lamentou o postulante petista, na manh\u00e3 desta sexta-feira (5), durante entrevista \u00e0 R\u00e1dio Princesa FM, de Feira de Santana.<br>\u00a0<br>Para Jer\u00f4nimo, o comportamento do seu advers\u00e1rio \u00e9 algo corriqueiro, um estilo j\u00e1 conhecido e conden\u00e1vel na pol\u00edtica.<em> \u201cO ex-prefeito mostrou mais uma vez quem ele \u00e9. Na elei\u00e7\u00e3o passada j\u00e1 tinha feito ato parecido com o pr\u00f3prio Z\u00e9 Ronaldo quando lan\u00e7ou seu nome e n\u00e3o lhe prestou a aten\u00e7\u00e3o devida. Quantos do time da \u00e9poca do av\u00f4 dele j\u00e1 foram limados na condu\u00e7\u00e3o da pol\u00edtica? Heraldo Rocha, Aleluia, Carlos Gaban, Imbassahy. Ele sempre ser\u00e1 assim\u201d<\/em>, condenou o petista, ao afirmar que seu advers\u00e1rio nessas elei\u00e7\u00f5es fez uma op\u00e7\u00e3o por uma chapa comercial.<\/p>\n\n\n\n<p><em>\u201cEle fez uma op\u00e7\u00e3o por uma chapa de herdeiros. A fotografia deixou claramente que \u00e9 uma chapa que n\u00e3o olha para a Bahia, mas apenas para Salvador, uma chapa de pessoas que n\u00e3o conhecem o que \u00e9 uma feira livre, que n\u00e3o sabem o que \u00e9 andar de \u00f4nibus, que n\u00e3o conhecem a escola p\u00fablica, que nunca precisaram de atendimento em um posto de sa\u00fade\u201d,<\/em> alertou Jer\u00f4nimo, que tem seu domic\u00edlio eleitoral em Feira de Santana e \u00e9 professor licenciado da Uefs. <\/p>\n\n\n\n<p><em>\u201cA gratid\u00e3o sempre ser\u00e1 a palavra de ordem. Aqui n\u00f3s somos um time, uma fam\u00edlia e sempre iremos acolher, zelar e respeitar os nossos aliados, sem excluir ningu\u00e9m, mas fortalec\u00ea-los. Essa \u00e9 a diferen\u00e7a do Time de Lula na Bahia<\/em>\u201d, sinalizou.<\/p>\n","protected":false},"excerpt":{"rendered":"<p>O candidato a governador do Estado pelo PT, Jer\u00f4nimo Rodrigues, manifestou solidariedade ao ex-prefeito de Feira de Santana, Jos\u00e9 Ronaldo, ap\u00f3s o pol\u00edtico ser exclu\u00eddo da chapa do ex-prefeito de Salvador, que anunciou como sua vice, a empres\u00e1ria e dona da TV Aratu, Ana Coelho (Republicanos), sobrinha do ex-governador e prefeito bolsonarista de Guanambi, Nilo [&hellip;]<\/p>\n","protected":false},"author":2,"featured_media":2674,"comment_status":"open","ping_status":"open","sticky":false,"template":"","format":"standard","meta":{"_monsterinsights_skip_tracking":false,"_monsterinsights_sitenote_active":false,"_monsterinsights_sitenote_note":"","_monsterinsights_sitenote_category":0,"footnotes":""},"categories":[34],"tags":[],"yoast_head":"<!-- This site is optimized with the Yoast SEO plugin v22.9 - https:\/\/yoast.com\/wordpress\/plugins\/seo\/ -->\n<title>Jer\u00f4nimo manifesta solidariedade a Z\u00e9 Ronaldo e critica ingratid\u00e3o de Acm Neto mais uma vez - Portal MF<\/title>\n<meta name=\"robots\" content=\"index, follow, max-snippet:-1, max-image-preview:large, max-video-preview:-1\" \/>\n<link rel=\"canonical\" href=\"https:\/\/portalmf.com.br\/index.php\/2022\/08\/05\/jeronimo-manifesta-solidariedade-a-ze-ronaldo-e-critica-ingratidao-de-acm-neto-mais-uma-vez\/\" \/>\n<meta property=\"og:locale\" content=\"pt_BR\" \/>\n<meta property=\"og:type\" content=\"article\" \/>\n<meta property=\"og:title\" content=\"Jer\u00f4nimo manifesta solidariedade a Z\u00e9 Ronaldo e critica ingratid\u00e3o de Acm Neto mais uma vez - Portal MF\" \/>\n<meta property=\"og:description\" content=\"O candidato a governador do Estado pelo PT, Jer\u00f4nimo Rodrigues, manifestou solidariedade ao ex-prefeito de Feira de Santana, Jos\u00e9 Ronaldo, ap\u00f3s o pol\u00edtico ser exclu\u00eddo da chapa do ex-prefeito de Salvador, que anunciou como sua vice, a empres\u00e1ria e dona da TV Aratu, Ana Coelho (Republicanos), sobrinha do ex-governador e prefeito bolsonarista de Guanambi, Nilo [&hellip;]\" \/>\n<meta property=\"og:url\" content=\"https:\/\/portalmf.com.br\/index.php\/2022\/08\/05\/jeronimo-manifesta-solidariedade-a-ze-ronaldo-e-critica-ingratidao-de-acm-neto-mais-uma-vez\/\" \/>\n<meta property=\"og:site_name\" content=\"Portal MF\" \/>\n<meta property=\"article:author\" content=\"reginaldojrfsa\" \/>\n<meta property=\"article:published_time\" content=\"2022-08-05T19:06:15+00:00\" \/>\n<meta property=\"article:modified_time\" content=\"2022-08-05T19:06:16+00:00\" \/>\n<meta property=\"og:image\" content=\"https:\/\/portalmf.com.br\/wp-content\/uploads\/2022\/08\/WhatsApp-Image-2022-08-05-at-08.47.10.jpeg\" \/>\n\t<meta property=\"og:image:width\" content=\"1154\" \/>\n\t<meta property=\"og:image:height\" content=\"780\" \/>\n\t<meta property=\"og:image:type\" content=\"image\/jpeg\" \/>\n<meta name=\"author\" content=\"Reginaldo J\u00fanior\" \/>\n<meta name=\"twitter:card\" content=\"summary_large_image\" \/>\n<meta name=\"twitter:creator\" content=\"@reginaldojrmf\" \/>\n<meta name=\"twitter:label1\" content=\"Escrito por\" \/>\n\t<meta name=\"twitter:data1\" content=\"Reginaldo J\u00fanior\" \/>\n\t<meta name=\"twitter:label2\" content=\"Est. tempo de leitura\" \/>\n\t<meta name=\"twitter:data2\" content=\"2 minutos\" \/>\n<script type=\"application\/ld+json\" class=\"yoast-schema-graph\">{\"@context\":\"https:\/\/schema.org\",\"@graph\":[{\"@type\":\"WebPage\",\"@id\":\"https:\/\/portalmf.com.br\/index.php\/2022\/08\/05\/jeronimo-manifesta-solidariedade-a-ze-ronaldo-e-critica-ingratidao-de-acm-neto-mais-uma-vez\/\",\"url\":\"https:\/\/portalmf.com.br\/index.php\/2022\/08\/05\/jeronimo-manifesta-solidariedade-a-ze-ronaldo-e-critica-ingratidao-de-acm-neto-mais-uma-vez\/\",\"name\":\"Jer\u00f4nimo manifesta solidariedade a Z\u00e9 Ronaldo e critica ingratid\u00e3o de Acm Neto mais uma vez - Portal MF\",\"isPartOf\":{\"@id\":\"https:\/\/portalmf.com.br\/#website\"},\"primaryImageOfPage\":{\"@id\":\"https:\/\/portalmf.com.br\/index.php\/2022\/08\/05\/jeronimo-manifesta-solidariedade-a-ze-ronaldo-e-critica-ingratidao-de-acm-neto-mais-uma-vez\/#primaryimage\"},\"image\":{\"@id\":\"https:\/\/portalmf.com.br\/index.php\/2022\/08\/05\/jeronimo-manifesta-solidariedade-a-ze-ronaldo-e-critica-ingratidao-de-acm-neto-mais-uma-vez\/#primaryimage\"},\"thumbnailUrl\":\"https:\/\/portalmf.com.br\/wp-content\/uploads\/2022\/08\/WhatsApp-Image-2022-08-05-at-08.47.10.jpeg\",\"datePublished\":\"2022-08-05T19:06:15+00:00\",\"dateModified\":\"2022-08-05T19:06:16+00:00\",\"author\":{\"@id\":\"https:\/\/portalmf.com.br\/#\/schema\/person\/11c82086fe8abc05a19147e964587285\"},\"breadcrumb\":{\"@id\":\"https:\/\/portalmf.com.br\/index.php\/2022\/08\/05\/jeronimo-manifesta-solidariedade-a-ze-ronaldo-e-critica-ingratidao-de-acm-neto-mais-uma-vez\/#breadcrumb\"},\"inLanguage\":\"pt-BR\",\"potentialAction\":[{\"@type\":\"ReadAction\",\"target\":[\"https:\/\/portalmf.com.br\/index.php\/2022\/08\/05\/jeronimo-manifesta-solidariedade-a-ze-ronaldo-e-critica-ingratidao-de-acm-neto-mais-uma-vez\/\"]}]},{\"@type\":\"ImageObject\",\"inLanguage\":\"pt-BR\",\"@id\":\"https:\/\/portalmf.com.br\/index.php\/2022\/08\/05\/jeronimo-manifesta-solidariedade-a-ze-ronaldo-e-critica-ingratidao-de-acm-neto-mais-uma-vez\/#primaryimage\",\"url\":\"https:\/\/portalmf.com.br\/wp-content\/uploads\/2022\/08\/WhatsApp-Image-2022-08-05-at-08.47.10.jpeg\",\"contentUrl\":\"https:\/\/portalmf.com.br\/wp-content\/uploads\/2022\/08\/WhatsApp-Image-2022-08-05-at-08.47.10.jpeg\",\"width\":1154,\"height\":780},{\"@type\":\"BreadcrumbList\",\"@id\":\"https:\/\/portalmf.com.br\/index.php\/2022\/08\/05\/jeronimo-manifesta-solidariedade-a-ze-ronaldo-e-critica-ingratidao-de-acm-neto-mais-uma-vez\/#breadcrumb\",\"itemListElement\":[{\"@type\":\"ListItem\",\"position\":1,\"name\":\"In\u00edcio\",\"item\":\"https:\/\/portalmf.com.br\/\"},{\"@type\":\"ListItem\",\"position\":2,\"name\":\"Jer\u00f4nimo manifesta solidariedade a Z\u00e9 Ronaldo e critica ingratid\u00e3o de Acm Neto mais uma vez\"}]},{\"@type\":\"WebSite\",\"@id\":\"https:\/\/portalmf.com.br\/#website\",\"url\":\"https:\/\/portalmf.com.br\/\",\"name\":\"Portal MF\",\"description\":\"Voc\u00ea conectado com a informa\u00e7\u00e3o\",\"potentialAction\":[{\"@type\":\"SearchAction\",\"target\":{\"@type\":\"EntryPoint\",\"urlTemplate\":\"https:\/\/portalmf.com.br\/?s={search_term_string}\"},\"query-input\":\"required name=search_term_string\"}],\"inLanguage\":\"pt-BR\"},{\"@type\":\"Person\",\"@id\":\"https:\/\/portalmf.com.br\/#\/schema\/person\/11c82086fe8abc05a19147e964587285\",\"name\":\"Reginaldo J\u00fanior\",\"image\":{\"@type\":\"ImageObject\",\"inLanguage\":\"pt-BR\",\"@id\":\"https:\/\/portalmf.com.br\/#\/schema\/person\/image\/\",\"url\":\"https:\/\/secure.gravatar.com\/avatar\/32a3c797cd0ac47cc53b8644c62776f9?s=96&d=mm&r=g\",\"contentUrl\":\"https:\/\/secure.gravatar.com\/avatar\/32a3c797cd0ac47cc53b8644c62776f9?s=96&d=mm&r=g\",\"caption\":\"Reginaldo J\u00fanior\"},\"description\":\"Jornalista e idealizador Portal MF\",\"sameAs\":[\"https:\/\/portalmf.com.br\/index.php\/author\/reginaldojr\/\",\"reginaldojrfsa\",\"reginaldojuniormf\",\"https:\/\/x.com\/reginaldojrmf\"],\"url\":\"https:\/\/portalmf.com.br\/index.php\/author\/reginaldojr\/\"}]}<\/script>\n<!-- \/ Yoast SEO plugin. -->","yoast_head_json":{"title":"Jer\u00f4nimo manifesta solidariedade a Z\u00e9 Ronaldo e critica ingratid\u00e3o de Acm Neto mais uma vez - Portal MF","robots":{"index":"index","follow":"follow","max-snippet":"max-snippet:-1","max-image-preview":"max-image-preview:large","max-video-preview":"max-video-preview:-1"},"canonical":"https:\/\/portalmf.com.br\/index.php\/2022\/08\/05\/jeronimo-manifesta-solidariedade-a-ze-ronaldo-e-critica-ingratidao-de-acm-neto-mais-uma-vez\/","og_locale":"pt_BR","og_type":"article","og_title":"Jer\u00f4nimo manifesta solidariedade a Z\u00e9 Ronaldo e critica ingratid\u00e3o de Acm Neto mais uma vez - Portal MF","og_description":"O candidato a governador do Estado pelo PT, Jer\u00f4nimo Rodrigues, manifestou solidariedade ao ex-prefeito de Feira de Santana, Jos\u00e9 Ronaldo, ap\u00f3s o pol\u00edtico ser exclu\u00eddo da chapa do ex-prefeito de Salvador, que anunciou como sua vice, a empres\u00e1ria e dona da TV Aratu, Ana Coelho (Republicanos), sobrinha do ex-governador e prefeito bolsonarista de Guanambi, Nilo [&hellip;]","og_url":"https:\/\/portalmf.com.br\/index.php\/2022\/08\/05\/jeronimo-manifesta-solidariedade-a-ze-ronaldo-e-critica-ingratidao-de-acm-neto-mais-uma-vez\/","og_site_name":"Portal MF","article_author":"reginaldojrfsa","article_published_time":"2022-08-05T19:06:15+00:00","article_modified_time":"2022-08-05T19:06:16+00:00","og_image":[{"width":1154,"height":780,"url":"https:\/\/portalmf.com.br\/wp-content\/uploads\/2022\/08\/WhatsApp-Image-2022-08-05-at-08.47.10.jpeg","type":"image\/jpeg"}],"author":"Reginaldo J\u00fanior","twitter_card":"summary_large_image","twitter_creator":"@reginaldojrmf","twitter_misc":{"Escrito por":"Reginaldo J\u00fanior","Est. tempo de leitura":"2 minutos"},"schema":{"@context":"https:\/\/schema.org","@graph":[{"@type":"WebPage","@id":"https:\/\/portalmf.com.br\/index.php\/2022\/08\/05\/jeronimo-manifesta-solidariedade-a-ze-ronaldo-e-critica-ingratidao-de-acm-neto-mais-uma-vez\/","url":"https:\/\/portalmf.com.br\/index.php\/2022\/08\/05\/jeronimo-manifesta-solidariedade-a-ze-ronaldo-e-critica-ingratidao-de-acm-neto-mais-uma-vez\/","name":"Jer\u00f4nimo manifesta solidariedade a Z\u00e9 Ronaldo e critica ingratid\u00e3o de Acm Neto mais uma vez - Portal MF","isPartOf":{"@id":"https:\/\/portalmf.com.br\/#website"},"primaryImageOfPage":{"@id":"https:\/\/portalmf.com.br\/index.php\/2022\/08\/05\/jeronimo-manifesta-solidariedade-a-ze-ronaldo-e-critica-ingratidao-de-acm-neto-mais-uma-vez\/#primaryimage"},"image":{"@id":"https:\/\/portalmf.com.br\/index.php\/2022\/08\/05\/jeronimo-manifesta-solidariedade-a-ze-ronaldo-e-critica-ingratidao-de-acm-neto-mais-uma-vez\/#primaryimage"},"thumbnailUrl":"https:\/\/portalmf.com.br\/wp-content\/uploads\/2022\/08\/WhatsApp-Image-2022-08-05-at-08.47.10.jpeg","datePublished":"2022-08-05T19:06:15+00:00","dateModified":"2022-08-05T19:06:16+00:00","author":{"@id":"https:\/\/portalmf.com.br\/#\/schema\/person\/11c82086fe8abc05a19147e964587285"},"breadcrumb":{"@id":"https:\/\/portalmf.com.br\/index.php\/2022\/08\/05\/jeronimo-manifesta-solidariedade-a-ze-ronaldo-e-critica-ingratidao-de-acm-neto-mais-uma-vez\/#breadcrumb"},"inLanguage":"pt-BR","potentialAction":[{"@type":"ReadAction","target":["https:\/\/portalmf.com.br\/index.php\/2022\/08\/05\/jeronimo-manifesta-solidariedade-a-ze-ronaldo-e-critica-ingratidao-de-acm-neto-mais-uma-vez\/"]}]},{"@type":"ImageObject","inLanguage":"pt-BR","@id":"https:\/\/portalmf.com.br\/index.php\/2022\/08\/05\/jeronimo-manifesta-solidariedade-a-ze-ronaldo-e-critica-ingratidao-de-acm-neto-mais-uma-vez\/#primaryimage","url":"https:\/\/portalmf.com.br\/wp-content\/uploads\/2022\/08\/WhatsApp-Image-2022-08-05-at-08.47.10.jpeg","contentUrl":"https:\/\/portalmf.com.br\/wp-content\/uploads\/2022\/08\/WhatsApp-Image-2022-08-05-at-08.47.10.jpeg","width":1154,"height":780},{"@type":"BreadcrumbList","@id":"https:\/\/portalmf.com.br\/index.php\/2022\/08\/05\/jeronimo-manifesta-solidariedade-a-ze-ronaldo-e-critica-ingratidao-de-acm-neto-mais-uma-vez\/#breadcrumb","itemListElement":[{"@type":"ListItem","position":1,"name":"In\u00edcio","item":"https:\/\/portalmf.com.br\/"},{"@type":"ListItem","position":2,"name":"Jer\u00f4nimo manifesta solidariedade a Z\u00e9 Ronaldo e critica ingratid\u00e3o de Acm Neto mais uma vez"}]},{"@type":"WebSite","@id":"https:\/\/portalmf.com.br\/#website","url":"https:\/\/portalmf.com.br\/","name":"Portal MF","description":"Voc\u00ea conectado com a informa\u00e7\u00e3o","potentialAction":[{"@type":"SearchAction","target":{"@type":"EntryPoint","urlTemplate":"https:\/\/portalmf.com.br\/?s={search_term_string}"},"query-input":"required name=search_term_string"}],"inLanguage":"pt-BR"},{"@type":"Person","@id":"https:\/\/portalmf.com.br\/#\/schema\/person\/11c82086fe8abc05a19147e964587285","name":"Reginaldo J\u00fanior","image":{"@type":"ImageObject","inLanguage":"pt-BR","@id":"https:\/\/portalmf.com.br\/#\/schema\/person\/image\/","url":"https:\/\/secure.gravatar.com\/avatar\/32a3c797cd0ac47cc53b8644c62776f9?s=96&d=mm&r=g","contentUrl":"https:\/\/secure.gravatar.com\/avatar\/32a3c797cd0ac47cc53b8644c62776f9?s=96&d=mm&r=g","caption":"Reginaldo J\u00fanior"},"description":"Jornalista e idealizador Portal MF","sameAs":["https:\/\/portalmf.com.br\/index.php\/author\/reginaldojr\/","reginaldojrfsa","reginaldojuniormf","https:\/\/x.com\/reginaldojrmf"],"url":"https:\/\/portalmf.com.br\/index.php\/author\/reginaldojr\/"}]}},"_links":{"self":[{"href":"https:\/\/portalmf.com.br\/index.php\/wp-json\/wp\/v2\/posts\/2673"}],"collection":[{"href":"https:\/\/portalmf.com.br\/index.php\/wp-json\/wp\/v2\/posts"}],"about":[{"href":"https:\/\/portalmf.com.br\/index.php\/wp-json\/wp\/v2\/types\/post"}],"author":[{"embeddable":true,"href":"https:\/\/portalmf.com.br\/index.php\/wp-json\/wp\/v2\/users\/2"}],"replies":[{"embeddable":true,"href":"https:\/\/portalmf.com.br\/index.php\/wp-json\/wp\/v2\/comments?post=2673"}],"version-history":[{"count":1,"href":"https:\/\/portalmf.com.br\/index.php\/wp-json\/wp\/v2\/posts\/2673\/revisions"}],"predecessor-version":[{"id":2675,"href":"https:\/\/portalmf.com.br\/index.php\/wp-json\/wp\/v2\/posts\/2673\/revisions\/2675"}],"wp:featuredmedia":[{"embeddable":true,"href":"https:\/\/portalmf.com.br\/index.php\/wp-json\/wp\/v2\/media\/2674"}],"wp:attachment":[{"href":"https:\/\/portalmf.com.br\/index.php\/wp-json\/wp\/v2\/media?parent=2673"}],"wp:term":[{"taxonomy":"category","embeddable":true,"href":"https:\/\/portalmf.com.br\/index.php\/wp-json\/wp\/v2\/categories?post=2673"},{"taxonomy":"post_tag","embeddable":true,"href":"https:\/\/portalmf.com.br\/index.php\/wp-json\/wp\/v2\/tags?post=2673"}],"curies":[{"name":"wp","href":"https:\/\/api.w.org\/{rel}","templated":true}]}}