{"id":26655,"date":"2024-05-28T16:42:11","date_gmt":"2024-05-28T19:42:11","guid":{"rendered":"https:\/\/portalmf.com.br\/?p=26655"},"modified":"2024-05-29T16:43:01","modified_gmt":"2024-05-29T19:43:01","slug":"ze-neto-lanca-no-tomba-movimento-uniao-por-feira-para-ouvir-o-povo-sobre-futuro-da-cidade","status":"publish","type":"post","link":"https:\/\/portalmf.com.br\/index.php\/2024\/05\/28\/ze-neto-lanca-no-tomba-movimento-uniao-por-feira-para-ouvir-o-povo-sobre-futuro-da-cidade\/","title":{"rendered":"Z\u00e9 Neto lan\u00e7a no Tomba Movimento Uni\u00e3o por Feira para ouvir o povo sobre futuro da cidade"},"content":{"rendered":"\n<p>No pr\u00f3ximo s\u00e1bado (01), o Conselho Pol\u00edtico da base aliada ao pr\u00e9-candidato a prefeito de Feira de Santana, Z\u00e9 Neto, lan\u00e7ar\u00e1 a a\u00e7\u00e3o do movimento Uni\u00e3o por Feira de reunir-se com as comunidades dos bairros e distritos da cidade, come\u00e7ando pelo bairro Tomba, para dialogar com a popula\u00e7\u00e3o sobre o que esperar do futuro de Feira, a partir da avalia\u00e7\u00e3o dos problemas atuais do bairro.<\/p>\n\n\n\n<p>O encontro acontecer\u00e1 na Estacionamento em frente \u00e0 pra\u00e7a da feira livre do Tomba, a partir das 15h30 com a presen\u00e7a do pr\u00e9-candidato Z\u00e9 Neto, presidentes municipais dos partidos que comp\u00f5em a base (PT, PCdoB, PSOL, PV, PP, Avante, Podemos, PSB, PSD e MDB), pr\u00e9-candidatos(as) a vereador(a) e lideran\u00e7as.<\/p>\n\n\n\n<p>Conforme destaca Z\u00e9 Neto, \u201cos encontros do Uni\u00e3o Por Feira nos bairros e distritos da cidade fazem parte da nossa mobiliza\u00e7\u00e3o de colher ideias e propostas em favor do desenvolvimento e do progresso que a cidade realmente merece. Todos que querem ver Feira avan\u00e7ar rumo ao futuro, com certeza, estar\u00e3o l\u00e1 conosco\u201d.<\/p>\n","protected":false},"excerpt":{"rendered":"<p>No pr\u00f3ximo s\u00e1bado (01), o Conselho Pol\u00edtico da base aliada ao pr\u00e9-candidato a prefeito de Feira de Santana, Z\u00e9 Neto, lan\u00e7ar\u00e1 a a\u00e7\u00e3o do movimento Uni\u00e3o por Feira de reunir-se com as comunidades dos bairros e distritos da cidade, come\u00e7ando pelo bairro Tomba, para dialogar com a popula\u00e7\u00e3o sobre o que esperar do futuro de [&hellip;]<\/p>\n","protected":false},"author":3,"featured_media":25706,"comment_status":"open","ping_status":"open","sticky":false,"template":"","format":"standard","meta":{"_monsterinsights_skip_tracking":false,"_monsterinsights_sitenote_active":false,"_monsterinsights_sitenote_note":"","_monsterinsights_sitenote_category":0,"footnotes":""},"categories":[301,34],"tags":[],"yoast_head":"<!-- This site is optimized with the Yoast SEO plugin v22.9 - https:\/\/yoast.com\/wordpress\/plugins\/seo\/ -->\n<title>Z\u00e9 Neto lan\u00e7a no Tomba Movimento Uni\u00e3o por Feira para ouvir o povo sobre futuro da cidade - Portal MF<\/title>\n<meta name=\"robots\" content=\"index, follow, max-snippet:-1, max-image-preview:large, max-video-preview:-1\" \/>\n<link rel=\"canonical\" href=\"https:\/\/portalmf.com.br\/index.php\/2024\/05\/28\/ze-neto-lanca-no-tomba-movimento-uniao-por-feira-para-ouvir-o-povo-sobre-futuro-da-cidade\/\" \/>\n<meta property=\"og:locale\" content=\"pt_BR\" \/>\n<meta property=\"og:type\" content=\"article\" \/>\n<meta property=\"og:title\" content=\"Z\u00e9 Neto lan\u00e7a no Tomba Movimento Uni\u00e3o por Feira para ouvir o povo sobre futuro da cidade - Portal MF\" \/>\n<meta property=\"og:description\" content=\"No pr\u00f3ximo s\u00e1bado (01), o Conselho Pol\u00edtico da base aliada ao pr\u00e9-candidato a prefeito de Feira de Santana, Z\u00e9 Neto, lan\u00e7ar\u00e1 a a\u00e7\u00e3o do movimento Uni\u00e3o por Feira de reunir-se com as comunidades dos bairros e distritos da cidade, come\u00e7ando pelo bairro Tomba, para dialogar com a popula\u00e7\u00e3o sobre o que esperar do futuro de [&hellip;]\" \/>\n<meta property=\"og:url\" content=\"https:\/\/portalmf.com.br\/index.php\/2024\/05\/28\/ze-neto-lanca-no-tomba-movimento-uniao-por-feira-para-ouvir-o-povo-sobre-futuro-da-cidade\/\" \/>\n<meta property=\"og:site_name\" content=\"Portal MF\" \/>\n<meta property=\"article:author\" content=\"https:\/\/www.facebook.com\/portalmfoficial\" \/>\n<meta property=\"article:published_time\" content=\"2024-05-28T19:42:11+00:00\" \/>\n<meta property=\"article:modified_time\" content=\"2024-05-29T19:43:01+00:00\" \/>\n<meta property=\"og:image\" content=\"https:\/\/portalmf.com.br\/wp-content\/uploads\/2024\/04\/Ao-lado-de-Jeronimo-e-Wagner-Ze-Neto-oficializa-pre-candidatura-a-prefeito-de-Feira-1.jpeg\" \/>\n\t<meta property=\"og:image:width\" content=\"1280\" \/>\n\t<meta property=\"og:image:height\" content=\"853\" \/>\n\t<meta property=\"og:image:type\" content=\"image\/jpeg\" \/>\n<meta name=\"author\" content=\"Reda\u00e7\u00e3o Portal MF\" \/>\n<meta name=\"twitter:card\" content=\"summary_large_image\" \/>\n<meta name=\"twitter:creator\" content=\"@https:\/\/x.com\/portalmfoficial\" \/>\n<meta name=\"twitter:label1\" content=\"Escrito por\" \/>\n\t<meta name=\"twitter:data1\" content=\"Reda\u00e7\u00e3o Portal MF\" \/>\n\t<meta name=\"twitter:label2\" content=\"Est. tempo de leitura\" \/>\n\t<meta name=\"twitter:data2\" content=\"2 minutos\" \/>\n<script type=\"application\/ld+json\" class=\"yoast-schema-graph\">{\"@context\":\"https:\/\/schema.org\",\"@graph\":[{\"@type\":\"WebPage\",\"@id\":\"https:\/\/portalmf.com.br\/index.php\/2024\/05\/28\/ze-neto-lanca-no-tomba-movimento-uniao-por-feira-para-ouvir-o-povo-sobre-futuro-da-cidade\/\",\"url\":\"https:\/\/portalmf.com.br\/index.php\/2024\/05\/28\/ze-neto-lanca-no-tomba-movimento-uniao-por-feira-para-ouvir-o-povo-sobre-futuro-da-cidade\/\",\"name\":\"Z\u00e9 Neto lan\u00e7a no Tomba Movimento Uni\u00e3o por Feira para ouvir o povo sobre futuro da cidade - Portal MF\",\"isPartOf\":{\"@id\":\"https:\/\/portalmf.com.br\/#website\"},\"primaryImageOfPage\":{\"@id\":\"https:\/\/portalmf.com.br\/index.php\/2024\/05\/28\/ze-neto-lanca-no-tomba-movimento-uniao-por-feira-para-ouvir-o-povo-sobre-futuro-da-cidade\/#primaryimage\"},\"image\":{\"@id\":\"https:\/\/portalmf.com.br\/index.php\/2024\/05\/28\/ze-neto-lanca-no-tomba-movimento-uniao-por-feira-para-ouvir-o-povo-sobre-futuro-da-cidade\/#primaryimage\"},\"thumbnailUrl\":\"https:\/\/portalmf.com.br\/wp-content\/uploads\/2024\/04\/Ao-lado-de-Jeronimo-e-Wagner-Ze-Neto-oficializa-pre-candidatura-a-prefeito-de-Feira-1.jpeg\",\"datePublished\":\"2024-05-28T19:42:11+00:00\",\"dateModified\":\"2024-05-29T19:43:01+00:00\",\"author\":{\"@id\":\"https:\/\/portalmf.com.br\/#\/schema\/person\/9ec101baf56233e53520c26de5d6f6f0\"},\"breadcrumb\":{\"@id\":\"https:\/\/portalmf.com.br\/index.php\/2024\/05\/28\/ze-neto-lanca-no-tomba-movimento-uniao-por-feira-para-ouvir-o-povo-sobre-futuro-da-cidade\/#breadcrumb\"},\"inLanguage\":\"pt-BR\",\"potentialAction\":[{\"@type\":\"ReadAction\",\"target\":[\"https:\/\/portalmf.com.br\/index.php\/2024\/05\/28\/ze-neto-lanca-no-tomba-movimento-uniao-por-feira-para-ouvir-o-povo-sobre-futuro-da-cidade\/\"]}]},{\"@type\":\"ImageObject\",\"inLanguage\":\"pt-BR\",\"@id\":\"https:\/\/portalmf.com.br\/index.php\/2024\/05\/28\/ze-neto-lanca-no-tomba-movimento-uniao-por-feira-para-ouvir-o-povo-sobre-futuro-da-cidade\/#primaryimage\",\"url\":\"https:\/\/portalmf.com.br\/wp-content\/uploads\/2024\/04\/Ao-lado-de-Jeronimo-e-Wagner-Ze-Neto-oficializa-pre-candidatura-a-prefeito-de-Feira-1.jpeg\",\"contentUrl\":\"https:\/\/portalmf.com.br\/wp-content\/uploads\/2024\/04\/Ao-lado-de-Jeronimo-e-Wagner-Ze-Neto-oficializa-pre-candidatura-a-prefeito-de-Feira-1.jpeg\",\"width\":1280,\"height\":853},{\"@type\":\"BreadcrumbList\",\"@id\":\"https:\/\/portalmf.com.br\/index.php\/2024\/05\/28\/ze-neto-lanca-no-tomba-movimento-uniao-por-feira-para-ouvir-o-povo-sobre-futuro-da-cidade\/#breadcrumb\",\"itemListElement\":[{\"@type\":\"ListItem\",\"position\":1,\"name\":\"In\u00edcio\",\"item\":\"https:\/\/portalmf.com.br\/\"},{\"@type\":\"ListItem\",\"position\":2,\"name\":\"Z\u00e9 Neto lan\u00e7a no Tomba Movimento Uni\u00e3o por Feira para ouvir o povo sobre futuro da cidade\"}]},{\"@type\":\"WebSite\",\"@id\":\"https:\/\/portalmf.com.br\/#website\",\"url\":\"https:\/\/portalmf.com.br\/\",\"name\":\"Portal MF\",\"description\":\"Voc\u00ea conectado com a informa\u00e7\u00e3o\",\"potentialAction\":[{\"@type\":\"SearchAction\",\"target\":{\"@type\":\"EntryPoint\",\"urlTemplate\":\"https:\/\/portalmf.com.br\/?s={search_term_string}\"},\"query-input\":\"required name=search_term_string\"}],\"inLanguage\":\"pt-BR\"},{\"@type\":\"Person\",\"@id\":\"https:\/\/portalmf.com.br\/#\/schema\/person\/9ec101baf56233e53520c26de5d6f6f0\",\"name\":\"Reda\u00e7\u00e3o Portal MF\",\"image\":{\"@type\":\"ImageObject\",\"inLanguage\":\"pt-BR\",\"@id\":\"https:\/\/portalmf.com.br\/#\/schema\/person\/image\/\",\"url\":\"https:\/\/secure.gravatar.com\/avatar\/41b9aaeb2100835f7c64362330f74c7f?s=96&d=mm&r=g\",\"contentUrl\":\"https:\/\/secure.gravatar.com\/avatar\/41b9aaeb2100835f7c64362330f74c7f?s=96&d=mm&r=g\",\"caption\":\"Reda\u00e7\u00e3o Portal MF\"},\"description\":\"Sejam bem-vindos o portal de informa\u00e7\u00f5es de entretenimento de Feira de Santana, desde 2006 realiza coberturas dos principais eventos com entrevistas exclusivas com as principais personalidades mundiais. Fique conectado tamb\u00e9m nas redes sociais.\",\"sameAs\":[\"http:\/\/www.portalmf.com.br\/\",\"https:\/\/www.facebook.com\/portalmfoficial\",\"https:\/\/www.instagram.com\/portalmf\/\",\"https:\/\/x.com\/https:\/\/x.com\/portalmfoficial\",\"https:\/\/www.youtube.com\/@portalmfoficial\"],\"url\":\"https:\/\/portalmf.com.br\/index.php\/author\/junior\/\"}]}<\/script>\n<!-- \/ Yoast SEO plugin. -->","yoast_head_json":{"title":"Z\u00e9 Neto lan\u00e7a no Tomba Movimento Uni\u00e3o por Feira para ouvir o povo sobre futuro da cidade - Portal MF","robots":{"index":"index","follow":"follow","max-snippet":"max-snippet:-1","max-image-preview":"max-image-preview:large","max-video-preview":"max-video-preview:-1"},"canonical":"https:\/\/portalmf.com.br\/index.php\/2024\/05\/28\/ze-neto-lanca-no-tomba-movimento-uniao-por-feira-para-ouvir-o-povo-sobre-futuro-da-cidade\/","og_locale":"pt_BR","og_type":"article","og_title":"Z\u00e9 Neto lan\u00e7a no Tomba Movimento Uni\u00e3o por Feira para ouvir o povo sobre futuro da cidade - Portal MF","og_description":"No pr\u00f3ximo s\u00e1bado (01), o Conselho Pol\u00edtico da base aliada ao pr\u00e9-candidato a prefeito de Feira de Santana, Z\u00e9 Neto, lan\u00e7ar\u00e1 a a\u00e7\u00e3o do movimento Uni\u00e3o por Feira de reunir-se com as comunidades dos bairros e distritos da cidade, come\u00e7ando pelo bairro Tomba, para dialogar com a popula\u00e7\u00e3o sobre o que esperar do futuro de [&hellip;]","og_url":"https:\/\/portalmf.com.br\/index.php\/2024\/05\/28\/ze-neto-lanca-no-tomba-movimento-uniao-por-feira-para-ouvir-o-povo-sobre-futuro-da-cidade\/","og_site_name":"Portal MF","article_author":"https:\/\/www.facebook.com\/portalmfoficial","article_published_time":"2024-05-28T19:42:11+00:00","article_modified_time":"2024-05-29T19:43:01+00:00","og_image":[{"width":1280,"height":853,"url":"https:\/\/portalmf.com.br\/wp-content\/uploads\/2024\/04\/Ao-lado-de-Jeronimo-e-Wagner-Ze-Neto-oficializa-pre-candidatura-a-prefeito-de-Feira-1.jpeg","type":"image\/jpeg"}],"author":"Reda\u00e7\u00e3o Portal MF","twitter_card":"summary_large_image","twitter_creator":"@https:\/\/x.com\/portalmfoficial","twitter_misc":{"Escrito por":"Reda\u00e7\u00e3o Portal MF","Est. tempo de leitura":"2 minutos"},"schema":{"@context":"https:\/\/schema.org","@graph":[{"@type":"WebPage","@id":"https:\/\/portalmf.com.br\/index.php\/2024\/05\/28\/ze-neto-lanca-no-tomba-movimento-uniao-por-feira-para-ouvir-o-povo-sobre-futuro-da-cidade\/","url":"https:\/\/portalmf.com.br\/index.php\/2024\/05\/28\/ze-neto-lanca-no-tomba-movimento-uniao-por-feira-para-ouvir-o-povo-sobre-futuro-da-cidade\/","name":"Z\u00e9 Neto lan\u00e7a no Tomba Movimento Uni\u00e3o por Feira para ouvir o povo sobre futuro da cidade - Portal MF","isPartOf":{"@id":"https:\/\/portalmf.com.br\/#website"},"primaryImageOfPage":{"@id":"https:\/\/portalmf.com.br\/index.php\/2024\/05\/28\/ze-neto-lanca-no-tomba-movimento-uniao-por-feira-para-ouvir-o-povo-sobre-futuro-da-cidade\/#primaryimage"},"image":{"@id":"https:\/\/portalmf.com.br\/index.php\/2024\/05\/28\/ze-neto-lanca-no-tomba-movimento-uniao-por-feira-para-ouvir-o-povo-sobre-futuro-da-cidade\/#primaryimage"},"thumbnailUrl":"https:\/\/portalmf.com.br\/wp-content\/uploads\/2024\/04\/Ao-lado-de-Jeronimo-e-Wagner-Ze-Neto-oficializa-pre-candidatura-a-prefeito-de-Feira-1.jpeg","datePublished":"2024-05-28T19:42:11+00:00","dateModified":"2024-05-29T19:43:01+00:00","author":{"@id":"https:\/\/portalmf.com.br\/#\/schema\/person\/9ec101baf56233e53520c26de5d6f6f0"},"breadcrumb":{"@id":"https:\/\/portalmf.com.br\/index.php\/2024\/05\/28\/ze-neto-lanca-no-tomba-movimento-uniao-por-feira-para-ouvir-o-povo-sobre-futuro-da-cidade\/#breadcrumb"},"inLanguage":"pt-BR","potentialAction":[{"@type":"ReadAction","target":["https:\/\/portalmf.com.br\/index.php\/2024\/05\/28\/ze-neto-lanca-no-tomba-movimento-uniao-por-feira-para-ouvir-o-povo-sobre-futuro-da-cidade\/"]}]},{"@type":"ImageObject","inLanguage":"pt-BR","@id":"https:\/\/portalmf.com.br\/index.php\/2024\/05\/28\/ze-neto-lanca-no-tomba-movimento-uniao-por-feira-para-ouvir-o-povo-sobre-futuro-da-cidade\/#primaryimage","url":"https:\/\/portalmf.com.br\/wp-content\/uploads\/2024\/04\/Ao-lado-de-Jeronimo-e-Wagner-Ze-Neto-oficializa-pre-candidatura-a-prefeito-de-Feira-1.jpeg","contentUrl":"https:\/\/portalmf.com.br\/wp-content\/uploads\/2024\/04\/Ao-lado-de-Jeronimo-e-Wagner-Ze-Neto-oficializa-pre-candidatura-a-prefeito-de-Feira-1.jpeg","width":1280,"height":853},{"@type":"BreadcrumbList","@id":"https:\/\/portalmf.com.br\/index.php\/2024\/05\/28\/ze-neto-lanca-no-tomba-movimento-uniao-por-feira-para-ouvir-o-povo-sobre-futuro-da-cidade\/#breadcrumb","itemListElement":[{"@type":"ListItem","position":1,"name":"In\u00edcio","item":"https:\/\/portalmf.com.br\/"},{"@type":"ListItem","position":2,"name":"Z\u00e9 Neto lan\u00e7a no Tomba Movimento Uni\u00e3o por Feira para ouvir o povo sobre futuro da cidade"}]},{"@type":"WebSite","@id":"https:\/\/portalmf.com.br\/#website","url":"https:\/\/portalmf.com.br\/","name":"Portal MF","description":"Voc\u00ea conectado com a informa\u00e7\u00e3o","potentialAction":[{"@type":"SearchAction","target":{"@type":"EntryPoint","urlTemplate":"https:\/\/portalmf.com.br\/?s={search_term_string}"},"query-input":"required name=search_term_string"}],"inLanguage":"pt-BR"},{"@type":"Person","@id":"https:\/\/portalmf.com.br\/#\/schema\/person\/9ec101baf56233e53520c26de5d6f6f0","name":"Reda\u00e7\u00e3o Portal MF","image":{"@type":"ImageObject","inLanguage":"pt-BR","@id":"https:\/\/portalmf.com.br\/#\/schema\/person\/image\/","url":"https:\/\/secure.gravatar.com\/avatar\/41b9aaeb2100835f7c64362330f74c7f?s=96&d=mm&r=g","contentUrl":"https:\/\/secure.gravatar.com\/avatar\/41b9aaeb2100835f7c64362330f74c7f?s=96&d=mm&r=g","caption":"Reda\u00e7\u00e3o Portal MF"},"description":"Sejam bem-vindos o portal de informa\u00e7\u00f5es de entretenimento de Feira de Santana, desde 2006 realiza coberturas dos principais eventos com entrevistas exclusivas com as principais personalidades mundiais. Fique conectado tamb\u00e9m nas redes sociais.","sameAs":["http:\/\/www.portalmf.com.br\/","https:\/\/www.facebook.com\/portalmfoficial","https:\/\/www.instagram.com\/portalmf\/","https:\/\/x.com\/https:\/\/x.com\/portalmfoficial","https:\/\/www.youtube.com\/@portalmfoficial"],"url":"https:\/\/portalmf.com.br\/index.php\/author\/junior\/"}]}},"_links":{"self":[{"href":"https:\/\/portalmf.com.br\/index.php\/wp-json\/wp\/v2\/posts\/26655"}],"collection":[{"href":"https:\/\/portalmf.com.br\/index.php\/wp-json\/wp\/v2\/posts"}],"about":[{"href":"https:\/\/portalmf.com.br\/index.php\/wp-json\/wp\/v2\/types\/post"}],"author":[{"embeddable":true,"href":"https:\/\/portalmf.com.br\/index.php\/wp-json\/wp\/v2\/users\/3"}],"replies":[{"embeddable":true,"href":"https:\/\/portalmf.com.br\/index.php\/wp-json\/wp\/v2\/comments?post=26655"}],"version-history":[{"count":1,"href":"https:\/\/portalmf.com.br\/index.php\/wp-json\/wp\/v2\/posts\/26655\/revisions"}],"predecessor-version":[{"id":26656,"href":"https:\/\/portalmf.com.br\/index.php\/wp-json\/wp\/v2\/posts\/26655\/revisions\/26656"}],"wp:featuredmedia":[{"embeddable":true,"href":"https:\/\/portalmf.com.br\/index.php\/wp-json\/wp\/v2\/media\/25706"}],"wp:attachment":[{"href":"https:\/\/portalmf.com.br\/index.php\/wp-json\/wp\/v2\/media?parent=26655"}],"wp:term":[{"taxonomy":"category","embeddable":true,"href":"https:\/\/portalmf.com.br\/index.php\/wp-json\/wp\/v2\/categories?post=26655"},{"taxonomy":"post_tag","embeddable":true,"href":"https:\/\/portalmf.com.br\/index.php\/wp-json\/wp\/v2\/tags?post=26655"}],"curies":[{"name":"wp","href":"https:\/\/api.w.org\/{rel}","templated":true}]}}