{"id":2656,"date":"2022-08-04T17:49:44","date_gmt":"2022-08-04T20:49:44","guid":{"rendered":"http:\/\/portalmf.com.br\/?p=2656"},"modified":"2022-08-04T17:49:45","modified_gmt":"2022-08-04T20:49:45","slug":"janones-desiste-da-corrida-presidencial-e-declara-apoio-a-lula","status":"publish","type":"post","link":"https:\/\/portalmf.com.br\/index.php\/2022\/08\/04\/janones-desiste-da-corrida-presidencial-e-declara-apoio-a-lula\/","title":{"rendered":"Janones desiste da corrida presidencial e declara apoio a Lula"},"content":{"rendered":"\n<p>O&nbsp;candidato do Avante \u00e0 Presid\u00eancia da Rep\u00fablica, Andr\u00e9 Janones&nbsp;, anunciou nesta quinta-feira que desistiu da disputa para apoiar o ex-presidente&nbsp;Luiz In\u00e1cio Lula da Silva (PT)&nbsp;. O an\u00fancio ocorreu ap\u00f3s um encontro o petista, em S\u00e3o Paulo.<\/p>\n\n\n\n<p>Janones, que \u00e9 deputado federal por Minas, j\u00e1 vinha sinalizando que abandonaria a corrida pelo Pal\u00e1cio do Planalto. Na semana passada, ap\u00f3s conversar com Lula por telefone, ele havia declarado que a alian\u00e7a com o petista &#8220;caminha para dar certo&#8221;.<\/p>\n\n\n\n<p>De acordo com a \u00faltima pesquisa do Instituto Datafolha, Janones tem 1% das inten\u00e7\u00f5es de voto. O deputado pediu que Lula incorpore pelo menos tr\u00eas propostas suas ao plano de governo. Entre os pleitos, est\u00e3o a manuten\u00e7\u00e3o do valor de R$ 600 para o benef\u00edcio do Aux\u00edlio Brasil, o pagamento da quantia em dobro para m\u00e3es solteiras e a inclus\u00e3o no sistema dos benefici\u00e1rios do Cad\u00danico.<\/p>\n\n\n\n<p>Janones se reuniu pela primeira vez com Lula durante a passagem do petista por Bras\u00edlia na primeira quinzena de julho. A conversa foi mantida em sigilo.<\/p>\n\n\n\n<p>No dia 26, durante sabatina na GloboNews, o candidato do Avante revelou que se encontrou com Lula. No dia seguinte, a presidente do PT, Gleisi Hoffmann, ligou para o deputado e o convidou para um novo encontro com o ex-presidente. Depois disso, o deputado do Avante e o candidato do PT passaram a dialogar pelas redes sociais.<\/p>\n\n\n\n<p>No dia 28, Janones fez uma postagem no Twitter e no Facebook em que explicava que decidiu se lan\u00e7ar ao cargo para combater a inseguran\u00e7a alimentar e instituir um benef\u00edcio social permanente no Brasil, causa que Lula disse abra\u00e7ar tamb\u00e9m. \u201cFico feliz. Essa tamb\u00e9m \u00e9 a causa que me motiva na pol\u00edtica, estamos juntos nisso. Vamos conversar\u201d, comentou Lula na postagem.<\/p>\n\n\n\n<p>Na \u00faltima sexta-feira, o deputado disse que aceitava conversar com Lula . \u201cBolsonaro me bloqueou, Ciro n\u00e3o aceitou encontrar comigo, Tebet ignorou por completo minha exist\u00eancia, enquanto aquele que lidera as pesquisas pediu publicamente pra conversar comigo. Humildade e democracia andam lado a lado.Convite aceito. Vamos conversar @lulaoficial\u201d, postou.<\/p>\n\n\n\n<p>Com informa\u00e7\u00f5es do IG<\/p>\n","protected":false},"excerpt":{"rendered":"<p>O&nbsp;candidato do Avante \u00e0 Presid\u00eancia da Rep\u00fablica, Andr\u00e9 Janones&nbsp;, anunciou nesta quinta-feira que desistiu da disputa para apoiar o ex-presidente&nbsp;Luiz In\u00e1cio Lula da Silva (PT)&nbsp;. O an\u00fancio ocorreu ap\u00f3s um encontro o petista, em S\u00e3o Paulo. Janones, que \u00e9 deputado federal por Minas, j\u00e1 vinha sinalizando que abandonaria a corrida pelo Pal\u00e1cio do Planalto. Na [&hellip;]<\/p>\n","protected":false},"author":2,"featured_media":2657,"comment_status":"open","ping_status":"open","sticky":false,"template":"","format":"standard","meta":{"_monsterinsights_skip_tracking":false,"_monsterinsights_sitenote_active":false,"_monsterinsights_sitenote_note":"","_monsterinsights_sitenote_category":0,"footnotes":""},"categories":[34],"tags":[],"yoast_head":"<!-- This site is optimized with the Yoast SEO plugin v22.9 - https:\/\/yoast.com\/wordpress\/plugins\/seo\/ -->\n<title>Janones desiste da corrida presidencial e declara apoio a Lula - Portal MF<\/title>\n<meta name=\"robots\" content=\"index, follow, max-snippet:-1, max-image-preview:large, max-video-preview:-1\" \/>\n<link rel=\"canonical\" href=\"https:\/\/portalmf.com.br\/index.php\/2022\/08\/04\/janones-desiste-da-corrida-presidencial-e-declara-apoio-a-lula\/\" \/>\n<meta property=\"og:locale\" content=\"pt_BR\" \/>\n<meta property=\"og:type\" content=\"article\" \/>\n<meta property=\"og:title\" content=\"Janones desiste da corrida presidencial e declara apoio a Lula - Portal MF\" \/>\n<meta property=\"og:description\" content=\"O&nbsp;candidato do Avante \u00e0 Presid\u00eancia da Rep\u00fablica, Andr\u00e9 Janones&nbsp;, anunciou nesta quinta-feira que desistiu da disputa para apoiar o ex-presidente&nbsp;Luiz In\u00e1cio Lula da Silva (PT)&nbsp;. O an\u00fancio ocorreu ap\u00f3s um encontro o petista, em S\u00e3o Paulo. Janones, que \u00e9 deputado federal por Minas, j\u00e1 vinha sinalizando que abandonaria a corrida pelo Pal\u00e1cio do Planalto. Na [&hellip;]\" \/>\n<meta property=\"og:url\" content=\"https:\/\/portalmf.com.br\/index.php\/2022\/08\/04\/janones-desiste-da-corrida-presidencial-e-declara-apoio-a-lula\/\" \/>\n<meta property=\"og:site_name\" content=\"Portal MF\" \/>\n<meta property=\"article:author\" content=\"reginaldojrfsa\" \/>\n<meta property=\"article:published_time\" content=\"2022-08-04T20:49:44+00:00\" \/>\n<meta property=\"article:modified_time\" content=\"2022-08-04T20:49:45+00:00\" \/>\n<meta property=\"og:image\" content=\"https:\/\/portalmf.com.br\/wp-content\/uploads\/2022\/08\/whatsapp-image-2022-08-04-at-17.03.08.jpg\" \/>\n\t<meta property=\"og:image:width\" content=\"984\" \/>\n\t<meta property=\"og:image:height\" content=\"554\" \/>\n\t<meta property=\"og:image:type\" content=\"image\/jpeg\" \/>\n<meta name=\"author\" content=\"Reginaldo J\u00fanior\" \/>\n<meta name=\"twitter:card\" content=\"summary_large_image\" \/>\n<meta name=\"twitter:creator\" content=\"@reginaldojrmf\" \/>\n<meta name=\"twitter:label1\" content=\"Escrito por\" \/>\n\t<meta name=\"twitter:data1\" content=\"Reginaldo J\u00fanior\" \/>\n\t<meta name=\"twitter:label2\" content=\"Est. tempo de leitura\" \/>\n\t<meta name=\"twitter:data2\" content=\"2 minutos\" \/>\n<script type=\"application\/ld+json\" class=\"yoast-schema-graph\">{\"@context\":\"https:\/\/schema.org\",\"@graph\":[{\"@type\":\"WebPage\",\"@id\":\"https:\/\/portalmf.com.br\/index.php\/2022\/08\/04\/janones-desiste-da-corrida-presidencial-e-declara-apoio-a-lula\/\",\"url\":\"https:\/\/portalmf.com.br\/index.php\/2022\/08\/04\/janones-desiste-da-corrida-presidencial-e-declara-apoio-a-lula\/\",\"name\":\"Janones desiste da corrida presidencial e declara apoio a Lula - Portal MF\",\"isPartOf\":{\"@id\":\"https:\/\/portalmf.com.br\/#website\"},\"primaryImageOfPage\":{\"@id\":\"https:\/\/portalmf.com.br\/index.php\/2022\/08\/04\/janones-desiste-da-corrida-presidencial-e-declara-apoio-a-lula\/#primaryimage\"},\"image\":{\"@id\":\"https:\/\/portalmf.com.br\/index.php\/2022\/08\/04\/janones-desiste-da-corrida-presidencial-e-declara-apoio-a-lula\/#primaryimage\"},\"thumbnailUrl\":\"https:\/\/portalmf.com.br\/wp-content\/uploads\/2022\/08\/whatsapp-image-2022-08-04-at-17.03.08.jpg\",\"datePublished\":\"2022-08-04T20:49:44+00:00\",\"dateModified\":\"2022-08-04T20:49:45+00:00\",\"author\":{\"@id\":\"https:\/\/portalmf.com.br\/#\/schema\/person\/11c82086fe8abc05a19147e964587285\"},\"breadcrumb\":{\"@id\":\"https:\/\/portalmf.com.br\/index.php\/2022\/08\/04\/janones-desiste-da-corrida-presidencial-e-declara-apoio-a-lula\/#breadcrumb\"},\"inLanguage\":\"pt-BR\",\"potentialAction\":[{\"@type\":\"ReadAction\",\"target\":[\"https:\/\/portalmf.com.br\/index.php\/2022\/08\/04\/janones-desiste-da-corrida-presidencial-e-declara-apoio-a-lula\/\"]}]},{\"@type\":\"ImageObject\",\"inLanguage\":\"pt-BR\",\"@id\":\"https:\/\/portalmf.com.br\/index.php\/2022\/08\/04\/janones-desiste-da-corrida-presidencial-e-declara-apoio-a-lula\/#primaryimage\",\"url\":\"https:\/\/portalmf.com.br\/wp-content\/uploads\/2022\/08\/whatsapp-image-2022-08-04-at-17.03.08.jpg\",\"contentUrl\":\"https:\/\/portalmf.com.br\/wp-content\/uploads\/2022\/08\/whatsapp-image-2022-08-04-at-17.03.08.jpg\",\"width\":984,\"height\":554},{\"@type\":\"BreadcrumbList\",\"@id\":\"https:\/\/portalmf.com.br\/index.php\/2022\/08\/04\/janones-desiste-da-corrida-presidencial-e-declara-apoio-a-lula\/#breadcrumb\",\"itemListElement\":[{\"@type\":\"ListItem\",\"position\":1,\"name\":\"In\u00edcio\",\"item\":\"https:\/\/portalmf.com.br\/\"},{\"@type\":\"ListItem\",\"position\":2,\"name\":\"Janones desiste da corrida presidencial e declara apoio a Lula\"}]},{\"@type\":\"WebSite\",\"@id\":\"https:\/\/portalmf.com.br\/#website\",\"url\":\"https:\/\/portalmf.com.br\/\",\"name\":\"Portal MF\",\"description\":\"Voc\u00ea conectado com a informa\u00e7\u00e3o\",\"potentialAction\":[{\"@type\":\"SearchAction\",\"target\":{\"@type\":\"EntryPoint\",\"urlTemplate\":\"https:\/\/portalmf.com.br\/?s={search_term_string}\"},\"query-input\":\"required name=search_term_string\"}],\"inLanguage\":\"pt-BR\"},{\"@type\":\"Person\",\"@id\":\"https:\/\/portalmf.com.br\/#\/schema\/person\/11c82086fe8abc05a19147e964587285\",\"name\":\"Reginaldo J\u00fanior\",\"image\":{\"@type\":\"ImageObject\",\"inLanguage\":\"pt-BR\",\"@id\":\"https:\/\/portalmf.com.br\/#\/schema\/person\/image\/\",\"url\":\"https:\/\/secure.gravatar.com\/avatar\/32a3c797cd0ac47cc53b8644c62776f9?s=96&d=mm&r=g\",\"contentUrl\":\"https:\/\/secure.gravatar.com\/avatar\/32a3c797cd0ac47cc53b8644c62776f9?s=96&d=mm&r=g\",\"caption\":\"Reginaldo J\u00fanior\"},\"description\":\"Jornalista e idealizador Portal MF\",\"sameAs\":[\"https:\/\/portalmf.com.br\/index.php\/author\/reginaldojr\/\",\"reginaldojrfsa\",\"reginaldojuniormf\",\"https:\/\/x.com\/reginaldojrmf\"],\"url\":\"https:\/\/portalmf.com.br\/index.php\/author\/reginaldojr\/\"}]}<\/script>\n<!-- \/ Yoast SEO plugin. -->","yoast_head_json":{"title":"Janones desiste da corrida presidencial e declara apoio a Lula - Portal MF","robots":{"index":"index","follow":"follow","max-snippet":"max-snippet:-1","max-image-preview":"max-image-preview:large","max-video-preview":"max-video-preview:-1"},"canonical":"https:\/\/portalmf.com.br\/index.php\/2022\/08\/04\/janones-desiste-da-corrida-presidencial-e-declara-apoio-a-lula\/","og_locale":"pt_BR","og_type":"article","og_title":"Janones desiste da corrida presidencial e declara apoio a Lula - Portal MF","og_description":"O&nbsp;candidato do Avante \u00e0 Presid\u00eancia da Rep\u00fablica, Andr\u00e9 Janones&nbsp;, anunciou nesta quinta-feira que desistiu da disputa para apoiar o ex-presidente&nbsp;Luiz In\u00e1cio Lula da Silva (PT)&nbsp;. O an\u00fancio ocorreu ap\u00f3s um encontro o petista, em S\u00e3o Paulo. Janones, que \u00e9 deputado federal por Minas, j\u00e1 vinha sinalizando que abandonaria a corrida pelo Pal\u00e1cio do Planalto. Na [&hellip;]","og_url":"https:\/\/portalmf.com.br\/index.php\/2022\/08\/04\/janones-desiste-da-corrida-presidencial-e-declara-apoio-a-lula\/","og_site_name":"Portal MF","article_author":"reginaldojrfsa","article_published_time":"2022-08-04T20:49:44+00:00","article_modified_time":"2022-08-04T20:49:45+00:00","og_image":[{"width":984,"height":554,"url":"https:\/\/portalmf.com.br\/wp-content\/uploads\/2022\/08\/whatsapp-image-2022-08-04-at-17.03.08.jpg","type":"image\/jpeg"}],"author":"Reginaldo J\u00fanior","twitter_card":"summary_large_image","twitter_creator":"@reginaldojrmf","twitter_misc":{"Escrito por":"Reginaldo J\u00fanior","Est. tempo de leitura":"2 minutos"},"schema":{"@context":"https:\/\/schema.org","@graph":[{"@type":"WebPage","@id":"https:\/\/portalmf.com.br\/index.php\/2022\/08\/04\/janones-desiste-da-corrida-presidencial-e-declara-apoio-a-lula\/","url":"https:\/\/portalmf.com.br\/index.php\/2022\/08\/04\/janones-desiste-da-corrida-presidencial-e-declara-apoio-a-lula\/","name":"Janones desiste da corrida presidencial e declara apoio a Lula - Portal MF","isPartOf":{"@id":"https:\/\/portalmf.com.br\/#website"},"primaryImageOfPage":{"@id":"https:\/\/portalmf.com.br\/index.php\/2022\/08\/04\/janones-desiste-da-corrida-presidencial-e-declara-apoio-a-lula\/#primaryimage"},"image":{"@id":"https:\/\/portalmf.com.br\/index.php\/2022\/08\/04\/janones-desiste-da-corrida-presidencial-e-declara-apoio-a-lula\/#primaryimage"},"thumbnailUrl":"https:\/\/portalmf.com.br\/wp-content\/uploads\/2022\/08\/whatsapp-image-2022-08-04-at-17.03.08.jpg","datePublished":"2022-08-04T20:49:44+00:00","dateModified":"2022-08-04T20:49:45+00:00","author":{"@id":"https:\/\/portalmf.com.br\/#\/schema\/person\/11c82086fe8abc05a19147e964587285"},"breadcrumb":{"@id":"https:\/\/portalmf.com.br\/index.php\/2022\/08\/04\/janones-desiste-da-corrida-presidencial-e-declara-apoio-a-lula\/#breadcrumb"},"inLanguage":"pt-BR","potentialAction":[{"@type":"ReadAction","target":["https:\/\/portalmf.com.br\/index.php\/2022\/08\/04\/janones-desiste-da-corrida-presidencial-e-declara-apoio-a-lula\/"]}]},{"@type":"ImageObject","inLanguage":"pt-BR","@id":"https:\/\/portalmf.com.br\/index.php\/2022\/08\/04\/janones-desiste-da-corrida-presidencial-e-declara-apoio-a-lula\/#primaryimage","url":"https:\/\/portalmf.com.br\/wp-content\/uploads\/2022\/08\/whatsapp-image-2022-08-04-at-17.03.08.jpg","contentUrl":"https:\/\/portalmf.com.br\/wp-content\/uploads\/2022\/08\/whatsapp-image-2022-08-04-at-17.03.08.jpg","width":984,"height":554},{"@type":"BreadcrumbList","@id":"https:\/\/portalmf.com.br\/index.php\/2022\/08\/04\/janones-desiste-da-corrida-presidencial-e-declara-apoio-a-lula\/#breadcrumb","itemListElement":[{"@type":"ListItem","position":1,"name":"In\u00edcio","item":"https:\/\/portalmf.com.br\/"},{"@type":"ListItem","position":2,"name":"Janones desiste da corrida presidencial e declara apoio a Lula"}]},{"@type":"WebSite","@id":"https:\/\/portalmf.com.br\/#website","url":"https:\/\/portalmf.com.br\/","name":"Portal MF","description":"Voc\u00ea conectado com a informa\u00e7\u00e3o","potentialAction":[{"@type":"SearchAction","target":{"@type":"EntryPoint","urlTemplate":"https:\/\/portalmf.com.br\/?s={search_term_string}"},"query-input":"required name=search_term_string"}],"inLanguage":"pt-BR"},{"@type":"Person","@id":"https:\/\/portalmf.com.br\/#\/schema\/person\/11c82086fe8abc05a19147e964587285","name":"Reginaldo J\u00fanior","image":{"@type":"ImageObject","inLanguage":"pt-BR","@id":"https:\/\/portalmf.com.br\/#\/schema\/person\/image\/","url":"https:\/\/secure.gravatar.com\/avatar\/32a3c797cd0ac47cc53b8644c62776f9?s=96&d=mm&r=g","contentUrl":"https:\/\/secure.gravatar.com\/avatar\/32a3c797cd0ac47cc53b8644c62776f9?s=96&d=mm&r=g","caption":"Reginaldo J\u00fanior"},"description":"Jornalista e idealizador Portal MF","sameAs":["https:\/\/portalmf.com.br\/index.php\/author\/reginaldojr\/","reginaldojrfsa","reginaldojuniormf","https:\/\/x.com\/reginaldojrmf"],"url":"https:\/\/portalmf.com.br\/index.php\/author\/reginaldojr\/"}]}},"_links":{"self":[{"href":"https:\/\/portalmf.com.br\/index.php\/wp-json\/wp\/v2\/posts\/2656"}],"collection":[{"href":"https:\/\/portalmf.com.br\/index.php\/wp-json\/wp\/v2\/posts"}],"about":[{"href":"https:\/\/portalmf.com.br\/index.php\/wp-json\/wp\/v2\/types\/post"}],"author":[{"embeddable":true,"href":"https:\/\/portalmf.com.br\/index.php\/wp-json\/wp\/v2\/users\/2"}],"replies":[{"embeddable":true,"href":"https:\/\/portalmf.com.br\/index.php\/wp-json\/wp\/v2\/comments?post=2656"}],"version-history":[{"count":1,"href":"https:\/\/portalmf.com.br\/index.php\/wp-json\/wp\/v2\/posts\/2656\/revisions"}],"predecessor-version":[{"id":2658,"href":"https:\/\/portalmf.com.br\/index.php\/wp-json\/wp\/v2\/posts\/2656\/revisions\/2658"}],"wp:featuredmedia":[{"embeddable":true,"href":"https:\/\/portalmf.com.br\/index.php\/wp-json\/wp\/v2\/media\/2657"}],"wp:attachment":[{"href":"https:\/\/portalmf.com.br\/index.php\/wp-json\/wp\/v2\/media?parent=2656"}],"wp:term":[{"taxonomy":"category","embeddable":true,"href":"https:\/\/portalmf.com.br\/index.php\/wp-json\/wp\/v2\/categories?post=2656"},{"taxonomy":"post_tag","embeddable":true,"href":"https:\/\/portalmf.com.br\/index.php\/wp-json\/wp\/v2\/tags?post=2656"}],"curies":[{"name":"wp","href":"https:\/\/api.w.org\/{rel}","templated":true}]}}