{"id":2653,"date":"2022-08-04T17:44:33","date_gmt":"2022-08-04T20:44:33","guid":{"rendered":"http:\/\/portalmf.com.br\/?p=2653"},"modified":"2022-08-05T12:29:37","modified_gmt":"2022-08-05T15:29:37","slug":"acm-neto-anuncia-ana-coelho-do-republicanos-como-pre-candidata-a-vice-governadora","status":"publish","type":"post","link":"https:\/\/portalmf.com.br\/index.php\/2022\/08\/04\/acm-neto-anuncia-ana-coelho-do-republicanos-como-pre-candidata-a-vice-governadora\/","title":{"rendered":"ACM Neto anuncia Ana Coelho, do Republicanos, como pr\u00e9-candidata a vice-governadora"},"content":{"rendered":"\n<p>O pr\u00e9-candidato a governador ACM Neto (Uni\u00e3o Brasil) anunciou na tarde desta quinta-feira (04) a composi\u00e7\u00e3o final da sua chapa majorit\u00e1ria para as elei\u00e7\u00f5es deste ano. A empres\u00e1ria Ana Coelho, filiada ao Republicanos, ser\u00e1 a pr\u00e9-candidata a vice-governadora. Neto afirmou que Ana chega com a for\u00e7a da representatividade feminina, e que a forma\u00e7\u00e3o apresentada pela chapa de sua campanha est\u00e1 pronta para quebrar paradigmas.<\/p>\n\n\n\n<p>&#8220;Nesses \u00faltimos meses todos acompanharam que muitas foram as conversas com os partidos que integram a nossa alian\u00e7a. Ouvimos as nossas bancadas e conciliamos tudo isso com um perfil que pudesse atender \u00e0s expectativa que as pessoas t\u00eam em rela\u00e7\u00e3o ao nosso projeto\u201d, explicou.<\/p>\n\n\n\n<p>\u201cMuitos me viram falar que a nossa pr\u00e9-campanha tem sido marcada por uma presen\u00e7a muito forte das mulheres. Elas t\u00eam ido \u00e0s ruas, se manifestado e levantado sua voz. As mulheres t\u00eam uma sensibilidade, principalmente, para enxergar o momento de mudan\u00e7a. Trazem uma esperan\u00e7a de um futuro melhor, de sonhar, e tudo isso se materializa no desejo de mudan\u00e7a, de um futuro melhor para a Bahia\u201d, pontuou. <em>\u201cE eu j\u00e1 vinha dizendo que as mulheres teriam um lugar de grande destaque no nosso governo caso eu seja eleito em outubro deste ano\u201d<\/em>, acrescentou o pr\u00e9-candidato.<\/p>\n\n\n\n<p>Neto ponderou que, nesse momento, o an\u00fancio de uma pr\u00e9-candidata ao Governo da Bahia se traduz como um chamado para que as mulheres ajudem a pensar o futuro do estado.<\/p>\n\n\n\n<p><em>\u201cEsse \u00e9 um reconhecimento da import\u00e2ncia da presen\u00e7a das mulheres na pol\u00edtica, e um chamado para que elas nos ajudem a pensar nessa Bahia que queremos para o nosso futuro.\u201d, <\/em>destacou. <em>\u201cAna poder\u00e1 ser a primeira vice-governadora do estado da Bahia. Com nossa chapa, estamos quebrando paradigmas e garantindo o peso e a import\u00e2ncia da representa\u00e7\u00e3o das mulheres na pol\u00edtica baiana&#8221;,<\/em> salientou ACM Neto ao apresentar Ana Coelho em coletiva de imprensa.<\/p>\n\n\n\n<p><em>\u201cIsso \u00e9 algo que sempre esteve nos meus planos, a possibilidade de apresentar para a Bahia uma chapa forte, que re\u00fane densidade pol\u00edtico eleitoral, mas tamb\u00e9m atende \u00e0 expectativa dos baianos. A capacidade de olhar para o futuro e projetar uma Bahia melhor para toda a popula\u00e7\u00e3o\u201d,<\/em> enfatizou.<\/p>\n\n\n\n<p>Ana Coelho ressaltou que se sente honrada com a oportunidade, e disse estar preparada para enfrentar a miss\u00e3o que avaliou como uma das maiores de sua vida.<\/p>\n\n\n\n<p>\u201cEssa escolha foi uma surpresa, e eu me sinto muito honrada com a decis\u00e3o. Aqui eu me sinto em casa. Estou feliz e espero poder contribuir com esse projeto t\u00e3o importante para o futuro da Bahia. Estou aqui para agregar. Entendo a import\u00e2ncia dessa representatividade feminina e estou pronta para somar. A gente est\u00e1 fazendo isso por uma Bahia melhor. Cada um de n\u00f3s tem que se doar um pouco&#8221;, apontou.<\/p>\n\n\n\n<p><em>\u201c\u00c9 um momento muito emocionante. Vou estar aqui de corpo e alma, me doando. A partir de agora, meu estudo e minha dedica\u00e7\u00e3o estar\u00e3o voltados para o futuro da Bahia\u201d<\/em>, completou a pr\u00e9-candidata a vice-governadora.<\/p>\n\n\n\n<p><strong>Ana Coelho<\/strong><\/p>\n\n\n\n<p>A pr\u00e9-candidata a vice-governadora \u00e9 publicit\u00e1ria, empreendedora, gestora, m\u00e3e de tr\u00eas filhos e foi a primeira mulher a assumir a Presid\u00eancia da Associa\u00e7\u00e3o Baiana do Mercado Publicit\u00e1rio (ABMP). CEO do Grupo Aratu, afiliada ao SBT na Bahia, criou e fundou o Scream \u2013 Salvador Creativity and Media Festival, maior evento de criatividade e m\u00eddia do Nordeste. Fundadora e conselheira da Associa\u00e7\u00e3o de Jovens Empreendedores da Bahia, Ana Coelho \u00e9 especialista em lideran\u00e7a pela Stanford Business School, e, hoje, tamb\u00e9m ocupa a vice-presid\u00eancia da Associa\u00e7\u00e3o Comercial da Bahia. Ela \u00e9 casada com o deputado estadual Tiago Correia (PSDB).<\/p>\n","protected":false},"excerpt":{"rendered":"<p>O pr\u00e9-candidato a governador ACM Neto (Uni\u00e3o Brasil) anunciou na tarde desta quinta-feira (04) a composi\u00e7\u00e3o final da sua chapa majorit\u00e1ria para as elei\u00e7\u00f5es deste ano. A empres\u00e1ria Ana Coelho, filiada ao Republicanos, ser\u00e1 a pr\u00e9-candidata a vice-governadora. Neto afirmou que Ana chega com a for\u00e7a da representatividade feminina, e que a forma\u00e7\u00e3o apresentada pela [&hellip;]<\/p>\n","protected":false},"author":2,"featured_media":2671,"comment_status":"open","ping_status":"open","sticky":false,"template":"","format":"standard","meta":{"_monsterinsights_skip_tracking":false,"_monsterinsights_sitenote_active":false,"_monsterinsights_sitenote_note":"","_monsterinsights_sitenote_category":0,"footnotes":""},"categories":[34],"tags":[],"yoast_head":"<!-- This site is optimized with the Yoast SEO plugin v22.9 - https:\/\/yoast.com\/wordpress\/plugins\/seo\/ -->\n<title>ACM Neto anuncia Ana Coelho, do Republicanos, como pr\u00e9-candidata a vice-governadora - Portal MF<\/title>\n<meta name=\"robots\" content=\"index, follow, max-snippet:-1, max-image-preview:large, max-video-preview:-1\" \/>\n<link rel=\"canonical\" href=\"https:\/\/portalmf.com.br\/index.php\/2022\/08\/04\/acm-neto-anuncia-ana-coelho-do-republicanos-como-pre-candidata-a-vice-governadora\/\" \/>\n<meta property=\"og:locale\" content=\"pt_BR\" \/>\n<meta property=\"og:type\" content=\"article\" \/>\n<meta property=\"og:title\" content=\"ACM Neto anuncia Ana Coelho, do Republicanos, como pr\u00e9-candidata a vice-governadora - Portal MF\" \/>\n<meta property=\"og:description\" content=\"O pr\u00e9-candidato a governador ACM Neto (Uni\u00e3o Brasil) anunciou na tarde desta quinta-feira (04) a composi\u00e7\u00e3o final da sua chapa majorit\u00e1ria para as elei\u00e7\u00f5es deste ano. A empres\u00e1ria Ana Coelho, filiada ao Republicanos, ser\u00e1 a pr\u00e9-candidata a vice-governadora. Neto afirmou que Ana chega com a for\u00e7a da representatividade feminina, e que a forma\u00e7\u00e3o apresentada pela [&hellip;]\" \/>\n<meta property=\"og:url\" content=\"https:\/\/portalmf.com.br\/index.php\/2022\/08\/04\/acm-neto-anuncia-ana-coelho-do-republicanos-como-pre-candidata-a-vice-governadora\/\" \/>\n<meta property=\"og:site_name\" content=\"Portal MF\" \/>\n<meta property=\"article:author\" content=\"reginaldojrfsa\" \/>\n<meta property=\"article:published_time\" content=\"2022-08-04T20:44:33+00:00\" \/>\n<meta property=\"article:modified_time\" content=\"2022-08-05T15:29:37+00:00\" \/>\n<meta property=\"og:image\" content=\"https:\/\/portalmf.com.br\/wp-content\/uploads\/2022\/08\/WhatsApp-Image-2022-08-04-at-20.17.27.jpeg\" \/>\n\t<meta property=\"og:image:width\" content=\"1280\" \/>\n\t<meta property=\"og:image:height\" content=\"852\" \/>\n\t<meta property=\"og:image:type\" content=\"image\/jpeg\" \/>\n<meta name=\"author\" content=\"Reginaldo J\u00fanior\" \/>\n<meta name=\"twitter:card\" content=\"summary_large_image\" \/>\n<meta name=\"twitter:creator\" content=\"@reginaldojrmf\" \/>\n<meta name=\"twitter:label1\" content=\"Escrito por\" \/>\n\t<meta name=\"twitter:data1\" content=\"Reginaldo J\u00fanior\" \/>\n\t<meta name=\"twitter:label2\" content=\"Est. tempo de leitura\" \/>\n\t<meta name=\"twitter:data2\" content=\"3 minutos\" \/>\n<script type=\"application\/ld+json\" class=\"yoast-schema-graph\">{\"@context\":\"https:\/\/schema.org\",\"@graph\":[{\"@type\":\"WebPage\",\"@id\":\"https:\/\/portalmf.com.br\/index.php\/2022\/08\/04\/acm-neto-anuncia-ana-coelho-do-republicanos-como-pre-candidata-a-vice-governadora\/\",\"url\":\"https:\/\/portalmf.com.br\/index.php\/2022\/08\/04\/acm-neto-anuncia-ana-coelho-do-republicanos-como-pre-candidata-a-vice-governadora\/\",\"name\":\"ACM Neto anuncia Ana Coelho, do Republicanos, como pr\u00e9-candidata a vice-governadora - Portal MF\",\"isPartOf\":{\"@id\":\"https:\/\/portalmf.com.br\/#website\"},\"primaryImageOfPage\":{\"@id\":\"https:\/\/portalmf.com.br\/index.php\/2022\/08\/04\/acm-neto-anuncia-ana-coelho-do-republicanos-como-pre-candidata-a-vice-governadora\/#primaryimage\"},\"image\":{\"@id\":\"https:\/\/portalmf.com.br\/index.php\/2022\/08\/04\/acm-neto-anuncia-ana-coelho-do-republicanos-como-pre-candidata-a-vice-governadora\/#primaryimage\"},\"thumbnailUrl\":\"https:\/\/portalmf.com.br\/wp-content\/uploads\/2022\/08\/WhatsApp-Image-2022-08-04-at-20.17.27.jpeg\",\"datePublished\":\"2022-08-04T20:44:33+00:00\",\"dateModified\":\"2022-08-05T15:29:37+00:00\",\"author\":{\"@id\":\"https:\/\/portalmf.com.br\/#\/schema\/person\/11c82086fe8abc05a19147e964587285\"},\"breadcrumb\":{\"@id\":\"https:\/\/portalmf.com.br\/index.php\/2022\/08\/04\/acm-neto-anuncia-ana-coelho-do-republicanos-como-pre-candidata-a-vice-governadora\/#breadcrumb\"},\"inLanguage\":\"pt-BR\",\"potentialAction\":[{\"@type\":\"ReadAction\",\"target\":[\"https:\/\/portalmf.com.br\/index.php\/2022\/08\/04\/acm-neto-anuncia-ana-coelho-do-republicanos-como-pre-candidata-a-vice-governadora\/\"]}]},{\"@type\":\"ImageObject\",\"inLanguage\":\"pt-BR\",\"@id\":\"https:\/\/portalmf.com.br\/index.php\/2022\/08\/04\/acm-neto-anuncia-ana-coelho-do-republicanos-como-pre-candidata-a-vice-governadora\/#primaryimage\",\"url\":\"https:\/\/portalmf.com.br\/wp-content\/uploads\/2022\/08\/WhatsApp-Image-2022-08-04-at-20.17.27.jpeg\",\"contentUrl\":\"https:\/\/portalmf.com.br\/wp-content\/uploads\/2022\/08\/WhatsApp-Image-2022-08-04-at-20.17.27.jpeg\",\"width\":1280,\"height\":852},{\"@type\":\"BreadcrumbList\",\"@id\":\"https:\/\/portalmf.com.br\/index.php\/2022\/08\/04\/acm-neto-anuncia-ana-coelho-do-republicanos-como-pre-candidata-a-vice-governadora\/#breadcrumb\",\"itemListElement\":[{\"@type\":\"ListItem\",\"position\":1,\"name\":\"In\u00edcio\",\"item\":\"https:\/\/portalmf.com.br\/\"},{\"@type\":\"ListItem\",\"position\":2,\"name\":\"ACM Neto anuncia Ana Coelho, do Republicanos, como pr\u00e9-candidata a vice-governadora\"}]},{\"@type\":\"WebSite\",\"@id\":\"https:\/\/portalmf.com.br\/#website\",\"url\":\"https:\/\/portalmf.com.br\/\",\"name\":\"Portal MF\",\"description\":\"Voc\u00ea conectado com a informa\u00e7\u00e3o\",\"potentialAction\":[{\"@type\":\"SearchAction\",\"target\":{\"@type\":\"EntryPoint\",\"urlTemplate\":\"https:\/\/portalmf.com.br\/?s={search_term_string}\"},\"query-input\":\"required name=search_term_string\"}],\"inLanguage\":\"pt-BR\"},{\"@type\":\"Person\",\"@id\":\"https:\/\/portalmf.com.br\/#\/schema\/person\/11c82086fe8abc05a19147e964587285\",\"name\":\"Reginaldo J\u00fanior\",\"image\":{\"@type\":\"ImageObject\",\"inLanguage\":\"pt-BR\",\"@id\":\"https:\/\/portalmf.com.br\/#\/schema\/person\/image\/\",\"url\":\"https:\/\/secure.gravatar.com\/avatar\/32a3c797cd0ac47cc53b8644c62776f9?s=96&d=mm&r=g\",\"contentUrl\":\"https:\/\/secure.gravatar.com\/avatar\/32a3c797cd0ac47cc53b8644c62776f9?s=96&d=mm&r=g\",\"caption\":\"Reginaldo J\u00fanior\"},\"description\":\"Jornalista e idealizador Portal MF\",\"sameAs\":[\"https:\/\/portalmf.com.br\/index.php\/author\/reginaldojr\/\",\"reginaldojrfsa\",\"reginaldojuniormf\",\"https:\/\/x.com\/reginaldojrmf\"],\"url\":\"https:\/\/portalmf.com.br\/index.php\/author\/reginaldojr\/\"}]}<\/script>\n<!-- \/ Yoast SEO plugin. -->","yoast_head_json":{"title":"ACM Neto anuncia Ana Coelho, do Republicanos, como pr\u00e9-candidata a vice-governadora - Portal MF","robots":{"index":"index","follow":"follow","max-snippet":"max-snippet:-1","max-image-preview":"max-image-preview:large","max-video-preview":"max-video-preview:-1"},"canonical":"https:\/\/portalmf.com.br\/index.php\/2022\/08\/04\/acm-neto-anuncia-ana-coelho-do-republicanos-como-pre-candidata-a-vice-governadora\/","og_locale":"pt_BR","og_type":"article","og_title":"ACM Neto anuncia Ana Coelho, do Republicanos, como pr\u00e9-candidata a vice-governadora - Portal MF","og_description":"O pr\u00e9-candidato a governador ACM Neto (Uni\u00e3o Brasil) anunciou na tarde desta quinta-feira (04) a composi\u00e7\u00e3o final da sua chapa majorit\u00e1ria para as elei\u00e7\u00f5es deste ano. A empres\u00e1ria Ana Coelho, filiada ao Republicanos, ser\u00e1 a pr\u00e9-candidata a vice-governadora. Neto afirmou que Ana chega com a for\u00e7a da representatividade feminina, e que a forma\u00e7\u00e3o apresentada pela [&hellip;]","og_url":"https:\/\/portalmf.com.br\/index.php\/2022\/08\/04\/acm-neto-anuncia-ana-coelho-do-republicanos-como-pre-candidata-a-vice-governadora\/","og_site_name":"Portal MF","article_author":"reginaldojrfsa","article_published_time":"2022-08-04T20:44:33+00:00","article_modified_time":"2022-08-05T15:29:37+00:00","og_image":[{"width":1280,"height":852,"url":"https:\/\/portalmf.com.br\/wp-content\/uploads\/2022\/08\/WhatsApp-Image-2022-08-04-at-20.17.27.jpeg","type":"image\/jpeg"}],"author":"Reginaldo J\u00fanior","twitter_card":"summary_large_image","twitter_creator":"@reginaldojrmf","twitter_misc":{"Escrito por":"Reginaldo J\u00fanior","Est. tempo de leitura":"3 minutos"},"schema":{"@context":"https:\/\/schema.org","@graph":[{"@type":"WebPage","@id":"https:\/\/portalmf.com.br\/index.php\/2022\/08\/04\/acm-neto-anuncia-ana-coelho-do-republicanos-como-pre-candidata-a-vice-governadora\/","url":"https:\/\/portalmf.com.br\/index.php\/2022\/08\/04\/acm-neto-anuncia-ana-coelho-do-republicanos-como-pre-candidata-a-vice-governadora\/","name":"ACM Neto anuncia Ana Coelho, do Republicanos, como pr\u00e9-candidata a vice-governadora - Portal MF","isPartOf":{"@id":"https:\/\/portalmf.com.br\/#website"},"primaryImageOfPage":{"@id":"https:\/\/portalmf.com.br\/index.php\/2022\/08\/04\/acm-neto-anuncia-ana-coelho-do-republicanos-como-pre-candidata-a-vice-governadora\/#primaryimage"},"image":{"@id":"https:\/\/portalmf.com.br\/index.php\/2022\/08\/04\/acm-neto-anuncia-ana-coelho-do-republicanos-como-pre-candidata-a-vice-governadora\/#primaryimage"},"thumbnailUrl":"https:\/\/portalmf.com.br\/wp-content\/uploads\/2022\/08\/WhatsApp-Image-2022-08-04-at-20.17.27.jpeg","datePublished":"2022-08-04T20:44:33+00:00","dateModified":"2022-08-05T15:29:37+00:00","author":{"@id":"https:\/\/portalmf.com.br\/#\/schema\/person\/11c82086fe8abc05a19147e964587285"},"breadcrumb":{"@id":"https:\/\/portalmf.com.br\/index.php\/2022\/08\/04\/acm-neto-anuncia-ana-coelho-do-republicanos-como-pre-candidata-a-vice-governadora\/#breadcrumb"},"inLanguage":"pt-BR","potentialAction":[{"@type":"ReadAction","target":["https:\/\/portalmf.com.br\/index.php\/2022\/08\/04\/acm-neto-anuncia-ana-coelho-do-republicanos-como-pre-candidata-a-vice-governadora\/"]}]},{"@type":"ImageObject","inLanguage":"pt-BR","@id":"https:\/\/portalmf.com.br\/index.php\/2022\/08\/04\/acm-neto-anuncia-ana-coelho-do-republicanos-como-pre-candidata-a-vice-governadora\/#primaryimage","url":"https:\/\/portalmf.com.br\/wp-content\/uploads\/2022\/08\/WhatsApp-Image-2022-08-04-at-20.17.27.jpeg","contentUrl":"https:\/\/portalmf.com.br\/wp-content\/uploads\/2022\/08\/WhatsApp-Image-2022-08-04-at-20.17.27.jpeg","width":1280,"height":852},{"@type":"BreadcrumbList","@id":"https:\/\/portalmf.com.br\/index.php\/2022\/08\/04\/acm-neto-anuncia-ana-coelho-do-republicanos-como-pre-candidata-a-vice-governadora\/#breadcrumb","itemListElement":[{"@type":"ListItem","position":1,"name":"In\u00edcio","item":"https:\/\/portalmf.com.br\/"},{"@type":"ListItem","position":2,"name":"ACM Neto anuncia Ana Coelho, do Republicanos, como pr\u00e9-candidata a vice-governadora"}]},{"@type":"WebSite","@id":"https:\/\/portalmf.com.br\/#website","url":"https:\/\/portalmf.com.br\/","name":"Portal MF","description":"Voc\u00ea conectado com a informa\u00e7\u00e3o","potentialAction":[{"@type":"SearchAction","target":{"@type":"EntryPoint","urlTemplate":"https:\/\/portalmf.com.br\/?s={search_term_string}"},"query-input":"required name=search_term_string"}],"inLanguage":"pt-BR"},{"@type":"Person","@id":"https:\/\/portalmf.com.br\/#\/schema\/person\/11c82086fe8abc05a19147e964587285","name":"Reginaldo J\u00fanior","image":{"@type":"ImageObject","inLanguage":"pt-BR","@id":"https:\/\/portalmf.com.br\/#\/schema\/person\/image\/","url":"https:\/\/secure.gravatar.com\/avatar\/32a3c797cd0ac47cc53b8644c62776f9?s=96&d=mm&r=g","contentUrl":"https:\/\/secure.gravatar.com\/avatar\/32a3c797cd0ac47cc53b8644c62776f9?s=96&d=mm&r=g","caption":"Reginaldo J\u00fanior"},"description":"Jornalista e idealizador Portal MF","sameAs":["https:\/\/portalmf.com.br\/index.php\/author\/reginaldojr\/","reginaldojrfsa","reginaldojuniormf","https:\/\/x.com\/reginaldojrmf"],"url":"https:\/\/portalmf.com.br\/index.php\/author\/reginaldojr\/"}]}},"_links":{"self":[{"href":"https:\/\/portalmf.com.br\/index.php\/wp-json\/wp\/v2\/posts\/2653"}],"collection":[{"href":"https:\/\/portalmf.com.br\/index.php\/wp-json\/wp\/v2\/posts"}],"about":[{"href":"https:\/\/portalmf.com.br\/index.php\/wp-json\/wp\/v2\/types\/post"}],"author":[{"embeddable":true,"href":"https:\/\/portalmf.com.br\/index.php\/wp-json\/wp\/v2\/users\/2"}],"replies":[{"embeddable":true,"href":"https:\/\/portalmf.com.br\/index.php\/wp-json\/wp\/v2\/comments?post=2653"}],"version-history":[{"count":2,"href":"https:\/\/portalmf.com.br\/index.php\/wp-json\/wp\/v2\/posts\/2653\/revisions"}],"predecessor-version":[{"id":2672,"href":"https:\/\/portalmf.com.br\/index.php\/wp-json\/wp\/v2\/posts\/2653\/revisions\/2672"}],"wp:featuredmedia":[{"embeddable":true,"href":"https:\/\/portalmf.com.br\/index.php\/wp-json\/wp\/v2\/media\/2671"}],"wp:attachment":[{"href":"https:\/\/portalmf.com.br\/index.php\/wp-json\/wp\/v2\/media?parent=2653"}],"wp:term":[{"taxonomy":"category","embeddable":true,"href":"https:\/\/portalmf.com.br\/index.php\/wp-json\/wp\/v2\/categories?post=2653"},{"taxonomy":"post_tag","embeddable":true,"href":"https:\/\/portalmf.com.br\/index.php\/wp-json\/wp\/v2\/tags?post=2653"}],"curies":[{"name":"wp","href":"https:\/\/api.w.org\/{rel}","templated":true}]}}