{"id":26499,"date":"2024-05-22T10:47:00","date_gmt":"2024-05-22T13:47:00","guid":{"rendered":"https:\/\/portalmf.com.br\/?p=26499"},"modified":"2024-05-22T16:50:44","modified_gmt":"2024-05-22T19:50:44","slug":"albino-brandao-lanca-pre-candidatura-a-vereador-em-feira-de-santana","status":"publish","type":"post","link":"https:\/\/portalmf.com.br\/index.php\/2024\/05\/22\/albino-brandao-lanca-pre-candidatura-a-vereador-em-feira-de-santana\/","title":{"rendered":"Albino Brand\u00e3o lan\u00e7a pr\u00e9-candidatura a vereador em Feira de Santana"},"content":{"rendered":"\n<p>No pr\u00f3ximo dia 28 de maio, o Teatro da C\u00e2mara de Dirigentes Lojistas (CDL) ser\u00e1 palco do lan\u00e7amento da pr\u00e9-candidatura a vereador de Albino Brand\u00e3o, jovem advogado e empres\u00e1rio engajado em causas sociais, al\u00e9m de um grande entusiasta do cen\u00e1rio cultural e esportivo em Feira de Santana. Aos 29 anos, Albino encara o desafio com otimismo, vendo esta decis\u00e3o como uma oportunidade de trazer uma nova perspectiva para a pol\u00edtica local.<\/p>\n\n\n\n<p>Com um olhar voltado para o futuro, Albino sente-se respons\u00e1vel por representar sua gera\u00e7\u00e3o e contribuir para a renova\u00e7\u00e3o do cen\u00e1rio pol\u00edtico em Feira de Santana. <\/p>\n\n\n\n<p><em>\u201cLan\u00e7o meu nome motivado pela vontade de construir um futuro mais promissor para a minha cidade, que merece aten\u00e7\u00e3o e cuidado por parte dos governantes\u201d, afirma o pr\u00e9-candidato, que complementa: \u201cSer\u00e1 um momento significativo onde a comunidade poder\u00e1 conhecer sobre meu compromisso para transformar Feira de Santana numa cidade melhor e mais inclusiva\u201d,<\/em> conclui o advogado.<\/p>\n\n\n\n<p>Atual presidente do PSDB em Feira de Santana, Albino disputar\u00e1 o pleito para vereador na chapa comandada pelo deputado estadual, Pablo Roberto, pela federa\u00e7\u00e3o PSDB\/Cidadania.<\/p>\n\n\n\n<p>O evento de lan\u00e7amento da pr\u00e9-candidatura est\u00e1 marcado para o dia 28 de maio, no Teatro da CDL, \u00e0s 18h45, e contar\u00e1 com a presen\u00e7a de apoiadores, lideran\u00e7as pol\u00edticas, amigos e membros da comunidade.<\/p>\n","protected":false},"excerpt":{"rendered":"<p>No pr\u00f3ximo dia 28 de maio, o Teatro da C\u00e2mara de Dirigentes Lojistas (CDL) ser\u00e1 palco do lan\u00e7amento da pr\u00e9-candidatura a vereador de Albino Brand\u00e3o, jovem advogado e empres\u00e1rio engajado em causas sociais, al\u00e9m de um grande entusiasta do cen\u00e1rio cultural e esportivo em Feira de Santana. Aos 29 anos, Albino encara o desafio com [&hellip;]<\/p>\n","protected":false},"author":3,"featured_media":26500,"comment_status":"open","ping_status":"open","sticky":false,"template":"","format":"standard","meta":{"_monsterinsights_skip_tracking":false,"_monsterinsights_sitenote_active":false,"_monsterinsights_sitenote_note":"","_monsterinsights_sitenote_category":0,"footnotes":""},"categories":[301,34],"tags":[],"yoast_head":"<!-- This site is optimized with the Yoast SEO plugin v22.9 - https:\/\/yoast.com\/wordpress\/plugins\/seo\/ -->\n<title>Albino Brand\u00e3o lan\u00e7a pr\u00e9-candidatura a vereador em Feira de Santana - Portal MF<\/title>\n<meta name=\"robots\" content=\"index, follow, max-snippet:-1, max-image-preview:large, max-video-preview:-1\" \/>\n<link rel=\"canonical\" href=\"https:\/\/portalmf.com.br\/index.php\/2024\/05\/22\/albino-brandao-lanca-pre-candidatura-a-vereador-em-feira-de-santana\/\" \/>\n<meta property=\"og:locale\" content=\"pt_BR\" \/>\n<meta property=\"og:type\" content=\"article\" \/>\n<meta property=\"og:title\" content=\"Albino Brand\u00e3o lan\u00e7a pr\u00e9-candidatura a vereador em Feira de Santana - Portal MF\" \/>\n<meta property=\"og:description\" content=\"No pr\u00f3ximo dia 28 de maio, o Teatro da C\u00e2mara de Dirigentes Lojistas (CDL) ser\u00e1 palco do lan\u00e7amento da pr\u00e9-candidatura a vereador de Albino Brand\u00e3o, jovem advogado e empres\u00e1rio engajado em causas sociais, al\u00e9m de um grande entusiasta do cen\u00e1rio cultural e esportivo em Feira de Santana. Aos 29 anos, Albino encara o desafio com [&hellip;]\" \/>\n<meta property=\"og:url\" content=\"https:\/\/portalmf.com.br\/index.php\/2024\/05\/22\/albino-brandao-lanca-pre-candidatura-a-vereador-em-feira-de-santana\/\" \/>\n<meta property=\"og:site_name\" content=\"Portal MF\" \/>\n<meta property=\"article:author\" content=\"https:\/\/www.facebook.com\/portalmfoficial\" \/>\n<meta property=\"article:published_time\" content=\"2024-05-22T13:47:00+00:00\" \/>\n<meta property=\"article:modified_time\" content=\"2024-05-22T19:50:44+00:00\" \/>\n<meta property=\"og:image\" content=\"https:\/\/portalmf.com.br\/wp-content\/uploads\/2024\/05\/Albino-Brandao-lanca-pre-candidatura-a-vereador-em-Feira-de-Santana.jpeg\" \/>\n\t<meta property=\"og:image:width\" content=\"800\" \/>\n\t<meta property=\"og:image:height\" content=\"633\" \/>\n\t<meta property=\"og:image:type\" content=\"image\/jpeg\" \/>\n<meta name=\"author\" content=\"Reda\u00e7\u00e3o Portal MF\" \/>\n<meta name=\"twitter:card\" content=\"summary_large_image\" \/>\n<meta name=\"twitter:creator\" content=\"@https:\/\/x.com\/portalmfoficial\" \/>\n<meta name=\"twitter:label1\" content=\"Escrito por\" \/>\n\t<meta name=\"twitter:data1\" content=\"Reda\u00e7\u00e3o Portal MF\" \/>\n\t<meta name=\"twitter:label2\" content=\"Est. tempo de leitura\" \/>\n\t<meta name=\"twitter:data2\" content=\"2 minutos\" \/>\n<script type=\"application\/ld+json\" class=\"yoast-schema-graph\">{\"@context\":\"https:\/\/schema.org\",\"@graph\":[{\"@type\":\"WebPage\",\"@id\":\"https:\/\/portalmf.com.br\/index.php\/2024\/05\/22\/albino-brandao-lanca-pre-candidatura-a-vereador-em-feira-de-santana\/\",\"url\":\"https:\/\/portalmf.com.br\/index.php\/2024\/05\/22\/albino-brandao-lanca-pre-candidatura-a-vereador-em-feira-de-santana\/\",\"name\":\"Albino Brand\u00e3o lan\u00e7a pr\u00e9-candidatura a vereador em Feira de Santana - Portal MF\",\"isPartOf\":{\"@id\":\"https:\/\/portalmf.com.br\/#website\"},\"primaryImageOfPage\":{\"@id\":\"https:\/\/portalmf.com.br\/index.php\/2024\/05\/22\/albino-brandao-lanca-pre-candidatura-a-vereador-em-feira-de-santana\/#primaryimage\"},\"image\":{\"@id\":\"https:\/\/portalmf.com.br\/index.php\/2024\/05\/22\/albino-brandao-lanca-pre-candidatura-a-vereador-em-feira-de-santana\/#primaryimage\"},\"thumbnailUrl\":\"https:\/\/portalmf.com.br\/wp-content\/uploads\/2024\/05\/Albino-Brandao-lanca-pre-candidatura-a-vereador-em-Feira-de-Santana.jpeg\",\"datePublished\":\"2024-05-22T13:47:00+00:00\",\"dateModified\":\"2024-05-22T19:50:44+00:00\",\"author\":{\"@id\":\"https:\/\/portalmf.com.br\/#\/schema\/person\/9ec101baf56233e53520c26de5d6f6f0\"},\"breadcrumb\":{\"@id\":\"https:\/\/portalmf.com.br\/index.php\/2024\/05\/22\/albino-brandao-lanca-pre-candidatura-a-vereador-em-feira-de-santana\/#breadcrumb\"},\"inLanguage\":\"pt-BR\",\"potentialAction\":[{\"@type\":\"ReadAction\",\"target\":[\"https:\/\/portalmf.com.br\/index.php\/2024\/05\/22\/albino-brandao-lanca-pre-candidatura-a-vereador-em-feira-de-santana\/\"]}]},{\"@type\":\"ImageObject\",\"inLanguage\":\"pt-BR\",\"@id\":\"https:\/\/portalmf.com.br\/index.php\/2024\/05\/22\/albino-brandao-lanca-pre-candidatura-a-vereador-em-feira-de-santana\/#primaryimage\",\"url\":\"https:\/\/portalmf.com.br\/wp-content\/uploads\/2024\/05\/Albino-Brandao-lanca-pre-candidatura-a-vereador-em-Feira-de-Santana.jpeg\",\"contentUrl\":\"https:\/\/portalmf.com.br\/wp-content\/uploads\/2024\/05\/Albino-Brandao-lanca-pre-candidatura-a-vereador-em-Feira-de-Santana.jpeg\",\"width\":800,\"height\":633},{\"@type\":\"BreadcrumbList\",\"@id\":\"https:\/\/portalmf.com.br\/index.php\/2024\/05\/22\/albino-brandao-lanca-pre-candidatura-a-vereador-em-feira-de-santana\/#breadcrumb\",\"itemListElement\":[{\"@type\":\"ListItem\",\"position\":1,\"name\":\"In\u00edcio\",\"item\":\"https:\/\/portalmf.com.br\/\"},{\"@type\":\"ListItem\",\"position\":2,\"name\":\"Albino Brand\u00e3o lan\u00e7a pr\u00e9-candidatura a vereador em Feira de Santana\"}]},{\"@type\":\"WebSite\",\"@id\":\"https:\/\/portalmf.com.br\/#website\",\"url\":\"https:\/\/portalmf.com.br\/\",\"name\":\"Portal MF\",\"description\":\"Voc\u00ea conectado com a informa\u00e7\u00e3o\",\"potentialAction\":[{\"@type\":\"SearchAction\",\"target\":{\"@type\":\"EntryPoint\",\"urlTemplate\":\"https:\/\/portalmf.com.br\/?s={search_term_string}\"},\"query-input\":\"required name=search_term_string\"}],\"inLanguage\":\"pt-BR\"},{\"@type\":\"Person\",\"@id\":\"https:\/\/portalmf.com.br\/#\/schema\/person\/9ec101baf56233e53520c26de5d6f6f0\",\"name\":\"Reda\u00e7\u00e3o Portal MF\",\"image\":{\"@type\":\"ImageObject\",\"inLanguage\":\"pt-BR\",\"@id\":\"https:\/\/portalmf.com.br\/#\/schema\/person\/image\/\",\"url\":\"https:\/\/secure.gravatar.com\/avatar\/41b9aaeb2100835f7c64362330f74c7f?s=96&d=mm&r=g\",\"contentUrl\":\"https:\/\/secure.gravatar.com\/avatar\/41b9aaeb2100835f7c64362330f74c7f?s=96&d=mm&r=g\",\"caption\":\"Reda\u00e7\u00e3o Portal MF\"},\"description\":\"Sejam bem-vindos o portal de informa\u00e7\u00f5es de entretenimento de Feira de Santana, desde 2006 realiza coberturas dos principais eventos com entrevistas exclusivas com as principais personalidades mundiais. Fique conectado tamb\u00e9m nas redes sociais.\",\"sameAs\":[\"http:\/\/www.portalmf.com.br\/\",\"https:\/\/www.facebook.com\/portalmfoficial\",\"https:\/\/www.instagram.com\/portalmf\/\",\"https:\/\/x.com\/https:\/\/x.com\/portalmfoficial\",\"https:\/\/www.youtube.com\/@portalmfoficial\"],\"url\":\"https:\/\/portalmf.com.br\/index.php\/author\/junior\/\"}]}<\/script>\n<!-- \/ Yoast SEO plugin. -->","yoast_head_json":{"title":"Albino Brand\u00e3o lan\u00e7a pr\u00e9-candidatura a vereador em Feira de Santana - Portal MF","robots":{"index":"index","follow":"follow","max-snippet":"max-snippet:-1","max-image-preview":"max-image-preview:large","max-video-preview":"max-video-preview:-1"},"canonical":"https:\/\/portalmf.com.br\/index.php\/2024\/05\/22\/albino-brandao-lanca-pre-candidatura-a-vereador-em-feira-de-santana\/","og_locale":"pt_BR","og_type":"article","og_title":"Albino Brand\u00e3o lan\u00e7a pr\u00e9-candidatura a vereador em Feira de Santana - Portal MF","og_description":"No pr\u00f3ximo dia 28 de maio, o Teatro da C\u00e2mara de Dirigentes Lojistas (CDL) ser\u00e1 palco do lan\u00e7amento da pr\u00e9-candidatura a vereador de Albino Brand\u00e3o, jovem advogado e empres\u00e1rio engajado em causas sociais, al\u00e9m de um grande entusiasta do cen\u00e1rio cultural e esportivo em Feira de Santana. Aos 29 anos, Albino encara o desafio com [&hellip;]","og_url":"https:\/\/portalmf.com.br\/index.php\/2024\/05\/22\/albino-brandao-lanca-pre-candidatura-a-vereador-em-feira-de-santana\/","og_site_name":"Portal MF","article_author":"https:\/\/www.facebook.com\/portalmfoficial","article_published_time":"2024-05-22T13:47:00+00:00","article_modified_time":"2024-05-22T19:50:44+00:00","og_image":[{"width":800,"height":633,"url":"https:\/\/portalmf.com.br\/wp-content\/uploads\/2024\/05\/Albino-Brandao-lanca-pre-candidatura-a-vereador-em-Feira-de-Santana.jpeg","type":"image\/jpeg"}],"author":"Reda\u00e7\u00e3o Portal MF","twitter_card":"summary_large_image","twitter_creator":"@https:\/\/x.com\/portalmfoficial","twitter_misc":{"Escrito por":"Reda\u00e7\u00e3o Portal MF","Est. tempo de leitura":"2 minutos"},"schema":{"@context":"https:\/\/schema.org","@graph":[{"@type":"WebPage","@id":"https:\/\/portalmf.com.br\/index.php\/2024\/05\/22\/albino-brandao-lanca-pre-candidatura-a-vereador-em-feira-de-santana\/","url":"https:\/\/portalmf.com.br\/index.php\/2024\/05\/22\/albino-brandao-lanca-pre-candidatura-a-vereador-em-feira-de-santana\/","name":"Albino Brand\u00e3o lan\u00e7a pr\u00e9-candidatura a vereador em Feira de Santana - Portal MF","isPartOf":{"@id":"https:\/\/portalmf.com.br\/#website"},"primaryImageOfPage":{"@id":"https:\/\/portalmf.com.br\/index.php\/2024\/05\/22\/albino-brandao-lanca-pre-candidatura-a-vereador-em-feira-de-santana\/#primaryimage"},"image":{"@id":"https:\/\/portalmf.com.br\/index.php\/2024\/05\/22\/albino-brandao-lanca-pre-candidatura-a-vereador-em-feira-de-santana\/#primaryimage"},"thumbnailUrl":"https:\/\/portalmf.com.br\/wp-content\/uploads\/2024\/05\/Albino-Brandao-lanca-pre-candidatura-a-vereador-em-Feira-de-Santana.jpeg","datePublished":"2024-05-22T13:47:00+00:00","dateModified":"2024-05-22T19:50:44+00:00","author":{"@id":"https:\/\/portalmf.com.br\/#\/schema\/person\/9ec101baf56233e53520c26de5d6f6f0"},"breadcrumb":{"@id":"https:\/\/portalmf.com.br\/index.php\/2024\/05\/22\/albino-brandao-lanca-pre-candidatura-a-vereador-em-feira-de-santana\/#breadcrumb"},"inLanguage":"pt-BR","potentialAction":[{"@type":"ReadAction","target":["https:\/\/portalmf.com.br\/index.php\/2024\/05\/22\/albino-brandao-lanca-pre-candidatura-a-vereador-em-feira-de-santana\/"]}]},{"@type":"ImageObject","inLanguage":"pt-BR","@id":"https:\/\/portalmf.com.br\/index.php\/2024\/05\/22\/albino-brandao-lanca-pre-candidatura-a-vereador-em-feira-de-santana\/#primaryimage","url":"https:\/\/portalmf.com.br\/wp-content\/uploads\/2024\/05\/Albino-Brandao-lanca-pre-candidatura-a-vereador-em-Feira-de-Santana.jpeg","contentUrl":"https:\/\/portalmf.com.br\/wp-content\/uploads\/2024\/05\/Albino-Brandao-lanca-pre-candidatura-a-vereador-em-Feira-de-Santana.jpeg","width":800,"height":633},{"@type":"BreadcrumbList","@id":"https:\/\/portalmf.com.br\/index.php\/2024\/05\/22\/albino-brandao-lanca-pre-candidatura-a-vereador-em-feira-de-santana\/#breadcrumb","itemListElement":[{"@type":"ListItem","position":1,"name":"In\u00edcio","item":"https:\/\/portalmf.com.br\/"},{"@type":"ListItem","position":2,"name":"Albino Brand\u00e3o lan\u00e7a pr\u00e9-candidatura a vereador em Feira de Santana"}]},{"@type":"WebSite","@id":"https:\/\/portalmf.com.br\/#website","url":"https:\/\/portalmf.com.br\/","name":"Portal MF","description":"Voc\u00ea conectado com a informa\u00e7\u00e3o","potentialAction":[{"@type":"SearchAction","target":{"@type":"EntryPoint","urlTemplate":"https:\/\/portalmf.com.br\/?s={search_term_string}"},"query-input":"required name=search_term_string"}],"inLanguage":"pt-BR"},{"@type":"Person","@id":"https:\/\/portalmf.com.br\/#\/schema\/person\/9ec101baf56233e53520c26de5d6f6f0","name":"Reda\u00e7\u00e3o Portal MF","image":{"@type":"ImageObject","inLanguage":"pt-BR","@id":"https:\/\/portalmf.com.br\/#\/schema\/person\/image\/","url":"https:\/\/secure.gravatar.com\/avatar\/41b9aaeb2100835f7c64362330f74c7f?s=96&d=mm&r=g","contentUrl":"https:\/\/secure.gravatar.com\/avatar\/41b9aaeb2100835f7c64362330f74c7f?s=96&d=mm&r=g","caption":"Reda\u00e7\u00e3o Portal MF"},"description":"Sejam bem-vindos o portal de informa\u00e7\u00f5es de entretenimento de Feira de Santana, desde 2006 realiza coberturas dos principais eventos com entrevistas exclusivas com as principais personalidades mundiais. Fique conectado tamb\u00e9m nas redes sociais.","sameAs":["http:\/\/www.portalmf.com.br\/","https:\/\/www.facebook.com\/portalmfoficial","https:\/\/www.instagram.com\/portalmf\/","https:\/\/x.com\/https:\/\/x.com\/portalmfoficial","https:\/\/www.youtube.com\/@portalmfoficial"],"url":"https:\/\/portalmf.com.br\/index.php\/author\/junior\/"}]}},"_links":{"self":[{"href":"https:\/\/portalmf.com.br\/index.php\/wp-json\/wp\/v2\/posts\/26499"}],"collection":[{"href":"https:\/\/portalmf.com.br\/index.php\/wp-json\/wp\/v2\/posts"}],"about":[{"href":"https:\/\/portalmf.com.br\/index.php\/wp-json\/wp\/v2\/types\/post"}],"author":[{"embeddable":true,"href":"https:\/\/portalmf.com.br\/index.php\/wp-json\/wp\/v2\/users\/3"}],"replies":[{"embeddable":true,"href":"https:\/\/portalmf.com.br\/index.php\/wp-json\/wp\/v2\/comments?post=26499"}],"version-history":[{"count":1,"href":"https:\/\/portalmf.com.br\/index.php\/wp-json\/wp\/v2\/posts\/26499\/revisions"}],"predecessor-version":[{"id":26501,"href":"https:\/\/portalmf.com.br\/index.php\/wp-json\/wp\/v2\/posts\/26499\/revisions\/26501"}],"wp:featuredmedia":[{"embeddable":true,"href":"https:\/\/portalmf.com.br\/index.php\/wp-json\/wp\/v2\/media\/26500"}],"wp:attachment":[{"href":"https:\/\/portalmf.com.br\/index.php\/wp-json\/wp\/v2\/media?parent=26499"}],"wp:term":[{"taxonomy":"category","embeddable":true,"href":"https:\/\/portalmf.com.br\/index.php\/wp-json\/wp\/v2\/categories?post=26499"},{"taxonomy":"post_tag","embeddable":true,"href":"https:\/\/portalmf.com.br\/index.php\/wp-json\/wp\/v2\/tags?post=26499"}],"curies":[{"name":"wp","href":"https:\/\/api.w.org\/{rel}","templated":true}]}}