{"id":26414,"date":"2024-05-20T15:07:25","date_gmt":"2024-05-20T18:07:25","guid":{"rendered":"https:\/\/portalmf.com.br\/?p=26414"},"modified":"2024-05-20T15:07:27","modified_gmt":"2024-05-20T18:07:27","slug":"psol-declara-apoio-a-ze-neto-nas-eleicoes-2024-e-se-junta-ao-movimento-uniao-por-feira","status":"publish","type":"post","link":"https:\/\/portalmf.com.br\/index.php\/2024\/05\/20\/psol-declara-apoio-a-ze-neto-nas-eleicoes-2024-e-se-junta-ao-movimento-uniao-por-feira\/","title":{"rendered":"PSOL declara apoio a Z\u00e9 Neto nas elei\u00e7\u00f5es 2024 e se junta ao movimento Uni\u00e3o por Feira"},"content":{"rendered":"\n<p>O Diret\u00f3rio do Partido Socialismo e Liberdade (PSOL) de Feira de Santana anunciou na manh\u00e3 desta segunda (20) apoio \u00e0 pr\u00e9-candidatura de Z\u00e9 Neto nas elei\u00e7\u00f5es municipais de 2024.<\/p>\n\n\n\n<p>O an\u00fancio foi realizado atrav\u00e9s de coletiva de imprensa, na Pousada Central, com a presen\u00e7a do pr\u00e9-candidato Z\u00e9 Neto; de Jhonatas Monteiro, vereador mais votado em Feira nas Elei\u00e7\u00f5es 2020; Bianca Nunes, presidenta municipal do PSOL; Gerinaldo Costa, presidente do PT Municipal; Kleber Rosa, pr\u00e9-candidato a prefeito de Salvador pelo PSOL; militantes e membros do Partido Socialismo e Liberdade.<\/p>\n\n\n\n<p>A posi\u00e7\u00e3o se tornou p\u00fablica ap\u00f3s ser discutida e aprovada entre os filiadas e filiados do Partido. O PSOL fundamentou seu posicionamento, especialmente, na cr\u00edtica de como tem sido o modelo de gest\u00e3o do grupo que est\u00e1 governando a cidade ao longo desses mais de 20 anos, bem como na necessidade de que a cidade \u201cvire a p\u00e1gina\u201d para que hajam avan\u00e7os no dia a dia da popula\u00e7\u00e3o, com verdadeira garantia de direitos.<\/p>\n\n\n\n<p><em>\u201cChegamos a uma situa\u00e7\u00e3o limite em Feira e o povo paga um pre\u00e7o alt\u00edssimo por isso. N\u00e3o temos d\u00favida que o sentimento de rejei\u00e7\u00e3o que se passa hoje \u00e9 da maioria e o que precisamos, enquanto for\u00e7a pol\u00edtica, \u00e9 democratizar Feira e organiz\u00e1-la. Precisamos transformar esse sentimento de rejei\u00e7\u00e3o ao passado que a cidade vive, em uma for\u00e7a de mudan\u00e7a que pode e merece muito mais, e hoje esta for\u00e7a est\u00e1 sendo representada pela pr\u00e9-candidatura de Z\u00e9 Neto\u201d<\/em>, afirmou Jhonatas.<\/p>\n\n\n\n<figure class=\"wp-block-image size-large\"><img fetchpriority=\"high\" decoding=\"async\" width=\"1024\" height=\"682\" src=\"https:\/\/portalmf.com.br\/wp-content\/uploads\/2024\/05\/PSOL-declara-apoio-a-Ze-Neto-nas-eleicoes-2024-e-se-junta-ao-movimento-Uniao-por-Feira-2-1024x682.jpeg\" alt=\"\" class=\"wp-image-26415\" srcset=\"https:\/\/portalmf.com.br\/wp-content\/uploads\/2024\/05\/PSOL-declara-apoio-a-Ze-Neto-nas-eleicoes-2024-e-se-junta-ao-movimento-Uniao-por-Feira-2-1024x682.jpeg 1024w, https:\/\/portalmf.com.br\/wp-content\/uploads\/2024\/05\/PSOL-declara-apoio-a-Ze-Neto-nas-eleicoes-2024-e-se-junta-ao-movimento-Uniao-por-Feira-2-300x200.jpeg 300w, https:\/\/portalmf.com.br\/wp-content\/uploads\/2024\/05\/PSOL-declara-apoio-a-Ze-Neto-nas-eleicoes-2024-e-se-junta-ao-movimento-Uniao-por-Feira-2-768x512.jpeg 768w, https:\/\/portalmf.com.br\/wp-content\/uploads\/2024\/05\/PSOL-declara-apoio-a-Ze-Neto-nas-eleicoes-2024-e-se-junta-ao-movimento-Uniao-por-Feira-2-1536x1023.jpeg 1536w, https:\/\/portalmf.com.br\/wp-content\/uploads\/2024\/05\/PSOL-declara-apoio-a-Ze-Neto-nas-eleicoes-2024-e-se-junta-ao-movimento-Uniao-por-Feira-2-696x464.jpeg 696w, https:\/\/portalmf.com.br\/wp-content\/uploads\/2024\/05\/PSOL-declara-apoio-a-Ze-Neto-nas-eleicoes-2024-e-se-junta-ao-movimento-Uniao-por-Feira-2-1068x712.jpeg 1068w, https:\/\/portalmf.com.br\/wp-content\/uploads\/2024\/05\/PSOL-declara-apoio-a-Ze-Neto-nas-eleicoes-2024-e-se-junta-ao-movimento-Uniao-por-Feira-2.jpeg 1600w\" sizes=\"(max-width: 1024px) 100vw, 1024px\" \/><\/figure>\n\n\n\n<p>Para Z\u00e9 Neto, <em>\u201ca vinda do PSOL, que tem um olhar muito sens\u00edvel para quest\u00f5es, principalmente sociais da cidade, vem pra agregar, e muito, \u00e0 proposta do Conselho Partid\u00e1rio de di\u00e1logo com a nossa gente. E assim como os demais Partidos que j\u00e1 comp\u00f5em o movimento Uni\u00e3o por Feira, o PSOL quer tamb\u00e9m ver nossa cidade sorrir, voltar a ser feliz, com pra\u00e7as cuidadas, transporte coletivo funcionando, aten\u00e7\u00e3o b\u00e1sica de sa\u00fade de qualidade, acolhimento para a juventude, e tantos outros pontos que tragam melhores dias para nossa gente. Portanto, sejam bem vindos, amigos e amigas do PSOL, e vamos juntos construir essa transforma\u00e7\u00e3o que a cidade espera\u201d<\/em>.<\/p>\n\n\n\n<p>O apoio do Partido foi visto de maneira positiva por Gerinaldo. \u201cA chegada do PSOL, que, n\u00e3o podemos esquecer, nacionalmente, com a Federa\u00e7\u00e3o PSOL-Rede, comp\u00f5e a base aliada do Governo Lula, se soma ao movimento Uni\u00e3o por Feira, j\u00e1 agora na pr\u00e9-campanha, para ouvir o povo sobre o futuro da cidade e realmente tirar Feira do atraso que, lamentavelmente, vive h\u00e1 24 anos. Sem d\u00favidas, \u00e9 um ganho para o movimento e, claro, para a cidade\u201d.<\/p>\n","protected":false},"excerpt":{"rendered":"<p>O Diret\u00f3rio do Partido Socialismo e Liberdade (PSOL) de Feira de Santana anunciou na manh\u00e3 desta segunda (20) apoio \u00e0 pr\u00e9-candidatura de Z\u00e9 Neto nas elei\u00e7\u00f5es municipais de 2024. O an\u00fancio foi realizado atrav\u00e9s de coletiva de imprensa, na Pousada Central, com a presen\u00e7a do pr\u00e9-candidato Z\u00e9 Neto; de Jhonatas Monteiro, vereador mais votado em [&hellip;]<\/p>\n","protected":false},"author":3,"featured_media":26416,"comment_status":"open","ping_status":"open","sticky":false,"template":"","format":"standard","meta":{"_monsterinsights_skip_tracking":false,"_monsterinsights_sitenote_active":false,"_monsterinsights_sitenote_note":"","_monsterinsights_sitenote_category":0,"footnotes":""},"categories":[301,34],"tags":[],"yoast_head":"<!-- This site is optimized with the Yoast SEO plugin v22.9 - https:\/\/yoast.com\/wordpress\/plugins\/seo\/ -->\n<title>PSOL declara apoio a Z\u00e9 Neto nas elei\u00e7\u00f5es 2024 e se junta ao movimento Uni\u00e3o por Feira - Portal MF<\/title>\n<meta name=\"robots\" content=\"index, follow, max-snippet:-1, max-image-preview:large, max-video-preview:-1\" \/>\n<link rel=\"canonical\" href=\"https:\/\/portalmf.com.br\/index.php\/2024\/05\/20\/psol-declara-apoio-a-ze-neto-nas-eleicoes-2024-e-se-junta-ao-movimento-uniao-por-feira\/\" \/>\n<meta property=\"og:locale\" content=\"pt_BR\" \/>\n<meta property=\"og:type\" content=\"article\" \/>\n<meta property=\"og:title\" content=\"PSOL declara apoio a Z\u00e9 Neto nas elei\u00e7\u00f5es 2024 e se junta ao movimento Uni\u00e3o por Feira - Portal MF\" \/>\n<meta property=\"og:description\" content=\"O Diret\u00f3rio do Partido Socialismo e Liberdade (PSOL) de Feira de Santana anunciou na manh\u00e3 desta segunda (20) apoio \u00e0 pr\u00e9-candidatura de Z\u00e9 Neto nas elei\u00e7\u00f5es municipais de 2024. O an\u00fancio foi realizado atrav\u00e9s de coletiva de imprensa, na Pousada Central, com a presen\u00e7a do pr\u00e9-candidato Z\u00e9 Neto; de Jhonatas Monteiro, vereador mais votado em [&hellip;]\" \/>\n<meta property=\"og:url\" content=\"https:\/\/portalmf.com.br\/index.php\/2024\/05\/20\/psol-declara-apoio-a-ze-neto-nas-eleicoes-2024-e-se-junta-ao-movimento-uniao-por-feira\/\" \/>\n<meta property=\"og:site_name\" content=\"Portal MF\" \/>\n<meta property=\"article:author\" content=\"https:\/\/www.facebook.com\/portalmfoficial\" \/>\n<meta property=\"article:published_time\" content=\"2024-05-20T18:07:25+00:00\" \/>\n<meta property=\"article:modified_time\" content=\"2024-05-20T18:07:27+00:00\" \/>\n<meta property=\"og:image\" content=\"https:\/\/portalmf.com.br\/wp-content\/uploads\/2024\/05\/PSOL-declara-apoio-a-Ze-Neto-nas-eleicoes-2024-e-se-junta-ao-movimento-Uniao-por-Feira-2-1.jpeg\" \/>\n\t<meta property=\"og:image:width\" content=\"1600\" \/>\n\t<meta property=\"og:image:height\" content=\"1066\" \/>\n\t<meta property=\"og:image:type\" content=\"image\/jpeg\" \/>\n<meta name=\"author\" content=\"Reda\u00e7\u00e3o Portal MF\" \/>\n<meta name=\"twitter:card\" content=\"summary_large_image\" \/>\n<meta name=\"twitter:creator\" content=\"@https:\/\/x.com\/portalmfoficial\" \/>\n<meta name=\"twitter:label1\" content=\"Escrito por\" \/>\n\t<meta name=\"twitter:data1\" content=\"Reda\u00e7\u00e3o Portal MF\" \/>\n\t<meta name=\"twitter:label2\" content=\"Est. tempo de leitura\" \/>\n\t<meta name=\"twitter:data2\" content=\"3 minutos\" \/>\n<script type=\"application\/ld+json\" class=\"yoast-schema-graph\">{\"@context\":\"https:\/\/schema.org\",\"@graph\":[{\"@type\":\"WebPage\",\"@id\":\"https:\/\/portalmf.com.br\/index.php\/2024\/05\/20\/psol-declara-apoio-a-ze-neto-nas-eleicoes-2024-e-se-junta-ao-movimento-uniao-por-feira\/\",\"url\":\"https:\/\/portalmf.com.br\/index.php\/2024\/05\/20\/psol-declara-apoio-a-ze-neto-nas-eleicoes-2024-e-se-junta-ao-movimento-uniao-por-feira\/\",\"name\":\"PSOL declara apoio a Z\u00e9 Neto nas elei\u00e7\u00f5es 2024 e se junta ao movimento Uni\u00e3o por Feira - Portal MF\",\"isPartOf\":{\"@id\":\"https:\/\/portalmf.com.br\/#website\"},\"primaryImageOfPage\":{\"@id\":\"https:\/\/portalmf.com.br\/index.php\/2024\/05\/20\/psol-declara-apoio-a-ze-neto-nas-eleicoes-2024-e-se-junta-ao-movimento-uniao-por-feira\/#primaryimage\"},\"image\":{\"@id\":\"https:\/\/portalmf.com.br\/index.php\/2024\/05\/20\/psol-declara-apoio-a-ze-neto-nas-eleicoes-2024-e-se-junta-ao-movimento-uniao-por-feira\/#primaryimage\"},\"thumbnailUrl\":\"https:\/\/portalmf.com.br\/wp-content\/uploads\/2024\/05\/PSOL-declara-apoio-a-Ze-Neto-nas-eleicoes-2024-e-se-junta-ao-movimento-Uniao-por-Feira-2-1.jpeg\",\"datePublished\":\"2024-05-20T18:07:25+00:00\",\"dateModified\":\"2024-05-20T18:07:27+00:00\",\"author\":{\"@id\":\"https:\/\/portalmf.com.br\/#\/schema\/person\/9ec101baf56233e53520c26de5d6f6f0\"},\"breadcrumb\":{\"@id\":\"https:\/\/portalmf.com.br\/index.php\/2024\/05\/20\/psol-declara-apoio-a-ze-neto-nas-eleicoes-2024-e-se-junta-ao-movimento-uniao-por-feira\/#breadcrumb\"},\"inLanguage\":\"pt-BR\",\"potentialAction\":[{\"@type\":\"ReadAction\",\"target\":[\"https:\/\/portalmf.com.br\/index.php\/2024\/05\/20\/psol-declara-apoio-a-ze-neto-nas-eleicoes-2024-e-se-junta-ao-movimento-uniao-por-feira\/\"]}]},{\"@type\":\"ImageObject\",\"inLanguage\":\"pt-BR\",\"@id\":\"https:\/\/portalmf.com.br\/index.php\/2024\/05\/20\/psol-declara-apoio-a-ze-neto-nas-eleicoes-2024-e-se-junta-ao-movimento-uniao-por-feira\/#primaryimage\",\"url\":\"https:\/\/portalmf.com.br\/wp-content\/uploads\/2024\/05\/PSOL-declara-apoio-a-Ze-Neto-nas-eleicoes-2024-e-se-junta-ao-movimento-Uniao-por-Feira-2-1.jpeg\",\"contentUrl\":\"https:\/\/portalmf.com.br\/wp-content\/uploads\/2024\/05\/PSOL-declara-apoio-a-Ze-Neto-nas-eleicoes-2024-e-se-junta-ao-movimento-Uniao-por-Feira-2-1.jpeg\",\"width\":1600,\"height\":1066},{\"@type\":\"BreadcrumbList\",\"@id\":\"https:\/\/portalmf.com.br\/index.php\/2024\/05\/20\/psol-declara-apoio-a-ze-neto-nas-eleicoes-2024-e-se-junta-ao-movimento-uniao-por-feira\/#breadcrumb\",\"itemListElement\":[{\"@type\":\"ListItem\",\"position\":1,\"name\":\"In\u00edcio\",\"item\":\"https:\/\/portalmf.com.br\/\"},{\"@type\":\"ListItem\",\"position\":2,\"name\":\"PSOL declara apoio a Z\u00e9 Neto nas elei\u00e7\u00f5es 2024 e se junta ao movimento Uni\u00e3o por Feira\"}]},{\"@type\":\"WebSite\",\"@id\":\"https:\/\/portalmf.com.br\/#website\",\"url\":\"https:\/\/portalmf.com.br\/\",\"name\":\"Portal MF\",\"description\":\"Voc\u00ea conectado com a informa\u00e7\u00e3o\",\"potentialAction\":[{\"@type\":\"SearchAction\",\"target\":{\"@type\":\"EntryPoint\",\"urlTemplate\":\"https:\/\/portalmf.com.br\/?s={search_term_string}\"},\"query-input\":\"required name=search_term_string\"}],\"inLanguage\":\"pt-BR\"},{\"@type\":\"Person\",\"@id\":\"https:\/\/portalmf.com.br\/#\/schema\/person\/9ec101baf56233e53520c26de5d6f6f0\",\"name\":\"Reda\u00e7\u00e3o Portal MF\",\"image\":{\"@type\":\"ImageObject\",\"inLanguage\":\"pt-BR\",\"@id\":\"https:\/\/portalmf.com.br\/#\/schema\/person\/image\/\",\"url\":\"https:\/\/secure.gravatar.com\/avatar\/41b9aaeb2100835f7c64362330f74c7f?s=96&d=mm&r=g\",\"contentUrl\":\"https:\/\/secure.gravatar.com\/avatar\/41b9aaeb2100835f7c64362330f74c7f?s=96&d=mm&r=g\",\"caption\":\"Reda\u00e7\u00e3o Portal MF\"},\"description\":\"Sejam bem-vindos o portal de informa\u00e7\u00f5es de entretenimento de Feira de Santana, desde 2006 realiza coberturas dos principais eventos com entrevistas exclusivas com as principais personalidades mundiais. Fique conectado tamb\u00e9m nas redes sociais.\",\"sameAs\":[\"http:\/\/www.portalmf.com.br\/\",\"https:\/\/www.facebook.com\/portalmfoficial\",\"https:\/\/www.instagram.com\/portalmf\/\",\"https:\/\/x.com\/https:\/\/x.com\/portalmfoficial\",\"https:\/\/www.youtube.com\/@portalmfoficial\"],\"url\":\"https:\/\/portalmf.com.br\/index.php\/author\/junior\/\"}]}<\/script>\n<!-- \/ Yoast SEO plugin. -->","yoast_head_json":{"title":"PSOL declara apoio a Z\u00e9 Neto nas elei\u00e7\u00f5es 2024 e se junta ao movimento Uni\u00e3o por Feira - Portal MF","robots":{"index":"index","follow":"follow","max-snippet":"max-snippet:-1","max-image-preview":"max-image-preview:large","max-video-preview":"max-video-preview:-1"},"canonical":"https:\/\/portalmf.com.br\/index.php\/2024\/05\/20\/psol-declara-apoio-a-ze-neto-nas-eleicoes-2024-e-se-junta-ao-movimento-uniao-por-feira\/","og_locale":"pt_BR","og_type":"article","og_title":"PSOL declara apoio a Z\u00e9 Neto nas elei\u00e7\u00f5es 2024 e se junta ao movimento Uni\u00e3o por Feira - Portal MF","og_description":"O Diret\u00f3rio do Partido Socialismo e Liberdade (PSOL) de Feira de Santana anunciou na manh\u00e3 desta segunda (20) apoio \u00e0 pr\u00e9-candidatura de Z\u00e9 Neto nas elei\u00e7\u00f5es municipais de 2024. O an\u00fancio foi realizado atrav\u00e9s de coletiva de imprensa, na Pousada Central, com a presen\u00e7a do pr\u00e9-candidato Z\u00e9 Neto; de Jhonatas Monteiro, vereador mais votado em [&hellip;]","og_url":"https:\/\/portalmf.com.br\/index.php\/2024\/05\/20\/psol-declara-apoio-a-ze-neto-nas-eleicoes-2024-e-se-junta-ao-movimento-uniao-por-feira\/","og_site_name":"Portal MF","article_author":"https:\/\/www.facebook.com\/portalmfoficial","article_published_time":"2024-05-20T18:07:25+00:00","article_modified_time":"2024-05-20T18:07:27+00:00","og_image":[{"width":1600,"height":1066,"url":"https:\/\/portalmf.com.br\/wp-content\/uploads\/2024\/05\/PSOL-declara-apoio-a-Ze-Neto-nas-eleicoes-2024-e-se-junta-ao-movimento-Uniao-por-Feira-2-1.jpeg","type":"image\/jpeg"}],"author":"Reda\u00e7\u00e3o Portal MF","twitter_card":"summary_large_image","twitter_creator":"@https:\/\/x.com\/portalmfoficial","twitter_misc":{"Escrito por":"Reda\u00e7\u00e3o Portal MF","Est. tempo de leitura":"3 minutos"},"schema":{"@context":"https:\/\/schema.org","@graph":[{"@type":"WebPage","@id":"https:\/\/portalmf.com.br\/index.php\/2024\/05\/20\/psol-declara-apoio-a-ze-neto-nas-eleicoes-2024-e-se-junta-ao-movimento-uniao-por-feira\/","url":"https:\/\/portalmf.com.br\/index.php\/2024\/05\/20\/psol-declara-apoio-a-ze-neto-nas-eleicoes-2024-e-se-junta-ao-movimento-uniao-por-feira\/","name":"PSOL declara apoio a Z\u00e9 Neto nas elei\u00e7\u00f5es 2024 e se junta ao movimento Uni\u00e3o por Feira - Portal MF","isPartOf":{"@id":"https:\/\/portalmf.com.br\/#website"},"primaryImageOfPage":{"@id":"https:\/\/portalmf.com.br\/index.php\/2024\/05\/20\/psol-declara-apoio-a-ze-neto-nas-eleicoes-2024-e-se-junta-ao-movimento-uniao-por-feira\/#primaryimage"},"image":{"@id":"https:\/\/portalmf.com.br\/index.php\/2024\/05\/20\/psol-declara-apoio-a-ze-neto-nas-eleicoes-2024-e-se-junta-ao-movimento-uniao-por-feira\/#primaryimage"},"thumbnailUrl":"https:\/\/portalmf.com.br\/wp-content\/uploads\/2024\/05\/PSOL-declara-apoio-a-Ze-Neto-nas-eleicoes-2024-e-se-junta-ao-movimento-Uniao-por-Feira-2-1.jpeg","datePublished":"2024-05-20T18:07:25+00:00","dateModified":"2024-05-20T18:07:27+00:00","author":{"@id":"https:\/\/portalmf.com.br\/#\/schema\/person\/9ec101baf56233e53520c26de5d6f6f0"},"breadcrumb":{"@id":"https:\/\/portalmf.com.br\/index.php\/2024\/05\/20\/psol-declara-apoio-a-ze-neto-nas-eleicoes-2024-e-se-junta-ao-movimento-uniao-por-feira\/#breadcrumb"},"inLanguage":"pt-BR","potentialAction":[{"@type":"ReadAction","target":["https:\/\/portalmf.com.br\/index.php\/2024\/05\/20\/psol-declara-apoio-a-ze-neto-nas-eleicoes-2024-e-se-junta-ao-movimento-uniao-por-feira\/"]}]},{"@type":"ImageObject","inLanguage":"pt-BR","@id":"https:\/\/portalmf.com.br\/index.php\/2024\/05\/20\/psol-declara-apoio-a-ze-neto-nas-eleicoes-2024-e-se-junta-ao-movimento-uniao-por-feira\/#primaryimage","url":"https:\/\/portalmf.com.br\/wp-content\/uploads\/2024\/05\/PSOL-declara-apoio-a-Ze-Neto-nas-eleicoes-2024-e-se-junta-ao-movimento-Uniao-por-Feira-2-1.jpeg","contentUrl":"https:\/\/portalmf.com.br\/wp-content\/uploads\/2024\/05\/PSOL-declara-apoio-a-Ze-Neto-nas-eleicoes-2024-e-se-junta-ao-movimento-Uniao-por-Feira-2-1.jpeg","width":1600,"height":1066},{"@type":"BreadcrumbList","@id":"https:\/\/portalmf.com.br\/index.php\/2024\/05\/20\/psol-declara-apoio-a-ze-neto-nas-eleicoes-2024-e-se-junta-ao-movimento-uniao-por-feira\/#breadcrumb","itemListElement":[{"@type":"ListItem","position":1,"name":"In\u00edcio","item":"https:\/\/portalmf.com.br\/"},{"@type":"ListItem","position":2,"name":"PSOL declara apoio a Z\u00e9 Neto nas elei\u00e7\u00f5es 2024 e se junta ao movimento Uni\u00e3o por Feira"}]},{"@type":"WebSite","@id":"https:\/\/portalmf.com.br\/#website","url":"https:\/\/portalmf.com.br\/","name":"Portal MF","description":"Voc\u00ea conectado com a informa\u00e7\u00e3o","potentialAction":[{"@type":"SearchAction","target":{"@type":"EntryPoint","urlTemplate":"https:\/\/portalmf.com.br\/?s={search_term_string}"},"query-input":"required name=search_term_string"}],"inLanguage":"pt-BR"},{"@type":"Person","@id":"https:\/\/portalmf.com.br\/#\/schema\/person\/9ec101baf56233e53520c26de5d6f6f0","name":"Reda\u00e7\u00e3o Portal MF","image":{"@type":"ImageObject","inLanguage":"pt-BR","@id":"https:\/\/portalmf.com.br\/#\/schema\/person\/image\/","url":"https:\/\/secure.gravatar.com\/avatar\/41b9aaeb2100835f7c64362330f74c7f?s=96&d=mm&r=g","contentUrl":"https:\/\/secure.gravatar.com\/avatar\/41b9aaeb2100835f7c64362330f74c7f?s=96&d=mm&r=g","caption":"Reda\u00e7\u00e3o Portal MF"},"description":"Sejam bem-vindos o portal de informa\u00e7\u00f5es de entretenimento de Feira de Santana, desde 2006 realiza coberturas dos principais eventos com entrevistas exclusivas com as principais personalidades mundiais. Fique conectado tamb\u00e9m nas redes sociais.","sameAs":["http:\/\/www.portalmf.com.br\/","https:\/\/www.facebook.com\/portalmfoficial","https:\/\/www.instagram.com\/portalmf\/","https:\/\/x.com\/https:\/\/x.com\/portalmfoficial","https:\/\/www.youtube.com\/@portalmfoficial"],"url":"https:\/\/portalmf.com.br\/index.php\/author\/junior\/"}]}},"_links":{"self":[{"href":"https:\/\/portalmf.com.br\/index.php\/wp-json\/wp\/v2\/posts\/26414"}],"collection":[{"href":"https:\/\/portalmf.com.br\/index.php\/wp-json\/wp\/v2\/posts"}],"about":[{"href":"https:\/\/portalmf.com.br\/index.php\/wp-json\/wp\/v2\/types\/post"}],"author":[{"embeddable":true,"href":"https:\/\/portalmf.com.br\/index.php\/wp-json\/wp\/v2\/users\/3"}],"replies":[{"embeddable":true,"href":"https:\/\/portalmf.com.br\/index.php\/wp-json\/wp\/v2\/comments?post=26414"}],"version-history":[{"count":1,"href":"https:\/\/portalmf.com.br\/index.php\/wp-json\/wp\/v2\/posts\/26414\/revisions"}],"predecessor-version":[{"id":26417,"href":"https:\/\/portalmf.com.br\/index.php\/wp-json\/wp\/v2\/posts\/26414\/revisions\/26417"}],"wp:featuredmedia":[{"embeddable":true,"href":"https:\/\/portalmf.com.br\/index.php\/wp-json\/wp\/v2\/media\/26416"}],"wp:attachment":[{"href":"https:\/\/portalmf.com.br\/index.php\/wp-json\/wp\/v2\/media?parent=26414"}],"wp:term":[{"taxonomy":"category","embeddable":true,"href":"https:\/\/portalmf.com.br\/index.php\/wp-json\/wp\/v2\/categories?post=26414"},{"taxonomy":"post_tag","embeddable":true,"href":"https:\/\/portalmf.com.br\/index.php\/wp-json\/wp\/v2\/tags?post=26414"}],"curies":[{"name":"wp","href":"https:\/\/api.w.org\/{rel}","templated":true}]}}