{"id":26377,"date":"2024-05-17T17:41:06","date_gmt":"2024-05-17T20:41:06","guid":{"rendered":"https:\/\/portalmf.com.br\/?p=26377"},"modified":"2024-05-17T18:17:43","modified_gmt":"2024-05-17T21:17:43","slug":"em-feira-de-santana-fabio-porchat-apresentou-stand-up-com-historias-de-viagens","status":"publish","type":"post","link":"https:\/\/portalmf.com.br\/index.php\/2024\/05\/17\/em-feira-de-santana-fabio-porchat-apresentou-stand-up-com-historias-de-viagens\/","title":{"rendered":"Em Feira de Santana, F\u00e1bio Porchat apresentou stand up com hist\u00f3rias de viagens"},"content":{"rendered":"\n<p>Na noite de quinta-feira (16), no Aria Hall em Feira de Santana, o escritor e comediante, F\u00e1bio Porchat, contou as hist\u00f3rias das suas viagens regado a muito humor e piadas, comediante com seu stand up, <em>\u201cHist\u00f3rias do Porchat\u201d<\/em>, com uma sess\u00e3o lotada, com cerca de 3 mil pessoas na plateia.<\/p>\n\n\n\n<p>Por Feira de Santana ser o maior entroncamento rodovi\u00e1rio do Norte e Nordeste e, basicamente, aqui ser terra de muitos \u201cviajantes\u201d e transeuntes, o comediante acha que o munic\u00edpio ser \u201cpalco\u201d de novas hist\u00f3rias para os pr\u00f3ximos shows.<em> \u201cEu espero que sim, espero que renda. Em Feira vou sair para jantar. Amanh\u00e3 ainda fico aqui. Est\u00e3o querendo me levar em um passeio no Rio. Vamos ver se o tempo vai ajudar\u201d,<\/em> conta.<\/p>\n\n\n\n<p>Entre os destinos favoritos, Porchat destaca o ranking dos 5 favoritos entre os muitos lugares nos mais de 70 pa\u00edses que j\u00e1 visitou e avisa que as melhores hist\u00f3rias s\u00e3o aquelas que envolvem perrengues.<\/p>\n\n\n\n<p><em>\u201cO mais divertido de contar \u00e9, geralmente, o pior de acontecer. Porque quando uma coisa d\u00e1 tudo certo, n\u00e3o tem gra\u00e7a de contar. Ela \u00e9 maravilhosa e funciona. Eu diria assim, dif\u00edcil escolher um lugar. Se eu pudesse falar um top five(5 melhores) da vida, assim, n\u00e3o nessa ordem, mas que vem na cabe\u00e7a, Isl\u00e2ndia, Maldivas, Qu\u00eania, Gal\u00e1pagos, e eu n\u00e3o vou deixar Brasil de fora, porque \u00e9 sacanagem que o Brasil \u00e9 o melhor do mundo, e vou deixar Portugal de fora, que j\u00e1 virou para mim um grande Brasil ali. E o quinto lugar, eu jogaria a\u00ed como quem n\u00e3o quer nada, \u00cdndia\u201d.<\/em><\/p>\n\n\n\n<p>Porchat salienta que o fato de ter viajado tanto, n\u00e3o o impede &nbsp;&nbsp;de ter o sentimento de encantamento em cada destino.<\/p>\n\n\n\n<p><em>\u201cSurpreende, ainda! Tem lugar que surpreende com certeza! Eu fui agora para a China, que eu nunca tinha ido. Eu amei a China. J\u00e1 estou organizando a viagem deste fim de ano agora para o Sri Lanka, para a Socotra.&nbsp; Vou ver os gorilas de novo, s\u00f3 que agora em Uganda. Ent\u00e3o, tem sempre um lugar diferente. O mundo \u00e9 assim. \u00c9, j\u00e1 fui uma vez e quero ver de novo. Agora do outro lado. Mas tem alguns lugares que eu quero conhecer. Eu nunca fui a Cabo Verde, porque quero ir a Cabo Verde. Mo\u00e7ambique \u00e9 um lugar que eu n\u00e3o fui. Que eu tenho muita vontade de ir ao Ir\u00e3. Eu quero conhecer o Ir\u00e3 e a Polin\u00e9sia Francesa. Ent\u00e3o, tem muita coisa\u201d, <\/em>detalha.<\/p>\n\n\n\n<p>Ser entusiasta de viagens o torna uma esp\u00e9cie de agente de viagens dos amigos e parentes, mas ele desempenha a fun\u00e7\u00e3o com muito gosto.<\/p>\n\n\n\n<p><em>\u201cOlha, o pessoal me pede dicas. Sempre que vai viajar, um amigo me liga e fala, estou querendo viajar para onde eu vou. Eu adoro falar sobre isso. Ent\u00e3o, para mim, eu gasto tempo falando, dando dica, sugerindo lugares. Ent\u00e3o, eu adoro que as pessoas me procurem. E com f\u00e3s, nunca pensei em viajar com f\u00e3s. Mas eu sempre me encontro com os f\u00e3s na minha viagem. Eu estou viajando, eu posto no Twitter, estou aqui, o que tem para fazer? E eu acabo me encontrando com gente que eu nunca vi na vida l\u00e1 nesses lugares, e \u00e9 muito legal\u201d.<\/em><\/p>\n\n\n\n<p>O escritor salienta que n\u00e3o h\u00e1 regra para viajar, seja sozinho ou acompanhado, tudo vai depender do destino e da \u00e9poca, sendo este \u00faltimo um crit\u00e9rio que ele usa em v\u00e1rias de suas piadas durante o show.<\/p>\n\n\n\n<p><em>\u201cCada viagem \u00e9 uma viagem. \u00c9 uma frase clich\u00ea, mas \u00e9 verdade. Viajar sozinho \u00e9 maravilhoso. Viajar em casal \u00e9 tamb\u00e9m. Com fam\u00edlia \u00e9 divertido. Com um grupo de amigos tamb\u00e9m. Para balada, solteiro, casado. Todo tipo de viagem. O neg\u00f3cio \u00e9 assim, voc\u00ea tem o foco, entendeu? Se voc\u00ea quer ir para Las Vegas com a tua m\u00e3e, talvez seja menos divertido do que ir para Las Vegas em uma despedida de solteiro. Ent\u00e3o, acho que \u00e9 mais, mas pode ser tamb\u00e9m. Las Vegas \u00e9 t\u00e3o divertido que at\u00e9 com a m\u00e3e \u00e9 bom. Mas saber mais ou menos assim: Vou para Maldivas que \u00e9 um lugar rom\u00e2ntico, bonito. Eu e meu melhor amigo. Vou fazer o qu\u00ea em Maldivas com meu melhor amigo?&nbsp; Ent\u00e3o, \u00e9 saber para onde voc\u00ea vai\u201d<\/em>, diz.<\/p>\n\n\n\n<p>Em cartaz<\/p>\n\n\n\n<p>A com\u00e9dia-rom\u00e2ntica narra os encontros e desencontros do casal formado por Marco Ant\u00f4nio (Porchat) e Laura (Sandy), que se conhecem em um karaok\u00ea, cantando a m\u00fasica &#8220;Evid\u00eancias&#8221;, famosa nas vozes de Chit\u00e3ozinho e Xoror\u00f3.<\/p>\n\n\n\n<p>Programa<\/p>\n\n\n\n<p>Que Hist\u00f3ria \u00c9 Essa, Porchat? \u00c9 um talk show criado e apresentado por F\u00e1bio Porchat, produzido pelo Porta dos Fundos e exibido desde 6 de agosto de 2019 pelo canal GNT. O talk show venceu o Pr\u00eamio APCA de Melhor Programa de TV, em 2019 e atualmente \u00e9 exibido tamb\u00e9m na Rede Globo. No programa Fabio Porchat traz as melhores hist\u00f3rias de tr\u00eas convidados e participa\u00e7\u00e3o da plateia onde anomimos tamb\u00e9m contam hist\u00f3rias inusitadas.<\/p>\n","protected":false},"excerpt":{"rendered":"<p>Na noite de quinta-feira (16), no Aria Hall em Feira de Santana, o escritor e comediante, F\u00e1bio Porchat, contou as hist\u00f3rias das suas viagens regado a muito humor e piadas, comediante com seu stand up, \u201cHist\u00f3rias do Porchat\u201d, com uma sess\u00e3o lotada, com cerca de 3 mil pessoas na plateia. Por Feira de Santana ser [&hellip;]<\/p>\n","protected":false},"author":5,"featured_media":26378,"comment_status":"open","ping_status":"open","sticky":false,"template":"","format":"standard","meta":{"_monsterinsights_skip_tracking":false,"_monsterinsights_sitenote_active":false,"_monsterinsights_sitenote_note":"","_monsterinsights_sitenote_category":0,"footnotes":""},"categories":[48,45],"tags":[],"yoast_head":"<!-- This site is optimized with the Yoast SEO plugin v22.9 - https:\/\/yoast.com\/wordpress\/plugins\/seo\/ -->\n<title>Em Feira de Santana, F\u00e1bio Porchat apresentou stand up com hist\u00f3rias de viagens - Portal MF<\/title>\n<meta name=\"robots\" content=\"index, follow, max-snippet:-1, max-image-preview:large, max-video-preview:-1\" \/>\n<link rel=\"canonical\" href=\"https:\/\/portalmf.com.br\/index.php\/2024\/05\/17\/em-feira-de-santana-fabio-porchat-apresentou-stand-up-com-historias-de-viagens\/\" \/>\n<meta property=\"og:locale\" content=\"pt_BR\" \/>\n<meta property=\"og:type\" content=\"article\" \/>\n<meta property=\"og:title\" content=\"Em Feira de Santana, F\u00e1bio Porchat apresentou stand up com hist\u00f3rias de viagens - Portal MF\" \/>\n<meta property=\"og:description\" content=\"Na noite de quinta-feira (16), no Aria Hall em Feira de Santana, o escritor e comediante, F\u00e1bio Porchat, contou as hist\u00f3rias das suas viagens regado a muito humor e piadas, comediante com seu stand up, \u201cHist\u00f3rias do Porchat\u201d, com uma sess\u00e3o lotada, com cerca de 3 mil pessoas na plateia. Por Feira de Santana ser [&hellip;]\" \/>\n<meta property=\"og:url\" content=\"https:\/\/portalmf.com.br\/index.php\/2024\/05\/17\/em-feira-de-santana-fabio-porchat-apresentou-stand-up-com-historias-de-viagens\/\" \/>\n<meta property=\"og:site_name\" content=\"Portal MF\" \/>\n<meta property=\"article:published_time\" content=\"2024-05-17T20:41:06+00:00\" \/>\n<meta property=\"article:modified_time\" content=\"2024-05-17T21:17:43+00:00\" \/>\n<meta property=\"og:image\" content=\"https:\/\/portalmf.com.br\/wp-content\/uploads\/2024\/05\/Fabio-Porchat_feira_de_Santana.jpg\" \/>\n\t<meta property=\"og:image:width\" content=\"800\" \/>\n\t<meta property=\"og:image:height\" content=\"600\" \/>\n\t<meta property=\"og:image:type\" content=\"image\/jpeg\" \/>\n<meta name=\"author\" content=\"Lila Oliveira\" \/>\n<meta name=\"twitter:card\" content=\"summary_large_image\" \/>\n<meta name=\"twitter:label1\" content=\"Escrito por\" \/>\n\t<meta name=\"twitter:data1\" content=\"Lila Oliveira\" \/>\n\t<meta name=\"twitter:label2\" content=\"Est. tempo de leitura\" \/>\n\t<meta name=\"twitter:data2\" content=\"5 minutos\" \/>\n<script type=\"application\/ld+json\" class=\"yoast-schema-graph\">{\"@context\":\"https:\/\/schema.org\",\"@graph\":[{\"@type\":\"WebPage\",\"@id\":\"https:\/\/portalmf.com.br\/index.php\/2024\/05\/17\/em-feira-de-santana-fabio-porchat-apresentou-stand-up-com-historias-de-viagens\/\",\"url\":\"https:\/\/portalmf.com.br\/index.php\/2024\/05\/17\/em-feira-de-santana-fabio-porchat-apresentou-stand-up-com-historias-de-viagens\/\",\"name\":\"Em Feira de Santana, F\u00e1bio Porchat apresentou stand up com hist\u00f3rias de viagens - Portal MF\",\"isPartOf\":{\"@id\":\"https:\/\/portalmf.com.br\/#website\"},\"primaryImageOfPage\":{\"@id\":\"https:\/\/portalmf.com.br\/index.php\/2024\/05\/17\/em-feira-de-santana-fabio-porchat-apresentou-stand-up-com-historias-de-viagens\/#primaryimage\"},\"image\":{\"@id\":\"https:\/\/portalmf.com.br\/index.php\/2024\/05\/17\/em-feira-de-santana-fabio-porchat-apresentou-stand-up-com-historias-de-viagens\/#primaryimage\"},\"thumbnailUrl\":\"https:\/\/portalmf.com.br\/wp-content\/uploads\/2024\/05\/Fabio-Porchat_feira_de_Santana.jpg\",\"datePublished\":\"2024-05-17T20:41:06+00:00\",\"dateModified\":\"2024-05-17T21:17:43+00:00\",\"author\":{\"@id\":\"https:\/\/portalmf.com.br\/#\/schema\/person\/19071c375ee7579b7300dd91d656ff97\"},\"breadcrumb\":{\"@id\":\"https:\/\/portalmf.com.br\/index.php\/2024\/05\/17\/em-feira-de-santana-fabio-porchat-apresentou-stand-up-com-historias-de-viagens\/#breadcrumb\"},\"inLanguage\":\"pt-BR\",\"potentialAction\":[{\"@type\":\"ReadAction\",\"target\":[\"https:\/\/portalmf.com.br\/index.php\/2024\/05\/17\/em-feira-de-santana-fabio-porchat-apresentou-stand-up-com-historias-de-viagens\/\"]}]},{\"@type\":\"ImageObject\",\"inLanguage\":\"pt-BR\",\"@id\":\"https:\/\/portalmf.com.br\/index.php\/2024\/05\/17\/em-feira-de-santana-fabio-porchat-apresentou-stand-up-com-historias-de-viagens\/#primaryimage\",\"url\":\"https:\/\/portalmf.com.br\/wp-content\/uploads\/2024\/05\/Fabio-Porchat_feira_de_Santana.jpg\",\"contentUrl\":\"https:\/\/portalmf.com.br\/wp-content\/uploads\/2024\/05\/Fabio-Porchat_feira_de_Santana.jpg\",\"width\":800,\"height\":600},{\"@type\":\"BreadcrumbList\",\"@id\":\"https:\/\/portalmf.com.br\/index.php\/2024\/05\/17\/em-feira-de-santana-fabio-porchat-apresentou-stand-up-com-historias-de-viagens\/#breadcrumb\",\"itemListElement\":[{\"@type\":\"ListItem\",\"position\":1,\"name\":\"In\u00edcio\",\"item\":\"https:\/\/portalmf.com.br\/\"},{\"@type\":\"ListItem\",\"position\":2,\"name\":\"Em Feira de Santana, F\u00e1bio Porchat apresentou stand up com hist\u00f3rias de viagens\"}]},{\"@type\":\"WebSite\",\"@id\":\"https:\/\/portalmf.com.br\/#website\",\"url\":\"https:\/\/portalmf.com.br\/\",\"name\":\"Portal MF\",\"description\":\"Voc\u00ea conectado com a informa\u00e7\u00e3o\",\"potentialAction\":[{\"@type\":\"SearchAction\",\"target\":{\"@type\":\"EntryPoint\",\"urlTemplate\":\"https:\/\/portalmf.com.br\/?s={search_term_string}\"},\"query-input\":\"required name=search_term_string\"}],\"inLanguage\":\"pt-BR\"},{\"@type\":\"Person\",\"@id\":\"https:\/\/portalmf.com.br\/#\/schema\/person\/19071c375ee7579b7300dd91d656ff97\",\"name\":\"Lila Oliveira\",\"image\":{\"@type\":\"ImageObject\",\"inLanguage\":\"pt-BR\",\"@id\":\"https:\/\/portalmf.com.br\/#\/schema\/person\/image\/\",\"url\":\"https:\/\/secure.gravatar.com\/avatar\/344958fa973c4e824a6dde1b63c19431?s=96&d=mm&r=g\",\"contentUrl\":\"https:\/\/secure.gravatar.com\/avatar\/344958fa973c4e824a6dde1b63c19431?s=96&d=mm&r=g\",\"caption\":\"Lila Oliveira\"},\"sameAs\":[\"https:\/\/portalmf.com.br\/\"],\"url\":\"https:\/\/portalmf.com.br\/index.php\/author\/lilaoliveira\/\"}]}<\/script>\n<!-- \/ Yoast SEO plugin. -->","yoast_head_json":{"title":"Em Feira de Santana, F\u00e1bio Porchat apresentou stand up com hist\u00f3rias de viagens - Portal MF","robots":{"index":"index","follow":"follow","max-snippet":"max-snippet:-1","max-image-preview":"max-image-preview:large","max-video-preview":"max-video-preview:-1"},"canonical":"https:\/\/portalmf.com.br\/index.php\/2024\/05\/17\/em-feira-de-santana-fabio-porchat-apresentou-stand-up-com-historias-de-viagens\/","og_locale":"pt_BR","og_type":"article","og_title":"Em Feira de Santana, F\u00e1bio Porchat apresentou stand up com hist\u00f3rias de viagens - Portal MF","og_description":"Na noite de quinta-feira (16), no Aria Hall em Feira de Santana, o escritor e comediante, F\u00e1bio Porchat, contou as hist\u00f3rias das suas viagens regado a muito humor e piadas, comediante com seu stand up, \u201cHist\u00f3rias do Porchat\u201d, com uma sess\u00e3o lotada, com cerca de 3 mil pessoas na plateia. Por Feira de Santana ser [&hellip;]","og_url":"https:\/\/portalmf.com.br\/index.php\/2024\/05\/17\/em-feira-de-santana-fabio-porchat-apresentou-stand-up-com-historias-de-viagens\/","og_site_name":"Portal MF","article_published_time":"2024-05-17T20:41:06+00:00","article_modified_time":"2024-05-17T21:17:43+00:00","og_image":[{"width":800,"height":600,"url":"https:\/\/portalmf.com.br\/wp-content\/uploads\/2024\/05\/Fabio-Porchat_feira_de_Santana.jpg","type":"image\/jpeg"}],"author":"Lila Oliveira","twitter_card":"summary_large_image","twitter_misc":{"Escrito por":"Lila Oliveira","Est. tempo de leitura":"5 minutos"},"schema":{"@context":"https:\/\/schema.org","@graph":[{"@type":"WebPage","@id":"https:\/\/portalmf.com.br\/index.php\/2024\/05\/17\/em-feira-de-santana-fabio-porchat-apresentou-stand-up-com-historias-de-viagens\/","url":"https:\/\/portalmf.com.br\/index.php\/2024\/05\/17\/em-feira-de-santana-fabio-porchat-apresentou-stand-up-com-historias-de-viagens\/","name":"Em Feira de Santana, F\u00e1bio Porchat apresentou stand up com hist\u00f3rias de viagens - Portal MF","isPartOf":{"@id":"https:\/\/portalmf.com.br\/#website"},"primaryImageOfPage":{"@id":"https:\/\/portalmf.com.br\/index.php\/2024\/05\/17\/em-feira-de-santana-fabio-porchat-apresentou-stand-up-com-historias-de-viagens\/#primaryimage"},"image":{"@id":"https:\/\/portalmf.com.br\/index.php\/2024\/05\/17\/em-feira-de-santana-fabio-porchat-apresentou-stand-up-com-historias-de-viagens\/#primaryimage"},"thumbnailUrl":"https:\/\/portalmf.com.br\/wp-content\/uploads\/2024\/05\/Fabio-Porchat_feira_de_Santana.jpg","datePublished":"2024-05-17T20:41:06+00:00","dateModified":"2024-05-17T21:17:43+00:00","author":{"@id":"https:\/\/portalmf.com.br\/#\/schema\/person\/19071c375ee7579b7300dd91d656ff97"},"breadcrumb":{"@id":"https:\/\/portalmf.com.br\/index.php\/2024\/05\/17\/em-feira-de-santana-fabio-porchat-apresentou-stand-up-com-historias-de-viagens\/#breadcrumb"},"inLanguage":"pt-BR","potentialAction":[{"@type":"ReadAction","target":["https:\/\/portalmf.com.br\/index.php\/2024\/05\/17\/em-feira-de-santana-fabio-porchat-apresentou-stand-up-com-historias-de-viagens\/"]}]},{"@type":"ImageObject","inLanguage":"pt-BR","@id":"https:\/\/portalmf.com.br\/index.php\/2024\/05\/17\/em-feira-de-santana-fabio-porchat-apresentou-stand-up-com-historias-de-viagens\/#primaryimage","url":"https:\/\/portalmf.com.br\/wp-content\/uploads\/2024\/05\/Fabio-Porchat_feira_de_Santana.jpg","contentUrl":"https:\/\/portalmf.com.br\/wp-content\/uploads\/2024\/05\/Fabio-Porchat_feira_de_Santana.jpg","width":800,"height":600},{"@type":"BreadcrumbList","@id":"https:\/\/portalmf.com.br\/index.php\/2024\/05\/17\/em-feira-de-santana-fabio-porchat-apresentou-stand-up-com-historias-de-viagens\/#breadcrumb","itemListElement":[{"@type":"ListItem","position":1,"name":"In\u00edcio","item":"https:\/\/portalmf.com.br\/"},{"@type":"ListItem","position":2,"name":"Em Feira de Santana, F\u00e1bio Porchat apresentou stand up com hist\u00f3rias de viagens"}]},{"@type":"WebSite","@id":"https:\/\/portalmf.com.br\/#website","url":"https:\/\/portalmf.com.br\/","name":"Portal MF","description":"Voc\u00ea conectado com a informa\u00e7\u00e3o","potentialAction":[{"@type":"SearchAction","target":{"@type":"EntryPoint","urlTemplate":"https:\/\/portalmf.com.br\/?s={search_term_string}"},"query-input":"required name=search_term_string"}],"inLanguage":"pt-BR"},{"@type":"Person","@id":"https:\/\/portalmf.com.br\/#\/schema\/person\/19071c375ee7579b7300dd91d656ff97","name":"Lila Oliveira","image":{"@type":"ImageObject","inLanguage":"pt-BR","@id":"https:\/\/portalmf.com.br\/#\/schema\/person\/image\/","url":"https:\/\/secure.gravatar.com\/avatar\/344958fa973c4e824a6dde1b63c19431?s=96&d=mm&r=g","contentUrl":"https:\/\/secure.gravatar.com\/avatar\/344958fa973c4e824a6dde1b63c19431?s=96&d=mm&r=g","caption":"Lila Oliveira"},"sameAs":["https:\/\/portalmf.com.br\/"],"url":"https:\/\/portalmf.com.br\/index.php\/author\/lilaoliveira\/"}]}},"_links":{"self":[{"href":"https:\/\/portalmf.com.br\/index.php\/wp-json\/wp\/v2\/posts\/26377"}],"collection":[{"href":"https:\/\/portalmf.com.br\/index.php\/wp-json\/wp\/v2\/posts"}],"about":[{"href":"https:\/\/portalmf.com.br\/index.php\/wp-json\/wp\/v2\/types\/post"}],"author":[{"embeddable":true,"href":"https:\/\/portalmf.com.br\/index.php\/wp-json\/wp\/v2\/users\/5"}],"replies":[{"embeddable":true,"href":"https:\/\/portalmf.com.br\/index.php\/wp-json\/wp\/v2\/comments?post=26377"}],"version-history":[{"count":2,"href":"https:\/\/portalmf.com.br\/index.php\/wp-json\/wp\/v2\/posts\/26377\/revisions"}],"predecessor-version":[{"id":26384,"href":"https:\/\/portalmf.com.br\/index.php\/wp-json\/wp\/v2\/posts\/26377\/revisions\/26384"}],"wp:featuredmedia":[{"embeddable":true,"href":"https:\/\/portalmf.com.br\/index.php\/wp-json\/wp\/v2\/media\/26378"}],"wp:attachment":[{"href":"https:\/\/portalmf.com.br\/index.php\/wp-json\/wp\/v2\/media?parent=26377"}],"wp:term":[{"taxonomy":"category","embeddable":true,"href":"https:\/\/portalmf.com.br\/index.php\/wp-json\/wp\/v2\/categories?post=26377"},{"taxonomy":"post_tag","embeddable":true,"href":"https:\/\/portalmf.com.br\/index.php\/wp-json\/wp\/v2\/tags?post=26377"}],"curies":[{"name":"wp","href":"https:\/\/api.w.org\/{rel}","templated":true}]}}