{"id":26359,"date":"2024-05-17T12:24:00","date_gmt":"2024-05-17T15:24:00","guid":{"rendered":"https:\/\/portalmf.com.br\/?p=26359"},"modified":"2024-05-17T16:26:35","modified_gmt":"2024-05-17T19:26:35","slug":"estilista-feirense-lanca-pre-candidatura-a-vereadora","status":"publish","type":"post","link":"https:\/\/portalmf.com.br\/index.php\/2024\/05\/17\/estilista-feirense-lanca-pre-candidatura-a-vereadora\/","title":{"rendered":"Estilista feirense lan\u00e7a pr\u00e9-candidatura a vereadora"},"content":{"rendered":"\n<p>Representatividade. Essa \u00e9 uma marca que a estilista Fl\u00e1via Sacramento carrega consigo e que p\u00f4de ser vista durante lan\u00e7amento da pr\u00e9-campanha a vereadora de Feira de Santana, na noite desta ter\u00e7a-feira (14), na sede municipal do PSB.&nbsp;<\/p>\n\n\n\n<p>Ao lado de representantes da classe art\u00edstica e cultural da cidade e da presid\u00eancia do partido ao qual \u00e9 filiada, Fl\u00e1via afirmou que defender\u00e1 a economia criativa e equidade de g\u00eanero e ra\u00e7a. \u201cO desafio foi aceito e precisamos fazer essas defesas dentro da pol\u00edtica\u201d, frisou.<\/p>\n\n\n\n<p>Mulher negra, estilista, algu\u00e9m que conhece de economia criativa, que luta pela mudan\u00e7a e quer batalhar por mais representatividade. \u00c9 assim que o dirigente do PSB, o deputado estadual licenciado e atual secret\u00e1rio de Desenvolvimento Econ\u00f4mico da Bahia, Angelo Almeida, define Fl\u00e1via.&nbsp;<\/p>\n\n\n\n<p>Segundo Angelo, \u00e9 um privil\u00e9gio para o partido ter algu\u00e9m com a for\u00e7a e a coragem da artista. <em>\u201c\u00c9 uma grande oportunidade para n\u00f3s apresentar \u00e0 sociedade de Feira um grande quadro de pr\u00e9-candidatos. Feira merece a representa\u00e7\u00e3o de algu\u00e9m como Fl\u00e1via e a caminhada come\u00e7ou neste 14 de maio\u201d,<\/em> destacou.\u00a0<\/p>\n\n\n\n<p>A valoriza\u00e7\u00e3o de Fl\u00e1via Sacramento foi refor\u00e7ada pelo presidente do PSB de Feira de Santana, Roberto Tourinho, que agradeceu a Fl\u00e1via a confian\u00e7a no partido. <em>\u201cCom certeza Fl\u00e1via far\u00e1 a diferen\u00e7a na C\u00e2mara de Feira de Santana\u201d, <\/em>projetou.\u00a0<\/p>\n\n\n\n<p>Entre os demais presentes no lan\u00e7amento da pr\u00e9-candidatura de Fl\u00e1via estavam os artistas Ant\u00f4nio Dionorina, Djalma Ferreira,&nbsp;Gilsam e Sam Rasta, al\u00e9m de Hel Pedreira, professora e mestra em Letramento Racial, dentre outros fazedores de cultura e arte de Feira de Santana.<\/p>\n","protected":false},"excerpt":{"rendered":"<p>Representatividade. Essa \u00e9 uma marca que a estilista Fl\u00e1via Sacramento carrega consigo e que p\u00f4de ser vista durante lan\u00e7amento da pr\u00e9-campanha a vereadora de Feira de Santana, na noite desta ter\u00e7a-feira (14), na sede municipal do PSB.&nbsp; Ao lado de representantes da classe art\u00edstica e cultural da cidade e da presid\u00eancia do partido ao qual [&hellip;]<\/p>\n","protected":false},"author":3,"featured_media":26360,"comment_status":"open","ping_status":"open","sticky":false,"template":"","format":"standard","meta":{"_monsterinsights_skip_tracking":false,"_monsterinsights_sitenote_active":false,"_monsterinsights_sitenote_note":"","_monsterinsights_sitenote_category":0,"footnotes":""},"categories":[301,34],"tags":[],"yoast_head":"<!-- This site is optimized with the Yoast SEO plugin v22.9 - https:\/\/yoast.com\/wordpress\/plugins\/seo\/ -->\n<title>Estilista feirense lan\u00e7a pr\u00e9-candidatura a vereadora - Portal MF<\/title>\n<meta name=\"robots\" content=\"index, follow, max-snippet:-1, max-image-preview:large, max-video-preview:-1\" \/>\n<link rel=\"canonical\" href=\"https:\/\/portalmf.com.br\/index.php\/2024\/05\/17\/estilista-feirense-lanca-pre-candidatura-a-vereadora\/\" \/>\n<meta property=\"og:locale\" content=\"pt_BR\" \/>\n<meta property=\"og:type\" content=\"article\" \/>\n<meta property=\"og:title\" content=\"Estilista feirense lan\u00e7a pr\u00e9-candidatura a vereadora - Portal MF\" \/>\n<meta property=\"og:description\" content=\"Representatividade. Essa \u00e9 uma marca que a estilista Fl\u00e1via Sacramento carrega consigo e que p\u00f4de ser vista durante lan\u00e7amento da pr\u00e9-campanha a vereadora de Feira de Santana, na noite desta ter\u00e7a-feira (14), na sede municipal do PSB.&nbsp; Ao lado de representantes da classe art\u00edstica e cultural da cidade e da presid\u00eancia do partido ao qual [&hellip;]\" \/>\n<meta property=\"og:url\" content=\"https:\/\/portalmf.com.br\/index.php\/2024\/05\/17\/estilista-feirense-lanca-pre-candidatura-a-vereadora\/\" \/>\n<meta property=\"og:site_name\" content=\"Portal MF\" \/>\n<meta property=\"article:author\" content=\"https:\/\/www.facebook.com\/portalmfoficial\" \/>\n<meta property=\"article:published_time\" content=\"2024-05-17T15:24:00+00:00\" \/>\n<meta property=\"article:modified_time\" content=\"2024-05-17T19:26:35+00:00\" \/>\n<meta property=\"og:image\" content=\"https:\/\/portalmf.com.br\/wp-content\/uploads\/2024\/05\/Estilista-feirense-lanca-pre-candidatura-a-vereadora.jpg\" \/>\n\t<meta property=\"og:image:width\" content=\"1600\" \/>\n\t<meta property=\"og:image:height\" content=\"900\" \/>\n\t<meta property=\"og:image:type\" content=\"image\/jpeg\" \/>\n<meta name=\"author\" content=\"Reda\u00e7\u00e3o Portal MF\" \/>\n<meta name=\"twitter:card\" content=\"summary_large_image\" \/>\n<meta name=\"twitter:creator\" content=\"@https:\/\/x.com\/portalmfoficial\" \/>\n<meta name=\"twitter:label1\" content=\"Escrito por\" \/>\n\t<meta name=\"twitter:data1\" content=\"Reda\u00e7\u00e3o Portal MF\" \/>\n\t<meta name=\"twitter:label2\" content=\"Est. tempo de leitura\" \/>\n\t<meta name=\"twitter:data2\" content=\"2 minutos\" \/>\n<script type=\"application\/ld+json\" class=\"yoast-schema-graph\">{\"@context\":\"https:\/\/schema.org\",\"@graph\":[{\"@type\":\"WebPage\",\"@id\":\"https:\/\/portalmf.com.br\/index.php\/2024\/05\/17\/estilista-feirense-lanca-pre-candidatura-a-vereadora\/\",\"url\":\"https:\/\/portalmf.com.br\/index.php\/2024\/05\/17\/estilista-feirense-lanca-pre-candidatura-a-vereadora\/\",\"name\":\"Estilista feirense lan\u00e7a pr\u00e9-candidatura a vereadora - Portal MF\",\"isPartOf\":{\"@id\":\"https:\/\/portalmf.com.br\/#website\"},\"primaryImageOfPage\":{\"@id\":\"https:\/\/portalmf.com.br\/index.php\/2024\/05\/17\/estilista-feirense-lanca-pre-candidatura-a-vereadora\/#primaryimage\"},\"image\":{\"@id\":\"https:\/\/portalmf.com.br\/index.php\/2024\/05\/17\/estilista-feirense-lanca-pre-candidatura-a-vereadora\/#primaryimage\"},\"thumbnailUrl\":\"https:\/\/portalmf.com.br\/wp-content\/uploads\/2024\/05\/Estilista-feirense-lanca-pre-candidatura-a-vereadora.jpg\",\"datePublished\":\"2024-05-17T15:24:00+00:00\",\"dateModified\":\"2024-05-17T19:26:35+00:00\",\"author\":{\"@id\":\"https:\/\/portalmf.com.br\/#\/schema\/person\/9ec101baf56233e53520c26de5d6f6f0\"},\"breadcrumb\":{\"@id\":\"https:\/\/portalmf.com.br\/index.php\/2024\/05\/17\/estilista-feirense-lanca-pre-candidatura-a-vereadora\/#breadcrumb\"},\"inLanguage\":\"pt-BR\",\"potentialAction\":[{\"@type\":\"ReadAction\",\"target\":[\"https:\/\/portalmf.com.br\/index.php\/2024\/05\/17\/estilista-feirense-lanca-pre-candidatura-a-vereadora\/\"]}]},{\"@type\":\"ImageObject\",\"inLanguage\":\"pt-BR\",\"@id\":\"https:\/\/portalmf.com.br\/index.php\/2024\/05\/17\/estilista-feirense-lanca-pre-candidatura-a-vereadora\/#primaryimage\",\"url\":\"https:\/\/portalmf.com.br\/wp-content\/uploads\/2024\/05\/Estilista-feirense-lanca-pre-candidatura-a-vereadora.jpg\",\"contentUrl\":\"https:\/\/portalmf.com.br\/wp-content\/uploads\/2024\/05\/Estilista-feirense-lanca-pre-candidatura-a-vereadora.jpg\",\"width\":1600,\"height\":900},{\"@type\":\"BreadcrumbList\",\"@id\":\"https:\/\/portalmf.com.br\/index.php\/2024\/05\/17\/estilista-feirense-lanca-pre-candidatura-a-vereadora\/#breadcrumb\",\"itemListElement\":[{\"@type\":\"ListItem\",\"position\":1,\"name\":\"In\u00edcio\",\"item\":\"https:\/\/portalmf.com.br\/\"},{\"@type\":\"ListItem\",\"position\":2,\"name\":\"Estilista feirense lan\u00e7a pr\u00e9-candidatura a vereadora\"}]},{\"@type\":\"WebSite\",\"@id\":\"https:\/\/portalmf.com.br\/#website\",\"url\":\"https:\/\/portalmf.com.br\/\",\"name\":\"Portal MF\",\"description\":\"Voc\u00ea conectado com a informa\u00e7\u00e3o\",\"potentialAction\":[{\"@type\":\"SearchAction\",\"target\":{\"@type\":\"EntryPoint\",\"urlTemplate\":\"https:\/\/portalmf.com.br\/?s={search_term_string}\"},\"query-input\":\"required name=search_term_string\"}],\"inLanguage\":\"pt-BR\"},{\"@type\":\"Person\",\"@id\":\"https:\/\/portalmf.com.br\/#\/schema\/person\/9ec101baf56233e53520c26de5d6f6f0\",\"name\":\"Reda\u00e7\u00e3o Portal MF\",\"image\":{\"@type\":\"ImageObject\",\"inLanguage\":\"pt-BR\",\"@id\":\"https:\/\/portalmf.com.br\/#\/schema\/person\/image\/\",\"url\":\"https:\/\/secure.gravatar.com\/avatar\/41b9aaeb2100835f7c64362330f74c7f?s=96&d=mm&r=g\",\"contentUrl\":\"https:\/\/secure.gravatar.com\/avatar\/41b9aaeb2100835f7c64362330f74c7f?s=96&d=mm&r=g\",\"caption\":\"Reda\u00e7\u00e3o Portal MF\"},\"description\":\"Sejam bem-vindos o portal de informa\u00e7\u00f5es de entretenimento de Feira de Santana, desde 2006 realiza coberturas dos principais eventos com entrevistas exclusivas com as principais personalidades mundiais. Fique conectado tamb\u00e9m nas redes sociais.\",\"sameAs\":[\"http:\/\/www.portalmf.com.br\/\",\"https:\/\/www.facebook.com\/portalmfoficial\",\"https:\/\/www.instagram.com\/portalmf\/\",\"https:\/\/x.com\/https:\/\/x.com\/portalmfoficial\",\"https:\/\/www.youtube.com\/@portalmfoficial\"],\"url\":\"https:\/\/portalmf.com.br\/index.php\/author\/junior\/\"}]}<\/script>\n<!-- \/ Yoast SEO plugin. -->","yoast_head_json":{"title":"Estilista feirense lan\u00e7a pr\u00e9-candidatura a vereadora - Portal MF","robots":{"index":"index","follow":"follow","max-snippet":"max-snippet:-1","max-image-preview":"max-image-preview:large","max-video-preview":"max-video-preview:-1"},"canonical":"https:\/\/portalmf.com.br\/index.php\/2024\/05\/17\/estilista-feirense-lanca-pre-candidatura-a-vereadora\/","og_locale":"pt_BR","og_type":"article","og_title":"Estilista feirense lan\u00e7a pr\u00e9-candidatura a vereadora - Portal MF","og_description":"Representatividade. Essa \u00e9 uma marca que a estilista Fl\u00e1via Sacramento carrega consigo e que p\u00f4de ser vista durante lan\u00e7amento da pr\u00e9-campanha a vereadora de Feira de Santana, na noite desta ter\u00e7a-feira (14), na sede municipal do PSB.&nbsp; Ao lado de representantes da classe art\u00edstica e cultural da cidade e da presid\u00eancia do partido ao qual [&hellip;]","og_url":"https:\/\/portalmf.com.br\/index.php\/2024\/05\/17\/estilista-feirense-lanca-pre-candidatura-a-vereadora\/","og_site_name":"Portal MF","article_author":"https:\/\/www.facebook.com\/portalmfoficial","article_published_time":"2024-05-17T15:24:00+00:00","article_modified_time":"2024-05-17T19:26:35+00:00","og_image":[{"width":1600,"height":900,"url":"https:\/\/portalmf.com.br\/wp-content\/uploads\/2024\/05\/Estilista-feirense-lanca-pre-candidatura-a-vereadora.jpg","type":"image\/jpeg"}],"author":"Reda\u00e7\u00e3o Portal MF","twitter_card":"summary_large_image","twitter_creator":"@https:\/\/x.com\/portalmfoficial","twitter_misc":{"Escrito por":"Reda\u00e7\u00e3o Portal MF","Est. tempo de leitura":"2 minutos"},"schema":{"@context":"https:\/\/schema.org","@graph":[{"@type":"WebPage","@id":"https:\/\/portalmf.com.br\/index.php\/2024\/05\/17\/estilista-feirense-lanca-pre-candidatura-a-vereadora\/","url":"https:\/\/portalmf.com.br\/index.php\/2024\/05\/17\/estilista-feirense-lanca-pre-candidatura-a-vereadora\/","name":"Estilista feirense lan\u00e7a pr\u00e9-candidatura a vereadora - Portal MF","isPartOf":{"@id":"https:\/\/portalmf.com.br\/#website"},"primaryImageOfPage":{"@id":"https:\/\/portalmf.com.br\/index.php\/2024\/05\/17\/estilista-feirense-lanca-pre-candidatura-a-vereadora\/#primaryimage"},"image":{"@id":"https:\/\/portalmf.com.br\/index.php\/2024\/05\/17\/estilista-feirense-lanca-pre-candidatura-a-vereadora\/#primaryimage"},"thumbnailUrl":"https:\/\/portalmf.com.br\/wp-content\/uploads\/2024\/05\/Estilista-feirense-lanca-pre-candidatura-a-vereadora.jpg","datePublished":"2024-05-17T15:24:00+00:00","dateModified":"2024-05-17T19:26:35+00:00","author":{"@id":"https:\/\/portalmf.com.br\/#\/schema\/person\/9ec101baf56233e53520c26de5d6f6f0"},"breadcrumb":{"@id":"https:\/\/portalmf.com.br\/index.php\/2024\/05\/17\/estilista-feirense-lanca-pre-candidatura-a-vereadora\/#breadcrumb"},"inLanguage":"pt-BR","potentialAction":[{"@type":"ReadAction","target":["https:\/\/portalmf.com.br\/index.php\/2024\/05\/17\/estilista-feirense-lanca-pre-candidatura-a-vereadora\/"]}]},{"@type":"ImageObject","inLanguage":"pt-BR","@id":"https:\/\/portalmf.com.br\/index.php\/2024\/05\/17\/estilista-feirense-lanca-pre-candidatura-a-vereadora\/#primaryimage","url":"https:\/\/portalmf.com.br\/wp-content\/uploads\/2024\/05\/Estilista-feirense-lanca-pre-candidatura-a-vereadora.jpg","contentUrl":"https:\/\/portalmf.com.br\/wp-content\/uploads\/2024\/05\/Estilista-feirense-lanca-pre-candidatura-a-vereadora.jpg","width":1600,"height":900},{"@type":"BreadcrumbList","@id":"https:\/\/portalmf.com.br\/index.php\/2024\/05\/17\/estilista-feirense-lanca-pre-candidatura-a-vereadora\/#breadcrumb","itemListElement":[{"@type":"ListItem","position":1,"name":"In\u00edcio","item":"https:\/\/portalmf.com.br\/"},{"@type":"ListItem","position":2,"name":"Estilista feirense lan\u00e7a pr\u00e9-candidatura a vereadora"}]},{"@type":"WebSite","@id":"https:\/\/portalmf.com.br\/#website","url":"https:\/\/portalmf.com.br\/","name":"Portal MF","description":"Voc\u00ea conectado com a informa\u00e7\u00e3o","potentialAction":[{"@type":"SearchAction","target":{"@type":"EntryPoint","urlTemplate":"https:\/\/portalmf.com.br\/?s={search_term_string}"},"query-input":"required name=search_term_string"}],"inLanguage":"pt-BR"},{"@type":"Person","@id":"https:\/\/portalmf.com.br\/#\/schema\/person\/9ec101baf56233e53520c26de5d6f6f0","name":"Reda\u00e7\u00e3o Portal MF","image":{"@type":"ImageObject","inLanguage":"pt-BR","@id":"https:\/\/portalmf.com.br\/#\/schema\/person\/image\/","url":"https:\/\/secure.gravatar.com\/avatar\/41b9aaeb2100835f7c64362330f74c7f?s=96&d=mm&r=g","contentUrl":"https:\/\/secure.gravatar.com\/avatar\/41b9aaeb2100835f7c64362330f74c7f?s=96&d=mm&r=g","caption":"Reda\u00e7\u00e3o Portal MF"},"description":"Sejam bem-vindos o portal de informa\u00e7\u00f5es de entretenimento de Feira de Santana, desde 2006 realiza coberturas dos principais eventos com entrevistas exclusivas com as principais personalidades mundiais. Fique conectado tamb\u00e9m nas redes sociais.","sameAs":["http:\/\/www.portalmf.com.br\/","https:\/\/www.facebook.com\/portalmfoficial","https:\/\/www.instagram.com\/portalmf\/","https:\/\/x.com\/https:\/\/x.com\/portalmfoficial","https:\/\/www.youtube.com\/@portalmfoficial"],"url":"https:\/\/portalmf.com.br\/index.php\/author\/junior\/"}]}},"_links":{"self":[{"href":"https:\/\/portalmf.com.br\/index.php\/wp-json\/wp\/v2\/posts\/26359"}],"collection":[{"href":"https:\/\/portalmf.com.br\/index.php\/wp-json\/wp\/v2\/posts"}],"about":[{"href":"https:\/\/portalmf.com.br\/index.php\/wp-json\/wp\/v2\/types\/post"}],"author":[{"embeddable":true,"href":"https:\/\/portalmf.com.br\/index.php\/wp-json\/wp\/v2\/users\/3"}],"replies":[{"embeddable":true,"href":"https:\/\/portalmf.com.br\/index.php\/wp-json\/wp\/v2\/comments?post=26359"}],"version-history":[{"count":1,"href":"https:\/\/portalmf.com.br\/index.php\/wp-json\/wp\/v2\/posts\/26359\/revisions"}],"predecessor-version":[{"id":26361,"href":"https:\/\/portalmf.com.br\/index.php\/wp-json\/wp\/v2\/posts\/26359\/revisions\/26361"}],"wp:featuredmedia":[{"embeddable":true,"href":"https:\/\/portalmf.com.br\/index.php\/wp-json\/wp\/v2\/media\/26360"}],"wp:attachment":[{"href":"https:\/\/portalmf.com.br\/index.php\/wp-json\/wp\/v2\/media?parent=26359"}],"wp:term":[{"taxonomy":"category","embeddable":true,"href":"https:\/\/portalmf.com.br\/index.php\/wp-json\/wp\/v2\/categories?post=26359"},{"taxonomy":"post_tag","embeddable":true,"href":"https:\/\/portalmf.com.br\/index.php\/wp-json\/wp\/v2\/tags?post=26359"}],"curies":[{"name":"wp","href":"https:\/\/api.w.org\/{rel}","templated":true}]}}