{"id":26356,"date":"2024-05-17T16:22:18","date_gmt":"2024-05-17T19:22:18","guid":{"rendered":"https:\/\/portalmf.com.br\/?p=26356"},"modified":"2024-05-17T16:22:18","modified_gmt":"2024-05-17T19:22:18","slug":"conselho-politico-da-pre-campanha-de-ze-neto-lanca-movimento-uniao-por-feira-para-ouvir-o-povo-sobre-o-futuro-da-cidade","status":"publish","type":"post","link":"https:\/\/portalmf.com.br\/index.php\/2024\/05\/17\/conselho-politico-da-pre-campanha-de-ze-neto-lanca-movimento-uniao-por-feira-para-ouvir-o-povo-sobre-o-futuro-da-cidade\/","title":{"rendered":"Conselho Pol\u00edtico da pr\u00e9-campanha de Z\u00e9 Neto lan\u00e7a movimento Uni\u00e3o por Feira para ouvir o povo sobre o futuro da cidade"},"content":{"rendered":"\n<p>O Conselho Pol\u00edtico da base aliada ao pr\u00e9-candidato a prefeito de Feira de Santana, Z\u00e9 Neto, reuniu-se na manh\u00e3 desta sexta-feira (17), em Feira, para avan\u00e7ar em defini\u00e7\u00f5es sobre as elei\u00e7\u00f5es 2024, bem como dialogar e tra\u00e7ar as pr\u00f3ximas estrat\u00e9gias do movimento Uni\u00e3o por Feira. O Conselho Pol\u00edtico \u00e9 composto pelos presidentes dos partidos da alian\u00e7a.<\/p>\n\n\n\n<p>Conforme destacou Z\u00e9 Neto, <em>\u201cfizemos uma reuni\u00e3o estrat\u00e9gica, visando, especialmente, seguirmos adiante com um projeto pol\u00edtico que trace um futuro altivo, como Feira realmente merece. Dialogamos de forma madura, fazendo uma avalia\u00e7\u00e3o do cen\u00e1rio pol\u00edtico da cidade, alinhando nossos caminhos para seguirmos apresentando ao eleitorado feirense as melhores propostas para a nossa Princesa do Sert\u00e3o. Agora \u00e9 outra hist\u00f3ria\u201d<\/em>.<\/p>\n\n\n\n<p>Felipe Freitas, apresentado como coordenador pol\u00edtico do movimento Uni\u00e3o Por Feira, afirmou que <em>\u201cesse formato d\u00e1 serenidade, lucidez e equil\u00edbrio para tra\u00e7armos uma caminhada de vit\u00f3ria. Nos pr\u00f3ximos dias iniciaremos os encontros do Uni\u00e3o Por Feira, uma estrat\u00e9gia de mobiliza\u00e7\u00e3o social que visa colher ideias e propostas em favor do desenvolvimento e do progresso da cidade. Queremos reunir partidos, pr\u00e9-candidatos a vereador, lideran\u00e7as comunit\u00e1rias e setores produtivos de Feira em torno dos debates sobre o futuro e os desafios da cidade\u201d<\/em>.<\/p>\n\n\n\n<p>Presidentes municipais dos partidos que comp\u00f5em a base (PT, PCdoB, PV, PP, Avante, Podemos, PSB, PSD e MDB), secret\u00e1rios de Estado, lideran\u00e7as pol\u00edticas e vereadores estiveram presentes. <\/p>\n\n\n\n<p><em>\u201cEssa campanha \u00e9 um movimento liderado por pessoas que amam Feira de Santana e que querem colocar a cidade em primeiro lugar\u201d,<\/em> finalizou Felipe.<\/p>\n","protected":false},"excerpt":{"rendered":"<p>O Conselho Pol\u00edtico da base aliada ao pr\u00e9-candidato a prefeito de Feira de Santana, Z\u00e9 Neto, reuniu-se na manh\u00e3 desta sexta-feira (17), em Feira, para avan\u00e7ar em defini\u00e7\u00f5es sobre as elei\u00e7\u00f5es 2024, bem como dialogar e tra\u00e7ar as pr\u00f3ximas estrat\u00e9gias do movimento Uni\u00e3o por Feira. O Conselho Pol\u00edtico \u00e9 composto pelos presidentes dos partidos da [&hellip;]<\/p>\n","protected":false},"author":3,"featured_media":26357,"comment_status":"open","ping_status":"open","sticky":false,"template":"","format":"standard","meta":{"_monsterinsights_skip_tracking":false,"_monsterinsights_sitenote_active":false,"_monsterinsights_sitenote_note":"","_monsterinsights_sitenote_category":0,"footnotes":""},"categories":[301,34],"tags":[],"yoast_head":"<!-- This site is optimized with the Yoast SEO plugin v22.9 - https:\/\/yoast.com\/wordpress\/plugins\/seo\/ -->\n<title>Conselho Pol\u00edtico da pr\u00e9-campanha de Z\u00e9 Neto lan\u00e7a movimento Uni\u00e3o por Feira para ouvir o povo sobre o futuro da cidade - Portal MF<\/title>\n<meta name=\"robots\" content=\"index, follow, max-snippet:-1, max-image-preview:large, max-video-preview:-1\" \/>\n<link rel=\"canonical\" href=\"https:\/\/portalmf.com.br\/index.php\/2024\/05\/17\/conselho-politico-da-pre-campanha-de-ze-neto-lanca-movimento-uniao-por-feira-para-ouvir-o-povo-sobre-o-futuro-da-cidade\/\" \/>\n<meta property=\"og:locale\" content=\"pt_BR\" \/>\n<meta property=\"og:type\" content=\"article\" \/>\n<meta property=\"og:title\" content=\"Conselho Pol\u00edtico da pr\u00e9-campanha de Z\u00e9 Neto lan\u00e7a movimento Uni\u00e3o por Feira para ouvir o povo sobre o futuro da cidade - Portal MF\" \/>\n<meta property=\"og:description\" content=\"O Conselho Pol\u00edtico da base aliada ao pr\u00e9-candidato a prefeito de Feira de Santana, Z\u00e9 Neto, reuniu-se na manh\u00e3 desta sexta-feira (17), em Feira, para avan\u00e7ar em defini\u00e7\u00f5es sobre as elei\u00e7\u00f5es 2024, bem como dialogar e tra\u00e7ar as pr\u00f3ximas estrat\u00e9gias do movimento Uni\u00e3o por Feira. O Conselho Pol\u00edtico \u00e9 composto pelos presidentes dos partidos da [&hellip;]\" \/>\n<meta property=\"og:url\" content=\"https:\/\/portalmf.com.br\/index.php\/2024\/05\/17\/conselho-politico-da-pre-campanha-de-ze-neto-lanca-movimento-uniao-por-feira-para-ouvir-o-povo-sobre-o-futuro-da-cidade\/\" \/>\n<meta property=\"og:site_name\" content=\"Portal MF\" \/>\n<meta property=\"article:author\" content=\"https:\/\/www.facebook.com\/portalmfoficial\" \/>\n<meta property=\"article:published_time\" content=\"2024-05-17T19:22:18+00:00\" \/>\n<meta property=\"og:image\" content=\"https:\/\/portalmf.com.br\/wp-content\/uploads\/2024\/05\/Conselho-Politico-da-pre-campanha-de-Ze-Neto-lanca-movimento-Uniao-por-Feira-para-ouvir-o-povo-sobre-o-futuro-da-cidade.jpg\" \/>\n\t<meta property=\"og:image:width\" content=\"1600\" \/>\n\t<meta property=\"og:image:height\" content=\"958\" \/>\n\t<meta property=\"og:image:type\" content=\"image\/jpeg\" \/>\n<meta name=\"author\" content=\"Reda\u00e7\u00e3o Portal MF\" \/>\n<meta name=\"twitter:card\" content=\"summary_large_image\" \/>\n<meta name=\"twitter:creator\" content=\"@https:\/\/x.com\/portalmfoficial\" \/>\n<meta name=\"twitter:label1\" content=\"Escrito por\" \/>\n\t<meta name=\"twitter:data1\" content=\"Reda\u00e7\u00e3o Portal MF\" \/>\n\t<meta name=\"twitter:label2\" content=\"Est. tempo de leitura\" \/>\n\t<meta name=\"twitter:data2\" content=\"2 minutos\" \/>\n<script type=\"application\/ld+json\" class=\"yoast-schema-graph\">{\"@context\":\"https:\/\/schema.org\",\"@graph\":[{\"@type\":\"WebPage\",\"@id\":\"https:\/\/portalmf.com.br\/index.php\/2024\/05\/17\/conselho-politico-da-pre-campanha-de-ze-neto-lanca-movimento-uniao-por-feira-para-ouvir-o-povo-sobre-o-futuro-da-cidade\/\",\"url\":\"https:\/\/portalmf.com.br\/index.php\/2024\/05\/17\/conselho-politico-da-pre-campanha-de-ze-neto-lanca-movimento-uniao-por-feira-para-ouvir-o-povo-sobre-o-futuro-da-cidade\/\",\"name\":\"Conselho Pol\u00edtico da pr\u00e9-campanha de Z\u00e9 Neto lan\u00e7a movimento Uni\u00e3o por Feira para ouvir o povo sobre o futuro da cidade - Portal MF\",\"isPartOf\":{\"@id\":\"https:\/\/portalmf.com.br\/#website\"},\"primaryImageOfPage\":{\"@id\":\"https:\/\/portalmf.com.br\/index.php\/2024\/05\/17\/conselho-politico-da-pre-campanha-de-ze-neto-lanca-movimento-uniao-por-feira-para-ouvir-o-povo-sobre-o-futuro-da-cidade\/#primaryimage\"},\"image\":{\"@id\":\"https:\/\/portalmf.com.br\/index.php\/2024\/05\/17\/conselho-politico-da-pre-campanha-de-ze-neto-lanca-movimento-uniao-por-feira-para-ouvir-o-povo-sobre-o-futuro-da-cidade\/#primaryimage\"},\"thumbnailUrl\":\"https:\/\/portalmf.com.br\/wp-content\/uploads\/2024\/05\/Conselho-Politico-da-pre-campanha-de-Ze-Neto-lanca-movimento-Uniao-por-Feira-para-ouvir-o-povo-sobre-o-futuro-da-cidade.jpg\",\"datePublished\":\"2024-05-17T19:22:18+00:00\",\"dateModified\":\"2024-05-17T19:22:18+00:00\",\"author\":{\"@id\":\"https:\/\/portalmf.com.br\/#\/schema\/person\/9ec101baf56233e53520c26de5d6f6f0\"},\"breadcrumb\":{\"@id\":\"https:\/\/portalmf.com.br\/index.php\/2024\/05\/17\/conselho-politico-da-pre-campanha-de-ze-neto-lanca-movimento-uniao-por-feira-para-ouvir-o-povo-sobre-o-futuro-da-cidade\/#breadcrumb\"},\"inLanguage\":\"pt-BR\",\"potentialAction\":[{\"@type\":\"ReadAction\",\"target\":[\"https:\/\/portalmf.com.br\/index.php\/2024\/05\/17\/conselho-politico-da-pre-campanha-de-ze-neto-lanca-movimento-uniao-por-feira-para-ouvir-o-povo-sobre-o-futuro-da-cidade\/\"]}]},{\"@type\":\"ImageObject\",\"inLanguage\":\"pt-BR\",\"@id\":\"https:\/\/portalmf.com.br\/index.php\/2024\/05\/17\/conselho-politico-da-pre-campanha-de-ze-neto-lanca-movimento-uniao-por-feira-para-ouvir-o-povo-sobre-o-futuro-da-cidade\/#primaryimage\",\"url\":\"https:\/\/portalmf.com.br\/wp-content\/uploads\/2024\/05\/Conselho-Politico-da-pre-campanha-de-Ze-Neto-lanca-movimento-Uniao-por-Feira-para-ouvir-o-povo-sobre-o-futuro-da-cidade.jpg\",\"contentUrl\":\"https:\/\/portalmf.com.br\/wp-content\/uploads\/2024\/05\/Conselho-Politico-da-pre-campanha-de-Ze-Neto-lanca-movimento-Uniao-por-Feira-para-ouvir-o-povo-sobre-o-futuro-da-cidade.jpg\",\"width\":1600,\"height\":958},{\"@type\":\"BreadcrumbList\",\"@id\":\"https:\/\/portalmf.com.br\/index.php\/2024\/05\/17\/conselho-politico-da-pre-campanha-de-ze-neto-lanca-movimento-uniao-por-feira-para-ouvir-o-povo-sobre-o-futuro-da-cidade\/#breadcrumb\",\"itemListElement\":[{\"@type\":\"ListItem\",\"position\":1,\"name\":\"In\u00edcio\",\"item\":\"https:\/\/portalmf.com.br\/\"},{\"@type\":\"ListItem\",\"position\":2,\"name\":\"Conselho Pol\u00edtico da pr\u00e9-campanha de Z\u00e9 Neto lan\u00e7a movimento Uni\u00e3o por Feira para ouvir o povo sobre o futuro da cidade\"}]},{\"@type\":\"WebSite\",\"@id\":\"https:\/\/portalmf.com.br\/#website\",\"url\":\"https:\/\/portalmf.com.br\/\",\"name\":\"Portal MF\",\"description\":\"Voc\u00ea conectado com a informa\u00e7\u00e3o\",\"potentialAction\":[{\"@type\":\"SearchAction\",\"target\":{\"@type\":\"EntryPoint\",\"urlTemplate\":\"https:\/\/portalmf.com.br\/?s={search_term_string}\"},\"query-input\":\"required name=search_term_string\"}],\"inLanguage\":\"pt-BR\"},{\"@type\":\"Person\",\"@id\":\"https:\/\/portalmf.com.br\/#\/schema\/person\/9ec101baf56233e53520c26de5d6f6f0\",\"name\":\"Reda\u00e7\u00e3o Portal MF\",\"image\":{\"@type\":\"ImageObject\",\"inLanguage\":\"pt-BR\",\"@id\":\"https:\/\/portalmf.com.br\/#\/schema\/person\/image\/\",\"url\":\"https:\/\/secure.gravatar.com\/avatar\/41b9aaeb2100835f7c64362330f74c7f?s=96&d=mm&r=g\",\"contentUrl\":\"https:\/\/secure.gravatar.com\/avatar\/41b9aaeb2100835f7c64362330f74c7f?s=96&d=mm&r=g\",\"caption\":\"Reda\u00e7\u00e3o Portal MF\"},\"description\":\"Sejam bem-vindos o portal de informa\u00e7\u00f5es de entretenimento de Feira de Santana, desde 2006 realiza coberturas dos principais eventos com entrevistas exclusivas com as principais personalidades mundiais. Fique conectado tamb\u00e9m nas redes sociais.\",\"sameAs\":[\"http:\/\/www.portalmf.com.br\/\",\"https:\/\/www.facebook.com\/portalmfoficial\",\"https:\/\/www.instagram.com\/portalmf\/\",\"https:\/\/x.com\/https:\/\/x.com\/portalmfoficial\",\"https:\/\/www.youtube.com\/@portalmfoficial\"],\"url\":\"https:\/\/portalmf.com.br\/index.php\/author\/junior\/\"}]}<\/script>\n<!-- \/ Yoast SEO plugin. -->","yoast_head_json":{"title":"Conselho Pol\u00edtico da pr\u00e9-campanha de Z\u00e9 Neto lan\u00e7a movimento Uni\u00e3o por Feira para ouvir o povo sobre o futuro da cidade - Portal MF","robots":{"index":"index","follow":"follow","max-snippet":"max-snippet:-1","max-image-preview":"max-image-preview:large","max-video-preview":"max-video-preview:-1"},"canonical":"https:\/\/portalmf.com.br\/index.php\/2024\/05\/17\/conselho-politico-da-pre-campanha-de-ze-neto-lanca-movimento-uniao-por-feira-para-ouvir-o-povo-sobre-o-futuro-da-cidade\/","og_locale":"pt_BR","og_type":"article","og_title":"Conselho Pol\u00edtico da pr\u00e9-campanha de Z\u00e9 Neto lan\u00e7a movimento Uni\u00e3o por Feira para ouvir o povo sobre o futuro da cidade - Portal MF","og_description":"O Conselho Pol\u00edtico da base aliada ao pr\u00e9-candidato a prefeito de Feira de Santana, Z\u00e9 Neto, reuniu-se na manh\u00e3 desta sexta-feira (17), em Feira, para avan\u00e7ar em defini\u00e7\u00f5es sobre as elei\u00e7\u00f5es 2024, bem como dialogar e tra\u00e7ar as pr\u00f3ximas estrat\u00e9gias do movimento Uni\u00e3o por Feira. O Conselho Pol\u00edtico \u00e9 composto pelos presidentes dos partidos da [&hellip;]","og_url":"https:\/\/portalmf.com.br\/index.php\/2024\/05\/17\/conselho-politico-da-pre-campanha-de-ze-neto-lanca-movimento-uniao-por-feira-para-ouvir-o-povo-sobre-o-futuro-da-cidade\/","og_site_name":"Portal MF","article_author":"https:\/\/www.facebook.com\/portalmfoficial","article_published_time":"2024-05-17T19:22:18+00:00","og_image":[{"width":1600,"height":958,"url":"https:\/\/portalmf.com.br\/wp-content\/uploads\/2024\/05\/Conselho-Politico-da-pre-campanha-de-Ze-Neto-lanca-movimento-Uniao-por-Feira-para-ouvir-o-povo-sobre-o-futuro-da-cidade.jpg","type":"image\/jpeg"}],"author":"Reda\u00e7\u00e3o Portal MF","twitter_card":"summary_large_image","twitter_creator":"@https:\/\/x.com\/portalmfoficial","twitter_misc":{"Escrito por":"Reda\u00e7\u00e3o Portal MF","Est. tempo de leitura":"2 minutos"},"schema":{"@context":"https:\/\/schema.org","@graph":[{"@type":"WebPage","@id":"https:\/\/portalmf.com.br\/index.php\/2024\/05\/17\/conselho-politico-da-pre-campanha-de-ze-neto-lanca-movimento-uniao-por-feira-para-ouvir-o-povo-sobre-o-futuro-da-cidade\/","url":"https:\/\/portalmf.com.br\/index.php\/2024\/05\/17\/conselho-politico-da-pre-campanha-de-ze-neto-lanca-movimento-uniao-por-feira-para-ouvir-o-povo-sobre-o-futuro-da-cidade\/","name":"Conselho Pol\u00edtico da pr\u00e9-campanha de Z\u00e9 Neto lan\u00e7a movimento Uni\u00e3o por Feira para ouvir o povo sobre o futuro da cidade - Portal MF","isPartOf":{"@id":"https:\/\/portalmf.com.br\/#website"},"primaryImageOfPage":{"@id":"https:\/\/portalmf.com.br\/index.php\/2024\/05\/17\/conselho-politico-da-pre-campanha-de-ze-neto-lanca-movimento-uniao-por-feira-para-ouvir-o-povo-sobre-o-futuro-da-cidade\/#primaryimage"},"image":{"@id":"https:\/\/portalmf.com.br\/index.php\/2024\/05\/17\/conselho-politico-da-pre-campanha-de-ze-neto-lanca-movimento-uniao-por-feira-para-ouvir-o-povo-sobre-o-futuro-da-cidade\/#primaryimage"},"thumbnailUrl":"https:\/\/portalmf.com.br\/wp-content\/uploads\/2024\/05\/Conselho-Politico-da-pre-campanha-de-Ze-Neto-lanca-movimento-Uniao-por-Feira-para-ouvir-o-povo-sobre-o-futuro-da-cidade.jpg","datePublished":"2024-05-17T19:22:18+00:00","dateModified":"2024-05-17T19:22:18+00:00","author":{"@id":"https:\/\/portalmf.com.br\/#\/schema\/person\/9ec101baf56233e53520c26de5d6f6f0"},"breadcrumb":{"@id":"https:\/\/portalmf.com.br\/index.php\/2024\/05\/17\/conselho-politico-da-pre-campanha-de-ze-neto-lanca-movimento-uniao-por-feira-para-ouvir-o-povo-sobre-o-futuro-da-cidade\/#breadcrumb"},"inLanguage":"pt-BR","potentialAction":[{"@type":"ReadAction","target":["https:\/\/portalmf.com.br\/index.php\/2024\/05\/17\/conselho-politico-da-pre-campanha-de-ze-neto-lanca-movimento-uniao-por-feira-para-ouvir-o-povo-sobre-o-futuro-da-cidade\/"]}]},{"@type":"ImageObject","inLanguage":"pt-BR","@id":"https:\/\/portalmf.com.br\/index.php\/2024\/05\/17\/conselho-politico-da-pre-campanha-de-ze-neto-lanca-movimento-uniao-por-feira-para-ouvir-o-povo-sobre-o-futuro-da-cidade\/#primaryimage","url":"https:\/\/portalmf.com.br\/wp-content\/uploads\/2024\/05\/Conselho-Politico-da-pre-campanha-de-Ze-Neto-lanca-movimento-Uniao-por-Feira-para-ouvir-o-povo-sobre-o-futuro-da-cidade.jpg","contentUrl":"https:\/\/portalmf.com.br\/wp-content\/uploads\/2024\/05\/Conselho-Politico-da-pre-campanha-de-Ze-Neto-lanca-movimento-Uniao-por-Feira-para-ouvir-o-povo-sobre-o-futuro-da-cidade.jpg","width":1600,"height":958},{"@type":"BreadcrumbList","@id":"https:\/\/portalmf.com.br\/index.php\/2024\/05\/17\/conselho-politico-da-pre-campanha-de-ze-neto-lanca-movimento-uniao-por-feira-para-ouvir-o-povo-sobre-o-futuro-da-cidade\/#breadcrumb","itemListElement":[{"@type":"ListItem","position":1,"name":"In\u00edcio","item":"https:\/\/portalmf.com.br\/"},{"@type":"ListItem","position":2,"name":"Conselho Pol\u00edtico da pr\u00e9-campanha de Z\u00e9 Neto lan\u00e7a movimento Uni\u00e3o por Feira para ouvir o povo sobre o futuro da cidade"}]},{"@type":"WebSite","@id":"https:\/\/portalmf.com.br\/#website","url":"https:\/\/portalmf.com.br\/","name":"Portal MF","description":"Voc\u00ea conectado com a informa\u00e7\u00e3o","potentialAction":[{"@type":"SearchAction","target":{"@type":"EntryPoint","urlTemplate":"https:\/\/portalmf.com.br\/?s={search_term_string}"},"query-input":"required name=search_term_string"}],"inLanguage":"pt-BR"},{"@type":"Person","@id":"https:\/\/portalmf.com.br\/#\/schema\/person\/9ec101baf56233e53520c26de5d6f6f0","name":"Reda\u00e7\u00e3o Portal MF","image":{"@type":"ImageObject","inLanguage":"pt-BR","@id":"https:\/\/portalmf.com.br\/#\/schema\/person\/image\/","url":"https:\/\/secure.gravatar.com\/avatar\/41b9aaeb2100835f7c64362330f74c7f?s=96&d=mm&r=g","contentUrl":"https:\/\/secure.gravatar.com\/avatar\/41b9aaeb2100835f7c64362330f74c7f?s=96&d=mm&r=g","caption":"Reda\u00e7\u00e3o Portal MF"},"description":"Sejam bem-vindos o portal de informa\u00e7\u00f5es de entretenimento de Feira de Santana, desde 2006 realiza coberturas dos principais eventos com entrevistas exclusivas com as principais personalidades mundiais. Fique conectado tamb\u00e9m nas redes sociais.","sameAs":["http:\/\/www.portalmf.com.br\/","https:\/\/www.facebook.com\/portalmfoficial","https:\/\/www.instagram.com\/portalmf\/","https:\/\/x.com\/https:\/\/x.com\/portalmfoficial","https:\/\/www.youtube.com\/@portalmfoficial"],"url":"https:\/\/portalmf.com.br\/index.php\/author\/junior\/"}]}},"_links":{"self":[{"href":"https:\/\/portalmf.com.br\/index.php\/wp-json\/wp\/v2\/posts\/26356"}],"collection":[{"href":"https:\/\/portalmf.com.br\/index.php\/wp-json\/wp\/v2\/posts"}],"about":[{"href":"https:\/\/portalmf.com.br\/index.php\/wp-json\/wp\/v2\/types\/post"}],"author":[{"embeddable":true,"href":"https:\/\/portalmf.com.br\/index.php\/wp-json\/wp\/v2\/users\/3"}],"replies":[{"embeddable":true,"href":"https:\/\/portalmf.com.br\/index.php\/wp-json\/wp\/v2\/comments?post=26356"}],"version-history":[{"count":1,"href":"https:\/\/portalmf.com.br\/index.php\/wp-json\/wp\/v2\/posts\/26356\/revisions"}],"predecessor-version":[{"id":26358,"href":"https:\/\/portalmf.com.br\/index.php\/wp-json\/wp\/v2\/posts\/26356\/revisions\/26358"}],"wp:featuredmedia":[{"embeddable":true,"href":"https:\/\/portalmf.com.br\/index.php\/wp-json\/wp\/v2\/media\/26357"}],"wp:attachment":[{"href":"https:\/\/portalmf.com.br\/index.php\/wp-json\/wp\/v2\/media?parent=26356"}],"wp:term":[{"taxonomy":"category","embeddable":true,"href":"https:\/\/portalmf.com.br\/index.php\/wp-json\/wp\/v2\/categories?post=26356"},{"taxonomy":"post_tag","embeddable":true,"href":"https:\/\/portalmf.com.br\/index.php\/wp-json\/wp\/v2\/tags?post=26356"}],"curies":[{"name":"wp","href":"https:\/\/api.w.org\/{rel}","templated":true}]}}